{"id":427555,"date":"2026-03-30T19:02:25","date_gmt":"2026-03-30T22:02:25","guid":{"rendered":"https:\/\/portaltela.pt\/noticias\/2026\/03\/30\/processo-disciplinar-por-insultos-racistas-a-lucas-franca-do-benfica\/"},"modified":"2026-03-30T19:02:25","modified_gmt":"2026-03-30T22:02:25","slug":"processo-disciplinar-por-insultos-racistas-a-lucas-franca-do-benfica","status":"publish","type":"post","link":"https:\/\/portaltela.pt\/desporto\/futebol\/2026\/03\/30\/processo-disciplinar-por-insultos-racistas-a-lucas-franca-do-benfica\/","title":{"rendered":"Processo disciplinar por insultos racistas a Lucas Fran\u00e7a do Benfica"},"content":{"rendered":"<p>O processo disciplinar por alegados insultos racistas a Lucas Fran\u00e7a, jogador do Benfica, foi encaminhado ao Conselho de Disciplina da Federa\u00e7\u00e3o Portuguesa de Voleibol (FPV). O incidente ocorreu durante o quarto set do segundo jogo dos quartos de final do play-off.<\/p>\n<p>A acusa\u00e7\u00e3o aponta para insultos vindos das bancadas, dirigidos ao atleta do Benfica, durante o encontro frente ao Sporting de Espinho. A interrup\u00e7\u00e3o levou o jogador a interromper a partida para denunciar o ocorrido.<\/p>\n<p>O Benfica anunciou publicamente o incidente, sublinhando a postura dos dirigentes do Espinho na tentativa de resolver o problema de forma imediata.<\/p>\n<p>O resultado final do confronto foi uma vit\u00f3ria do Benfica por 3-1, o que levou a equipa a seguir para as meias-finais do campeonato, onde ir\u00e1 enfrentar o Leix\u00f5es.<\/p>\n<h3>Procedimento disciplinar<\/h3>\n<p>O DTN da FPV confirmou que a parte disciplinar j\u00e1 est\u00e1 a seguir para o CD, dentro dos procedimentos habituais. O respons\u00e1vel afirmou que casos deste tipo n\u00e3o s\u00e3o recorrentes e n\u00e3o s\u00e3o considerados normais no voleibol.<\/p>\n<p>A FPV indicou que o objetivo \u00e9 apurar os factos com rigor, manter o fair play e responder de forma adequada a eventuais infra\u00e7\u00f5es, sem avan\u00e7ar com conclus\u00f5es precipitadas.<\/p>\n<p>Em comunicado, o Benfica reiterou o compromisso com valores do desporto e com a r\u00e1pida resolu\u00e7\u00e3o de situa\u00e7\u00f5es que afetem atletas, mantendo o respeito entre as equipas.<\/p>\n","protected":false},"excerpt":{"rendered":"<ul>\n<li>O processo disciplinar relativo a alegados insultos racistas contra o voleibolista do Benfica, Lucas Fran\u00e7a, foi enviado ao Conselho de Disciplina da Federa\u00e7\u00e3o Portuguesa de Voleibol.<\/li>\n<li>O incidente ocorreu no quarto set do segundo jogo dos quartos de final do play-off, entre Benfica e Sporting de Espinho, no campeonato nacional.<\/li>\n<li>O jogador parou a partida para denunciar o suposto insulto vindo das bancadas.<\/li>\n<li>O Benfica venceu por 3-1 e apurou-se para as meias-finais, onde enfrenta o Leix\u00f5es.<\/li>\n<li>O Diretor T\u00e9cnico Nacional da FPV afirmou que os procedimentos s\u00e3o normais e que interrup\u00e7\u00f5es por insultos racistas n\u00e3o s\u00e3o recorrentes no voleibol; o Benfica lamentou o sucedido e elogiou a atua\u00e7\u00e3o dos dirigentes de Espinho.<\/li>\n<\/ul>\n","protected":false},"author":2,"featured_media":427558,"comment_status":"closed","ping_status":"closed","sticky":false,"template":"","format":"standard","meta":{"footnotes":""},"categories":[21,24],"tags":[1946,152,1839,5341,6032,181],"class_list":["post-427555","post","type-post","status-publish","format-standard","has-post-thumbnail","hentry","category-desporto","category-futebol","tag-benfica","tag-desporto","tag-espinho","tag-fair-play","tag-racismo","tag-voleibol"],"yoast_head":"<!-- This site is optimized with the Yoast SEO plugin v27.2 - https:\/\/yoast.com\/product\/yoast-seo-wordpress\/ -->\n<title>Processo disciplinar por insultos racistas a Lucas Fran\u00e7a do Benfica - Portal Tela Portugal<\/title>\n<meta name=\"robots\" content=\"index, follow, max-snippet:-1, max-image-preview:large, max-video-preview:-1\" \/>\n<meta property=\"og:locale\" content=\"pt_PT\" \/>\n<meta property=\"og:type\" content=\"article\" \/>\n<meta property=\"og:title\" content=\"Processo disciplinar por insultos racistas a Lucas Fran\u00e7a do Benfica - Portal Tela Portugal\" \/>\n<meta property=\"og:description\" content=\"O processo disciplinar relativo a alegados insultos racistas contra o voleibolista do Benfica, Lucas Fran\u00e7a, foi enviado ao Conselho de Disciplina da Federa\u00e7\u00e3o Portuguesa de Voleibol. O incidente ocorreu no quarto set do segundo jogo dos quartos de final do play-off, entre Benfica e Sporting de Espinho, no campeonato nacional. O jogador parou a partida para denunciar o suposto insulto vindo das bancadas. O Benfica venceu por 3-1 e apurou-se para as meias-finais, onde enfrenta o Leix\u00f5es. O Diretor T\u00e9cnico Nacional da FPV afirmou que os procedimentos s\u00e3o normais e que interrup\u00e7\u00f5es por insultos racistas n\u00e3o s\u00e3o recorrentes no voleibol; o Benfica lamentou o sucedido e elogiou a atua\u00e7\u00e3o dos dirigentes de Espinho.\" \/>\n<meta property=\"og:url\" content=\"https:\/\/portaltela.pt\/noticias\/2026\/03\/30\/processo-disciplinar-por-insultos-racistas-a-lucas-franca-do-benfica\/\" \/>\n<meta property=\"og:site_name\" content=\"Portal Tela Portugal\" \/>\n<meta property=\"article:published_time\" content=\"2026-03-30T22:02:25+00:00\" \/>\n<meta name=\"author\" content=\"Telinha\" \/>\n<meta name=\"twitter:card\" content=\"summary_large_image\" \/>\n<meta name=\"twitter:label1\" content=\"Escrito por\" \/>\n\t<meta name=\"twitter:data1\" content=\"Telinha\" \/>\n\t<meta name=\"twitter:label2\" content=\"Tempo estimado de leitura\" \/>\n\t<meta name=\"twitter:data2\" content=\"1 minuto\" \/>\n<script type=\"application\/ld+json\" class=\"yoast-schema-graph\">{\"@context\":\"https:\/\/schema.org\",\"@graph\":[{\"@type\":\"Article\",\"@id\":\"https:\/\/portaltela.pt\/noticias\/2026\/03\/30\/processo-disciplinar-por-insultos-racistas-a-lucas-franca-do-benfica\/#article\",\"isPartOf\":{\"@id\":\"https:\/\/portaltela.pt\/noticias\/2026\/03\/30\/processo-disciplinar-por-insultos-racistas-a-lucas-franca-do-benfica\/\"},\"author\":{\"name\":\"Telinha\",\"@id\":\"https:\/\/portaltela.pt\/#\/schema\/person\/c4278d4a6028830caff9ee44b42d32ed\"},\"headline\":\"Processo disciplinar por insultos racistas a Lucas Fran\u00e7a do Benfica\",\"datePublished\":\"2026-03-30T22:02:25+00:00\",\"mainEntityOfPage\":{\"@id\":\"https:\/\/portaltela.pt\/noticias\/2026\/03\/30\/processo-disciplinar-por-insultos-racistas-a-lucas-franca-do-benfica\/\"},\"wordCount\":248,\"image\":{\"@id\":\"https:\/\/portaltela.pt\/noticias\/2026\/03\/30\/processo-disciplinar-por-insultos-racistas-a-lucas-franca-do-benfica\/#primaryimage\"},\"thumbnailUrl\":\"https:\/\/portaltela.pt\/s.01k8rhncp4jt1\/2026\/03\/img_1500x1000uu2021-11-10-19-29-32-1098945.jpg\",\"keywords\":[\"Benfica\",\"desporto\",\"Espinho\",\"Fair Play\",\"racismo\",\"voleibol\"],\"articleSection\":[\"Desporto\",\"Futebol\"],\"inLanguage\":\"pt-PT\"},{\"@type\":\"WebPage\",\"@id\":\"https:\/\/portaltela.pt\/noticias\/2026\/03\/30\/processo-disciplinar-por-insultos-racistas-a-lucas-franca-do-benfica\/\",\"url\":\"https:\/\/portaltela.pt\/noticias\/2026\/03\/30\/processo-disciplinar-por-insultos-racistas-a-lucas-franca-do-benfica\/\",\"name\":\"Processo disciplinar por insultos racistas a Lucas Fran\u00e7a do Benfica - Portal Tela Portugal\",\"isPartOf\":{\"@id\":\"https:\/\/portaltela.pt\/#website\"},\"primaryImageOfPage\":{\"@id\":\"https:\/\/portaltela.pt\/noticias\/2026\/03\/30\/processo-disciplinar-por-insultos-racistas-a-lucas-franca-do-benfica\/#primaryimage\"},\"image\":{\"@id\":\"https:\/\/portaltela.pt\/noticias\/2026\/03\/30\/processo-disciplinar-por-insultos-racistas-a-lucas-franca-do-benfica\/#primaryimage\"},\"thumbnailUrl\":\"https:\/\/portaltela.pt\/s.01k8rhncp4jt1\/2026\/03\/img_1500x1000uu2021-11-10-19-29-32-1098945.jpg\",\"datePublished\":\"2026-03-30T22:02:25+00:00\",\"author\":{\"@id\":\"https:\/\/portaltela.pt\/#\/schema\/person\/c4278d4a6028830caff9ee44b42d32ed\"},\"breadcrumb\":{\"@id\":\"https:\/\/portaltela.pt\/noticias\/2026\/03\/30\/processo-disciplinar-por-insultos-racistas-a-lucas-franca-do-benfica\/#breadcrumb\"},\"inLanguage\":\"pt-PT\",\"potentialAction\":[{\"@type\":\"ReadAction\",\"target\":[\"https:\/\/portaltela.pt\/noticias\/2026\/03\/30\/processo-disciplinar-por-insultos-racistas-a-lucas-franca-do-benfica\/\"]}]},{\"@type\":\"ImageObject\",\"inLanguage\":\"pt-PT\",\"@id\":\"https:\/\/portaltela.pt\/noticias\/2026\/03\/30\/processo-disciplinar-por-insultos-racistas-a-lucas-franca-do-benfica\/#primaryimage\",\"url\":\"https:\/\/portaltela.pt\/s.01k8rhncp4jt1\/2026\/03\/img_1500x1000uu2021-11-10-19-29-32-1098945.jpg\",\"contentUrl\":\"https:\/\/portaltela.pt\/s.01k8rhncp4jt1\/2026\/03\/img_1500x1000uu2021-11-10-19-29-32-1098945.jpg\",\"width\":796,\"height\":448,\"caption\":\"Benfica, Voleibol\"},{\"@type\":\"BreadcrumbList\",\"@id\":\"https:\/\/portaltela.pt\/noticias\/2026\/03\/30\/processo-disciplinar-por-insultos-racistas-a-lucas-franca-do-benfica\/#breadcrumb\",\"itemListElement\":[{\"@type\":\"ListItem\",\"position\":1,\"name\":\"In\u00edcio\",\"item\":\"https:\/\/portaltela.pt\/\"},{\"@type\":\"ListItem\",\"position\":2,\"name\":\"Processo disciplinar por insultos racistas a Lucas Fran\u00e7a do Benfica\"}]},{\"@type\":\"WebSite\",\"@id\":\"https:\/\/portaltela.pt\/#website\",\"url\":\"https:\/\/portaltela.pt\/\",\"name\":\"Portal Tela Portugal\",\"description\":\"\",\"potentialAction\":[{\"@type\":\"SearchAction\",\"target\":{\"@type\":\"EntryPoint\",\"urlTemplate\":\"https:\/\/portaltela.pt\/?s={search_term_string}\"},\"query-input\":{\"@type\":\"PropertyValueSpecification\",\"valueRequired\":true,\"valueName\":\"search_term_string\"}}],\"inLanguage\":\"pt-PT\"},{\"@type\":\"Person\",\"@id\":\"https:\/\/portaltela.pt\/#\/schema\/person\/c4278d4a6028830caff9ee44b42d32ed\",\"name\":\"Telinha\",\"image\":{\"@type\":\"ImageObject\",\"inLanguage\":\"pt-PT\",\"@id\":\"https:\/\/portaltela.pt\/s.01k8rhncp4jt1\/2025\/11\/talking-bot-125x125.png\",\"url\":\"https:\/\/portaltela.pt\/s.01k8rhncp4jt1\/2025\/11\/talking-bot-125x125.png\",\"contentUrl\":\"https:\/\/portaltela.pt\/s.01k8rhncp4jt1\/2025\/11\/talking-bot-125x125.png\",\"caption\":\"Telinha\"},\"sameAs\":[\"https:\/\/portaltela.pt\/\"],\"url\":\"https:\/\/portaltela.pt\/por\/367410592786\/\"}]}<\/script>\n<!-- \/ Yoast SEO plugin. -->","yoast_head_json":{"title":"Processo disciplinar por insultos racistas a Lucas Fran\u00e7a do Benfica - Portal Tela Portugal","robots":{"index":"index","follow":"follow","max-snippet":"max-snippet:-1","max-image-preview":"max-image-preview:large","max-video-preview":"max-video-preview:-1"},"og_locale":"pt_PT","og_type":"article","og_title":"Processo disciplinar por insultos racistas a Lucas Fran\u00e7a do Benfica - Portal Tela Portugal","og_description":"O processo disciplinar relativo a alegados insultos racistas contra o voleibolista do Benfica, Lucas Fran\u00e7a, foi enviado ao Conselho de Disciplina da Federa\u00e7\u00e3o Portuguesa de Voleibol. O incidente ocorreu no quarto set do segundo jogo dos quartos de final do play-off, entre Benfica e Sporting de Espinho, no campeonato nacional. O jogador parou a partida para denunciar o suposto insulto vindo das bancadas. O Benfica venceu por 3-1 e apurou-se para as meias-finais, onde enfrenta o Leix\u00f5es. O Diretor T\u00e9cnico Nacional da FPV afirmou que os procedimentos s\u00e3o normais e que interrup\u00e7\u00f5es por insultos racistas n\u00e3o s\u00e3o recorrentes no voleibol; o Benfica lamentou o sucedido e elogiou a atua\u00e7\u00e3o dos dirigentes de Espinho.","og_url":"https:\/\/portaltela.pt\/noticias\/2026\/03\/30\/processo-disciplinar-por-insultos-racistas-a-lucas-franca-do-benfica\/","og_site_name":"Portal Tela Portugal","article_published_time":"2026-03-30T22:02:25+00:00","author":"Telinha","twitter_card":"summary_large_image","twitter_misc":{"Escrito por":"Telinha","Tempo estimado de leitura":"1 minuto"},"schema":{"@context":"https:\/\/schema.org","@graph":[{"@type":"Article","@id":"https:\/\/portaltela.pt\/noticias\/2026\/03\/30\/processo-disciplinar-por-insultos-racistas-a-lucas-franca-do-benfica\/#article","isPartOf":{"@id":"https:\/\/portaltela.pt\/noticias\/2026\/03\/30\/processo-disciplinar-por-insultos-racistas-a-lucas-franca-do-benfica\/"},"author":{"name":"Telinha","@id":"https:\/\/portaltela.pt\/#\/schema\/person\/c4278d4a6028830caff9ee44b42d32ed"},"headline":"Processo disciplinar por insultos racistas a Lucas Fran\u00e7a do Benfica","datePublished":"2026-03-30T22:02:25+00:00","mainEntityOfPage":{"@id":"https:\/\/portaltela.pt\/noticias\/2026\/03\/30\/processo-disciplinar-por-insultos-racistas-a-lucas-franca-do-benfica\/"},"wordCount":248,"image":{"@id":"https:\/\/portaltela.pt\/noticias\/2026\/03\/30\/processo-disciplinar-por-insultos-racistas-a-lucas-franca-do-benfica\/#primaryimage"},"thumbnailUrl":"https:\/\/portaltela.pt\/s.01k8rhncp4jt1\/2026\/03\/img_1500x1000uu2021-11-10-19-29-32-1098945.jpg","keywords":["Benfica","desporto","Espinho","Fair Play","racismo","voleibol"],"articleSection":["Desporto","Futebol"],"inLanguage":"pt-PT"},{"@type":"WebPage","@id":"https:\/\/portaltela.pt\/noticias\/2026\/03\/30\/processo-disciplinar-por-insultos-racistas-a-lucas-franca-do-benfica\/","url":"https:\/\/portaltela.pt\/noticias\/2026\/03\/30\/processo-disciplinar-por-insultos-racistas-a-lucas-franca-do-benfica\/","name":"Processo disciplinar por insultos racistas a Lucas Fran\u00e7a do Benfica - Portal Tela Portugal","isPartOf":{"@id":"https:\/\/portaltela.pt\/#website"},"primaryImageOfPage":{"@id":"https:\/\/portaltela.pt\/noticias\/2026\/03\/30\/processo-disciplinar-por-insultos-racistas-a-lucas-franca-do-benfica\/#primaryimage"},"image":{"@id":"https:\/\/portaltela.pt\/noticias\/2026\/03\/30\/processo-disciplinar-por-insultos-racistas-a-lucas-franca-do-benfica\/#primaryimage"},"thumbnailUrl":"https:\/\/portaltela.pt\/s.01k8rhncp4jt1\/2026\/03\/img_1500x1000uu2021-11-10-19-29-32-1098945.jpg","datePublished":"2026-03-30T22:02:25+00:00","author":{"@id":"https:\/\/portaltela.pt\/#\/schema\/person\/c4278d4a6028830caff9ee44b42d32ed"},"breadcrumb":{"@id":"https:\/\/portaltela.pt\/noticias\/2026\/03\/30\/processo-disciplinar-por-insultos-racistas-a-lucas-franca-do-benfica\/#breadcrumb"},"inLanguage":"pt-PT","potentialAction":[{"@type":"ReadAction","target":["https:\/\/portaltela.pt\/noticias\/2026\/03\/30\/processo-disciplinar-por-insultos-racistas-a-lucas-franca-do-benfica\/"]}]},{"@type":"ImageObject","inLanguage":"pt-PT","@id":"https:\/\/portaltela.pt\/noticias\/2026\/03\/30\/processo-disciplinar-por-insultos-racistas-a-lucas-franca-do-benfica\/#primaryimage","url":"https:\/\/portaltela.pt\/s.01k8rhncp4jt1\/2026\/03\/img_1500x1000uu2021-11-10-19-29-32-1098945.jpg","contentUrl":"https:\/\/portaltela.pt\/s.01k8rhncp4jt1\/2026\/03\/img_1500x1000uu2021-11-10-19-29-32-1098945.jpg","width":796,"height":448,"caption":"Benfica, Voleibol"},{"@type":"BreadcrumbList","@id":"https:\/\/portaltela.pt\/noticias\/2026\/03\/30\/processo-disciplinar-por-insultos-racistas-a-lucas-franca-do-benfica\/#breadcrumb","itemListElement":[{"@type":"ListItem","position":1,"name":"In\u00edcio","item":"https:\/\/portaltela.pt\/"},{"@type":"ListItem","position":2,"name":"Processo disciplinar por insultos racistas a Lucas Fran\u00e7a do Benfica"}]},{"@type":"WebSite","@id":"https:\/\/portaltela.pt\/#website","url":"https:\/\/portaltela.pt\/","name":"Portal Tela Portugal","description":"","potentialAction":[{"@type":"SearchAction","target":{"@type":"EntryPoint","urlTemplate":"https:\/\/portaltela.pt\/?s={search_term_string}"},"query-input":{"@type":"PropertyValueSpecification","valueRequired":true,"valueName":"search_term_string"}}],"inLanguage":"pt-PT"},{"@type":"Person","@id":"https:\/\/portaltela.pt\/#\/schema\/person\/c4278d4a6028830caff9ee44b42d32ed","name":"Telinha","image":{"@type":"ImageObject","inLanguage":"pt-PT","@id":"https:\/\/portaltela.pt\/s.01k8rhncp4jt1\/2025\/11\/talking-bot-125x125.png","url":"https:\/\/portaltela.pt\/s.01k8rhncp4jt1\/2025\/11\/talking-bot-125x125.png","contentUrl":"https:\/\/portaltela.pt\/s.01k8rhncp4jt1\/2025\/11\/talking-bot-125x125.png","caption":"Telinha"},"sameAs":["https:\/\/portaltela.pt\/"],"url":"https:\/\/portaltela.pt\/por\/367410592786\/"}]}},"_links":{"self":[{"href":"https:\/\/portaltela.pt\/api\/wp\/v2\/posts\/427555","targetHints":{"allow":["GET"]}}],"collection":[{"href":"https:\/\/portaltela.pt\/api\/wp\/v2\/posts"}],"about":[{"href":"https:\/\/portaltela.pt\/api\/wp\/v2\/types\/post"}],"author":[{"embeddable":true,"href":"https:\/\/portaltela.pt\/api\/wp\/v2\/users\/2"}],"replies":[{"embeddable":true,"href":"https:\/\/portaltela.pt\/api\/wp\/v2\/comments?post=427555"}],"version-history":[{"count":0,"href":"https:\/\/portaltela.pt\/api\/wp\/v2\/posts\/427555\/revisions"}],"wp:featuredmedia":[{"embeddable":true,"href":"https:\/\/portaltela.pt\/api\/wp\/v2\/media\/427558"}],"wp:attachment":[{"href":"https:\/\/portaltela.pt\/api\/wp\/v2\/media?parent=427555"}],"wp:term":[{"taxonomy":"category","embeddable":true,"href":"https:\/\/portaltela.pt\/api\/wp\/v2\/categories?post=427555"},{"taxonomy":"post_tag","embeddable":true,"href":"https:\/\/portaltela.pt\/api\/wp\/v2\/tags?post=427555"}],"curies":[{"name":"wp","href":"https:\/\/api.w.org\/{rel}","templated":true}]}}