{"id":427549,"date":"2026-03-30T18:47:13","date_gmt":"2026-03-30T21:47:13","guid":{"rendered":"https:\/\/portaltela.pt\/noticias\/2026\/03\/30\/presidente-da-federacao-de-futebol-da-argentina-acusado-de-evasao-fiscal\/"},"modified":"2026-03-30T18:47:13","modified_gmt":"2026-03-30T21:47:13","slug":"presidente-da-federacao-de-futebol-da-argentina-acusado-de-evasao-fiscal","status":"publish","type":"post","link":"https:\/\/portaltela.pt\/desporto\/futebol\/2026\/03\/30\/presidente-da-federacao-de-futebol-da-argentina-acusado-de-evasao-fiscal\/","title":{"rendered":"Presidente da Federa\u00e7\u00e3o de Futebol da Argentina acusado de evas\u00e3o fiscal"},"content":{"rendered":"<p>O presidente da Associa\u00e7\u00e3o de Futebol Argentino (AFA), Claudio Tapia, \u00e9 acusado de evas\u00e3o fiscal num processo que envolve a c\u00fapula do atual campe\u00e3o mundial. A acusa\u00e7\u00e3o foi tornada p\u00fablica por uma decis\u00e3o da justi\u00e7a argentina esta segunda-feira.<\/p>\n<p>Segundo a acusa\u00e7\u00e3o, a AFA e v\u00e1rios dirigentes s\u00e3o acusados de evas\u00e3o fiscal e de falsas contribui\u00e7\u00f5es para a seguran\u00e7a social, causando um preju\u00edzo estimado de 19 mil milh\u00f5es de pesos (cerca de 11,8 milh\u00f5es de euros). O grupo \u00e9 citado como respons\u00e1vel pela gest\u00e3o irregular de recursos.<\/p>\n<p>Para al\u00e9m de Tapia, outros quatro dirigentes da AFA foram constitu\u00eddos arguidos, e a federa\u00e7\u00e3o foi processada na qualidade de pessoa coletiva. A AFA negou as acusa\u00e7\u00f5es, classificando o processo como uma manobra pol\u00edtica.<\/p>\n<p>A federa\u00e7\u00e3o afirma que o caso faz parte de uma press\u00e3o pol\u00edtica do presidente da Argentina, Javier Milei, que tem defendido transformar clubes de futebol, hoje sem fins lucrativos, em sociedades an\u00f3nimas de capital aberto. O objetivo \u00e9 uma reestrutura\u00e7\u00e3o do modelo associativo.<\/p>\n<p>Em resposta \u00e0 contesta\u00e7\u00e3o governamental, os clubes recusaram o modelo proposto e entraram em greve durante a nona jornada da primeira divis\u00e3o, evento inicialmente previsto para o in\u00edcio do m\u00eas. A decis\u00e3o de suspender jogos refletiu a oposi\u00e7\u00e3o comum ao plano.<\/p>\n<p>A AFA est\u00e1 ainda sob investiga\u00e7\u00e3o separada desde 2017 por alegadas opera\u00e7\u00f5es de lavagem de dinheiro, o que acrescenta complexidade ao panorama legal que envolve a institui\u00e7\u00e3o. A defesa ainda n\u00e3o divulgou detalhes sobre a estrat\u00e9gia de defesa.<\/p>\n<h3>Contexto e desdobramentos<\/h3>\n<p>A investiga\u00e7\u00e3o sobre a evas\u00e3o fiscal envolve a gest\u00e3o de recursos no futebol argentino e as responsabilidades dos dirigentes da AFA. O processo segue em curso, com audi\u00eancias e dilig\u00eancias em curso para esclarecer as acusa\u00e7\u00f5es.<\/p>\n<p>A defesa de Tapia n\u00e3o comentou oficialmente o teor das acusa\u00e7\u00f5es, limitando-se a reconhecer a exist\u00eancia do processo e a afirmar que haver\u00e1 esclarecimentos futuros. O caso permanece em desenvolvimento, sem conclus\u00e3o anunciada.<\/p>\n","protected":false},"excerpt":{"rendered":"<ul>\n<li>O presidente da Associa\u00e7\u00e3o de Futebol Argentino (AFA), Claudio Tapia, \u00e9 acusado de evas\u00e3o fiscal, segundo decis\u00e3o da justi\u00e7a argentina divulgada esta segunda-feira.<\/li>\n<li>A acusa\u00e7\u00e3o envolve a AFA e v\u00e1rios dirigentes, com alega\u00e7\u00f5es de evas\u00e3o fiscal e falsas contribui\u00e7\u00f5es para a seguran\u00e7a social, estimando um preju\u00edzo de 19 mil milh\u00f5es de pesos (aproximadamente 11,8 milh\u00f5es de euros).<\/li>\n<li>A AFA, que pode ficar a ser processada como pessoa coletiva, tamb\u00e9m tem outros quatro dirigentes arguidos.<\/li>\n<li>A federa\u00e7\u00e3o nega as acusa\u00e7\u00f5es e diz que o processo \u00e9 uma manobra para pressionar o futebol argentino, relacionada com uma proposta do governo de transformar clubes de associa\u00e7\u00f5es sem fins lucrativos em sociedades an\u00f3nimas.<\/li>\n<li>Paralelamente, os clubes realizaram uma greve durante a nona jornada da liga de primeira divis\u00e3o para demonstrar oposi\u00e7\u00e3o ao plano governamental; a AFA est\u00e1 ainda sob investiga\u00e7\u00e3o por alegada lavagem de dinheiro desde 2017.<\/li>\n<\/ul>\n","protected":false},"author":2,"featured_media":427552,"comment_status":"closed","ping_status":"closed","sticky":false,"template":"","format":"standard","meta":{"footnotes":""},"categories":[21,24],"tags":[2732,83,4784,32,3613,3347],"class_list":["post-427549","post","type-post","status-publish","format-standard","has-post-thumbnail","hentry","category-desporto","category-futebol","tag-argentina","tag-corrupcao","tag-evasao","tag-futebol","tag-impostos","tag-lavagem-de-dinheiro"],"yoast_head":"<!-- This site is optimized with the Yoast SEO plugin v27.2 - https:\/\/yoast.com\/product\/yoast-seo-wordpress\/ -->\n<title>Presidente da Federa\u00e7\u00e3o de Futebol da Argentina acusado de evas\u00e3o fiscal - Portal Tela Portugal<\/title>\n<meta name=\"robots\" content=\"index, follow, max-snippet:-1, max-image-preview:large, max-video-preview:-1\" \/>\n<meta property=\"og:locale\" content=\"pt_PT\" \/>\n<meta property=\"og:type\" content=\"article\" \/>\n<meta property=\"og:title\" content=\"Presidente da Federa\u00e7\u00e3o de Futebol da Argentina acusado de evas\u00e3o fiscal - Portal Tela Portugal\" \/>\n<meta property=\"og:description\" content=\"O presidente da Associa\u00e7\u00e3o de Futebol Argentino (AFA), Claudio Tapia, \u00e9 acusado de evas\u00e3o fiscal, segundo decis\u00e3o da justi\u00e7a argentina divulgada esta segunda-feira. A acusa\u00e7\u00e3o envolve a AFA e v\u00e1rios dirigentes, com alega\u00e7\u00f5es de evas\u00e3o fiscal e falsas contribui\u00e7\u00f5es para a seguran\u00e7a social, estimando um preju\u00edzo de 19 mil milh\u00f5es de pesos (aproximadamente 11,8 milh\u00f5es de euros). A AFA, que pode ficar a ser processada como pessoa coletiva, tamb\u00e9m tem outros quatro dirigentes arguidos. A federa\u00e7\u00e3o nega as acusa\u00e7\u00f5es e diz que o processo \u00e9 uma manobra para pressionar o futebol argentino, relacionada com uma proposta do governo de transformar clubes de associa\u00e7\u00f5es sem fins lucrativos em sociedades an\u00f3nimas. Paralelamente, os clubes realizaram uma greve durante a nona jornada da liga de primeira divis\u00e3o para demonstrar oposi\u00e7\u00e3o ao plano governamental; a AFA est\u00e1 ainda sob investiga\u00e7\u00e3o por alegada lavagem de dinheiro desde 2017.\" \/>\n<meta property=\"og:url\" content=\"https:\/\/portaltela.pt\/noticias\/2026\/03\/30\/presidente-da-federacao-de-futebol-da-argentina-acusado-de-evasao-fiscal\/\" \/>\n<meta property=\"og:site_name\" content=\"Portal Tela Portugal\" \/>\n<meta property=\"article:published_time\" content=\"2026-03-30T21:47:13+00:00\" \/>\n<meta name=\"author\" content=\"Telinha\" \/>\n<meta name=\"twitter:card\" content=\"summary_large_image\" \/>\n<meta name=\"twitter:label1\" content=\"Escrito por\" \/>\n\t<meta name=\"twitter:data1\" content=\"Telinha\" \/>\n\t<meta name=\"twitter:label2\" content=\"Tempo estimado de leitura\" \/>\n\t<meta name=\"twitter:data2\" content=\"2 minutos\" \/>\n<script type=\"application\/ld+json\" class=\"yoast-schema-graph\">{\"@context\":\"https:\/\/schema.org\",\"@graph\":[{\"@type\":\"Article\",\"@id\":\"https:\/\/portaltela.pt\/noticias\/2026\/03\/30\/presidente-da-federacao-de-futebol-da-argentina-acusado-de-evasao-fiscal\/#article\",\"isPartOf\":{\"@id\":\"https:\/\/portaltela.pt\/noticias\/2026\/03\/30\/presidente-da-federacao-de-futebol-da-argentina-acusado-de-evasao-fiscal\/\"},\"author\":{\"name\":\"Telinha\",\"@id\":\"https:\/\/portaltela.pt\/#\/schema\/person\/c4278d4a6028830caff9ee44b42d32ed\"},\"headline\":\"Presidente da Federa\u00e7\u00e3o de Futebol da Argentina acusado de evas\u00e3o fiscal\",\"datePublished\":\"2026-03-30T21:47:13+00:00\",\"mainEntityOfPage\":{\"@id\":\"https:\/\/portaltela.pt\/noticias\/2026\/03\/30\/presidente-da-federacao-de-futebol-da-argentina-acusado-de-evasao-fiscal\/\"},\"wordCount\":370,\"image\":{\"@id\":\"https:\/\/portaltela.pt\/noticias\/2026\/03\/30\/presidente-da-federacao-de-futebol-da-argentina-acusado-de-evasao-fiscal\/#primaryimage\"},\"thumbnailUrl\":\"https:\/\/portaltela.pt\/s.01k8rhncp4jt1\/2026\/03\/image-1846.jpg\",\"keywords\":[\"Argentina\",\"corrup\u00e7\u00e3o\",\"evas\u00e3o\",\"futebol\",\"impostos\",\"lavagem de dinheiro\"],\"articleSection\":[\"Desporto\",\"Futebol\"],\"inLanguage\":\"pt-PT\"},{\"@type\":\"WebPage\",\"@id\":\"https:\/\/portaltela.pt\/noticias\/2026\/03\/30\/presidente-da-federacao-de-futebol-da-argentina-acusado-de-evasao-fiscal\/\",\"url\":\"https:\/\/portaltela.pt\/noticias\/2026\/03\/30\/presidente-da-federacao-de-futebol-da-argentina-acusado-de-evasao-fiscal\/\",\"name\":\"Presidente da Federa\u00e7\u00e3o de Futebol da Argentina acusado de evas\u00e3o fiscal - Portal Tela Portugal\",\"isPartOf\":{\"@id\":\"https:\/\/portaltela.pt\/#website\"},\"primaryImageOfPage\":{\"@id\":\"https:\/\/portaltela.pt\/noticias\/2026\/03\/30\/presidente-da-federacao-de-futebol-da-argentina-acusado-de-evasao-fiscal\/#primaryimage\"},\"image\":{\"@id\":\"https:\/\/portaltela.pt\/noticias\/2026\/03\/30\/presidente-da-federacao-de-futebol-da-argentina-acusado-de-evasao-fiscal\/#primaryimage\"},\"thumbnailUrl\":\"https:\/\/portaltela.pt\/s.01k8rhncp4jt1\/2026\/03\/image-1846.jpg\",\"datePublished\":\"2026-03-30T21:47:13+00:00\",\"author\":{\"@id\":\"https:\/\/portaltela.pt\/#\/schema\/person\/c4278d4a6028830caff9ee44b42d32ed\"},\"breadcrumb\":{\"@id\":\"https:\/\/portaltela.pt\/noticias\/2026\/03\/30\/presidente-da-federacao-de-futebol-da-argentina-acusado-de-evasao-fiscal\/#breadcrumb\"},\"inLanguage\":\"pt-PT\",\"potentialAction\":[{\"@type\":\"ReadAction\",\"target\":[\"https:\/\/portaltela.pt\/noticias\/2026\/03\/30\/presidente-da-federacao-de-futebol-da-argentina-acusado-de-evasao-fiscal\/\"]}]},{\"@type\":\"ImageObject\",\"inLanguage\":\"pt-PT\",\"@id\":\"https:\/\/portaltela.pt\/noticias\/2026\/03\/30\/presidente-da-federacao-de-futebol-da-argentina-acusado-de-evasao-fiscal\/#primaryimage\",\"url\":\"https:\/\/portaltela.pt\/s.01k8rhncp4jt1\/2026\/03\/image-1846.jpg\",\"contentUrl\":\"https:\/\/portaltela.pt\/s.01k8rhncp4jt1\/2026\/03\/image-1846.jpg\",\"width\":796,\"height\":448,\"caption\":\"Claudio Tapia, presidente da Associa\u00e7\u00e3o de Futebol Argentino (AFA)\"},{\"@type\":\"BreadcrumbList\",\"@id\":\"https:\/\/portaltela.pt\/noticias\/2026\/03\/30\/presidente-da-federacao-de-futebol-da-argentina-acusado-de-evasao-fiscal\/#breadcrumb\",\"itemListElement\":[{\"@type\":\"ListItem\",\"position\":1,\"name\":\"In\u00edcio\",\"item\":\"https:\/\/portaltela.pt\/\"},{\"@type\":\"ListItem\",\"position\":2,\"name\":\"Presidente da Federa\u00e7\u00e3o de Futebol da Argentina acusado de evas\u00e3o fiscal\"}]},{\"@type\":\"WebSite\",\"@id\":\"https:\/\/portaltela.pt\/#website\",\"url\":\"https:\/\/portaltela.pt\/\",\"name\":\"Portal Tela Portugal\",\"description\":\"\",\"potentialAction\":[{\"@type\":\"SearchAction\",\"target\":{\"@type\":\"EntryPoint\",\"urlTemplate\":\"https:\/\/portaltela.pt\/?s={search_term_string}\"},\"query-input\":{\"@type\":\"PropertyValueSpecification\",\"valueRequired\":true,\"valueName\":\"search_term_string\"}}],\"inLanguage\":\"pt-PT\"},{\"@type\":\"Person\",\"@id\":\"https:\/\/portaltela.pt\/#\/schema\/person\/c4278d4a6028830caff9ee44b42d32ed\",\"name\":\"Telinha\",\"image\":{\"@type\":\"ImageObject\",\"inLanguage\":\"pt-PT\",\"@id\":\"https:\/\/portaltela.pt\/s.01k8rhncp4jt1\/2025\/11\/talking-bot-125x125.png\",\"url\":\"https:\/\/portaltela.pt\/s.01k8rhncp4jt1\/2025\/11\/talking-bot-125x125.png\",\"contentUrl\":\"https:\/\/portaltela.pt\/s.01k8rhncp4jt1\/2025\/11\/talking-bot-125x125.png\",\"caption\":\"Telinha\"},\"sameAs\":[\"https:\/\/portaltela.pt\/\"],\"url\":\"https:\/\/portaltela.pt\/por\/367410592786\/\"}]}<\/script>\n<!-- \/ Yoast SEO plugin. -->","yoast_head_json":{"title":"Presidente da Federa\u00e7\u00e3o de Futebol da Argentina acusado de evas\u00e3o fiscal - Portal Tela Portugal","robots":{"index":"index","follow":"follow","max-snippet":"max-snippet:-1","max-image-preview":"max-image-preview:large","max-video-preview":"max-video-preview:-1"},"og_locale":"pt_PT","og_type":"article","og_title":"Presidente da Federa\u00e7\u00e3o de Futebol da Argentina acusado de evas\u00e3o fiscal - Portal Tela Portugal","og_description":"O presidente da Associa\u00e7\u00e3o de Futebol Argentino (AFA), Claudio Tapia, \u00e9 acusado de evas\u00e3o fiscal, segundo decis\u00e3o da justi\u00e7a argentina divulgada esta segunda-feira. A acusa\u00e7\u00e3o envolve a AFA e v\u00e1rios dirigentes, com alega\u00e7\u00f5es de evas\u00e3o fiscal e falsas contribui\u00e7\u00f5es para a seguran\u00e7a social, estimando um preju\u00edzo de 19 mil milh\u00f5es de pesos (aproximadamente 11,8 milh\u00f5es de euros). A AFA, que pode ficar a ser processada como pessoa coletiva, tamb\u00e9m tem outros quatro dirigentes arguidos. A federa\u00e7\u00e3o nega as acusa\u00e7\u00f5es e diz que o processo \u00e9 uma manobra para pressionar o futebol argentino, relacionada com uma proposta do governo de transformar clubes de associa\u00e7\u00f5es sem fins lucrativos em sociedades an\u00f3nimas. Paralelamente, os clubes realizaram uma greve durante a nona jornada da liga de primeira divis\u00e3o para demonstrar oposi\u00e7\u00e3o ao plano governamental; a AFA est\u00e1 ainda sob investiga\u00e7\u00e3o por alegada lavagem de dinheiro desde 2017.","og_url":"https:\/\/portaltela.pt\/noticias\/2026\/03\/30\/presidente-da-federacao-de-futebol-da-argentina-acusado-de-evasao-fiscal\/","og_site_name":"Portal Tela Portugal","article_published_time":"2026-03-30T21:47:13+00:00","author":"Telinha","twitter_card":"summary_large_image","twitter_misc":{"Escrito por":"Telinha","Tempo estimado de leitura":"2 minutos"},"schema":{"@context":"https:\/\/schema.org","@graph":[{"@type":"Article","@id":"https:\/\/portaltela.pt\/noticias\/2026\/03\/30\/presidente-da-federacao-de-futebol-da-argentina-acusado-de-evasao-fiscal\/#article","isPartOf":{"@id":"https:\/\/portaltela.pt\/noticias\/2026\/03\/30\/presidente-da-federacao-de-futebol-da-argentina-acusado-de-evasao-fiscal\/"},"author":{"name":"Telinha","@id":"https:\/\/portaltela.pt\/#\/schema\/person\/c4278d4a6028830caff9ee44b42d32ed"},"headline":"Presidente da Federa\u00e7\u00e3o de Futebol da Argentina acusado de evas\u00e3o fiscal","datePublished":"2026-03-30T21:47:13+00:00","mainEntityOfPage":{"@id":"https:\/\/portaltela.pt\/noticias\/2026\/03\/30\/presidente-da-federacao-de-futebol-da-argentina-acusado-de-evasao-fiscal\/"},"wordCount":370,"image":{"@id":"https:\/\/portaltela.pt\/noticias\/2026\/03\/30\/presidente-da-federacao-de-futebol-da-argentina-acusado-de-evasao-fiscal\/#primaryimage"},"thumbnailUrl":"https:\/\/portaltela.pt\/s.01k8rhncp4jt1\/2026\/03\/image-1846.jpg","keywords":["Argentina","corrup\u00e7\u00e3o","evas\u00e3o","futebol","impostos","lavagem de dinheiro"],"articleSection":["Desporto","Futebol"],"inLanguage":"pt-PT"},{"@type":"WebPage","@id":"https:\/\/portaltela.pt\/noticias\/2026\/03\/30\/presidente-da-federacao-de-futebol-da-argentina-acusado-de-evasao-fiscal\/","url":"https:\/\/portaltela.pt\/noticias\/2026\/03\/30\/presidente-da-federacao-de-futebol-da-argentina-acusado-de-evasao-fiscal\/","name":"Presidente da Federa\u00e7\u00e3o de Futebol da Argentina acusado de evas\u00e3o fiscal - Portal Tela Portugal","isPartOf":{"@id":"https:\/\/portaltela.pt\/#website"},"primaryImageOfPage":{"@id":"https:\/\/portaltela.pt\/noticias\/2026\/03\/30\/presidente-da-federacao-de-futebol-da-argentina-acusado-de-evasao-fiscal\/#primaryimage"},"image":{"@id":"https:\/\/portaltela.pt\/noticias\/2026\/03\/30\/presidente-da-federacao-de-futebol-da-argentina-acusado-de-evasao-fiscal\/#primaryimage"},"thumbnailUrl":"https:\/\/portaltela.pt\/s.01k8rhncp4jt1\/2026\/03\/image-1846.jpg","datePublished":"2026-03-30T21:47:13+00:00","author":{"@id":"https:\/\/portaltela.pt\/#\/schema\/person\/c4278d4a6028830caff9ee44b42d32ed"},"breadcrumb":{"@id":"https:\/\/portaltela.pt\/noticias\/2026\/03\/30\/presidente-da-federacao-de-futebol-da-argentina-acusado-de-evasao-fiscal\/#breadcrumb"},"inLanguage":"pt-PT","potentialAction":[{"@type":"ReadAction","target":["https:\/\/portaltela.pt\/noticias\/2026\/03\/30\/presidente-da-federacao-de-futebol-da-argentina-acusado-de-evasao-fiscal\/"]}]},{"@type":"ImageObject","inLanguage":"pt-PT","@id":"https:\/\/portaltela.pt\/noticias\/2026\/03\/30\/presidente-da-federacao-de-futebol-da-argentina-acusado-de-evasao-fiscal\/#primaryimage","url":"https:\/\/portaltela.pt\/s.01k8rhncp4jt1\/2026\/03\/image-1846.jpg","contentUrl":"https:\/\/portaltela.pt\/s.01k8rhncp4jt1\/2026\/03\/image-1846.jpg","width":796,"height":448,"caption":"Claudio Tapia, presidente da Associa\u00e7\u00e3o de Futebol Argentino (AFA)"},{"@type":"BreadcrumbList","@id":"https:\/\/portaltela.pt\/noticias\/2026\/03\/30\/presidente-da-federacao-de-futebol-da-argentina-acusado-de-evasao-fiscal\/#breadcrumb","itemListElement":[{"@type":"ListItem","position":1,"name":"In\u00edcio","item":"https:\/\/portaltela.pt\/"},{"@type":"ListItem","position":2,"name":"Presidente da Federa\u00e7\u00e3o de Futebol da Argentina acusado de evas\u00e3o fiscal"}]},{"@type":"WebSite","@id":"https:\/\/portaltela.pt\/#website","url":"https:\/\/portaltela.pt\/","name":"Portal Tela Portugal","description":"","potentialAction":[{"@type":"SearchAction","target":{"@type":"EntryPoint","urlTemplate":"https:\/\/portaltela.pt\/?s={search_term_string}"},"query-input":{"@type":"PropertyValueSpecification","valueRequired":true,"valueName":"search_term_string"}}],"inLanguage":"pt-PT"},{"@type":"Person","@id":"https:\/\/portaltela.pt\/#\/schema\/person\/c4278d4a6028830caff9ee44b42d32ed","name":"Telinha","image":{"@type":"ImageObject","inLanguage":"pt-PT","@id":"https:\/\/portaltela.pt\/s.01k8rhncp4jt1\/2025\/11\/talking-bot-125x125.png","url":"https:\/\/portaltela.pt\/s.01k8rhncp4jt1\/2025\/11\/talking-bot-125x125.png","contentUrl":"https:\/\/portaltela.pt\/s.01k8rhncp4jt1\/2025\/11\/talking-bot-125x125.png","caption":"Telinha"},"sameAs":["https:\/\/portaltela.pt\/"],"url":"https:\/\/portaltela.pt\/por\/367410592786\/"}]}},"_links":{"self":[{"href":"https:\/\/portaltela.pt\/api\/wp\/v2\/posts\/427549","targetHints":{"allow":["GET"]}}],"collection":[{"href":"https:\/\/portaltela.pt\/api\/wp\/v2\/posts"}],"about":[{"href":"https:\/\/portaltela.pt\/api\/wp\/v2\/types\/post"}],"author":[{"embeddable":true,"href":"https:\/\/portaltela.pt\/api\/wp\/v2\/users\/2"}],"replies":[{"embeddable":true,"href":"https:\/\/portaltela.pt\/api\/wp\/v2\/comments?post=427549"}],"version-history":[{"count":0,"href":"https:\/\/portaltela.pt\/api\/wp\/v2\/posts\/427549\/revisions"}],"wp:featuredmedia":[{"embeddable":true,"href":"https:\/\/portaltela.pt\/api\/wp\/v2\/media\/427552"}],"wp:attachment":[{"href":"https:\/\/portaltela.pt\/api\/wp\/v2\/media?parent=427549"}],"wp:term":[{"taxonomy":"category","embeddable":true,"href":"https:\/\/portaltela.pt\/api\/wp\/v2\/categories?post=427549"},{"taxonomy":"post_tag","embeddable":true,"href":"https:\/\/portaltela.pt\/api\/wp\/v2\/tags?post=427549"}],"curies":[{"name":"wp","href":"https:\/\/api.w.org\/{rel}","templated":true}]}}