{"id":427546,"date":"2026-03-30T18:47:06","date_gmt":"2026-03-30T21:47:06","guid":{"rendered":"https:\/\/portaltela.pt\/noticias\/2026\/03\/30\/italia-nao-antecipa-desaire\/"},"modified":"2026-03-30T18:47:06","modified_gmt":"2026-03-30T21:47:06","slug":"italia-nao-antecipa-desaire","status":"publish","type":"post","link":"https:\/\/portaltela.pt\/desporto\/copa-do-mundo\/2026\/03\/30\/italia-nao-antecipa-desaire\/","title":{"rendered":"It\u00e1lia n\u00e3o antecipa desaire"},"content":{"rendered":"<p>J\u00e1 se passaram doze anos desde o \u00faltimo Campeonato do Mundo com a It\u00e1lia. A sele\u00e7\u00e3o est\u00e1 a uma vit\u00f3ria de regressar ao Mundial, enfrentando a B\u00f3snia no playoff de acesso, numa final em Zenica que promete dificuldades.<\/p>\n<p>Gennaro Gattuso afirma que n\u00e3o h\u00e1 espa\u00e7o para pensar em derrota. O treinador lembra a necessidade de manter a determina\u00e7\u00e3o e o esp\u00edrito competitivo que j\u00e1 levou a It\u00e1lia a vencer em situa\u00e7\u00f5es menos favor\u00e1veis.<\/p>\n<p>Apesar do favoritismo, o selecionador admite a press\u00e3o emocional do encontro e sublinha o respeito pelo advers\u00e1rio. A equipa deve evitar erros, reconhecendo a qualidade do rival, independentemente do historial.<\/p>\n<h3>Perspectivas da equipa italiana<\/h3>\n<p>Don\u00adnarumma, guarda-redes titular, revelou estar decidido a levar a It\u00e1lia de volta ao Mundial, depois de duas aus\u00eancias. O jogador do Manchester City destaca o orgulho pela camisola e a vontade de superar a fase de qualifica\u00e7\u00e3o.<\/p>\n","protected":false},"excerpt":{"rendered":"<ul>\n<li>A It\u00e1lia est\u00e1 a uma vit\u00f3ria de regressar ao Mundial, precisando vencer a B\u00f3snia na final do playoff de acesso.<\/li>\n<li>O jogo realiza-se em Zenica, com a sele\u00e7\u00e3o italiana sob press\u00e3o para n\u00e3o falhar pela terceira vez consecutiva em Mundiais.<\/li>\n<li>O selecionador Gennaro Gattuso disse que n\u00e3o h\u00e1 lugar para pensar em derrota e que n\u00e3o v\u00e3o tirar conclus\u00f5es precipitadas.<\/li>\n<li>Gattuso lembrou que, em momentos da hist\u00f3ria, a It\u00e1lia foi campe\u00e3 com determina\u00e7\u00e3o e esp\u00edrito competitivo, mesmo sem ser a mais forte.<\/li>\n<li>O guarda-redes Gianluigi Donnarumma afirmou estar determinado a levar a It\u00e1lia de volta ao Mundial, destacando as derrotas anteriores.<\/li>\n<\/ul>\n","protected":false},"author":2,"featured_media":427551,"comment_status":"closed","ping_status":"closed","sticky":false,"template":"","format":"standard","meta":{"footnotes":""},"categories":[6695,21],"tags":[32,3338,1857,1253,2057,4540],"class_list":["post-427546","post","type-post","status-publish","format-standard","has-post-thumbnail","hentry","category-copa-do-mundo","category-desporto","tag-futebol","tag-futebol-internacional","tag-italia","tag-selecao","tag-selecao-nacional","tag-taca-do-mundo"],"yoast_head":"<!-- This site is optimized with the Yoast SEO plugin v27.2 - https:\/\/yoast.com\/product\/yoast-seo-wordpress\/ -->\n<title>It\u00e1lia n\u00e3o antecipa desaire - Portal Tela Portugal<\/title>\n<meta name=\"robots\" content=\"index, follow, max-snippet:-1, max-image-preview:large, max-video-preview:-1\" \/>\n<meta property=\"og:locale\" content=\"pt_PT\" \/>\n<meta property=\"og:type\" content=\"article\" \/>\n<meta property=\"og:title\" content=\"It\u00e1lia n\u00e3o antecipa desaire - Portal Tela Portugal\" \/>\n<meta property=\"og:description\" content=\"A It\u00e1lia est\u00e1 a uma vit\u00f3ria de regressar ao Mundial, precisando vencer a B\u00f3snia na final do playoff de acesso. O jogo realiza-se em Zenica, com a sele\u00e7\u00e3o italiana sob press\u00e3o para n\u00e3o falhar pela terceira vez consecutiva em Mundiais. O selecionador Gennaro Gattuso disse que n\u00e3o h\u00e1 lugar para pensar em derrota e que n\u00e3o v\u00e3o tirar conclus\u00f5es precipitadas. Gattuso lembrou que, em momentos da hist\u00f3ria, a It\u00e1lia foi campe\u00e3 com determina\u00e7\u00e3o e esp\u00edrito competitivo, mesmo sem ser a mais forte. O guarda-redes Gianluigi Donnarumma afirmou estar determinado a levar a It\u00e1lia de volta ao Mundial, destacando as derrotas anteriores.\" \/>\n<meta property=\"og:url\" content=\"https:\/\/portaltela.pt\/noticias\/2026\/03\/30\/italia-nao-antecipa-desaire\/\" \/>\n<meta property=\"og:site_name\" content=\"Portal Tela Portugal\" \/>\n<meta property=\"article:published_time\" content=\"2026-03-30T21:47:06+00:00\" \/>\n<meta name=\"author\" content=\"Telinha\" \/>\n<meta name=\"twitter:card\" content=\"summary_large_image\" \/>\n<meta name=\"twitter:label1\" content=\"Escrito por\" \/>\n\t<meta name=\"twitter:data1\" content=\"Telinha\" \/>\n\t<meta name=\"twitter:label2\" content=\"Tempo estimado de leitura\" \/>\n\t<meta name=\"twitter:data2\" content=\"1 minuto\" \/>\n<script type=\"application\/ld+json\" class=\"yoast-schema-graph\">{\"@context\":\"https:\/\/schema.org\",\"@graph\":[{\"@type\":\"Article\",\"@id\":\"https:\/\/portaltela.pt\/noticias\/2026\/03\/30\/italia-nao-antecipa-desaire\/#article\",\"isPartOf\":{\"@id\":\"https:\/\/portaltela.pt\/noticias\/2026\/03\/30\/italia-nao-antecipa-desaire\/\"},\"author\":{\"name\":\"Telinha\",\"@id\":\"https:\/\/portaltela.pt\/#\/schema\/person\/c4278d4a6028830caff9ee44b42d32ed\"},\"headline\":\"It\u00e1lia n\u00e3o antecipa desaire\",\"datePublished\":\"2026-03-30T21:47:06+00:00\",\"mainEntityOfPage\":{\"@id\":\"https:\/\/portaltela.pt\/noticias\/2026\/03\/30\/italia-nao-antecipa-desaire\/\"},\"wordCount\":167,\"image\":{\"@id\":\"https:\/\/portaltela.pt\/noticias\/2026\/03\/30\/italia-nao-antecipa-desaire\/#primaryimage\"},\"thumbnailUrl\":\"https:\/\/portaltela.pt\/s.01k8rhncp4jt1\/2026\/03\/img_920x518uu2025-10-15-21-31-42-2396445.jpg\",\"keywords\":[\"futebol\",\"futebol internacional\",\"It\u00e1lia\",\"Sele\u00e7\u00e3o\",\"Sele\u00e7\u00e3o Nacional\",\"Ta\u00e7a do Mundo\"],\"articleSection\":[\"Copa do Mundo\",\"Desporto\"],\"inLanguage\":\"pt-PT\"},{\"@type\":\"WebPage\",\"@id\":\"https:\/\/portaltela.pt\/noticias\/2026\/03\/30\/italia-nao-antecipa-desaire\/\",\"url\":\"https:\/\/portaltela.pt\/noticias\/2026\/03\/30\/italia-nao-antecipa-desaire\/\",\"name\":\"It\u00e1lia n\u00e3o antecipa desaire - Portal Tela Portugal\",\"isPartOf\":{\"@id\":\"https:\/\/portaltela.pt\/#website\"},\"primaryImageOfPage\":{\"@id\":\"https:\/\/portaltela.pt\/noticias\/2026\/03\/30\/italia-nao-antecipa-desaire\/#primaryimage\"},\"image\":{\"@id\":\"https:\/\/portaltela.pt\/noticias\/2026\/03\/30\/italia-nao-antecipa-desaire\/#primaryimage\"},\"thumbnailUrl\":\"https:\/\/portaltela.pt\/s.01k8rhncp4jt1\/2026\/03\/img_920x518uu2025-10-15-21-31-42-2396445.jpg\",\"datePublished\":\"2026-03-30T21:47:06+00:00\",\"author\":{\"@id\":\"https:\/\/portaltela.pt\/#\/schema\/person\/c4278d4a6028830caff9ee44b42d32ed\"},\"breadcrumb\":{\"@id\":\"https:\/\/portaltela.pt\/noticias\/2026\/03\/30\/italia-nao-antecipa-desaire\/#breadcrumb\"},\"inLanguage\":\"pt-PT\",\"potentialAction\":[{\"@type\":\"ReadAction\",\"target\":[\"https:\/\/portaltela.pt\/noticias\/2026\/03\/30\/italia-nao-antecipa-desaire\/\"]}]},{\"@type\":\"ImageObject\",\"inLanguage\":\"pt-PT\",\"@id\":\"https:\/\/portaltela.pt\/noticias\/2026\/03\/30\/italia-nao-antecipa-desaire\/#primaryimage\",\"url\":\"https:\/\/portaltela.pt\/s.01k8rhncp4jt1\/2026\/03\/img_920x518uu2025-10-15-21-31-42-2396445.jpg\",\"contentUrl\":\"https:\/\/portaltela.pt\/s.01k8rhncp4jt1\/2026\/03\/img_920x518uu2025-10-15-21-31-42-2396445.jpg\",\"width\":796,\"height\":448,\"caption\":\"Gennaro Gattuso, selecionador da It\u00e1lia\"},{\"@type\":\"BreadcrumbList\",\"@id\":\"https:\/\/portaltela.pt\/noticias\/2026\/03\/30\/italia-nao-antecipa-desaire\/#breadcrumb\",\"itemListElement\":[{\"@type\":\"ListItem\",\"position\":1,\"name\":\"In\u00edcio\",\"item\":\"https:\/\/portaltela.pt\/\"},{\"@type\":\"ListItem\",\"position\":2,\"name\":\"It\u00e1lia n\u00e3o antecipa desaire\"}]},{\"@type\":\"WebSite\",\"@id\":\"https:\/\/portaltela.pt\/#website\",\"url\":\"https:\/\/portaltela.pt\/\",\"name\":\"Portal Tela Portugal\",\"description\":\"\",\"potentialAction\":[{\"@type\":\"SearchAction\",\"target\":{\"@type\":\"EntryPoint\",\"urlTemplate\":\"https:\/\/portaltela.pt\/?s={search_term_string}\"},\"query-input\":{\"@type\":\"PropertyValueSpecification\",\"valueRequired\":true,\"valueName\":\"search_term_string\"}}],\"inLanguage\":\"pt-PT\"},{\"@type\":\"Person\",\"@id\":\"https:\/\/portaltela.pt\/#\/schema\/person\/c4278d4a6028830caff9ee44b42d32ed\",\"name\":\"Telinha\",\"image\":{\"@type\":\"ImageObject\",\"inLanguage\":\"pt-PT\",\"@id\":\"https:\/\/portaltela.pt\/s.01k8rhncp4jt1\/2025\/11\/talking-bot-125x125.png\",\"url\":\"https:\/\/portaltela.pt\/s.01k8rhncp4jt1\/2025\/11\/talking-bot-125x125.png\",\"contentUrl\":\"https:\/\/portaltela.pt\/s.01k8rhncp4jt1\/2025\/11\/talking-bot-125x125.png\",\"caption\":\"Telinha\"},\"sameAs\":[\"https:\/\/portaltela.pt\/\"],\"url\":\"https:\/\/portaltela.pt\/por\/367410592786\/\"}]}<\/script>\n<!-- \/ Yoast SEO plugin. -->","yoast_head_json":{"title":"It\u00e1lia n\u00e3o antecipa desaire - Portal Tela Portugal","robots":{"index":"index","follow":"follow","max-snippet":"max-snippet:-1","max-image-preview":"max-image-preview:large","max-video-preview":"max-video-preview:-1"},"og_locale":"pt_PT","og_type":"article","og_title":"It\u00e1lia n\u00e3o antecipa desaire - Portal Tela Portugal","og_description":"A It\u00e1lia est\u00e1 a uma vit\u00f3ria de regressar ao Mundial, precisando vencer a B\u00f3snia na final do playoff de acesso. O jogo realiza-se em Zenica, com a sele\u00e7\u00e3o italiana sob press\u00e3o para n\u00e3o falhar pela terceira vez consecutiva em Mundiais. O selecionador Gennaro Gattuso disse que n\u00e3o h\u00e1 lugar para pensar em derrota e que n\u00e3o v\u00e3o tirar conclus\u00f5es precipitadas. Gattuso lembrou que, em momentos da hist\u00f3ria, a It\u00e1lia foi campe\u00e3 com determina\u00e7\u00e3o e esp\u00edrito competitivo, mesmo sem ser a mais forte. O guarda-redes Gianluigi Donnarumma afirmou estar determinado a levar a It\u00e1lia de volta ao Mundial, destacando as derrotas anteriores.","og_url":"https:\/\/portaltela.pt\/noticias\/2026\/03\/30\/italia-nao-antecipa-desaire\/","og_site_name":"Portal Tela Portugal","article_published_time":"2026-03-30T21:47:06+00:00","author":"Telinha","twitter_card":"summary_large_image","twitter_misc":{"Escrito por":"Telinha","Tempo estimado de leitura":"1 minuto"},"schema":{"@context":"https:\/\/schema.org","@graph":[{"@type":"Article","@id":"https:\/\/portaltela.pt\/noticias\/2026\/03\/30\/italia-nao-antecipa-desaire\/#article","isPartOf":{"@id":"https:\/\/portaltela.pt\/noticias\/2026\/03\/30\/italia-nao-antecipa-desaire\/"},"author":{"name":"Telinha","@id":"https:\/\/portaltela.pt\/#\/schema\/person\/c4278d4a6028830caff9ee44b42d32ed"},"headline":"It\u00e1lia n\u00e3o antecipa desaire","datePublished":"2026-03-30T21:47:06+00:00","mainEntityOfPage":{"@id":"https:\/\/portaltela.pt\/noticias\/2026\/03\/30\/italia-nao-antecipa-desaire\/"},"wordCount":167,"image":{"@id":"https:\/\/portaltela.pt\/noticias\/2026\/03\/30\/italia-nao-antecipa-desaire\/#primaryimage"},"thumbnailUrl":"https:\/\/portaltela.pt\/s.01k8rhncp4jt1\/2026\/03\/img_920x518uu2025-10-15-21-31-42-2396445.jpg","keywords":["futebol","futebol internacional","It\u00e1lia","Sele\u00e7\u00e3o","Sele\u00e7\u00e3o Nacional","Ta\u00e7a do Mundo"],"articleSection":["Copa do Mundo","Desporto"],"inLanguage":"pt-PT"},{"@type":"WebPage","@id":"https:\/\/portaltela.pt\/noticias\/2026\/03\/30\/italia-nao-antecipa-desaire\/","url":"https:\/\/portaltela.pt\/noticias\/2026\/03\/30\/italia-nao-antecipa-desaire\/","name":"It\u00e1lia n\u00e3o antecipa desaire - Portal Tela Portugal","isPartOf":{"@id":"https:\/\/portaltela.pt\/#website"},"primaryImageOfPage":{"@id":"https:\/\/portaltela.pt\/noticias\/2026\/03\/30\/italia-nao-antecipa-desaire\/#primaryimage"},"image":{"@id":"https:\/\/portaltela.pt\/noticias\/2026\/03\/30\/italia-nao-antecipa-desaire\/#primaryimage"},"thumbnailUrl":"https:\/\/portaltela.pt\/s.01k8rhncp4jt1\/2026\/03\/img_920x518uu2025-10-15-21-31-42-2396445.jpg","datePublished":"2026-03-30T21:47:06+00:00","author":{"@id":"https:\/\/portaltela.pt\/#\/schema\/person\/c4278d4a6028830caff9ee44b42d32ed"},"breadcrumb":{"@id":"https:\/\/portaltela.pt\/noticias\/2026\/03\/30\/italia-nao-antecipa-desaire\/#breadcrumb"},"inLanguage":"pt-PT","potentialAction":[{"@type":"ReadAction","target":["https:\/\/portaltela.pt\/noticias\/2026\/03\/30\/italia-nao-antecipa-desaire\/"]}]},{"@type":"ImageObject","inLanguage":"pt-PT","@id":"https:\/\/portaltela.pt\/noticias\/2026\/03\/30\/italia-nao-antecipa-desaire\/#primaryimage","url":"https:\/\/portaltela.pt\/s.01k8rhncp4jt1\/2026\/03\/img_920x518uu2025-10-15-21-31-42-2396445.jpg","contentUrl":"https:\/\/portaltela.pt\/s.01k8rhncp4jt1\/2026\/03\/img_920x518uu2025-10-15-21-31-42-2396445.jpg","width":796,"height":448,"caption":"Gennaro Gattuso, selecionador da It\u00e1lia"},{"@type":"BreadcrumbList","@id":"https:\/\/portaltela.pt\/noticias\/2026\/03\/30\/italia-nao-antecipa-desaire\/#breadcrumb","itemListElement":[{"@type":"ListItem","position":1,"name":"In\u00edcio","item":"https:\/\/portaltela.pt\/"},{"@type":"ListItem","position":2,"name":"It\u00e1lia n\u00e3o antecipa desaire"}]},{"@type":"WebSite","@id":"https:\/\/portaltela.pt\/#website","url":"https:\/\/portaltela.pt\/","name":"Portal Tela Portugal","description":"","potentialAction":[{"@type":"SearchAction","target":{"@type":"EntryPoint","urlTemplate":"https:\/\/portaltela.pt\/?s={search_term_string}"},"query-input":{"@type":"PropertyValueSpecification","valueRequired":true,"valueName":"search_term_string"}}],"inLanguage":"pt-PT"},{"@type":"Person","@id":"https:\/\/portaltela.pt\/#\/schema\/person\/c4278d4a6028830caff9ee44b42d32ed","name":"Telinha","image":{"@type":"ImageObject","inLanguage":"pt-PT","@id":"https:\/\/portaltela.pt\/s.01k8rhncp4jt1\/2025\/11\/talking-bot-125x125.png","url":"https:\/\/portaltela.pt\/s.01k8rhncp4jt1\/2025\/11\/talking-bot-125x125.png","contentUrl":"https:\/\/portaltela.pt\/s.01k8rhncp4jt1\/2025\/11\/talking-bot-125x125.png","caption":"Telinha"},"sameAs":["https:\/\/portaltela.pt\/"],"url":"https:\/\/portaltela.pt\/por\/367410592786\/"}]}},"_links":{"self":[{"href":"https:\/\/portaltela.pt\/api\/wp\/v2\/posts\/427546","targetHints":{"allow":["GET"]}}],"collection":[{"href":"https:\/\/portaltela.pt\/api\/wp\/v2\/posts"}],"about":[{"href":"https:\/\/portaltela.pt\/api\/wp\/v2\/types\/post"}],"author":[{"embeddable":true,"href":"https:\/\/portaltela.pt\/api\/wp\/v2\/users\/2"}],"replies":[{"embeddable":true,"href":"https:\/\/portaltela.pt\/api\/wp\/v2\/comments?post=427546"}],"version-history":[{"count":0,"href":"https:\/\/portaltela.pt\/api\/wp\/v2\/posts\/427546\/revisions"}],"wp:featuredmedia":[{"embeddable":true,"href":"https:\/\/portaltela.pt\/api\/wp\/v2\/media\/427551"}],"wp:attachment":[{"href":"https:\/\/portaltela.pt\/api\/wp\/v2\/media?parent=427546"}],"wp:term":[{"taxonomy":"category","embeddable":true,"href":"https:\/\/portaltela.pt\/api\/wp\/v2\/categories?post=427546"},{"taxonomy":"post_tag","embeddable":true,"href":"https:\/\/portaltela.pt\/api\/wp\/v2\/tags?post=427546"}],"curies":[{"name":"wp","href":"https:\/\/api.w.org\/{rel}","templated":true}]}}