{"id":427543,"date":"2026-03-30T18:32:16","date_gmt":"2026-03-30T21:32:16","guid":{"rendered":"https:\/\/portaltela.pt\/noticias\/2026\/03\/30\/mne-pede-respeito-pela-integridade-do-libano-apos-morte-de-3-capacetes-azuis\/"},"modified":"2026-03-30T18:32:16","modified_gmt":"2026-03-30T21:32:16","slug":"mne-pede-respeito-pela-integridade-do-libano-apos-morte-de-3-capacetes-azuis","status":"publish","type":"post","link":"https:\/\/portaltela.pt\/noticias\/internacional\/2026\/03\/30\/mne-pede-respeito-pela-integridade-do-libano-apos-morte-de-3-capacetes-azuis\/","title":{"rendered":"MNE pede respeito pela integridade do L\u00edbano ap\u00f3s morte de 3 capacetes azuis"},"content":{"rendered":"<p>O Minist\u00e9rio dos Neg\u00f3cios Estrangeiros (MNE) pediu este segunda-feira respeito urgente pela integridade do L\u00edbano, ap\u00f3s ataques que causaram a morte de tr\u00eas capacetes azuis da FINUL. A nota sublinha que tais ataques e a viola\u00e7\u00e3o do mandato s\u00e3o injustific\u00e1veis. O governo expressou condol\u00eancias \u00e0 Indon\u00e9sia pela perda dos militares.<\/p>\n<p>A FINUL anunciou que, nas \u00faltimas 24 horas, tr\u00eas dos seus militares morreram em dois incidentes separados no sul do territ\u00f3rio liban\u00eas. Dois cidad\u00e3os da for\u00e7a de paz morreram num ataque que atingiu o ve\u00edculo em que seguiam, perto de Bahi Hayan, Marjay\u00fan. Um terceiro capacete azul, de nacionalidade Indon\u00e9sia, morreu no domingo.<\/p>\n<p>Segundo a miss\u00e3o da ONU, o ataque de segunda-feira foi causado por uma explos\u00e3o de origem desconhecida que destruiu o ve\u00edculo; outro militar ficou gravemente ferido e um colega com ferimentos ligeiros. O local fica pr\u00f3ximo da fronteira com Israel, onde tem havido escalada de hostilidades.<\/p>\n<h3>Contexto regional e rea\u00e7\u00e3o internacional<\/h3>\n<p>O sul do L\u00edbano tem estado sob press\u00e3o militar desde o in\u00edcio de mar\u00e7o, com ataques entre for\u00e7as israelitas e o Hezbollah. Israel ampliou a zona de seguran\u00e7a na regi\u00e3o, segundo declara\u00e7\u00f5es do primeiro-ministro Benjamin Netanyahu, para impedir supostas invas\u00f5es e m\u00edsseis na fronteira.<\/p>\n<p>Mais de 1.200 pessoas morreram no conflito entre Israel e o Hezbollah, e o Minist\u00e9rio da Sa\u00fade liban\u00eas fala em mais de 3.500 feridos. A FINUL opera na regi\u00e3o sul, junto \u00e0 fronteira com Israel, e encerra o mandato este ano.<\/p>\n<p>A ONU abriu uma investiga\u00e7\u00e3o para apurar as circunst\u00e2ncias dos incidentes mortais. O secret\u00e1rio-geral, Ant\u00f3nio Guterres, afirmou que ataques deliberados contra soldados de opera\u00e7\u00f5es de paz violam o direito internacional humanit\u00e1rio e podem configurar crimes de guerra.<\/p>\n<h3>Rea\u00e7\u00f5es de pa\u00edses e institui\u00e7\u00f5es<\/h3>\n<p>O Governo franc\u00eas solicitou uma reuni\u00e3o de emerg\u00eancia do Conselho de Seguran\u00e7a da ONU, em resposta aos homic\u00eddios dos capacetes azuis da FINUL. O ministro dos Neg\u00f3cios Estrangeiros franc\u00eas, Jean-Yves Le Drian, ou Barrot, condenou firmemente os disparos. A Fran\u00e7a refor\u00e7ou a necessidade de clarificar os factos.<\/p>\n","protected":false},"excerpt":{"rendered":"<ul>\n<li>O Minist\u00e9rio dos Neg\u00f3cios Estrangeiros (MNE) pediu respeito urgente pela integridade do L\u00edbano ap\u00f3s ataques que tiraram a vida a tr\u00eas capacetes azuis da FINUL.<\/li>\n<li>Dois militares da FINUL morreram perto de Bahi Hayan, no sul do L\u00edbano, num ataque que afetou uma coluna sob comando de militares espanh\u00f3is; um terceiro capacete azul, indon\u00eas, morreu no domingo.<\/li>\n<li>A FINUL informou que o ataque de segunda-feira resultou numa explos\u00e3o de origem desconhecida, com outro militar gravemente ferido e um quarto ferido ligeiramente.<\/li>\n<li>O sul do L\u00edbano tem sido bombardeado desde que o Hezbollah lan\u00e7ou foguetes para o norte de Israel; Israel falou em expandir a zona de seguran\u00e7a na regi\u00e3o.<\/li>\n<li>A ONU abriu uma investiga\u00e7\u00e3o sobre os incidentes; o secret\u00e1rio-geral Ant\u00f3nio Guterres apelou a prote\u00e7\u00e3o de tropas de paz; a Fran\u00e7a pediu uma reuni\u00e3o de emerg\u00eancia do Conselho de Seguran\u00e7a.<\/li>\n<\/ul>\n","protected":false},"author":2,"featured_media":427545,"comment_status":"closed","ping_status":"closed","sticky":false,"template":"","format":"standard","meta":{"footnotes":""},"categories":[6790,4],"tags":[2198,6703,1856,2247,2127,5123],"class_list":["post-427543","post","type-post","status-publish","format-standard","has-post-thumbnail","hentry","category-conflitos","category-internacional","tag-conflitos-internacionais","tag-diplomacia-internacional","tag-franca","tag-missoes-internacionais","tag-nacoes-unidas","tag-onu"],"yoast_head":"<!-- This site is optimized with the Yoast SEO plugin v27.2 - https:\/\/yoast.com\/product\/yoast-seo-wordpress\/ -->\n<title>MNE pede respeito pela integridade do L\u00edbano ap\u00f3s morte de 3 capacetes azuis - Portal Tela Portugal<\/title>\n<meta name=\"robots\" content=\"index, follow, max-snippet:-1, max-image-preview:large, max-video-preview:-1\" \/>\n<meta property=\"og:locale\" content=\"pt_PT\" \/>\n<meta property=\"og:type\" content=\"article\" \/>\n<meta property=\"og:title\" content=\"MNE pede respeito pela integridade do L\u00edbano ap\u00f3s morte de 3 capacetes azuis - Portal Tela Portugal\" \/>\n<meta property=\"og:description\" content=\"O Minist\u00e9rio dos Neg\u00f3cios Estrangeiros (MNE) pediu respeito urgente pela integridade do L\u00edbano ap\u00f3s ataques que tiraram a vida a tr\u00eas capacetes azuis da FINUL. Dois militares da FINUL morreram perto de Bahi Hayan, no sul do L\u00edbano, num ataque que afetou uma coluna sob comando de militares espanh\u00f3is; um terceiro capacete azul, indon\u00eas, morreu no domingo. A FINUL informou que o ataque de segunda-feira resultou numa explos\u00e3o de origem desconhecida, com outro militar gravemente ferido e um quarto ferido ligeiramente. O sul do L\u00edbano tem sido bombardeado desde que o Hezbollah lan\u00e7ou foguetes para o norte de Israel; Israel falou em expandir a zona de seguran\u00e7a na regi\u00e3o. A ONU abriu uma investiga\u00e7\u00e3o sobre os incidentes; o secret\u00e1rio-geral Ant\u00f3nio Guterres apelou a prote\u00e7\u00e3o de tropas de paz; a Fran\u00e7a pediu uma reuni\u00e3o de emerg\u00eancia do Conselho de Seguran\u00e7a.\" \/>\n<meta property=\"og:url\" content=\"https:\/\/portaltela.pt\/noticias\/2026\/03\/30\/mne-pede-respeito-pela-integridade-do-libano-apos-morte-de-3-capacetes-azuis\/\" \/>\n<meta property=\"og:site_name\" content=\"Portal Tela Portugal\" \/>\n<meta property=\"article:published_time\" content=\"2026-03-30T21:32:16+00:00\" \/>\n<meta name=\"author\" content=\"Telinha\" \/>\n<meta name=\"twitter:card\" content=\"summary_large_image\" \/>\n<meta name=\"twitter:label1\" content=\"Escrito por\" \/>\n\t<meta name=\"twitter:data1\" content=\"Telinha\" \/>\n\t<meta name=\"twitter:label2\" content=\"Tempo estimado de leitura\" \/>\n\t<meta name=\"twitter:data2\" content=\"2 minutos\" \/>\n<script type=\"application\/ld+json\" class=\"yoast-schema-graph\">{\"@context\":\"https:\/\/schema.org\",\"@graph\":[{\"@type\":\"Article\",\"@id\":\"https:\/\/portaltela.pt\/noticias\/2026\/03\/30\/mne-pede-respeito-pela-integridade-do-libano-apos-morte-de-3-capacetes-azuis\/#article\",\"isPartOf\":{\"@id\":\"https:\/\/portaltela.pt\/noticias\/2026\/03\/30\/mne-pede-respeito-pela-integridade-do-libano-apos-morte-de-3-capacetes-azuis\/\"},\"author\":{\"name\":\"Telinha\",\"@id\":\"https:\/\/portaltela.pt\/#\/schema\/person\/c4278d4a6028830caff9ee44b42d32ed\"},\"headline\":\"MNE pede respeito pela integridade do L\u00edbano ap\u00f3s morte de 3 capacetes azuis\",\"datePublished\":\"2026-03-30T21:32:16+00:00\",\"mainEntityOfPage\":{\"@id\":\"https:\/\/portaltela.pt\/noticias\/2026\/03\/30\/mne-pede-respeito-pela-integridade-do-libano-apos-morte-de-3-capacetes-azuis\/\"},\"wordCount\":392,\"image\":{\"@id\":\"https:\/\/portaltela.pt\/noticias\/2026\/03\/30\/mne-pede-respeito-pela-integridade-do-libano-apos-morte-de-3-capacetes-azuis\/#primaryimage\"},\"thumbnailUrl\":\"https:\/\/portaltela.pt\/s.01k8rhncp4jt1\/2026\/03\/img_1500x1000uu2014-08-28-17-37-00-400283.jpg\",\"keywords\":[\"conflitos internacionais\",\"diplomacia internacional\",\"Fran\u00e7a\",\"miss\u00f5es internacionais\",\"Na\u00e7\u00f5es Unidas\",\"ONU\"],\"articleSection\":[\"Conflitos\",\"Internacional\"],\"inLanguage\":\"pt-PT\"},{\"@type\":\"WebPage\",\"@id\":\"https:\/\/portaltela.pt\/noticias\/2026\/03\/30\/mne-pede-respeito-pela-integridade-do-libano-apos-morte-de-3-capacetes-azuis\/\",\"url\":\"https:\/\/portaltela.pt\/noticias\/2026\/03\/30\/mne-pede-respeito-pela-integridade-do-libano-apos-morte-de-3-capacetes-azuis\/\",\"name\":\"MNE pede respeito pela integridade do L\u00edbano ap\u00f3s morte de 3 capacetes azuis - Portal Tela Portugal\",\"isPartOf\":{\"@id\":\"https:\/\/portaltela.pt\/#website\"},\"primaryImageOfPage\":{\"@id\":\"https:\/\/portaltela.pt\/noticias\/2026\/03\/30\/mne-pede-respeito-pela-integridade-do-libano-apos-morte-de-3-capacetes-azuis\/#primaryimage\"},\"image\":{\"@id\":\"https:\/\/portaltela.pt\/noticias\/2026\/03\/30\/mne-pede-respeito-pela-integridade-do-libano-apos-morte-de-3-capacetes-azuis\/#primaryimage\"},\"thumbnailUrl\":\"https:\/\/portaltela.pt\/s.01k8rhncp4jt1\/2026\/03\/img_1500x1000uu2014-08-28-17-37-00-400283.jpg\",\"datePublished\":\"2026-03-30T21:32:16+00:00\",\"author\":{\"@id\":\"https:\/\/portaltela.pt\/#\/schema\/person\/c4278d4a6028830caff9ee44b42d32ed\"},\"breadcrumb\":{\"@id\":\"https:\/\/portaltela.pt\/noticias\/2026\/03\/30\/mne-pede-respeito-pela-integridade-do-libano-apos-morte-de-3-capacetes-azuis\/#breadcrumb\"},\"inLanguage\":\"pt-PT\",\"potentialAction\":[{\"@type\":\"ReadAction\",\"target\":[\"https:\/\/portaltela.pt\/noticias\/2026\/03\/30\/mne-pede-respeito-pela-integridade-do-libano-apos-morte-de-3-capacetes-azuis\/\"]}]},{\"@type\":\"ImageObject\",\"inLanguage\":\"pt-PT\",\"@id\":\"https:\/\/portaltela.pt\/noticias\/2026\/03\/30\/mne-pede-respeito-pela-integridade-do-libano-apos-morte-de-3-capacetes-azuis\/#primaryimage\",\"url\":\"https:\/\/portaltela.pt\/s.01k8rhncp4jt1\/2026\/03\/img_1500x1000uu2014-08-28-17-37-00-400283.jpg\",\"contentUrl\":\"https:\/\/portaltela.pt\/s.01k8rhncp4jt1\/2026\/03\/img_1500x1000uu2014-08-28-17-37-00-400283.jpg\",\"width\":796,\"height\":448,\"caption\":\"MNE pede respeito urgente por integridade do L\u00edbano ap\u00f3s morte de 3 'capacetes azuis'\"},{\"@type\":\"BreadcrumbList\",\"@id\":\"https:\/\/portaltela.pt\/noticias\/2026\/03\/30\/mne-pede-respeito-pela-integridade-do-libano-apos-morte-de-3-capacetes-azuis\/#breadcrumb\",\"itemListElement\":[{\"@type\":\"ListItem\",\"position\":1,\"name\":\"In\u00edcio\",\"item\":\"https:\/\/portaltela.pt\/\"},{\"@type\":\"ListItem\",\"position\":2,\"name\":\"MNE pede respeito pela integridade do L\u00edbano ap\u00f3s morte de 3 capacetes azuis\"}]},{\"@type\":\"WebSite\",\"@id\":\"https:\/\/portaltela.pt\/#website\",\"url\":\"https:\/\/portaltela.pt\/\",\"name\":\"Portal Tela Portugal\",\"description\":\"\",\"potentialAction\":[{\"@type\":\"SearchAction\",\"target\":{\"@type\":\"EntryPoint\",\"urlTemplate\":\"https:\/\/portaltela.pt\/?s={search_term_string}\"},\"query-input\":{\"@type\":\"PropertyValueSpecification\",\"valueRequired\":true,\"valueName\":\"search_term_string\"}}],\"inLanguage\":\"pt-PT\"},{\"@type\":\"Person\",\"@id\":\"https:\/\/portaltela.pt\/#\/schema\/person\/c4278d4a6028830caff9ee44b42d32ed\",\"name\":\"Telinha\",\"image\":{\"@type\":\"ImageObject\",\"inLanguage\":\"pt-PT\",\"@id\":\"https:\/\/portaltela.pt\/s.01k8rhncp4jt1\/2025\/11\/talking-bot-125x125.png\",\"url\":\"https:\/\/portaltela.pt\/s.01k8rhncp4jt1\/2025\/11\/talking-bot-125x125.png\",\"contentUrl\":\"https:\/\/portaltela.pt\/s.01k8rhncp4jt1\/2025\/11\/talking-bot-125x125.png\",\"caption\":\"Telinha\"},\"sameAs\":[\"https:\/\/portaltela.pt\/\"],\"url\":\"https:\/\/portaltela.pt\/por\/367410592786\/\"}]}<\/script>\n<!-- \/ Yoast SEO plugin. -->","yoast_head_json":{"title":"MNE pede respeito pela integridade do L\u00edbano ap\u00f3s morte de 3 capacetes azuis - Portal Tela Portugal","robots":{"index":"index","follow":"follow","max-snippet":"max-snippet:-1","max-image-preview":"max-image-preview:large","max-video-preview":"max-video-preview:-1"},"og_locale":"pt_PT","og_type":"article","og_title":"MNE pede respeito pela integridade do L\u00edbano ap\u00f3s morte de 3 capacetes azuis - Portal Tela Portugal","og_description":"O Minist\u00e9rio dos Neg\u00f3cios Estrangeiros (MNE) pediu respeito urgente pela integridade do L\u00edbano ap\u00f3s ataques que tiraram a vida a tr\u00eas capacetes azuis da FINUL. Dois militares da FINUL morreram perto de Bahi Hayan, no sul do L\u00edbano, num ataque que afetou uma coluna sob comando de militares espanh\u00f3is; um terceiro capacete azul, indon\u00eas, morreu no domingo. A FINUL informou que o ataque de segunda-feira resultou numa explos\u00e3o de origem desconhecida, com outro militar gravemente ferido e um quarto ferido ligeiramente. O sul do L\u00edbano tem sido bombardeado desde que o Hezbollah lan\u00e7ou foguetes para o norte de Israel; Israel falou em expandir a zona de seguran\u00e7a na regi\u00e3o. A ONU abriu uma investiga\u00e7\u00e3o sobre os incidentes; o secret\u00e1rio-geral Ant\u00f3nio Guterres apelou a prote\u00e7\u00e3o de tropas de paz; a Fran\u00e7a pediu uma reuni\u00e3o de emerg\u00eancia do Conselho de Seguran\u00e7a.","og_url":"https:\/\/portaltela.pt\/noticias\/2026\/03\/30\/mne-pede-respeito-pela-integridade-do-libano-apos-morte-de-3-capacetes-azuis\/","og_site_name":"Portal Tela Portugal","article_published_time":"2026-03-30T21:32:16+00:00","author":"Telinha","twitter_card":"summary_large_image","twitter_misc":{"Escrito por":"Telinha","Tempo estimado de leitura":"2 minutos"},"schema":{"@context":"https:\/\/schema.org","@graph":[{"@type":"Article","@id":"https:\/\/portaltela.pt\/noticias\/2026\/03\/30\/mne-pede-respeito-pela-integridade-do-libano-apos-morte-de-3-capacetes-azuis\/#article","isPartOf":{"@id":"https:\/\/portaltela.pt\/noticias\/2026\/03\/30\/mne-pede-respeito-pela-integridade-do-libano-apos-morte-de-3-capacetes-azuis\/"},"author":{"name":"Telinha","@id":"https:\/\/portaltela.pt\/#\/schema\/person\/c4278d4a6028830caff9ee44b42d32ed"},"headline":"MNE pede respeito pela integridade do L\u00edbano ap\u00f3s morte de 3 capacetes azuis","datePublished":"2026-03-30T21:32:16+00:00","mainEntityOfPage":{"@id":"https:\/\/portaltela.pt\/noticias\/2026\/03\/30\/mne-pede-respeito-pela-integridade-do-libano-apos-morte-de-3-capacetes-azuis\/"},"wordCount":392,"image":{"@id":"https:\/\/portaltela.pt\/noticias\/2026\/03\/30\/mne-pede-respeito-pela-integridade-do-libano-apos-morte-de-3-capacetes-azuis\/#primaryimage"},"thumbnailUrl":"https:\/\/portaltela.pt\/s.01k8rhncp4jt1\/2026\/03\/img_1500x1000uu2014-08-28-17-37-00-400283.jpg","keywords":["conflitos internacionais","diplomacia internacional","Fran\u00e7a","miss\u00f5es internacionais","Na\u00e7\u00f5es Unidas","ONU"],"articleSection":["Conflitos","Internacional"],"inLanguage":"pt-PT"},{"@type":"WebPage","@id":"https:\/\/portaltela.pt\/noticias\/2026\/03\/30\/mne-pede-respeito-pela-integridade-do-libano-apos-morte-de-3-capacetes-azuis\/","url":"https:\/\/portaltela.pt\/noticias\/2026\/03\/30\/mne-pede-respeito-pela-integridade-do-libano-apos-morte-de-3-capacetes-azuis\/","name":"MNE pede respeito pela integridade do L\u00edbano ap\u00f3s morte de 3 capacetes azuis - Portal Tela Portugal","isPartOf":{"@id":"https:\/\/portaltela.pt\/#website"},"primaryImageOfPage":{"@id":"https:\/\/portaltela.pt\/noticias\/2026\/03\/30\/mne-pede-respeito-pela-integridade-do-libano-apos-morte-de-3-capacetes-azuis\/#primaryimage"},"image":{"@id":"https:\/\/portaltela.pt\/noticias\/2026\/03\/30\/mne-pede-respeito-pela-integridade-do-libano-apos-morte-de-3-capacetes-azuis\/#primaryimage"},"thumbnailUrl":"https:\/\/portaltela.pt\/s.01k8rhncp4jt1\/2026\/03\/img_1500x1000uu2014-08-28-17-37-00-400283.jpg","datePublished":"2026-03-30T21:32:16+00:00","author":{"@id":"https:\/\/portaltela.pt\/#\/schema\/person\/c4278d4a6028830caff9ee44b42d32ed"},"breadcrumb":{"@id":"https:\/\/portaltela.pt\/noticias\/2026\/03\/30\/mne-pede-respeito-pela-integridade-do-libano-apos-morte-de-3-capacetes-azuis\/#breadcrumb"},"inLanguage":"pt-PT","potentialAction":[{"@type":"ReadAction","target":["https:\/\/portaltela.pt\/noticias\/2026\/03\/30\/mne-pede-respeito-pela-integridade-do-libano-apos-morte-de-3-capacetes-azuis\/"]}]},{"@type":"ImageObject","inLanguage":"pt-PT","@id":"https:\/\/portaltela.pt\/noticias\/2026\/03\/30\/mne-pede-respeito-pela-integridade-do-libano-apos-morte-de-3-capacetes-azuis\/#primaryimage","url":"https:\/\/portaltela.pt\/s.01k8rhncp4jt1\/2026\/03\/img_1500x1000uu2014-08-28-17-37-00-400283.jpg","contentUrl":"https:\/\/portaltela.pt\/s.01k8rhncp4jt1\/2026\/03\/img_1500x1000uu2014-08-28-17-37-00-400283.jpg","width":796,"height":448,"caption":"MNE pede respeito urgente por integridade do L\u00edbano ap\u00f3s morte de 3 'capacetes azuis'"},{"@type":"BreadcrumbList","@id":"https:\/\/portaltela.pt\/noticias\/2026\/03\/30\/mne-pede-respeito-pela-integridade-do-libano-apos-morte-de-3-capacetes-azuis\/#breadcrumb","itemListElement":[{"@type":"ListItem","position":1,"name":"In\u00edcio","item":"https:\/\/portaltela.pt\/"},{"@type":"ListItem","position":2,"name":"MNE pede respeito pela integridade do L\u00edbano ap\u00f3s morte de 3 capacetes azuis"}]},{"@type":"WebSite","@id":"https:\/\/portaltela.pt\/#website","url":"https:\/\/portaltela.pt\/","name":"Portal Tela Portugal","description":"","potentialAction":[{"@type":"SearchAction","target":{"@type":"EntryPoint","urlTemplate":"https:\/\/portaltela.pt\/?s={search_term_string}"},"query-input":{"@type":"PropertyValueSpecification","valueRequired":true,"valueName":"search_term_string"}}],"inLanguage":"pt-PT"},{"@type":"Person","@id":"https:\/\/portaltela.pt\/#\/schema\/person\/c4278d4a6028830caff9ee44b42d32ed","name":"Telinha","image":{"@type":"ImageObject","inLanguage":"pt-PT","@id":"https:\/\/portaltela.pt\/s.01k8rhncp4jt1\/2025\/11\/talking-bot-125x125.png","url":"https:\/\/portaltela.pt\/s.01k8rhncp4jt1\/2025\/11\/talking-bot-125x125.png","contentUrl":"https:\/\/portaltela.pt\/s.01k8rhncp4jt1\/2025\/11\/talking-bot-125x125.png","caption":"Telinha"},"sameAs":["https:\/\/portaltela.pt\/"],"url":"https:\/\/portaltela.pt\/por\/367410592786\/"}]}},"_links":{"self":[{"href":"https:\/\/portaltela.pt\/api\/wp\/v2\/posts\/427543","targetHints":{"allow":["GET"]}}],"collection":[{"href":"https:\/\/portaltela.pt\/api\/wp\/v2\/posts"}],"about":[{"href":"https:\/\/portaltela.pt\/api\/wp\/v2\/types\/post"}],"author":[{"embeddable":true,"href":"https:\/\/portaltela.pt\/api\/wp\/v2\/users\/2"}],"replies":[{"embeddable":true,"href":"https:\/\/portaltela.pt\/api\/wp\/v2\/comments?post=427543"}],"version-history":[{"count":0,"href":"https:\/\/portaltela.pt\/api\/wp\/v2\/posts\/427543\/revisions"}],"wp:featuredmedia":[{"embeddable":true,"href":"https:\/\/portaltela.pt\/api\/wp\/v2\/media\/427545"}],"wp:attachment":[{"href":"https:\/\/portaltela.pt\/api\/wp\/v2\/media?parent=427543"}],"wp:term":[{"taxonomy":"category","embeddable":true,"href":"https:\/\/portaltela.pt\/api\/wp\/v2\/categories?post=427543"},{"taxonomy":"post_tag","embeddable":true,"href":"https:\/\/portaltela.pt\/api\/wp\/v2\/tags?post=427543"}],"curies":[{"name":"wp","href":"https:\/\/api.w.org\/{rel}","templated":true}]}}