{"id":427535,"date":"2026-03-30T18:18:40","date_gmt":"2026-03-30T21:18:40","guid":{"rendered":"https:\/\/portaltela.pt\/noticias\/2026\/03\/30\/livro-revela-que-principe-filipe-teve-cancro-do-pancreas-antes-de-morrer\/"},"modified":"2026-03-30T18:18:40","modified_gmt":"2026-03-30T21:18:40","slug":"livro-revela-que-principe-filipe-teve-cancro-do-pancreas-antes-de-morrer","status":"publish","type":"post","link":"https:\/\/portaltela.pt\/noticias\/internacional\/2026\/03\/30\/livro-revela-que-principe-filipe-teve-cancro-do-pancreas-antes-de-morrer\/","title":{"rendered":"Livro revela que pr\u00edncipe Filipe teve cancro do p\u00e2ncreas antes de morrer"},"content":{"rendered":"<p>O pr\u00edncipe Filipe foi diagnosticado com cancro do p\u00e2ncreas aos 91 anos, segundo o novo livro do historiador e bi\u00f3grafo da realeza Hugo Vickers, intitulado Queen Elizabeth II. O duque de Edimburgo esteve hospitalizado em 2013 devido a uma art\u00e9ria coron\u00e1ria obstru\u00edda.<\/p>\n<p>Ap\u00f3s uma cirurgia explorat\u00f3ria, os m\u00e9dicos detetaram uma sombra no p\u00e2ncreas e confirmaram um cancro pancre\u00e1tico inoper\u00e1vel. Filipe morreu oito anos depois, em abril de 2021, ap\u00f3s ter recebido alta de um hospital por causa de uma condi\u00e7\u00e3o card\u00edaca preexistente.<\/p>\n<p>Na \u00faltima noite de vida, o pr\u00edncipe caminhou com ajuda de um andarilho, bebeu uma cerveja e despertou com mal-estar. A descri\u00e7\u00e3o consta no livro de Vickers, que aponta que o cancro j\u00e1 estava presente h\u00e1 quase oito anos.<\/p>\n<h3>Diagn\u00f3stico e desfecho<\/h3>\n<p>O livro tamb\u00e9m revela que Filipe n\u00e3o desejava chegar aos 100 anos, por n\u00e3o gostar da pompa associada a tais celebra\u00e7\u00f5es. A obra acrescenta que a sa\u00fade dele se deteriorou no per\u00edodo final, sem perder a cabe\u00e7a de Estado.<\/p>\n<h3>Filho de Filipe e atualiza\u00e7\u00e3o de sa\u00fade<\/h3>\n<p>O filho mais velho de Filipe, o rei Carlos III, foi diagnosticado com cancro em fevereiro de 2024 e est\u00e1 em tratamento. O Pal\u00e1cio de Buckingham confirmou o diagn\u00f3stico, sem especificar o tipo, e afirmou que n\u00e3o se trata de cancro da pr\u00f3stata.<\/p>\n","protected":false},"excerpt":{"rendered":"<ul>\n<li>O pr\u00edncipe Filipe \u00e9 descrito num novo livro do historiador Hugo Vickers como tendo sido diagnosticado com cancro do p\u00e2ncreas aos 91 anos.<\/li>\n<li>Foi hospitalizado cerca de dois anos antes por uma art\u00e9ria coron\u00e1ria obstru\u00edda e tratou-se numa cl\u00ednica privada em 2013; os m\u00e9dicos detetaram uma sombra no p\u00e2ncreas e o cancro pancre\u00e1tico revelou-se inoper\u00e1vel ap\u00f3s cirurgia explorat\u00f3ria.<\/li>\n<li>O duque de Edimburgo faleceu em abril de 2021, oito anos depois do diagn\u00f3stico, ap\u00f3s receber alta do hospital na sequ\u00eancia de um tratamento para uma condi\u00e7\u00e3o card\u00edaca pr\u00e9-existente.<\/li>\n<li>No relato, o pr\u00edncipe n\u00e3o queria chegar aos 100 anos, por n\u00e3o gostar da pompa associada a essas celebra\u00e7\u00f5es.<\/li>\n<li>O filho mais velho, o rei Carlos III, foi diagnosticado com cancro em fevereiro de 2024 e est\u00e1 em tratamento; o Pal\u00e1cio de Buckingham confirmou que n\u00e3o se trata de cancro da pr\u00f3stata.<\/li>\n<\/ul>\n","protected":false},"author":2,"featured_media":427539,"comment_status":"closed","ping_status":"closed","sticky":false,"template":"","format":"standard","meta":{"footnotes":""},"categories":[4,1],"tags":[5811,5723,6014,3994,5661,2111],"class_list":["post-427535","post","type-post","status-publish","format-standard","has-post-thumbnail","hentry","category-internacional","category-noticias","tag-cancro","tag-doenca","tag-noticias-internacionais","tag-oncologia","tag-pessoas-publicas","tag-reino-unido"],"yoast_head":"<!-- This site is optimized with the Yoast SEO plugin v27.2 - https:\/\/yoast.com\/product\/yoast-seo-wordpress\/ -->\n<title>Livro revela que pr\u00edncipe Filipe teve cancro do p\u00e2ncreas antes de morrer - Portal Tela Portugal<\/title>\n<meta name=\"robots\" content=\"index, follow, max-snippet:-1, max-image-preview:large, max-video-preview:-1\" \/>\n<meta property=\"og:locale\" content=\"pt_PT\" \/>\n<meta property=\"og:type\" content=\"article\" \/>\n<meta property=\"og:title\" content=\"Livro revela que pr\u00edncipe Filipe teve cancro do p\u00e2ncreas antes de morrer - Portal Tela Portugal\" \/>\n<meta property=\"og:description\" content=\"O pr\u00edncipe Filipe \u00e9 descrito num novo livro do historiador Hugo Vickers como tendo sido diagnosticado com cancro do p\u00e2ncreas aos 91 anos. Foi hospitalizado cerca de dois anos antes por uma art\u00e9ria coron\u00e1ria obstru\u00edda e tratou-se numa cl\u00ednica privada em 2013; os m\u00e9dicos detetaram uma sombra no p\u00e2ncreas e o cancro pancre\u00e1tico revelou-se inoper\u00e1vel ap\u00f3s cirurgia explorat\u00f3ria. O duque de Edimburgo faleceu em abril de 2021, oito anos depois do diagn\u00f3stico, ap\u00f3s receber alta do hospital na sequ\u00eancia de um tratamento para uma condi\u00e7\u00e3o card\u00edaca pr\u00e9-existente. No relato, o pr\u00edncipe n\u00e3o queria chegar aos 100 anos, por n\u00e3o gostar da pompa associada a essas celebra\u00e7\u00f5es. O filho mais velho, o rei Carlos III, foi diagnosticado com cancro em fevereiro de 2024 e est\u00e1 em tratamento; o Pal\u00e1cio de Buckingham confirmou que n\u00e3o se trata de cancro da pr\u00f3stata.\" \/>\n<meta property=\"og:url\" content=\"https:\/\/portaltela.pt\/noticias\/2026\/03\/30\/livro-revela-que-principe-filipe-teve-cancro-do-pancreas-antes-de-morrer\/\" \/>\n<meta property=\"og:site_name\" content=\"Portal Tela Portugal\" \/>\n<meta property=\"article:published_time\" content=\"2026-03-30T21:18:40+00:00\" \/>\n<meta name=\"author\" content=\"Telinha\" \/>\n<meta name=\"twitter:card\" content=\"summary_large_image\" \/>\n<meta name=\"twitter:label1\" content=\"Escrito por\" \/>\n\t<meta name=\"twitter:data1\" content=\"Telinha\" \/>\n\t<meta name=\"twitter:label2\" content=\"Tempo estimado de leitura\" \/>\n\t<meta name=\"twitter:data2\" content=\"1 minuto\" \/>\n<script type=\"application\/ld+json\" class=\"yoast-schema-graph\">{\"@context\":\"https:\/\/schema.org\",\"@graph\":[{\"@type\":\"Article\",\"@id\":\"https:\/\/portaltela.pt\/noticias\/2026\/03\/30\/livro-revela-que-principe-filipe-teve-cancro-do-pancreas-antes-de-morrer\/#article\",\"isPartOf\":{\"@id\":\"https:\/\/portaltela.pt\/noticias\/2026\/03\/30\/livro-revela-que-principe-filipe-teve-cancro-do-pancreas-antes-de-morrer\/\"},\"author\":{\"name\":\"Telinha\",\"@id\":\"https:\/\/portaltela.pt\/#\/schema\/person\/c4278d4a6028830caff9ee44b42d32ed\"},\"headline\":\"Livro revela que pr\u00edncipe Filipe teve cancro do p\u00e2ncreas antes de morrer\",\"datePublished\":\"2026-03-30T21:18:40+00:00\",\"mainEntityOfPage\":{\"@id\":\"https:\/\/portaltela.pt\/noticias\/2026\/03\/30\/livro-revela-que-principe-filipe-teve-cancro-do-pancreas-antes-de-morrer\/\"},\"wordCount\":253,\"image\":{\"@id\":\"https:\/\/portaltela.pt\/noticias\/2026\/03\/30\/livro-revela-que-principe-filipe-teve-cancro-do-pancreas-antes-de-morrer\/#primaryimage\"},\"thumbnailUrl\":\"https:\/\/portaltela.pt\/s.01k8rhncp4jt1\/2026\/03\/image-1845.jpg\",\"keywords\":[\"Cancro\",\"doen\u00e7a\",\"not\u00edcias internacionais\",\"Oncologia\",\"pessoas p\u00fablicas\",\"Reino Unido\"],\"articleSection\":[\"Internacional\",\"Not\u00edcias\"],\"inLanguage\":\"pt-PT\"},{\"@type\":\"WebPage\",\"@id\":\"https:\/\/portaltela.pt\/noticias\/2026\/03\/30\/livro-revela-que-principe-filipe-teve-cancro-do-pancreas-antes-de-morrer\/\",\"url\":\"https:\/\/portaltela.pt\/noticias\/2026\/03\/30\/livro-revela-que-principe-filipe-teve-cancro-do-pancreas-antes-de-morrer\/\",\"name\":\"Livro revela que pr\u00edncipe Filipe teve cancro do p\u00e2ncreas antes de morrer - Portal Tela Portugal\",\"isPartOf\":{\"@id\":\"https:\/\/portaltela.pt\/#website\"},\"primaryImageOfPage\":{\"@id\":\"https:\/\/portaltela.pt\/noticias\/2026\/03\/30\/livro-revela-que-principe-filipe-teve-cancro-do-pancreas-antes-de-morrer\/#primaryimage\"},\"image\":{\"@id\":\"https:\/\/portaltela.pt\/noticias\/2026\/03\/30\/livro-revela-que-principe-filipe-teve-cancro-do-pancreas-antes-de-morrer\/#primaryimage\"},\"thumbnailUrl\":\"https:\/\/portaltela.pt\/s.01k8rhncp4jt1\/2026\/03\/image-1845.jpg\",\"datePublished\":\"2026-03-30T21:18:40+00:00\",\"author\":{\"@id\":\"https:\/\/portaltela.pt\/#\/schema\/person\/c4278d4a6028830caff9ee44b42d32ed\"},\"breadcrumb\":{\"@id\":\"https:\/\/portaltela.pt\/noticias\/2026\/03\/30\/livro-revela-que-principe-filipe-teve-cancro-do-pancreas-antes-de-morrer\/#breadcrumb\"},\"inLanguage\":\"pt-PT\",\"potentialAction\":[{\"@type\":\"ReadAction\",\"target\":[\"https:\/\/portaltela.pt\/noticias\/2026\/03\/30\/livro-revela-que-principe-filipe-teve-cancro-do-pancreas-antes-de-morrer\/\"]}]},{\"@type\":\"ImageObject\",\"inLanguage\":\"pt-PT\",\"@id\":\"https:\/\/portaltela.pt\/noticias\/2026\/03\/30\/livro-revela-que-principe-filipe-teve-cancro-do-pancreas-antes-de-morrer\/#primaryimage\",\"url\":\"https:\/\/portaltela.pt\/s.01k8rhncp4jt1\/2026\/03\/image-1845.jpg\",\"contentUrl\":\"https:\/\/portaltela.pt\/s.01k8rhncp4jt1\/2026\/03\/image-1845.jpg\",\"width\":796,\"height\":448,\"caption\":\"O pr\u00edncipe Filipe morreu em 2021\"},{\"@type\":\"BreadcrumbList\",\"@id\":\"https:\/\/portaltela.pt\/noticias\/2026\/03\/30\/livro-revela-que-principe-filipe-teve-cancro-do-pancreas-antes-de-morrer\/#breadcrumb\",\"itemListElement\":[{\"@type\":\"ListItem\",\"position\":1,\"name\":\"In\u00edcio\",\"item\":\"https:\/\/portaltela.pt\/\"},{\"@type\":\"ListItem\",\"position\":2,\"name\":\"Livro revela que pr\u00edncipe Filipe teve cancro do p\u00e2ncreas antes de morrer\"}]},{\"@type\":\"WebSite\",\"@id\":\"https:\/\/portaltela.pt\/#website\",\"url\":\"https:\/\/portaltela.pt\/\",\"name\":\"Portal Tela Portugal\",\"description\":\"\",\"potentialAction\":[{\"@type\":\"SearchAction\",\"target\":{\"@type\":\"EntryPoint\",\"urlTemplate\":\"https:\/\/portaltela.pt\/?s={search_term_string}\"},\"query-input\":{\"@type\":\"PropertyValueSpecification\",\"valueRequired\":true,\"valueName\":\"search_term_string\"}}],\"inLanguage\":\"pt-PT\"},{\"@type\":\"Person\",\"@id\":\"https:\/\/portaltela.pt\/#\/schema\/person\/c4278d4a6028830caff9ee44b42d32ed\",\"name\":\"Telinha\",\"image\":{\"@type\":\"ImageObject\",\"inLanguage\":\"pt-PT\",\"@id\":\"https:\/\/portaltela.pt\/s.01k8rhncp4jt1\/2025\/11\/talking-bot-125x125.png\",\"url\":\"https:\/\/portaltela.pt\/s.01k8rhncp4jt1\/2025\/11\/talking-bot-125x125.png\",\"contentUrl\":\"https:\/\/portaltela.pt\/s.01k8rhncp4jt1\/2025\/11\/talking-bot-125x125.png\",\"caption\":\"Telinha\"},\"sameAs\":[\"https:\/\/portaltela.pt\/\"],\"url\":\"https:\/\/portaltela.pt\/por\/367410592786\/\"}]}<\/script>\n<!-- \/ Yoast SEO plugin. -->","yoast_head_json":{"title":"Livro revela que pr\u00edncipe Filipe teve cancro do p\u00e2ncreas antes de morrer - Portal Tela Portugal","robots":{"index":"index","follow":"follow","max-snippet":"max-snippet:-1","max-image-preview":"max-image-preview:large","max-video-preview":"max-video-preview:-1"},"og_locale":"pt_PT","og_type":"article","og_title":"Livro revela que pr\u00edncipe Filipe teve cancro do p\u00e2ncreas antes de morrer - Portal Tela Portugal","og_description":"O pr\u00edncipe Filipe \u00e9 descrito num novo livro do historiador Hugo Vickers como tendo sido diagnosticado com cancro do p\u00e2ncreas aos 91 anos. Foi hospitalizado cerca de dois anos antes por uma art\u00e9ria coron\u00e1ria obstru\u00edda e tratou-se numa cl\u00ednica privada em 2013; os m\u00e9dicos detetaram uma sombra no p\u00e2ncreas e o cancro pancre\u00e1tico revelou-se inoper\u00e1vel ap\u00f3s cirurgia explorat\u00f3ria. O duque de Edimburgo faleceu em abril de 2021, oito anos depois do diagn\u00f3stico, ap\u00f3s receber alta do hospital na sequ\u00eancia de um tratamento para uma condi\u00e7\u00e3o card\u00edaca pr\u00e9-existente. No relato, o pr\u00edncipe n\u00e3o queria chegar aos 100 anos, por n\u00e3o gostar da pompa associada a essas celebra\u00e7\u00f5es. O filho mais velho, o rei Carlos III, foi diagnosticado com cancro em fevereiro de 2024 e est\u00e1 em tratamento; o Pal\u00e1cio de Buckingham confirmou que n\u00e3o se trata de cancro da pr\u00f3stata.","og_url":"https:\/\/portaltela.pt\/noticias\/2026\/03\/30\/livro-revela-que-principe-filipe-teve-cancro-do-pancreas-antes-de-morrer\/","og_site_name":"Portal Tela Portugal","article_published_time":"2026-03-30T21:18:40+00:00","author":"Telinha","twitter_card":"summary_large_image","twitter_misc":{"Escrito por":"Telinha","Tempo estimado de leitura":"1 minuto"},"schema":{"@context":"https:\/\/schema.org","@graph":[{"@type":"Article","@id":"https:\/\/portaltela.pt\/noticias\/2026\/03\/30\/livro-revela-que-principe-filipe-teve-cancro-do-pancreas-antes-de-morrer\/#article","isPartOf":{"@id":"https:\/\/portaltela.pt\/noticias\/2026\/03\/30\/livro-revela-que-principe-filipe-teve-cancro-do-pancreas-antes-de-morrer\/"},"author":{"name":"Telinha","@id":"https:\/\/portaltela.pt\/#\/schema\/person\/c4278d4a6028830caff9ee44b42d32ed"},"headline":"Livro revela que pr\u00edncipe Filipe teve cancro do p\u00e2ncreas antes de morrer","datePublished":"2026-03-30T21:18:40+00:00","mainEntityOfPage":{"@id":"https:\/\/portaltela.pt\/noticias\/2026\/03\/30\/livro-revela-que-principe-filipe-teve-cancro-do-pancreas-antes-de-morrer\/"},"wordCount":253,"image":{"@id":"https:\/\/portaltela.pt\/noticias\/2026\/03\/30\/livro-revela-que-principe-filipe-teve-cancro-do-pancreas-antes-de-morrer\/#primaryimage"},"thumbnailUrl":"https:\/\/portaltela.pt\/s.01k8rhncp4jt1\/2026\/03\/image-1845.jpg","keywords":["Cancro","doen\u00e7a","not\u00edcias internacionais","Oncologia","pessoas p\u00fablicas","Reino Unido"],"articleSection":["Internacional","Not\u00edcias"],"inLanguage":"pt-PT"},{"@type":"WebPage","@id":"https:\/\/portaltela.pt\/noticias\/2026\/03\/30\/livro-revela-que-principe-filipe-teve-cancro-do-pancreas-antes-de-morrer\/","url":"https:\/\/portaltela.pt\/noticias\/2026\/03\/30\/livro-revela-que-principe-filipe-teve-cancro-do-pancreas-antes-de-morrer\/","name":"Livro revela que pr\u00edncipe Filipe teve cancro do p\u00e2ncreas antes de morrer - Portal Tela Portugal","isPartOf":{"@id":"https:\/\/portaltela.pt\/#website"},"primaryImageOfPage":{"@id":"https:\/\/portaltela.pt\/noticias\/2026\/03\/30\/livro-revela-que-principe-filipe-teve-cancro-do-pancreas-antes-de-morrer\/#primaryimage"},"image":{"@id":"https:\/\/portaltela.pt\/noticias\/2026\/03\/30\/livro-revela-que-principe-filipe-teve-cancro-do-pancreas-antes-de-morrer\/#primaryimage"},"thumbnailUrl":"https:\/\/portaltela.pt\/s.01k8rhncp4jt1\/2026\/03\/image-1845.jpg","datePublished":"2026-03-30T21:18:40+00:00","author":{"@id":"https:\/\/portaltela.pt\/#\/schema\/person\/c4278d4a6028830caff9ee44b42d32ed"},"breadcrumb":{"@id":"https:\/\/portaltela.pt\/noticias\/2026\/03\/30\/livro-revela-que-principe-filipe-teve-cancro-do-pancreas-antes-de-morrer\/#breadcrumb"},"inLanguage":"pt-PT","potentialAction":[{"@type":"ReadAction","target":["https:\/\/portaltela.pt\/noticias\/2026\/03\/30\/livro-revela-que-principe-filipe-teve-cancro-do-pancreas-antes-de-morrer\/"]}]},{"@type":"ImageObject","inLanguage":"pt-PT","@id":"https:\/\/portaltela.pt\/noticias\/2026\/03\/30\/livro-revela-que-principe-filipe-teve-cancro-do-pancreas-antes-de-morrer\/#primaryimage","url":"https:\/\/portaltela.pt\/s.01k8rhncp4jt1\/2026\/03\/image-1845.jpg","contentUrl":"https:\/\/portaltela.pt\/s.01k8rhncp4jt1\/2026\/03\/image-1845.jpg","width":796,"height":448,"caption":"O pr\u00edncipe Filipe morreu em 2021"},{"@type":"BreadcrumbList","@id":"https:\/\/portaltela.pt\/noticias\/2026\/03\/30\/livro-revela-que-principe-filipe-teve-cancro-do-pancreas-antes-de-morrer\/#breadcrumb","itemListElement":[{"@type":"ListItem","position":1,"name":"In\u00edcio","item":"https:\/\/portaltela.pt\/"},{"@type":"ListItem","position":2,"name":"Livro revela que pr\u00edncipe Filipe teve cancro do p\u00e2ncreas antes de morrer"}]},{"@type":"WebSite","@id":"https:\/\/portaltela.pt\/#website","url":"https:\/\/portaltela.pt\/","name":"Portal Tela Portugal","description":"","potentialAction":[{"@type":"SearchAction","target":{"@type":"EntryPoint","urlTemplate":"https:\/\/portaltela.pt\/?s={search_term_string}"},"query-input":{"@type":"PropertyValueSpecification","valueRequired":true,"valueName":"search_term_string"}}],"inLanguage":"pt-PT"},{"@type":"Person","@id":"https:\/\/portaltela.pt\/#\/schema\/person\/c4278d4a6028830caff9ee44b42d32ed","name":"Telinha","image":{"@type":"ImageObject","inLanguage":"pt-PT","@id":"https:\/\/portaltela.pt\/s.01k8rhncp4jt1\/2025\/11\/talking-bot-125x125.png","url":"https:\/\/portaltela.pt\/s.01k8rhncp4jt1\/2025\/11\/talking-bot-125x125.png","contentUrl":"https:\/\/portaltela.pt\/s.01k8rhncp4jt1\/2025\/11\/talking-bot-125x125.png","caption":"Telinha"},"sameAs":["https:\/\/portaltela.pt\/"],"url":"https:\/\/portaltela.pt\/por\/367410592786\/"}]}},"_links":{"self":[{"href":"https:\/\/portaltela.pt\/api\/wp\/v2\/posts\/427535","targetHints":{"allow":["GET"]}}],"collection":[{"href":"https:\/\/portaltela.pt\/api\/wp\/v2\/posts"}],"about":[{"href":"https:\/\/portaltela.pt\/api\/wp\/v2\/types\/post"}],"author":[{"embeddable":true,"href":"https:\/\/portaltela.pt\/api\/wp\/v2\/users\/2"}],"replies":[{"embeddable":true,"href":"https:\/\/portaltela.pt\/api\/wp\/v2\/comments?post=427535"}],"version-history":[{"count":0,"href":"https:\/\/portaltela.pt\/api\/wp\/v2\/posts\/427535\/revisions"}],"wp:featuredmedia":[{"embeddable":true,"href":"https:\/\/portaltela.pt\/api\/wp\/v2\/media\/427539"}],"wp:attachment":[{"href":"https:\/\/portaltela.pt\/api\/wp\/v2\/media?parent=427535"}],"wp:term":[{"taxonomy":"category","embeddable":true,"href":"https:\/\/portaltela.pt\/api\/wp\/v2\/categories?post=427535"},{"taxonomy":"post_tag","embeddable":true,"href":"https:\/\/portaltela.pt\/api\/wp\/v2\/tags?post=427535"}],"curies":[{"name":"wp","href":"https:\/\/api.w.org\/{rel}","templated":true}]}}