{"id":427533,"date":"2026-03-30T16:25:00","date_gmt":"2026-03-30T19:25:00","guid":{"rendered":"https:\/\/portaltela.pt\/noticias\/2026\/03\/30\/ataques-a-capacetes-azuis-podem-configurar-crime-de-guerra-diz-guterres\/"},"modified":"2026-03-30T16:25:00","modified_gmt":"2026-03-30T19:25:00","slug":"ataques-a-capacetes-azuis-podem-configurar-crime-de-guerra-diz-guterres","status":"publish","type":"post","link":"https:\/\/portaltela.pt\/guerra\/2026\/03\/30\/ataques-a-capacetes-azuis-podem-configurar-crime-de-guerra-diz-guterres\/","title":{"rendered":"Ataques a capacetes azuis podem configurar crime de guerra, diz Guterres"},"content":{"rendered":"<p>O secret\u00e1rio-geral da ONU, Ant\u00f3nio Guterres, alertou hoje que ataques deliberados a soldados de opera\u00e7\u00f5es de paz no M\u00e9dio Oriente representam graves viola\u00e7\u00f5es do direito internacional humanit\u00e1rio e podem traduzir-se em crimes de guerra.<\/p>\n<p>Guterres sublinhou a prote\u00e7\u00e3o exigida a for\u00e7as de paz que atuam sob mandatos das Na\u00e7\u00f5es Unidas, destacando a responsabilidade de todos os estados e grupos armados.<\/p>\n<p>O funcionamento dessas opera\u00e7\u00f5es de paz depende da seguran\u00e7a dos seus militares para cumprir miss\u00f5es humanit\u00e1rias, de monitoriza\u00e7\u00e3o de cessar-fogos e de apoio a popula\u00e7\u00f5es vulner\u00e1veis.<\/p>\n<p>A organiza\u00e7\u00e3o reiterou que ataques contra a for\u00e7a de paz s\u00e3o inaceit\u00e1veis e podem desencadear a\u00e7\u00f5es legais internacionais, incluindo responsabiliza\u00e7\u00e3o individual e coletiva.<\/p>\n","protected":false},"excerpt":{"rendered":"<ul>\n<li>O secret\u00e1rio-geral da ONU, Ant\u00f3nio Guterres, alertou que ataques deliberados contra soldados de opera\u00e7\u00f5es de paz no M\u00e9dio Oriente s\u00e3o graves viola\u00e7\u00f5es do direito internacional humanit\u00e1rio.<\/li>\n<li>Esses ataques podem constituir crimes de guerra.<\/li>\n<li>A declara\u00e7\u00e3o ressalta a prote\u00e7\u00e3o dos capacetes azuis em opera\u00e7\u00f5es de paz.<\/li>\n<li>O foco \u00e9 a situa\u00e7\u00e3o no M\u00e9dio Oriente, onde ocorrem incidentes envolvendo for\u00e7as de paz.<\/li>\n<li>A mensagem refor\u00e7a a responsabilidade de defender civis e manter a seguran\u00e7a em miss\u00f5es de paz.<\/li>\n<\/ul>\n","protected":false},"author":2,"featured_media":427538,"comment_status":"closed","ping_status":"closed","sticky":false,"template":"","format":"standard","meta":{"footnotes":""},"categories":[6790,6804],"tags":[2773,3034,2633,5123,5182,4222],"class_list":["post-427533","post","type-post","status-publish","format-standard","has-post-thumbnail","hentry","category-conflitos","category-guerra","tag-crime-de-guerra","tag-direito-internacional","tag-direitos-humanos","tag-onu","tag-operacoes-internacionais","tag-seguranca-internacional"],"yoast_head":"<!-- This site is optimized with the Yoast SEO plugin v27.2 - https:\/\/yoast.com\/product\/yoast-seo-wordpress\/ -->\n<title>Ataques a capacetes azuis podem configurar crime de guerra, diz Guterres - Portal Tela Portugal<\/title>\n<meta name=\"robots\" content=\"index, follow, max-snippet:-1, max-image-preview:large, max-video-preview:-1\" \/>\n<meta property=\"og:locale\" content=\"pt_PT\" \/>\n<meta property=\"og:type\" content=\"article\" \/>\n<meta property=\"og:title\" content=\"Ataques a capacetes azuis podem configurar crime de guerra, diz Guterres - Portal Tela Portugal\" \/>\n<meta property=\"og:description\" content=\"O secret\u00e1rio-geral da ONU, Ant\u00f3nio Guterres, alertou que ataques deliberados contra soldados de opera\u00e7\u00f5es de paz no M\u00e9dio Oriente s\u00e3o graves viola\u00e7\u00f5es do direito internacional humanit\u00e1rio. Esses ataques podem constituir crimes de guerra. A declara\u00e7\u00e3o ressalta a prote\u00e7\u00e3o dos capacetes azuis em opera\u00e7\u00f5es de paz. O foco \u00e9 a situa\u00e7\u00e3o no M\u00e9dio Oriente, onde ocorrem incidentes envolvendo for\u00e7as de paz. A mensagem refor\u00e7a a responsabilidade de defender civis e manter a seguran\u00e7a em miss\u00f5es de paz.\" \/>\n<meta property=\"og:url\" content=\"https:\/\/portaltela.pt\/noticias\/2026\/03\/30\/ataques-a-capacetes-azuis-podem-configurar-crime-de-guerra-diz-guterres\/\" \/>\n<meta property=\"og:site_name\" content=\"Portal Tela Portugal\" \/>\n<meta property=\"article:published_time\" content=\"2026-03-30T19:25:00+00:00\" \/>\n<meta name=\"author\" content=\"Telinha\" \/>\n<meta name=\"twitter:card\" content=\"summary_large_image\" \/>\n<meta name=\"twitter:label1\" content=\"Escrito por\" \/>\n\t<meta name=\"twitter:data1\" content=\"Telinha\" \/>\n\t<meta name=\"twitter:label2\" content=\"Tempo estimado de leitura\" \/>\n\t<meta name=\"twitter:data2\" content=\"1 minuto\" \/>\n<script type=\"application\/ld+json\" class=\"yoast-schema-graph\">{\"@context\":\"https:\/\/schema.org\",\"@graph\":[{\"@type\":\"Article\",\"@id\":\"https:\/\/portaltela.pt\/noticias\/2026\/03\/30\/ataques-a-capacetes-azuis-podem-configurar-crime-de-guerra-diz-guterres\/#article\",\"isPartOf\":{\"@id\":\"https:\/\/portaltela.pt\/noticias\/2026\/03\/30\/ataques-a-capacetes-azuis-podem-configurar-crime-de-guerra-diz-guterres\/\"},\"author\":{\"name\":\"Telinha\",\"@id\":\"https:\/\/portaltela.pt\/#\/schema\/person\/c4278d4a6028830caff9ee44b42d32ed\"},\"headline\":\"Ataques a capacetes azuis podem configurar crime de guerra, diz Guterres\",\"datePublished\":\"2026-03-30T19:25:00+00:00\",\"mainEntityOfPage\":{\"@id\":\"https:\/\/portaltela.pt\/noticias\/2026\/03\/30\/ataques-a-capacetes-azuis-podem-configurar-crime-de-guerra-diz-guterres\/\"},\"wordCount\":142,\"image\":{\"@id\":\"https:\/\/portaltela.pt\/noticias\/2026\/03\/30\/ataques-a-capacetes-azuis-podem-configurar-crime-de-guerra-diz-guterres\/#primaryimage\"},\"thumbnailUrl\":\"https:\/\/portaltela.pt\/s.01k8rhncp4jt1\/2026\/03\/CACHE_780X1200_ANALOG_WATERMARKED_46784965_810406524000077.jpg\",\"keywords\":[\"crime de guerra\",\"direito internacional\",\"direitos humanos\",\"ONU\",\"opera\u00e7\u00f5es internacionais\",\"seguran\u00e7a internacional\"],\"articleSection\":[\"Conflitos\",\"Guerra\"],\"inLanguage\":\"pt-PT\"},{\"@type\":\"WebPage\",\"@id\":\"https:\/\/portaltela.pt\/noticias\/2026\/03\/30\/ataques-a-capacetes-azuis-podem-configurar-crime-de-guerra-diz-guterres\/\",\"url\":\"https:\/\/portaltela.pt\/noticias\/2026\/03\/30\/ataques-a-capacetes-azuis-podem-configurar-crime-de-guerra-diz-guterres\/\",\"name\":\"Ataques a capacetes azuis podem configurar crime de guerra, diz Guterres - Portal Tela Portugal\",\"isPartOf\":{\"@id\":\"https:\/\/portaltela.pt\/#website\"},\"primaryImageOfPage\":{\"@id\":\"https:\/\/portaltela.pt\/noticias\/2026\/03\/30\/ataques-a-capacetes-azuis-podem-configurar-crime-de-guerra-diz-guterres\/#primaryimage\"},\"image\":{\"@id\":\"https:\/\/portaltela.pt\/noticias\/2026\/03\/30\/ataques-a-capacetes-azuis-podem-configurar-crime-de-guerra-diz-guterres\/#primaryimage\"},\"thumbnailUrl\":\"https:\/\/portaltela.pt\/s.01k8rhncp4jt1\/2026\/03\/CACHE_780X1200_ANALOG_WATERMARKED_46784965_810406524000077.jpg\",\"datePublished\":\"2026-03-30T19:25:00+00:00\",\"author\":{\"@id\":\"https:\/\/portaltela.pt\/#\/schema\/person\/c4278d4a6028830caff9ee44b42d32ed\"},\"breadcrumb\":{\"@id\":\"https:\/\/portaltela.pt\/noticias\/2026\/03\/30\/ataques-a-capacetes-azuis-podem-configurar-crime-de-guerra-diz-guterres\/#breadcrumb\"},\"inLanguage\":\"pt-PT\",\"potentialAction\":[{\"@type\":\"ReadAction\",\"target\":[\"https:\/\/portaltela.pt\/noticias\/2026\/03\/30\/ataques-a-capacetes-azuis-podem-configurar-crime-de-guerra-diz-guterres\/\"]}]},{\"@type\":\"ImageObject\",\"inLanguage\":\"pt-PT\",\"@id\":\"https:\/\/portaltela.pt\/noticias\/2026\/03\/30\/ataques-a-capacetes-azuis-podem-configurar-crime-de-guerra-diz-guterres\/#primaryimage\",\"url\":\"https:\/\/portaltela.pt\/s.01k8rhncp4jt1\/2026\/03\/CACHE_780X1200_ANALOG_WATERMARKED_46784965_810406524000077.jpg\",\"contentUrl\":\"https:\/\/portaltela.pt\/s.01k8rhncp4jt1\/2026\/03\/CACHE_780X1200_ANALOG_WATERMARKED_46784965_810406524000077.jpg\",\"width\":796,\"height\":448,\"caption\":\"M\u00e9dio Oriente: Ataques contra capacetes azuis podem constituir crime de guerra - Guterres\"},{\"@type\":\"BreadcrumbList\",\"@id\":\"https:\/\/portaltela.pt\/noticias\/2026\/03\/30\/ataques-a-capacetes-azuis-podem-configurar-crime-de-guerra-diz-guterres\/#breadcrumb\",\"itemListElement\":[{\"@type\":\"ListItem\",\"position\":1,\"name\":\"In\u00edcio\",\"item\":\"https:\/\/portaltela.pt\/\"},{\"@type\":\"ListItem\",\"position\":2,\"name\":\"Ataques a capacetes azuis podem configurar crime de guerra, diz Guterres\"}]},{\"@type\":\"WebSite\",\"@id\":\"https:\/\/portaltela.pt\/#website\",\"url\":\"https:\/\/portaltela.pt\/\",\"name\":\"Portal Tela Portugal\",\"description\":\"\",\"potentialAction\":[{\"@type\":\"SearchAction\",\"target\":{\"@type\":\"EntryPoint\",\"urlTemplate\":\"https:\/\/portaltela.pt\/?s={search_term_string}\"},\"query-input\":{\"@type\":\"PropertyValueSpecification\",\"valueRequired\":true,\"valueName\":\"search_term_string\"}}],\"inLanguage\":\"pt-PT\"},{\"@type\":\"Person\",\"@id\":\"https:\/\/portaltela.pt\/#\/schema\/person\/c4278d4a6028830caff9ee44b42d32ed\",\"name\":\"Telinha\",\"image\":{\"@type\":\"ImageObject\",\"inLanguage\":\"pt-PT\",\"@id\":\"https:\/\/portaltela.pt\/s.01k8rhncp4jt1\/2025\/11\/talking-bot-125x125.png\",\"url\":\"https:\/\/portaltela.pt\/s.01k8rhncp4jt1\/2025\/11\/talking-bot-125x125.png\",\"contentUrl\":\"https:\/\/portaltela.pt\/s.01k8rhncp4jt1\/2025\/11\/talking-bot-125x125.png\",\"caption\":\"Telinha\"},\"sameAs\":[\"https:\/\/portaltela.pt\/\"],\"url\":\"https:\/\/portaltela.pt\/por\/367410592786\/\"}]}<\/script>\n<!-- \/ Yoast SEO plugin. -->","yoast_head_json":{"title":"Ataques a capacetes azuis podem configurar crime de guerra, diz Guterres - Portal Tela Portugal","robots":{"index":"index","follow":"follow","max-snippet":"max-snippet:-1","max-image-preview":"max-image-preview:large","max-video-preview":"max-video-preview:-1"},"og_locale":"pt_PT","og_type":"article","og_title":"Ataques a capacetes azuis podem configurar crime de guerra, diz Guterres - Portal Tela Portugal","og_description":"O secret\u00e1rio-geral da ONU, Ant\u00f3nio Guterres, alertou que ataques deliberados contra soldados de opera\u00e7\u00f5es de paz no M\u00e9dio Oriente s\u00e3o graves viola\u00e7\u00f5es do direito internacional humanit\u00e1rio. Esses ataques podem constituir crimes de guerra. A declara\u00e7\u00e3o ressalta a prote\u00e7\u00e3o dos capacetes azuis em opera\u00e7\u00f5es de paz. O foco \u00e9 a situa\u00e7\u00e3o no M\u00e9dio Oriente, onde ocorrem incidentes envolvendo for\u00e7as de paz. A mensagem refor\u00e7a a responsabilidade de defender civis e manter a seguran\u00e7a em miss\u00f5es de paz.","og_url":"https:\/\/portaltela.pt\/noticias\/2026\/03\/30\/ataques-a-capacetes-azuis-podem-configurar-crime-de-guerra-diz-guterres\/","og_site_name":"Portal Tela Portugal","article_published_time":"2026-03-30T19:25:00+00:00","author":"Telinha","twitter_card":"summary_large_image","twitter_misc":{"Escrito por":"Telinha","Tempo estimado de leitura":"1 minuto"},"schema":{"@context":"https:\/\/schema.org","@graph":[{"@type":"Article","@id":"https:\/\/portaltela.pt\/noticias\/2026\/03\/30\/ataques-a-capacetes-azuis-podem-configurar-crime-de-guerra-diz-guterres\/#article","isPartOf":{"@id":"https:\/\/portaltela.pt\/noticias\/2026\/03\/30\/ataques-a-capacetes-azuis-podem-configurar-crime-de-guerra-diz-guterres\/"},"author":{"name":"Telinha","@id":"https:\/\/portaltela.pt\/#\/schema\/person\/c4278d4a6028830caff9ee44b42d32ed"},"headline":"Ataques a capacetes azuis podem configurar crime de guerra, diz Guterres","datePublished":"2026-03-30T19:25:00+00:00","mainEntityOfPage":{"@id":"https:\/\/portaltela.pt\/noticias\/2026\/03\/30\/ataques-a-capacetes-azuis-podem-configurar-crime-de-guerra-diz-guterres\/"},"wordCount":142,"image":{"@id":"https:\/\/portaltela.pt\/noticias\/2026\/03\/30\/ataques-a-capacetes-azuis-podem-configurar-crime-de-guerra-diz-guterres\/#primaryimage"},"thumbnailUrl":"https:\/\/portaltela.pt\/s.01k8rhncp4jt1\/2026\/03\/CACHE_780X1200_ANALOG_WATERMARKED_46784965_810406524000077.jpg","keywords":["crime de guerra","direito internacional","direitos humanos","ONU","opera\u00e7\u00f5es internacionais","seguran\u00e7a internacional"],"articleSection":["Conflitos","Guerra"],"inLanguage":"pt-PT"},{"@type":"WebPage","@id":"https:\/\/portaltela.pt\/noticias\/2026\/03\/30\/ataques-a-capacetes-azuis-podem-configurar-crime-de-guerra-diz-guterres\/","url":"https:\/\/portaltela.pt\/noticias\/2026\/03\/30\/ataques-a-capacetes-azuis-podem-configurar-crime-de-guerra-diz-guterres\/","name":"Ataques a capacetes azuis podem configurar crime de guerra, diz Guterres - Portal Tela Portugal","isPartOf":{"@id":"https:\/\/portaltela.pt\/#website"},"primaryImageOfPage":{"@id":"https:\/\/portaltela.pt\/noticias\/2026\/03\/30\/ataques-a-capacetes-azuis-podem-configurar-crime-de-guerra-diz-guterres\/#primaryimage"},"image":{"@id":"https:\/\/portaltela.pt\/noticias\/2026\/03\/30\/ataques-a-capacetes-azuis-podem-configurar-crime-de-guerra-diz-guterres\/#primaryimage"},"thumbnailUrl":"https:\/\/portaltela.pt\/s.01k8rhncp4jt1\/2026\/03\/CACHE_780X1200_ANALOG_WATERMARKED_46784965_810406524000077.jpg","datePublished":"2026-03-30T19:25:00+00:00","author":{"@id":"https:\/\/portaltela.pt\/#\/schema\/person\/c4278d4a6028830caff9ee44b42d32ed"},"breadcrumb":{"@id":"https:\/\/portaltela.pt\/noticias\/2026\/03\/30\/ataques-a-capacetes-azuis-podem-configurar-crime-de-guerra-diz-guterres\/#breadcrumb"},"inLanguage":"pt-PT","potentialAction":[{"@type":"ReadAction","target":["https:\/\/portaltela.pt\/noticias\/2026\/03\/30\/ataques-a-capacetes-azuis-podem-configurar-crime-de-guerra-diz-guterres\/"]}]},{"@type":"ImageObject","inLanguage":"pt-PT","@id":"https:\/\/portaltela.pt\/noticias\/2026\/03\/30\/ataques-a-capacetes-azuis-podem-configurar-crime-de-guerra-diz-guterres\/#primaryimage","url":"https:\/\/portaltela.pt\/s.01k8rhncp4jt1\/2026\/03\/CACHE_780X1200_ANALOG_WATERMARKED_46784965_810406524000077.jpg","contentUrl":"https:\/\/portaltela.pt\/s.01k8rhncp4jt1\/2026\/03\/CACHE_780X1200_ANALOG_WATERMARKED_46784965_810406524000077.jpg","width":796,"height":448,"caption":"M\u00e9dio Oriente: Ataques contra capacetes azuis podem constituir crime de guerra - Guterres"},{"@type":"BreadcrumbList","@id":"https:\/\/portaltela.pt\/noticias\/2026\/03\/30\/ataques-a-capacetes-azuis-podem-configurar-crime-de-guerra-diz-guterres\/#breadcrumb","itemListElement":[{"@type":"ListItem","position":1,"name":"In\u00edcio","item":"https:\/\/portaltela.pt\/"},{"@type":"ListItem","position":2,"name":"Ataques a capacetes azuis podem configurar crime de guerra, diz Guterres"}]},{"@type":"WebSite","@id":"https:\/\/portaltela.pt\/#website","url":"https:\/\/portaltela.pt\/","name":"Portal Tela Portugal","description":"","potentialAction":[{"@type":"SearchAction","target":{"@type":"EntryPoint","urlTemplate":"https:\/\/portaltela.pt\/?s={search_term_string}"},"query-input":{"@type":"PropertyValueSpecification","valueRequired":true,"valueName":"search_term_string"}}],"inLanguage":"pt-PT"},{"@type":"Person","@id":"https:\/\/portaltela.pt\/#\/schema\/person\/c4278d4a6028830caff9ee44b42d32ed","name":"Telinha","image":{"@type":"ImageObject","inLanguage":"pt-PT","@id":"https:\/\/portaltela.pt\/s.01k8rhncp4jt1\/2025\/11\/talking-bot-125x125.png","url":"https:\/\/portaltela.pt\/s.01k8rhncp4jt1\/2025\/11\/talking-bot-125x125.png","contentUrl":"https:\/\/portaltela.pt\/s.01k8rhncp4jt1\/2025\/11\/talking-bot-125x125.png","caption":"Telinha"},"sameAs":["https:\/\/portaltela.pt\/"],"url":"https:\/\/portaltela.pt\/por\/367410592786\/"}]}},"_links":{"self":[{"href":"https:\/\/portaltela.pt\/api\/wp\/v2\/posts\/427533","targetHints":{"allow":["GET"]}}],"collection":[{"href":"https:\/\/portaltela.pt\/api\/wp\/v2\/posts"}],"about":[{"href":"https:\/\/portaltela.pt\/api\/wp\/v2\/types\/post"}],"author":[{"embeddable":true,"href":"https:\/\/portaltela.pt\/api\/wp\/v2\/users\/2"}],"replies":[{"embeddable":true,"href":"https:\/\/portaltela.pt\/api\/wp\/v2\/comments?post=427533"}],"version-history":[{"count":0,"href":"https:\/\/portaltela.pt\/api\/wp\/v2\/posts\/427533\/revisions"}],"wp:featuredmedia":[{"embeddable":true,"href":"https:\/\/portaltela.pt\/api\/wp\/v2\/media\/427538"}],"wp:attachment":[{"href":"https:\/\/portaltela.pt\/api\/wp\/v2\/media?parent=427533"}],"wp:term":[{"taxonomy":"category","embeddable":true,"href":"https:\/\/portaltela.pt\/api\/wp\/v2\/categories?post=427533"},{"taxonomy":"post_tag","embeddable":true,"href":"https:\/\/portaltela.pt\/api\/wp\/v2\/tags?post=427533"}],"curies":[{"name":"wp","href":"https:\/\/api.w.org\/{rel}","templated":true}]}}