{"id":427522,"date":"2026-03-30T15:26:00","date_gmt":"2026-03-30T18:26:00","guid":{"rendered":"https:\/\/portaltela.pt\/noticias\/2026\/03\/30\/martinez-desvaloriza-resultados-e-foca-apenas-na-preparacao-do-mundial-2026\/"},"modified":"2026-03-30T15:26:00","modified_gmt":"2026-03-30T18:26:00","slug":"martinez-desvaloriza-resultados-e-foca-apenas-na-preparacao-do-mundial-2026","status":"publish","type":"post","link":"https:\/\/portaltela.pt\/desporto\/copa-do-mundo\/2026\/03\/30\/martinez-desvaloriza-resultados-e-foca-apenas-na-preparacao-do-mundial-2026\/","title":{"rendered":"Mart\u00ednez desvaloriza resultados e foca apenas na prepara\u00e7\u00e3o do Mundial 2026"},"content":{"rendered":"<p>O treinador Mart\u00ednez desvaloriza os resultados recentes e afirma que o foco est\u00e1 na prepara\u00e7\u00e3o para o Mundial de 2026. A mensagem aponta para uma prioridade estrat\u00e9gica acima de resultados imediatos.<\/p>\n<p>Segundo a reportagem dispon\u00edvel, as declara\u00e7\u00f5es ressaltam a import\u00e2ncia da prepara\u00e7\u00e3o constante para o torneio, sem detalhar o que ir\u00e1 ocorrer a curto prazo. O objetivo \u00e9 preparar a equipa para o pr\u00f3ximo ciclo competitivo.<\/p>\n<p>O conte\u00fado completo do artigo encontra-se behind paywall, o que restringe o acesso a informa\u00e7\u00f5es adicionais e contexto adicional. O que ficou claro \u00e9 a orienta\u00e7\u00e3o estrat\u00e9gica expressa por Mart\u00ednez.<\/p>\n<h3>Contexto<\/h3>\n<p>N\u00e3o foram fornecidos dados oficiais sobre datas ou etapas espec\u00edficas de prepara\u00e7\u00e3o. A not\u00edcia evita avalia\u00e7\u00f5es e mant\u00e9m o foco na ideia central de priorizar o planeamento para 2026.<\/p>\n","protected":false},"excerpt":{"rendered":"<ul>\n<li>Mundial 2026: Mart\u00ednez desvaloriza resultados e foca-se apenas na prepara\u00e7\u00e3o do torneio.<\/li>\n<li>A abordagem indica prioridade \u00e0 prepara\u00e7\u00e3o em vez de analisar resultados passados.<\/li>\n<li>O conte\u00fado completo est\u00e1 dispon\u00edvel apenas para subscritores.<\/li>\n<li>N\u00e3o foram apresentadas informa\u00e7\u00f5es adicionais no conte\u00fado fornecido.<\/li>\n<li>O texto n\u00e3o inclui declara\u00e7\u00f5es, dados ou datas espec\u00edficas al\u00e9m do foco no torneio.<\/li>\n<\/ul>\n","protected":false},"author":2,"featured_media":427524,"comment_status":"closed","ping_status":"closed","sticky":false,"template":"","format":"standard","meta":{"footnotes":""},"categories":[6695,21],"tags":[6367,152,32,1734,63,2477],"class_list":["post-427522","post","type-post","status-publish","format-standard","has-post-thumbnail","hentry","category-copa-do-mundo","category-desporto","tag-copa2026","tag-desporto","tag-futebol","tag-planeamento-estrategico","tag-resultados","tag-treinadores"],"yoast_head":"<!-- This site is optimized with the Yoast SEO plugin v27.2 - https:\/\/yoast.com\/product\/yoast-seo-wordpress\/ -->\n<title>Mart\u00ednez desvaloriza resultados e foca apenas na prepara\u00e7\u00e3o do Mundial 2026 - Portal Tela Portugal<\/title>\n<meta name=\"robots\" content=\"index, follow, max-snippet:-1, max-image-preview:large, max-video-preview:-1\" \/>\n<meta property=\"og:locale\" content=\"pt_PT\" \/>\n<meta property=\"og:type\" content=\"article\" \/>\n<meta property=\"og:title\" content=\"Mart\u00ednez desvaloriza resultados e foca apenas na prepara\u00e7\u00e3o do Mundial 2026 - Portal Tela Portugal\" \/>\n<meta property=\"og:description\" content=\"Mundial 2026: Mart\u00ednez desvaloriza resultados e foca-se apenas na prepara\u00e7\u00e3o do torneio. A abordagem indica prioridade \u00e0 prepara\u00e7\u00e3o em vez de analisar resultados passados. O conte\u00fado completo est\u00e1 dispon\u00edvel apenas para subscritores. N\u00e3o foram apresentadas informa\u00e7\u00f5es adicionais no conte\u00fado fornecido. O texto n\u00e3o inclui declara\u00e7\u00f5es, dados ou datas espec\u00edficas al\u00e9m do foco no torneio.\" \/>\n<meta property=\"og:url\" content=\"https:\/\/portaltela.pt\/noticias\/2026\/03\/30\/martinez-desvaloriza-resultados-e-foca-apenas-na-preparacao-do-mundial-2026\/\" \/>\n<meta property=\"og:site_name\" content=\"Portal Tela Portugal\" \/>\n<meta property=\"article:published_time\" content=\"2026-03-30T18:26:00+00:00\" \/>\n<meta name=\"author\" content=\"Telinha\" \/>\n<meta name=\"twitter:card\" content=\"summary_large_image\" \/>\n<meta name=\"twitter:label1\" content=\"Escrito por\" \/>\n\t<meta name=\"twitter:data1\" content=\"Telinha\" \/>\n\t<meta name=\"twitter:label2\" content=\"Tempo estimado de leitura\" \/>\n\t<meta name=\"twitter:data2\" content=\"1 minuto\" \/>\n<script type=\"application\/ld+json\" class=\"yoast-schema-graph\">{\"@context\":\"https:\/\/schema.org\",\"@graph\":[{\"@type\":\"Article\",\"@id\":\"https:\/\/portaltela.pt\/noticias\/2026\/03\/30\/martinez-desvaloriza-resultados-e-foca-apenas-na-preparacao-do-mundial-2026\/#article\",\"isPartOf\":{\"@id\":\"https:\/\/portaltela.pt\/noticias\/2026\/03\/30\/martinez-desvaloriza-resultados-e-foca-apenas-na-preparacao-do-mundial-2026\/\"},\"author\":{\"name\":\"Telinha\",\"@id\":\"https:\/\/portaltela.pt\/#\/schema\/person\/c4278d4a6028830caff9ee44b42d32ed\"},\"headline\":\"Mart\u00ednez desvaloriza resultados e foca apenas na prepara\u00e7\u00e3o do Mundial 2026\",\"datePublished\":\"2026-03-30T18:26:00+00:00\",\"mainEntityOfPage\":{\"@id\":\"https:\/\/portaltela.pt\/noticias\/2026\/03\/30\/martinez-desvaloriza-resultados-e-foca-apenas-na-preparacao-do-mundial-2026\/\"},\"wordCount\":153,\"image\":{\"@id\":\"https:\/\/portaltela.pt\/noticias\/2026\/03\/30\/martinez-desvaloriza-resultados-e-foca-apenas-na-preparacao-do-mundial-2026\/#primaryimage\"},\"thumbnailUrl\":\"https:\/\/portaltela.pt\/s.01k8rhncp4jt1\/2026\/03\/CACHE_780X1200_ANALOG_WATERMARKED_46811230_3044192_23032026065340.jpg\",\"keywords\":[\"#copa2026\",\"desporto\",\"futebol\",\"Planeamento Estrat\u00e9gico\",\"resultados\",\"treinadores\"],\"articleSection\":[\"Copa do Mundo\",\"Desporto\"],\"inLanguage\":\"pt-PT\"},{\"@type\":\"WebPage\",\"@id\":\"https:\/\/portaltela.pt\/noticias\/2026\/03\/30\/martinez-desvaloriza-resultados-e-foca-apenas-na-preparacao-do-mundial-2026\/\",\"url\":\"https:\/\/portaltela.pt\/noticias\/2026\/03\/30\/martinez-desvaloriza-resultados-e-foca-apenas-na-preparacao-do-mundial-2026\/\",\"name\":\"Mart\u00ednez desvaloriza resultados e foca apenas na prepara\u00e7\u00e3o do Mundial 2026 - Portal Tela Portugal\",\"isPartOf\":{\"@id\":\"https:\/\/portaltela.pt\/#website\"},\"primaryImageOfPage\":{\"@id\":\"https:\/\/portaltela.pt\/noticias\/2026\/03\/30\/martinez-desvaloriza-resultados-e-foca-apenas-na-preparacao-do-mundial-2026\/#primaryimage\"},\"image\":{\"@id\":\"https:\/\/portaltela.pt\/noticias\/2026\/03\/30\/martinez-desvaloriza-resultados-e-foca-apenas-na-preparacao-do-mundial-2026\/#primaryimage\"},\"thumbnailUrl\":\"https:\/\/portaltela.pt\/s.01k8rhncp4jt1\/2026\/03\/CACHE_780X1200_ANALOG_WATERMARKED_46811230_3044192_23032026065340.jpg\",\"datePublished\":\"2026-03-30T18:26:00+00:00\",\"author\":{\"@id\":\"https:\/\/portaltela.pt\/#\/schema\/person\/c4278d4a6028830caff9ee44b42d32ed\"},\"breadcrumb\":{\"@id\":\"https:\/\/portaltela.pt\/noticias\/2026\/03\/30\/martinez-desvaloriza-resultados-e-foca-apenas-na-preparacao-do-mundial-2026\/#breadcrumb\"},\"inLanguage\":\"pt-PT\",\"potentialAction\":[{\"@type\":\"ReadAction\",\"target\":[\"https:\/\/portaltela.pt\/noticias\/2026\/03\/30\/martinez-desvaloriza-resultados-e-foca-apenas-na-preparacao-do-mundial-2026\/\"]}]},{\"@type\":\"ImageObject\",\"inLanguage\":\"pt-PT\",\"@id\":\"https:\/\/portaltela.pt\/noticias\/2026\/03\/30\/martinez-desvaloriza-resultados-e-foca-apenas-na-preparacao-do-mundial-2026\/#primaryimage\",\"url\":\"https:\/\/portaltela.pt\/s.01k8rhncp4jt1\/2026\/03\/CACHE_780X1200_ANALOG_WATERMARKED_46811230_3044192_23032026065340.jpg\",\"contentUrl\":\"https:\/\/portaltela.pt\/s.01k8rhncp4jt1\/2026\/03\/CACHE_780X1200_ANALOG_WATERMARKED_46811230_3044192_23032026065340.jpg\",\"width\":796,\"height\":448,\"caption\":\"Mundial2026: Mart\u00ednez desvaloriza resultados e s\u00f3 pensa em preparar o torneio\"},{\"@type\":\"BreadcrumbList\",\"@id\":\"https:\/\/portaltela.pt\/noticias\/2026\/03\/30\/martinez-desvaloriza-resultados-e-foca-apenas-na-preparacao-do-mundial-2026\/#breadcrumb\",\"itemListElement\":[{\"@type\":\"ListItem\",\"position\":1,\"name\":\"In\u00edcio\",\"item\":\"https:\/\/portaltela.pt\/\"},{\"@type\":\"ListItem\",\"position\":2,\"name\":\"Mart\u00ednez desvaloriza resultados e foca apenas na prepara\u00e7\u00e3o do Mundial 2026\"}]},{\"@type\":\"WebSite\",\"@id\":\"https:\/\/portaltela.pt\/#website\",\"url\":\"https:\/\/portaltela.pt\/\",\"name\":\"Portal Tela Portugal\",\"description\":\"\",\"potentialAction\":[{\"@type\":\"SearchAction\",\"target\":{\"@type\":\"EntryPoint\",\"urlTemplate\":\"https:\/\/portaltela.pt\/?s={search_term_string}\"},\"query-input\":{\"@type\":\"PropertyValueSpecification\",\"valueRequired\":true,\"valueName\":\"search_term_string\"}}],\"inLanguage\":\"pt-PT\"},{\"@type\":\"Person\",\"@id\":\"https:\/\/portaltela.pt\/#\/schema\/person\/c4278d4a6028830caff9ee44b42d32ed\",\"name\":\"Telinha\",\"image\":{\"@type\":\"ImageObject\",\"inLanguage\":\"pt-PT\",\"@id\":\"https:\/\/portaltela.pt\/s.01k8rhncp4jt1\/2025\/11\/talking-bot-125x125.png\",\"url\":\"https:\/\/portaltela.pt\/s.01k8rhncp4jt1\/2025\/11\/talking-bot-125x125.png\",\"contentUrl\":\"https:\/\/portaltela.pt\/s.01k8rhncp4jt1\/2025\/11\/talking-bot-125x125.png\",\"caption\":\"Telinha\"},\"sameAs\":[\"https:\/\/portaltela.pt\/\"],\"url\":\"https:\/\/portaltela.pt\/por\/367410592786\/\"}]}<\/script>\n<!-- \/ Yoast SEO plugin. -->","yoast_head_json":{"title":"Mart\u00ednez desvaloriza resultados e foca apenas na prepara\u00e7\u00e3o do Mundial 2026 - Portal Tela Portugal","robots":{"index":"index","follow":"follow","max-snippet":"max-snippet:-1","max-image-preview":"max-image-preview:large","max-video-preview":"max-video-preview:-1"},"og_locale":"pt_PT","og_type":"article","og_title":"Mart\u00ednez desvaloriza resultados e foca apenas na prepara\u00e7\u00e3o do Mundial 2026 - Portal Tela Portugal","og_description":"Mundial 2026: Mart\u00ednez desvaloriza resultados e foca-se apenas na prepara\u00e7\u00e3o do torneio. A abordagem indica prioridade \u00e0 prepara\u00e7\u00e3o em vez de analisar resultados passados. O conte\u00fado completo est\u00e1 dispon\u00edvel apenas para subscritores. N\u00e3o foram apresentadas informa\u00e7\u00f5es adicionais no conte\u00fado fornecido. O texto n\u00e3o inclui declara\u00e7\u00f5es, dados ou datas espec\u00edficas al\u00e9m do foco no torneio.","og_url":"https:\/\/portaltela.pt\/noticias\/2026\/03\/30\/martinez-desvaloriza-resultados-e-foca-apenas-na-preparacao-do-mundial-2026\/","og_site_name":"Portal Tela Portugal","article_published_time":"2026-03-30T18:26:00+00:00","author":"Telinha","twitter_card":"summary_large_image","twitter_misc":{"Escrito por":"Telinha","Tempo estimado de leitura":"1 minuto"},"schema":{"@context":"https:\/\/schema.org","@graph":[{"@type":"Article","@id":"https:\/\/portaltela.pt\/noticias\/2026\/03\/30\/martinez-desvaloriza-resultados-e-foca-apenas-na-preparacao-do-mundial-2026\/#article","isPartOf":{"@id":"https:\/\/portaltela.pt\/noticias\/2026\/03\/30\/martinez-desvaloriza-resultados-e-foca-apenas-na-preparacao-do-mundial-2026\/"},"author":{"name":"Telinha","@id":"https:\/\/portaltela.pt\/#\/schema\/person\/c4278d4a6028830caff9ee44b42d32ed"},"headline":"Mart\u00ednez desvaloriza resultados e foca apenas na prepara\u00e7\u00e3o do Mundial 2026","datePublished":"2026-03-30T18:26:00+00:00","mainEntityOfPage":{"@id":"https:\/\/portaltela.pt\/noticias\/2026\/03\/30\/martinez-desvaloriza-resultados-e-foca-apenas-na-preparacao-do-mundial-2026\/"},"wordCount":153,"image":{"@id":"https:\/\/portaltela.pt\/noticias\/2026\/03\/30\/martinez-desvaloriza-resultados-e-foca-apenas-na-preparacao-do-mundial-2026\/#primaryimage"},"thumbnailUrl":"https:\/\/portaltela.pt\/s.01k8rhncp4jt1\/2026\/03\/CACHE_780X1200_ANALOG_WATERMARKED_46811230_3044192_23032026065340.jpg","keywords":["#copa2026","desporto","futebol","Planeamento Estrat\u00e9gico","resultados","treinadores"],"articleSection":["Copa do Mundo","Desporto"],"inLanguage":"pt-PT"},{"@type":"WebPage","@id":"https:\/\/portaltela.pt\/noticias\/2026\/03\/30\/martinez-desvaloriza-resultados-e-foca-apenas-na-preparacao-do-mundial-2026\/","url":"https:\/\/portaltela.pt\/noticias\/2026\/03\/30\/martinez-desvaloriza-resultados-e-foca-apenas-na-preparacao-do-mundial-2026\/","name":"Mart\u00ednez desvaloriza resultados e foca apenas na prepara\u00e7\u00e3o do Mundial 2026 - Portal Tela Portugal","isPartOf":{"@id":"https:\/\/portaltela.pt\/#website"},"primaryImageOfPage":{"@id":"https:\/\/portaltela.pt\/noticias\/2026\/03\/30\/martinez-desvaloriza-resultados-e-foca-apenas-na-preparacao-do-mundial-2026\/#primaryimage"},"image":{"@id":"https:\/\/portaltela.pt\/noticias\/2026\/03\/30\/martinez-desvaloriza-resultados-e-foca-apenas-na-preparacao-do-mundial-2026\/#primaryimage"},"thumbnailUrl":"https:\/\/portaltela.pt\/s.01k8rhncp4jt1\/2026\/03\/CACHE_780X1200_ANALOG_WATERMARKED_46811230_3044192_23032026065340.jpg","datePublished":"2026-03-30T18:26:00+00:00","author":{"@id":"https:\/\/portaltela.pt\/#\/schema\/person\/c4278d4a6028830caff9ee44b42d32ed"},"breadcrumb":{"@id":"https:\/\/portaltela.pt\/noticias\/2026\/03\/30\/martinez-desvaloriza-resultados-e-foca-apenas-na-preparacao-do-mundial-2026\/#breadcrumb"},"inLanguage":"pt-PT","potentialAction":[{"@type":"ReadAction","target":["https:\/\/portaltela.pt\/noticias\/2026\/03\/30\/martinez-desvaloriza-resultados-e-foca-apenas-na-preparacao-do-mundial-2026\/"]}]},{"@type":"ImageObject","inLanguage":"pt-PT","@id":"https:\/\/portaltela.pt\/noticias\/2026\/03\/30\/martinez-desvaloriza-resultados-e-foca-apenas-na-preparacao-do-mundial-2026\/#primaryimage","url":"https:\/\/portaltela.pt\/s.01k8rhncp4jt1\/2026\/03\/CACHE_780X1200_ANALOG_WATERMARKED_46811230_3044192_23032026065340.jpg","contentUrl":"https:\/\/portaltela.pt\/s.01k8rhncp4jt1\/2026\/03\/CACHE_780X1200_ANALOG_WATERMARKED_46811230_3044192_23032026065340.jpg","width":796,"height":448,"caption":"Mundial2026: Mart\u00ednez desvaloriza resultados e s\u00f3 pensa em preparar o torneio"},{"@type":"BreadcrumbList","@id":"https:\/\/portaltela.pt\/noticias\/2026\/03\/30\/martinez-desvaloriza-resultados-e-foca-apenas-na-preparacao-do-mundial-2026\/#breadcrumb","itemListElement":[{"@type":"ListItem","position":1,"name":"In\u00edcio","item":"https:\/\/portaltela.pt\/"},{"@type":"ListItem","position":2,"name":"Mart\u00ednez desvaloriza resultados e foca apenas na prepara\u00e7\u00e3o do Mundial 2026"}]},{"@type":"WebSite","@id":"https:\/\/portaltela.pt\/#website","url":"https:\/\/portaltela.pt\/","name":"Portal Tela Portugal","description":"","potentialAction":[{"@type":"SearchAction","target":{"@type":"EntryPoint","urlTemplate":"https:\/\/portaltela.pt\/?s={search_term_string}"},"query-input":{"@type":"PropertyValueSpecification","valueRequired":true,"valueName":"search_term_string"}}],"inLanguage":"pt-PT"},{"@type":"Person","@id":"https:\/\/portaltela.pt\/#\/schema\/person\/c4278d4a6028830caff9ee44b42d32ed","name":"Telinha","image":{"@type":"ImageObject","inLanguage":"pt-PT","@id":"https:\/\/portaltela.pt\/s.01k8rhncp4jt1\/2025\/11\/talking-bot-125x125.png","url":"https:\/\/portaltela.pt\/s.01k8rhncp4jt1\/2025\/11\/talking-bot-125x125.png","contentUrl":"https:\/\/portaltela.pt\/s.01k8rhncp4jt1\/2025\/11\/talking-bot-125x125.png","caption":"Telinha"},"sameAs":["https:\/\/portaltela.pt\/"],"url":"https:\/\/portaltela.pt\/por\/367410592786\/"}]}},"_links":{"self":[{"href":"https:\/\/portaltela.pt\/api\/wp\/v2\/posts\/427522","targetHints":{"allow":["GET"]}}],"collection":[{"href":"https:\/\/portaltela.pt\/api\/wp\/v2\/posts"}],"about":[{"href":"https:\/\/portaltela.pt\/api\/wp\/v2\/types\/post"}],"author":[{"embeddable":true,"href":"https:\/\/portaltela.pt\/api\/wp\/v2\/users\/2"}],"replies":[{"embeddable":true,"href":"https:\/\/portaltela.pt\/api\/wp\/v2\/comments?post=427522"}],"version-history":[{"count":0,"href":"https:\/\/portaltela.pt\/api\/wp\/v2\/posts\/427522\/revisions"}],"wp:featuredmedia":[{"embeddable":true,"href":"https:\/\/portaltela.pt\/api\/wp\/v2\/media\/427524"}],"wp:attachment":[{"href":"https:\/\/portaltela.pt\/api\/wp\/v2\/media?parent=427522"}],"wp:term":[{"taxonomy":"category","embeddable":true,"href":"https:\/\/portaltela.pt\/api\/wp\/v2\/categories?post=427522"},{"taxonomy":"post_tag","embeddable":true,"href":"https:\/\/portaltela.pt\/api\/wp\/v2\/tags?post=427522"}],"curies":[{"name":"wp","href":"https:\/\/api.w.org\/{rel}","templated":true}]}}