{"id":427507,"date":"2026-03-30T17:32:41","date_gmt":"2026-03-30T20:32:41","guid":{"rendered":"https:\/\/portaltela.pt\/noticias\/2026\/03\/30\/casal-fica-gravemente-ferido-apos-despiste-contra-poste-em-vila-verde\/"},"modified":"2026-03-30T17:32:41","modified_gmt":"2026-03-30T20:32:41","slug":"casal-fica-gravemente-ferido-apos-despiste-contra-poste-em-vila-verde","status":"publish","type":"post","link":"https:\/\/portaltela.pt\/acidentes\/2026\/03\/30\/casal-fica-gravemente-ferido-apos-despiste-contra-poste-em-vila-verde\/","title":{"rendered":"Casal fica gravemente ferido ap\u00f3s despiste contra poste em Vila Verde"},"content":{"rendered":"<p>Um casal ficou gravemente ferido num despiste contra um poste el\u00e9trico, ao fim da tarde desta segunda-feira, na Estrada Municipal 537, na freguesia de Pico S\u00e3o Crist\u00f3v\u00e3o, Vila Verde.<\/p>\n<p>Um beb\u00e9 que seguia na viatura sofreu ferimentos ligeiros. As v\u00edtimas foram assistidas no local pelos Bombeiros Volunt\u00e1rios de Vila Verde e de Amares, e depois transportadas para o Hospital de Braga.<\/p>\n<p>A ocorr\u00eancia ocorreu ao final da tarde, na referida Estrada Municipal, em Vila Verde. N\u00e3o h\u00e1 informa\u00e7\u00f5es oficiais sobre as causas do despiste.<\/p>\n<p>A atua\u00e7\u00e3o de socorro foi assegurada pelos bombeiros, com apoio de equipas da GNR, que registou o acidente.<\/p>\n","protected":false},"excerpt":{"rendered":"<ul>\n<li>Um casal ficou gravemente ferido num despiste contra um poste el\u00e9trico na Estrada Municipal 537, na freguesia de Pico S\u00e3o Crist\u00f3v\u00e3o, Vila Verde, ao fim da tarde de segunda-feira.<\/li>\n<li>Um beb\u00e9 que seguia na viatura sofreu ferimentos ligeiros.<\/li>\n<li>Os Bombeiros Volunt\u00e1rios de Vila Verde e os Bombeiros Volunt\u00e1rios de Amares prestaram socorro no local e conduziram as v\u00edtimas ao Hospital de Braga.<\/li>\n<li>A ocorr\u00eancia foi registada pela Guarda Nacional Republicana (GNR).<\/li>\n<li>N\u00e3o foram avan\u00e7adas informa\u00e7\u00f5es adicionais sobre as causas do despiste.<\/li>\n<\/ul>\n","protected":false},"author":2,"featured_media":427511,"comment_status":"closed","ping_status":"closed","sticky":false,"template":"","format":"standard","meta":{"footnotes":""},"categories":[6849],"tags":[5487,2335,1977,971,633,5020],"class_list":["post-427507","post","type-post","status-publish","format-standard","has-post-thumbnail","hentry","category-acidentes","tag-acidente","tag-acidentes-rodoviarios","tag-amares","tag-bombeiros","tag-hospital","tag-vila-verde"],"yoast_head":"<!-- This site is optimized with the Yoast SEO plugin v27.2 - https:\/\/yoast.com\/product\/yoast-seo-wordpress\/ -->\n<title>Casal fica gravemente ferido ap\u00f3s despiste contra poste em Vila Verde - Portal Tela Portugal<\/title>\n<meta name=\"robots\" content=\"index, follow, max-snippet:-1, max-image-preview:large, max-video-preview:-1\" \/>\n<meta property=\"og:locale\" content=\"pt_PT\" \/>\n<meta property=\"og:type\" content=\"article\" \/>\n<meta property=\"og:title\" content=\"Casal fica gravemente ferido ap\u00f3s despiste contra poste em Vila Verde - Portal Tela Portugal\" \/>\n<meta property=\"og:description\" content=\"Um casal ficou gravemente ferido num despiste contra um poste el\u00e9trico na Estrada Municipal 537, na freguesia de Pico S\u00e3o Crist\u00f3v\u00e3o, Vila Verde, ao fim da tarde de segunda-feira. Um beb\u00e9 que seguia na viatura sofreu ferimentos ligeiros. Os Bombeiros Volunt\u00e1rios de Vila Verde e os Bombeiros Volunt\u00e1rios de Amares prestaram socorro no local e conduziram as v\u00edtimas ao Hospital de Braga. A ocorr\u00eancia foi registada pela Guarda Nacional Republicana (GNR). N\u00e3o foram avan\u00e7adas informa\u00e7\u00f5es adicionais sobre as causas do despiste.\" \/>\n<meta property=\"og:url\" content=\"https:\/\/portaltela.pt\/noticias\/2026\/03\/30\/casal-fica-gravemente-ferido-apos-despiste-contra-poste-em-vila-verde\/\" \/>\n<meta property=\"og:site_name\" content=\"Portal Tela Portugal\" \/>\n<meta property=\"article:published_time\" content=\"2026-03-30T20:32:41+00:00\" \/>\n<meta name=\"author\" content=\"Telinha\" \/>\n<meta name=\"twitter:card\" content=\"summary_large_image\" \/>\n<meta name=\"twitter:label1\" content=\"Escrito por\" \/>\n\t<meta name=\"twitter:data1\" content=\"Telinha\" \/>\n\t<meta name=\"twitter:label2\" content=\"Tempo estimado de leitura\" \/>\n\t<meta name=\"twitter:data2\" content=\"1 minuto\" \/>\n<script type=\"application\/ld+json\" class=\"yoast-schema-graph\">{\"@context\":\"https:\/\/schema.org\",\"@graph\":[{\"@type\":\"Article\",\"@id\":\"https:\/\/portaltela.pt\/noticias\/2026\/03\/30\/casal-fica-gravemente-ferido-apos-despiste-contra-poste-em-vila-verde\/#article\",\"isPartOf\":{\"@id\":\"https:\/\/portaltela.pt\/noticias\/2026\/03\/30\/casal-fica-gravemente-ferido-apos-despiste-contra-poste-em-vila-verde\/\"},\"author\":{\"name\":\"Telinha\",\"@id\":\"https:\/\/portaltela.pt\/#\/schema\/person\/c4278d4a6028830caff9ee44b42d32ed\"},\"headline\":\"Casal fica gravemente ferido ap\u00f3s despiste contra poste em Vila Verde\",\"datePublished\":\"2026-03-30T20:32:41+00:00\",\"mainEntityOfPage\":{\"@id\":\"https:\/\/portaltela.pt\/noticias\/2026\/03\/30\/casal-fica-gravemente-ferido-apos-despiste-contra-poste-em-vila-verde\/\"},\"wordCount\":123,\"image\":{\"@id\":\"https:\/\/portaltela.pt\/noticias\/2026\/03\/30\/casal-fica-gravemente-ferido-apos-despiste-contra-poste-em-vila-verde\/#primaryimage\"},\"thumbnailUrl\":\"https:\/\/portaltela.pt\/s.01k8rhncp4jt1\/2026\/03\/image-1843.jpg\",\"keywords\":[\"acidente\",\"acidentes rodovi\u00e1rios\",\"Amares\",\"bombeiros\",\"hospital\",\"Vila Verde\"],\"articleSection\":[\"Acidentes\"],\"inLanguage\":\"pt-PT\"},{\"@type\":\"WebPage\",\"@id\":\"https:\/\/portaltela.pt\/noticias\/2026\/03\/30\/casal-fica-gravemente-ferido-apos-despiste-contra-poste-em-vila-verde\/\",\"url\":\"https:\/\/portaltela.pt\/noticias\/2026\/03\/30\/casal-fica-gravemente-ferido-apos-despiste-contra-poste-em-vila-verde\/\",\"name\":\"Casal fica gravemente ferido ap\u00f3s despiste contra poste em Vila Verde - Portal Tela Portugal\",\"isPartOf\":{\"@id\":\"https:\/\/portaltela.pt\/#website\"},\"primaryImageOfPage\":{\"@id\":\"https:\/\/portaltela.pt\/noticias\/2026\/03\/30\/casal-fica-gravemente-ferido-apos-despiste-contra-poste-em-vila-verde\/#primaryimage\"},\"image\":{\"@id\":\"https:\/\/portaltela.pt\/noticias\/2026\/03\/30\/casal-fica-gravemente-ferido-apos-despiste-contra-poste-em-vila-verde\/#primaryimage\"},\"thumbnailUrl\":\"https:\/\/portaltela.pt\/s.01k8rhncp4jt1\/2026\/03\/image-1843.jpg\",\"datePublished\":\"2026-03-30T20:32:41+00:00\",\"author\":{\"@id\":\"https:\/\/portaltela.pt\/#\/schema\/person\/c4278d4a6028830caff9ee44b42d32ed\"},\"breadcrumb\":{\"@id\":\"https:\/\/portaltela.pt\/noticias\/2026\/03\/30\/casal-fica-gravemente-ferido-apos-despiste-contra-poste-em-vila-verde\/#breadcrumb\"},\"inLanguage\":\"pt-PT\",\"potentialAction\":[{\"@type\":\"ReadAction\",\"target\":[\"https:\/\/portaltela.pt\/noticias\/2026\/03\/30\/casal-fica-gravemente-ferido-apos-despiste-contra-poste-em-vila-verde\/\"]}]},{\"@type\":\"ImageObject\",\"inLanguage\":\"pt-PT\",\"@id\":\"https:\/\/portaltela.pt\/noticias\/2026\/03\/30\/casal-fica-gravemente-ferido-apos-despiste-contra-poste-em-vila-verde\/#primaryimage\",\"url\":\"https:\/\/portaltela.pt\/s.01k8rhncp4jt1\/2026\/03\/image-1843.jpg\",\"contentUrl\":\"https:\/\/portaltela.pt\/s.01k8rhncp4jt1\/2026\/03\/image-1843.jpg\",\"width\":796,\"height\":448,\"caption\":\"Foto: Joaquim Gomes\"},{\"@type\":\"BreadcrumbList\",\"@id\":\"https:\/\/portaltela.pt\/noticias\/2026\/03\/30\/casal-fica-gravemente-ferido-apos-despiste-contra-poste-em-vila-verde\/#breadcrumb\",\"itemListElement\":[{\"@type\":\"ListItem\",\"position\":1,\"name\":\"In\u00edcio\",\"item\":\"https:\/\/portaltela.pt\/\"},{\"@type\":\"ListItem\",\"position\":2,\"name\":\"Casal fica gravemente ferido ap\u00f3s despiste contra poste em Vila Verde\"}]},{\"@type\":\"WebSite\",\"@id\":\"https:\/\/portaltela.pt\/#website\",\"url\":\"https:\/\/portaltela.pt\/\",\"name\":\"Portal Tela Portugal\",\"description\":\"\",\"potentialAction\":[{\"@type\":\"SearchAction\",\"target\":{\"@type\":\"EntryPoint\",\"urlTemplate\":\"https:\/\/portaltela.pt\/?s={search_term_string}\"},\"query-input\":{\"@type\":\"PropertyValueSpecification\",\"valueRequired\":true,\"valueName\":\"search_term_string\"}}],\"inLanguage\":\"pt-PT\"},{\"@type\":\"Person\",\"@id\":\"https:\/\/portaltela.pt\/#\/schema\/person\/c4278d4a6028830caff9ee44b42d32ed\",\"name\":\"Telinha\",\"image\":{\"@type\":\"ImageObject\",\"inLanguage\":\"pt-PT\",\"@id\":\"https:\/\/portaltela.pt\/s.01k8rhncp4jt1\/2025\/11\/talking-bot-125x125.png\",\"url\":\"https:\/\/portaltela.pt\/s.01k8rhncp4jt1\/2025\/11\/talking-bot-125x125.png\",\"contentUrl\":\"https:\/\/portaltela.pt\/s.01k8rhncp4jt1\/2025\/11\/talking-bot-125x125.png\",\"caption\":\"Telinha\"},\"sameAs\":[\"https:\/\/portaltela.pt\/\"],\"url\":\"https:\/\/portaltela.pt\/por\/367410592786\/\"}]}<\/script>\n<!-- \/ Yoast SEO plugin. -->","yoast_head_json":{"title":"Casal fica gravemente ferido ap\u00f3s despiste contra poste em Vila Verde - Portal Tela Portugal","robots":{"index":"index","follow":"follow","max-snippet":"max-snippet:-1","max-image-preview":"max-image-preview:large","max-video-preview":"max-video-preview:-1"},"og_locale":"pt_PT","og_type":"article","og_title":"Casal fica gravemente ferido ap\u00f3s despiste contra poste em Vila Verde - Portal Tela Portugal","og_description":"Um casal ficou gravemente ferido num despiste contra um poste el\u00e9trico na Estrada Municipal 537, na freguesia de Pico S\u00e3o Crist\u00f3v\u00e3o, Vila Verde, ao fim da tarde de segunda-feira. Um beb\u00e9 que seguia na viatura sofreu ferimentos ligeiros. Os Bombeiros Volunt\u00e1rios de Vila Verde e os Bombeiros Volunt\u00e1rios de Amares prestaram socorro no local e conduziram as v\u00edtimas ao Hospital de Braga. A ocorr\u00eancia foi registada pela Guarda Nacional Republicana (GNR). N\u00e3o foram avan\u00e7adas informa\u00e7\u00f5es adicionais sobre as causas do despiste.","og_url":"https:\/\/portaltela.pt\/noticias\/2026\/03\/30\/casal-fica-gravemente-ferido-apos-despiste-contra-poste-em-vila-verde\/","og_site_name":"Portal Tela Portugal","article_published_time":"2026-03-30T20:32:41+00:00","author":"Telinha","twitter_card":"summary_large_image","twitter_misc":{"Escrito por":"Telinha","Tempo estimado de leitura":"1 minuto"},"schema":{"@context":"https:\/\/schema.org","@graph":[{"@type":"Article","@id":"https:\/\/portaltela.pt\/noticias\/2026\/03\/30\/casal-fica-gravemente-ferido-apos-despiste-contra-poste-em-vila-verde\/#article","isPartOf":{"@id":"https:\/\/portaltela.pt\/noticias\/2026\/03\/30\/casal-fica-gravemente-ferido-apos-despiste-contra-poste-em-vila-verde\/"},"author":{"name":"Telinha","@id":"https:\/\/portaltela.pt\/#\/schema\/person\/c4278d4a6028830caff9ee44b42d32ed"},"headline":"Casal fica gravemente ferido ap\u00f3s despiste contra poste em Vila Verde","datePublished":"2026-03-30T20:32:41+00:00","mainEntityOfPage":{"@id":"https:\/\/portaltela.pt\/noticias\/2026\/03\/30\/casal-fica-gravemente-ferido-apos-despiste-contra-poste-em-vila-verde\/"},"wordCount":123,"image":{"@id":"https:\/\/portaltela.pt\/noticias\/2026\/03\/30\/casal-fica-gravemente-ferido-apos-despiste-contra-poste-em-vila-verde\/#primaryimage"},"thumbnailUrl":"https:\/\/portaltela.pt\/s.01k8rhncp4jt1\/2026\/03\/image-1843.jpg","keywords":["acidente","acidentes rodovi\u00e1rios","Amares","bombeiros","hospital","Vila Verde"],"articleSection":["Acidentes"],"inLanguage":"pt-PT"},{"@type":"WebPage","@id":"https:\/\/portaltela.pt\/noticias\/2026\/03\/30\/casal-fica-gravemente-ferido-apos-despiste-contra-poste-em-vila-verde\/","url":"https:\/\/portaltela.pt\/noticias\/2026\/03\/30\/casal-fica-gravemente-ferido-apos-despiste-contra-poste-em-vila-verde\/","name":"Casal fica gravemente ferido ap\u00f3s despiste contra poste em Vila Verde - Portal Tela Portugal","isPartOf":{"@id":"https:\/\/portaltela.pt\/#website"},"primaryImageOfPage":{"@id":"https:\/\/portaltela.pt\/noticias\/2026\/03\/30\/casal-fica-gravemente-ferido-apos-despiste-contra-poste-em-vila-verde\/#primaryimage"},"image":{"@id":"https:\/\/portaltela.pt\/noticias\/2026\/03\/30\/casal-fica-gravemente-ferido-apos-despiste-contra-poste-em-vila-verde\/#primaryimage"},"thumbnailUrl":"https:\/\/portaltela.pt\/s.01k8rhncp4jt1\/2026\/03\/image-1843.jpg","datePublished":"2026-03-30T20:32:41+00:00","author":{"@id":"https:\/\/portaltela.pt\/#\/schema\/person\/c4278d4a6028830caff9ee44b42d32ed"},"breadcrumb":{"@id":"https:\/\/portaltela.pt\/noticias\/2026\/03\/30\/casal-fica-gravemente-ferido-apos-despiste-contra-poste-em-vila-verde\/#breadcrumb"},"inLanguage":"pt-PT","potentialAction":[{"@type":"ReadAction","target":["https:\/\/portaltela.pt\/noticias\/2026\/03\/30\/casal-fica-gravemente-ferido-apos-despiste-contra-poste-em-vila-verde\/"]}]},{"@type":"ImageObject","inLanguage":"pt-PT","@id":"https:\/\/portaltela.pt\/noticias\/2026\/03\/30\/casal-fica-gravemente-ferido-apos-despiste-contra-poste-em-vila-verde\/#primaryimage","url":"https:\/\/portaltela.pt\/s.01k8rhncp4jt1\/2026\/03\/image-1843.jpg","contentUrl":"https:\/\/portaltela.pt\/s.01k8rhncp4jt1\/2026\/03\/image-1843.jpg","width":796,"height":448,"caption":"Foto: Joaquim Gomes"},{"@type":"BreadcrumbList","@id":"https:\/\/portaltela.pt\/noticias\/2026\/03\/30\/casal-fica-gravemente-ferido-apos-despiste-contra-poste-em-vila-verde\/#breadcrumb","itemListElement":[{"@type":"ListItem","position":1,"name":"In\u00edcio","item":"https:\/\/portaltela.pt\/"},{"@type":"ListItem","position":2,"name":"Casal fica gravemente ferido ap\u00f3s despiste contra poste em Vila Verde"}]},{"@type":"WebSite","@id":"https:\/\/portaltela.pt\/#website","url":"https:\/\/portaltela.pt\/","name":"Portal Tela Portugal","description":"","potentialAction":[{"@type":"SearchAction","target":{"@type":"EntryPoint","urlTemplate":"https:\/\/portaltela.pt\/?s={search_term_string}"},"query-input":{"@type":"PropertyValueSpecification","valueRequired":true,"valueName":"search_term_string"}}],"inLanguage":"pt-PT"},{"@type":"Person","@id":"https:\/\/portaltela.pt\/#\/schema\/person\/c4278d4a6028830caff9ee44b42d32ed","name":"Telinha","image":{"@type":"ImageObject","inLanguage":"pt-PT","@id":"https:\/\/portaltela.pt\/s.01k8rhncp4jt1\/2025\/11\/talking-bot-125x125.png","url":"https:\/\/portaltela.pt\/s.01k8rhncp4jt1\/2025\/11\/talking-bot-125x125.png","contentUrl":"https:\/\/portaltela.pt\/s.01k8rhncp4jt1\/2025\/11\/talking-bot-125x125.png","caption":"Telinha"},"sameAs":["https:\/\/portaltela.pt\/"],"url":"https:\/\/portaltela.pt\/por\/367410592786\/"}]}},"_links":{"self":[{"href":"https:\/\/portaltela.pt\/api\/wp\/v2\/posts\/427507","targetHints":{"allow":["GET"]}}],"collection":[{"href":"https:\/\/portaltela.pt\/api\/wp\/v2\/posts"}],"about":[{"href":"https:\/\/portaltela.pt\/api\/wp\/v2\/types\/post"}],"author":[{"embeddable":true,"href":"https:\/\/portaltela.pt\/api\/wp\/v2\/users\/2"}],"replies":[{"embeddable":true,"href":"https:\/\/portaltela.pt\/api\/wp\/v2\/comments?post=427507"}],"version-history":[{"count":0,"href":"https:\/\/portaltela.pt\/api\/wp\/v2\/posts\/427507\/revisions"}],"wp:featuredmedia":[{"embeddable":true,"href":"https:\/\/portaltela.pt\/api\/wp\/v2\/media\/427511"}],"wp:attachment":[{"href":"https:\/\/portaltela.pt\/api\/wp\/v2\/media?parent=427507"}],"wp:term":[{"taxonomy":"category","embeddable":true,"href":"https:\/\/portaltela.pt\/api\/wp\/v2\/categories?post=427507"},{"taxonomy":"post_tag","embeddable":true,"href":"https:\/\/portaltela.pt\/api\/wp\/v2\/tags?post=427507"}],"curies":[{"name":"wp","href":"https:\/\/api.w.org\/{rel}","templated":true}]}}