{"id":427501,"date":"2026-03-30T17:32:35","date_gmt":"2026-03-30T20:32:35","guid":{"rendered":"https:\/\/portaltela.pt\/noticias\/2026\/03\/30\/schjelderup-agrada-ao-barcelona-e-esta-no-melhor-momento-no-benfica\/"},"modified":"2026-03-30T17:32:35","modified_gmt":"2026-03-30T20:32:35","slug":"schjelderup-agrada-ao-barcelona-e-esta-no-melhor-momento-no-benfica","status":"publish","type":"post","link":"https:\/\/portaltela.pt\/desporto\/futebol\/2026\/03\/30\/schjelderup-agrada-ao-barcelona-e-esta-no-melhor-momento-no-benfica\/","title":{"rendered":"Schjelderup agrada ao Barcelona e est\u00e1 no melhor momento no Benfica"},"content":{"rendered":"<p>Andreas Schjelderup volta a ocupar as primeiras p\u00e1ginas. Nesta segunda-feira, o extremo noruegu\u00eas surge na capa do jornal espanhol Sport, que aponta o Barcelona como interessado no jogador do Benfica.<\/p>\n<p>O avan\u00e7ado, que tem mostrado o melhor rendimento da sua carreira ao servi\u00e7o dos encarnados, \u00e9 referido pela publica\u00e7\u00e3o como alvo preferencial do clube catal\u00e3o.<\/p>\n<p>Nuno Martins, jornalista do Record, comenta o potencial movimento do Bar\u00e7a, apontando o interesse no atleta enquanto este atravessa o seu momento mais s\u00f3lido no Benfica.<\/p>\n<p>O destaque de Schjelderup chega num momento em que o Barcelona analisa op\u00e7\u00f5es para o ataque, sem confirma\u00e7\u00e3o oficial por parte do clube catal\u00e3o ou do Benfica.<\/p>\n","protected":false},"excerpt":{"rendered":"<ul>\n<li>Andreas Schjelderup aparece na capa do jornal espanhol Sport, que indica interesse do Barcelona no jogador.<\/li>\n<li>O clube catal\u00e3o \u00e9 apresentado como interessado no extremo noruegu\u00eas.<\/li>\n<li>Nuno Martins, jornalista do Record, comenta o interesse do Bar\u00e7a no futebolista.<\/li>\n<li>Schjelderup encontra-se ao servi\u00e7o do Benfica, onde vive o seu melhor momento.<\/li>\n<\/ul>\n","protected":false},"author":2,"featured_media":427508,"comment_status":"closed","ping_status":"closed","sticky":false,"template":"","format":"standard","meta":{"footnotes":""},"categories":[21,24],"tags":[2587,1946,32,3338,50,5654],"class_list":["post-427501","post","type-post","status-publish","format-standard","has-post-thumbnail","hentry","category-desporto","category-futebol","tag-barcelona","tag-benfica","tag-futebol","tag-futebol-internacional","tag-mercado-da-bola","tag-schjelderup"],"yoast_head":"<!-- This site is optimized with the Yoast SEO plugin v27.2 - https:\/\/yoast.com\/product\/yoast-seo-wordpress\/ -->\n<title>Schjelderup agrada ao Barcelona e est\u00e1 no melhor momento no Benfica - Portal Tela Portugal<\/title>\n<meta name=\"robots\" content=\"index, follow, max-snippet:-1, max-image-preview:large, max-video-preview:-1\" \/>\n<meta property=\"og:locale\" content=\"pt_PT\" \/>\n<meta property=\"og:type\" content=\"article\" \/>\n<meta property=\"og:title\" content=\"Schjelderup agrada ao Barcelona e est\u00e1 no melhor momento no Benfica - Portal Tela Portugal\" \/>\n<meta property=\"og:description\" content=\"Andreas Schjelderup aparece na capa do jornal espanhol Sport, que indica interesse do Barcelona no jogador. O clube catal\u00e3o \u00e9 apresentado como interessado no extremo noruegu\u00eas. Nuno Martins, jornalista do Record, comenta o interesse do Bar\u00e7a no futebolista. Schjelderup encontra-se ao servi\u00e7o do Benfica, onde vive o seu melhor momento.\" \/>\n<meta property=\"og:url\" content=\"https:\/\/portaltela.pt\/noticias\/2026\/03\/30\/schjelderup-agrada-ao-barcelona-e-esta-no-melhor-momento-no-benfica\/\" \/>\n<meta property=\"og:site_name\" content=\"Portal Tela Portugal\" \/>\n<meta property=\"article:published_time\" content=\"2026-03-30T20:32:35+00:00\" \/>\n<meta name=\"author\" content=\"Telinha\" \/>\n<meta name=\"twitter:card\" content=\"summary_large_image\" \/>\n<meta name=\"twitter:label1\" content=\"Escrito por\" \/>\n\t<meta name=\"twitter:data1\" content=\"Telinha\" \/>\n\t<meta name=\"twitter:label2\" content=\"Tempo estimado de leitura\" \/>\n\t<meta name=\"twitter:data2\" content=\"1 minuto\" \/>\n<script type=\"application\/ld+json\" class=\"yoast-schema-graph\">{\"@context\":\"https:\/\/schema.org\",\"@graph\":[{\"@type\":\"Article\",\"@id\":\"https:\/\/portaltela.pt\/noticias\/2026\/03\/30\/schjelderup-agrada-ao-barcelona-e-esta-no-melhor-momento-no-benfica\/#article\",\"isPartOf\":{\"@id\":\"https:\/\/portaltela.pt\/noticias\/2026\/03\/30\/schjelderup-agrada-ao-barcelona-e-esta-no-melhor-momento-no-benfica\/\"},\"author\":{\"name\":\"Telinha\",\"@id\":\"https:\/\/portaltela.pt\/#\/schema\/person\/c4278d4a6028830caff9ee44b42d32ed\"},\"headline\":\"Schjelderup agrada ao Barcelona e est\u00e1 no melhor momento no Benfica\",\"datePublished\":\"2026-03-30T20:32:35+00:00\",\"mainEntityOfPage\":{\"@id\":\"https:\/\/portaltela.pt\/noticias\/2026\/03\/30\/schjelderup-agrada-ao-barcelona-e-esta-no-melhor-momento-no-benfica\/\"},\"wordCount\":129,\"image\":{\"@id\":\"https:\/\/portaltela.pt\/noticias\/2026\/03\/30\/schjelderup-agrada-ao-barcelona-e-esta-no-melhor-momento-no-benfica\/#primaryimage\"},\"thumbnailUrl\":\"https:\/\/portaltela.pt\/s.01k8rhncp4jt1\/2026\/03\/img_1200x721uu2026-03-30-20-54-20-2430188-1.jpg\",\"keywords\":[\"Barcelona\",\"Benfica\",\"futebol\",\"futebol internacional\",\"mercado da bola\",\"Schjelderup\"],\"articleSection\":[\"Desporto\",\"Futebol\"],\"inLanguage\":\"pt-PT\"},{\"@type\":\"WebPage\",\"@id\":\"https:\/\/portaltela.pt\/noticias\/2026\/03\/30\/schjelderup-agrada-ao-barcelona-e-esta-no-melhor-momento-no-benfica\/\",\"url\":\"https:\/\/portaltela.pt\/noticias\/2026\/03\/30\/schjelderup-agrada-ao-barcelona-e-esta-no-melhor-momento-no-benfica\/\",\"name\":\"Schjelderup agrada ao Barcelona e est\u00e1 no melhor momento no Benfica - Portal Tela Portugal\",\"isPartOf\":{\"@id\":\"https:\/\/portaltela.pt\/#website\"},\"primaryImageOfPage\":{\"@id\":\"https:\/\/portaltela.pt\/noticias\/2026\/03\/30\/schjelderup-agrada-ao-barcelona-e-esta-no-melhor-momento-no-benfica\/#primaryimage\"},\"image\":{\"@id\":\"https:\/\/portaltela.pt\/noticias\/2026\/03\/30\/schjelderup-agrada-ao-barcelona-e-esta-no-melhor-momento-no-benfica\/#primaryimage\"},\"thumbnailUrl\":\"https:\/\/portaltela.pt\/s.01k8rhncp4jt1\/2026\/03\/img_1200x721uu2026-03-30-20-54-20-2430188-1.jpg\",\"datePublished\":\"2026-03-30T20:32:35+00:00\",\"author\":{\"@id\":\"https:\/\/portaltela.pt\/#\/schema\/person\/c4278d4a6028830caff9ee44b42d32ed\"},\"breadcrumb\":{\"@id\":\"https:\/\/portaltela.pt\/noticias\/2026\/03\/30\/schjelderup-agrada-ao-barcelona-e-esta-no-melhor-momento-no-benfica\/#breadcrumb\"},\"inLanguage\":\"pt-PT\",\"potentialAction\":[{\"@type\":\"ReadAction\",\"target\":[\"https:\/\/portaltela.pt\/noticias\/2026\/03\/30\/schjelderup-agrada-ao-barcelona-e-esta-no-melhor-momento-no-benfica\/\"]}]},{\"@type\":\"ImageObject\",\"inLanguage\":\"pt-PT\",\"@id\":\"https:\/\/portaltela.pt\/noticias\/2026\/03\/30\/schjelderup-agrada-ao-barcelona-e-esta-no-melhor-momento-no-benfica\/#primaryimage\",\"url\":\"https:\/\/portaltela.pt\/s.01k8rhncp4jt1\/2026\/03\/img_1200x721uu2026-03-30-20-54-20-2430188-1.jpg\",\"contentUrl\":\"https:\/\/portaltela.pt\/s.01k8rhncp4jt1\/2026\/03\/img_1200x721uu2026-03-30-20-54-20-2430188-1.jpg\",\"width\":796,\"height\":448,\"caption\":\"Schjelderup agrada muito ao Barcelona: \u00abEst\u00e1 no melhor momento no Benfica...\u00bb\"},{\"@type\":\"BreadcrumbList\",\"@id\":\"https:\/\/portaltela.pt\/noticias\/2026\/03\/30\/schjelderup-agrada-ao-barcelona-e-esta-no-melhor-momento-no-benfica\/#breadcrumb\",\"itemListElement\":[{\"@type\":\"ListItem\",\"position\":1,\"name\":\"In\u00edcio\",\"item\":\"https:\/\/portaltela.pt\/\"},{\"@type\":\"ListItem\",\"position\":2,\"name\":\"Schjelderup agrada ao Barcelona e est\u00e1 no melhor momento no Benfica\"}]},{\"@type\":\"WebSite\",\"@id\":\"https:\/\/portaltela.pt\/#website\",\"url\":\"https:\/\/portaltela.pt\/\",\"name\":\"Portal Tela Portugal\",\"description\":\"\",\"potentialAction\":[{\"@type\":\"SearchAction\",\"target\":{\"@type\":\"EntryPoint\",\"urlTemplate\":\"https:\/\/portaltela.pt\/?s={search_term_string}\"},\"query-input\":{\"@type\":\"PropertyValueSpecification\",\"valueRequired\":true,\"valueName\":\"search_term_string\"}}],\"inLanguage\":\"pt-PT\"},{\"@type\":\"Person\",\"@id\":\"https:\/\/portaltela.pt\/#\/schema\/person\/c4278d4a6028830caff9ee44b42d32ed\",\"name\":\"Telinha\",\"image\":{\"@type\":\"ImageObject\",\"inLanguage\":\"pt-PT\",\"@id\":\"https:\/\/portaltela.pt\/s.01k8rhncp4jt1\/2025\/11\/talking-bot-125x125.png\",\"url\":\"https:\/\/portaltela.pt\/s.01k8rhncp4jt1\/2025\/11\/talking-bot-125x125.png\",\"contentUrl\":\"https:\/\/portaltela.pt\/s.01k8rhncp4jt1\/2025\/11\/talking-bot-125x125.png\",\"caption\":\"Telinha\"},\"sameAs\":[\"https:\/\/portaltela.pt\/\"],\"url\":\"https:\/\/portaltela.pt\/por\/367410592786\/\"}]}<\/script>\n<!-- \/ Yoast SEO plugin. -->","yoast_head_json":{"title":"Schjelderup agrada ao Barcelona e est\u00e1 no melhor momento no Benfica - Portal Tela Portugal","robots":{"index":"index","follow":"follow","max-snippet":"max-snippet:-1","max-image-preview":"max-image-preview:large","max-video-preview":"max-video-preview:-1"},"og_locale":"pt_PT","og_type":"article","og_title":"Schjelderup agrada ao Barcelona e est\u00e1 no melhor momento no Benfica - Portal Tela Portugal","og_description":"Andreas Schjelderup aparece na capa do jornal espanhol Sport, que indica interesse do Barcelona no jogador. O clube catal\u00e3o \u00e9 apresentado como interessado no extremo noruegu\u00eas. Nuno Martins, jornalista do Record, comenta o interesse do Bar\u00e7a no futebolista. Schjelderup encontra-se ao servi\u00e7o do Benfica, onde vive o seu melhor momento.","og_url":"https:\/\/portaltela.pt\/noticias\/2026\/03\/30\/schjelderup-agrada-ao-barcelona-e-esta-no-melhor-momento-no-benfica\/","og_site_name":"Portal Tela Portugal","article_published_time":"2026-03-30T20:32:35+00:00","author":"Telinha","twitter_card":"summary_large_image","twitter_misc":{"Escrito por":"Telinha","Tempo estimado de leitura":"1 minuto"},"schema":{"@context":"https:\/\/schema.org","@graph":[{"@type":"Article","@id":"https:\/\/portaltela.pt\/noticias\/2026\/03\/30\/schjelderup-agrada-ao-barcelona-e-esta-no-melhor-momento-no-benfica\/#article","isPartOf":{"@id":"https:\/\/portaltela.pt\/noticias\/2026\/03\/30\/schjelderup-agrada-ao-barcelona-e-esta-no-melhor-momento-no-benfica\/"},"author":{"name":"Telinha","@id":"https:\/\/portaltela.pt\/#\/schema\/person\/c4278d4a6028830caff9ee44b42d32ed"},"headline":"Schjelderup agrada ao Barcelona e est\u00e1 no melhor momento no Benfica","datePublished":"2026-03-30T20:32:35+00:00","mainEntityOfPage":{"@id":"https:\/\/portaltela.pt\/noticias\/2026\/03\/30\/schjelderup-agrada-ao-barcelona-e-esta-no-melhor-momento-no-benfica\/"},"wordCount":129,"image":{"@id":"https:\/\/portaltela.pt\/noticias\/2026\/03\/30\/schjelderup-agrada-ao-barcelona-e-esta-no-melhor-momento-no-benfica\/#primaryimage"},"thumbnailUrl":"https:\/\/portaltela.pt\/s.01k8rhncp4jt1\/2026\/03\/img_1200x721uu2026-03-30-20-54-20-2430188-1.jpg","keywords":["Barcelona","Benfica","futebol","futebol internacional","mercado da bola","Schjelderup"],"articleSection":["Desporto","Futebol"],"inLanguage":"pt-PT"},{"@type":"WebPage","@id":"https:\/\/portaltela.pt\/noticias\/2026\/03\/30\/schjelderup-agrada-ao-barcelona-e-esta-no-melhor-momento-no-benfica\/","url":"https:\/\/portaltela.pt\/noticias\/2026\/03\/30\/schjelderup-agrada-ao-barcelona-e-esta-no-melhor-momento-no-benfica\/","name":"Schjelderup agrada ao Barcelona e est\u00e1 no melhor momento no Benfica - Portal Tela Portugal","isPartOf":{"@id":"https:\/\/portaltela.pt\/#website"},"primaryImageOfPage":{"@id":"https:\/\/portaltela.pt\/noticias\/2026\/03\/30\/schjelderup-agrada-ao-barcelona-e-esta-no-melhor-momento-no-benfica\/#primaryimage"},"image":{"@id":"https:\/\/portaltela.pt\/noticias\/2026\/03\/30\/schjelderup-agrada-ao-barcelona-e-esta-no-melhor-momento-no-benfica\/#primaryimage"},"thumbnailUrl":"https:\/\/portaltela.pt\/s.01k8rhncp4jt1\/2026\/03\/img_1200x721uu2026-03-30-20-54-20-2430188-1.jpg","datePublished":"2026-03-30T20:32:35+00:00","author":{"@id":"https:\/\/portaltela.pt\/#\/schema\/person\/c4278d4a6028830caff9ee44b42d32ed"},"breadcrumb":{"@id":"https:\/\/portaltela.pt\/noticias\/2026\/03\/30\/schjelderup-agrada-ao-barcelona-e-esta-no-melhor-momento-no-benfica\/#breadcrumb"},"inLanguage":"pt-PT","potentialAction":[{"@type":"ReadAction","target":["https:\/\/portaltela.pt\/noticias\/2026\/03\/30\/schjelderup-agrada-ao-barcelona-e-esta-no-melhor-momento-no-benfica\/"]}]},{"@type":"ImageObject","inLanguage":"pt-PT","@id":"https:\/\/portaltela.pt\/noticias\/2026\/03\/30\/schjelderup-agrada-ao-barcelona-e-esta-no-melhor-momento-no-benfica\/#primaryimage","url":"https:\/\/portaltela.pt\/s.01k8rhncp4jt1\/2026\/03\/img_1200x721uu2026-03-30-20-54-20-2430188-1.jpg","contentUrl":"https:\/\/portaltela.pt\/s.01k8rhncp4jt1\/2026\/03\/img_1200x721uu2026-03-30-20-54-20-2430188-1.jpg","width":796,"height":448,"caption":"Schjelderup agrada muito ao Barcelona: \u00abEst\u00e1 no melhor momento no Benfica...\u00bb"},{"@type":"BreadcrumbList","@id":"https:\/\/portaltela.pt\/noticias\/2026\/03\/30\/schjelderup-agrada-ao-barcelona-e-esta-no-melhor-momento-no-benfica\/#breadcrumb","itemListElement":[{"@type":"ListItem","position":1,"name":"In\u00edcio","item":"https:\/\/portaltela.pt\/"},{"@type":"ListItem","position":2,"name":"Schjelderup agrada ao Barcelona e est\u00e1 no melhor momento no Benfica"}]},{"@type":"WebSite","@id":"https:\/\/portaltela.pt\/#website","url":"https:\/\/portaltela.pt\/","name":"Portal Tela Portugal","description":"","potentialAction":[{"@type":"SearchAction","target":{"@type":"EntryPoint","urlTemplate":"https:\/\/portaltela.pt\/?s={search_term_string}"},"query-input":{"@type":"PropertyValueSpecification","valueRequired":true,"valueName":"search_term_string"}}],"inLanguage":"pt-PT"},{"@type":"Person","@id":"https:\/\/portaltela.pt\/#\/schema\/person\/c4278d4a6028830caff9ee44b42d32ed","name":"Telinha","image":{"@type":"ImageObject","inLanguage":"pt-PT","@id":"https:\/\/portaltela.pt\/s.01k8rhncp4jt1\/2025\/11\/talking-bot-125x125.png","url":"https:\/\/portaltela.pt\/s.01k8rhncp4jt1\/2025\/11\/talking-bot-125x125.png","contentUrl":"https:\/\/portaltela.pt\/s.01k8rhncp4jt1\/2025\/11\/talking-bot-125x125.png","caption":"Telinha"},"sameAs":["https:\/\/portaltela.pt\/"],"url":"https:\/\/portaltela.pt\/por\/367410592786\/"}]}},"_links":{"self":[{"href":"https:\/\/portaltela.pt\/api\/wp\/v2\/posts\/427501","targetHints":{"allow":["GET"]}}],"collection":[{"href":"https:\/\/portaltela.pt\/api\/wp\/v2\/posts"}],"about":[{"href":"https:\/\/portaltela.pt\/api\/wp\/v2\/types\/post"}],"author":[{"embeddable":true,"href":"https:\/\/portaltela.pt\/api\/wp\/v2\/users\/2"}],"replies":[{"embeddable":true,"href":"https:\/\/portaltela.pt\/api\/wp\/v2\/comments?post=427501"}],"version-history":[{"count":0,"href":"https:\/\/portaltela.pt\/api\/wp\/v2\/posts\/427501\/revisions"}],"wp:featuredmedia":[{"embeddable":true,"href":"https:\/\/portaltela.pt\/api\/wp\/v2\/media\/427508"}],"wp:attachment":[{"href":"https:\/\/portaltela.pt\/api\/wp\/v2\/media?parent=427501"}],"wp:term":[{"taxonomy":"category","embeddable":true,"href":"https:\/\/portaltela.pt\/api\/wp\/v2\/categories?post=427501"},{"taxonomy":"post_tag","embeddable":true,"href":"https:\/\/portaltela.pt\/api\/wp\/v2\/tags?post=427501"}],"curies":[{"name":"wp","href":"https:\/\/api.w.org\/{rel}","templated":true}]}}