{"id":427500,"date":"2026-03-30T17:32:34","date_gmt":"2026-03-30T20:32:34","guid":{"rendered":"https:\/\/portaltela.pt\/noticias\/2026\/03\/30\/ex-inspetor-da-pj-falta-de-corpo-nao-implica-impunidade\/"},"modified":"2026-03-30T17:32:34","modified_gmt":"2026-03-30T20:32:34","slug":"ex-inspetor-da-pj-falta-de-corpo-nao-implica-impunidade","status":"publish","type":"post","link":"https:\/\/portaltela.pt\/justica\/2026\/03\/30\/ex-inspetor-da-pj-falta-de-corpo-nao-implica-impunidade\/","title":{"rendered":"Ex-inspetor da PJ: falta de corpo n\u00e3o implica impunidade"},"content":{"rendered":"<p>A quarta parte do programa Investiga\u00e7\u00e3o CM, emitida a 30 de mar\u00e7o de 2026, aborda o caso da gr\u00e1vida da Murtosa, com foco nos depoimentos divulgados e nas diversas perspetivas em torno do sucedido. O epis\u00f3dio analisa como a aus\u00eancia de um corpo pode influenciar o processo e a perce\u00e7\u00e3o p\u00fablica, sem presumir culpabilidade.<\/p>\n<p>Entre os conte\u00fados apresentados, surgem relatos sobre a condu\u00e7\u00e3o do caso, incluindo relatos de familiares e testemunhos que confrontam as decis\u00f5es judiciais tomadas ao longo do processo. A reportagem descreve ainda as consequ\u00eancias para quem est\u00e1 envolvido, com especial aten\u00e7\u00e3o aos impactos emocionais na fam\u00edlia da v\u00edtima.<\/p>\n<p>A pe\u00e7a tamb\u00e9m apresenta depoimentos de uma irm\u00e3 da gr\u00e1vida da Murtosa, lan\u00e7ando luz sobre as din\u00e2micas do caso e as interpreta\u00e7\u00f5es das partes envolvidas. A grava\u00e7\u00e3o inclui ainda refer\u00eancias a mensagens que teriam sido apagadas no \u00e2mbito das investiga\u00e7\u00f5es.<\/p>\n<h3>Depoimentos divulgados<\/h3>\n<p>O material exibido aborda comunica\u00e7\u00f5es entre as partes e poss\u00edveis elementos que influenciaram a perce\u00e7\u00e3o p\u00fablica do processo, sem adiantar conclus\u00f5es.<\/p>\n<h3>Rea\u00e7\u00f5es oficiais<\/h3>\n<p>O conte\u00fado relata a posi\u00e7\u00e3o de fontes oficiais e de entidades examinadoras, incluindo o Minist\u00e9rio P\u00fablico, relativamente \u00e0s decis\u00f5es de absolvi\u00e7\u00e3o. A reportagem descreve o recurso apresentado pela Rela\u00e7\u00e3o do Porto, apontando os fundamentos legais envolvidos.<\/p>\n<h3>Contexto do caso<\/h3>\n<p>O programa exp\u00f5e o enquadramento jur\u00eddico da aus\u00eancia de corpo como aspeto relevante para a avalia\u00e7\u00e3o de m\u00e9rito, explicando que tal aus\u00eancia n\u00e3o implica inexoravelmente impunidade. A pe\u00e7a refor\u00e7a o car\u00e1ter informativo e n\u00e3o opinativo da cobertura.<\/p>\n","protected":false},"excerpt":{"rendered":"<ul>\n<li>A quarta parte do Investiga\u00e7\u00e3o CM foi emitida a segunda-feira, 30 de mar\u00e7o de 2026, e foca o caso da gr\u00e1vida da Murtosa.<\/li>\n<li>Foram divulgados depoimentos relativos ao caso da gr\u00e1vida da Murtosa, incluindo relatos sobre a situa\u00e7\u00e3o da jovem.<\/li>\n<li>Um depoimento da irm\u00e3 da gr\u00e1vida indica que foi \u201cidealizou aquele homem para ela\u201d.<\/li>\n<li>A fam\u00edlia de M\u00f3nica Silva n\u00e3o aceitou a absolvi\u00e7\u00e3o de Fernando Valente.<\/li>\n<li>O Minist\u00e9rio P\u00fablico da Rela\u00e7\u00e3o do Porto recorreu da absolvi\u00e7\u00e3o de Fernando Valente, alegando que todas as mensagens foram apagadas.<\/li>\n<\/ul>\n","protected":false},"author":2,"featured_media":427509,"comment_status":"closed","ping_status":"closed","sticky":false,"template":"","format":"standard","meta":{"footnotes":""},"categories":[7374,6815],"tags":[3754,147,1345,2613,5760,1802],"class_list":["post-427500","post","type-post","status-publish","format-standard","has-post-thumbnail","hentry","category-criminalidade","category-justica","tag-absolvicao","tag-crime","tag-homicidio","tag-ministerio-publico","tag-murtosa","tag-policia-judiciaria"],"yoast_head":"<!-- This site is optimized with the Yoast SEO plugin v27.2 - https:\/\/yoast.com\/product\/yoast-seo-wordpress\/ -->\n<title>Ex-inspetor da PJ: falta de corpo n\u00e3o implica impunidade - Portal Tela Portugal<\/title>\n<meta name=\"robots\" content=\"index, follow, max-snippet:-1, max-image-preview:large, max-video-preview:-1\" \/>\n<meta property=\"og:locale\" content=\"pt_PT\" \/>\n<meta property=\"og:type\" content=\"article\" \/>\n<meta property=\"og:title\" content=\"Ex-inspetor da PJ: falta de corpo n\u00e3o implica impunidade - Portal Tela Portugal\" \/>\n<meta property=\"og:description\" content=\"A quarta parte do Investiga\u00e7\u00e3o CM foi emitida a segunda-feira, 30 de mar\u00e7o de 2026, e foca o caso da gr\u00e1vida da Murtosa. Foram divulgados depoimentos relativos ao caso da gr\u00e1vida da Murtosa, incluindo relatos sobre a situa\u00e7\u00e3o da jovem. Um depoimento da irm\u00e3 da gr\u00e1vida indica que foi \u201cidealizou aquele homem para ela\u201d. A fam\u00edlia de M\u00f3nica Silva n\u00e3o aceitou a absolvi\u00e7\u00e3o de Fernando Valente. O Minist\u00e9rio P\u00fablico da Rela\u00e7\u00e3o do Porto recorreu da absolvi\u00e7\u00e3o de Fernando Valente, alegando que todas as mensagens foram apagadas.\" \/>\n<meta property=\"og:url\" content=\"https:\/\/portaltela.pt\/noticias\/2026\/03\/30\/ex-inspetor-da-pj-falta-de-corpo-nao-implica-impunidade\/\" \/>\n<meta property=\"og:site_name\" content=\"Portal Tela Portugal\" \/>\n<meta property=\"article:published_time\" content=\"2026-03-30T20:32:34+00:00\" \/>\n<meta name=\"author\" content=\"Telinha\" \/>\n<meta name=\"twitter:card\" content=\"summary_large_image\" \/>\n<meta name=\"twitter:label1\" content=\"Escrito por\" \/>\n\t<meta name=\"twitter:data1\" content=\"Telinha\" \/>\n\t<meta name=\"twitter:label2\" content=\"Tempo estimado de leitura\" \/>\n\t<meta name=\"twitter:data2\" content=\"1 minuto\" \/>\n<script type=\"application\/ld+json\" class=\"yoast-schema-graph\">{\"@context\":\"https:\/\/schema.org\",\"@graph\":[{\"@type\":\"Article\",\"@id\":\"https:\/\/portaltela.pt\/noticias\/2026\/03\/30\/ex-inspetor-da-pj-falta-de-corpo-nao-implica-impunidade\/#article\",\"isPartOf\":{\"@id\":\"https:\/\/portaltela.pt\/noticias\/2026\/03\/30\/ex-inspetor-da-pj-falta-de-corpo-nao-implica-impunidade\/\"},\"author\":{\"name\":\"Telinha\",\"@id\":\"https:\/\/portaltela.pt\/#\/schema\/person\/c4278d4a6028830caff9ee44b42d32ed\"},\"headline\":\"Ex-inspetor da PJ: falta de corpo n\u00e3o implica impunidade\",\"datePublished\":\"2026-03-30T20:32:34+00:00\",\"mainEntityOfPage\":{\"@id\":\"https:\/\/portaltela.pt\/noticias\/2026\/03\/30\/ex-inspetor-da-pj-falta-de-corpo-nao-implica-impunidade\/\"},\"wordCount\":297,\"image\":{\"@id\":\"https:\/\/portaltela.pt\/noticias\/2026\/03\/30\/ex-inspetor-da-pj-falta-de-corpo-nao-implica-impunidade\/#primaryimage\"},\"thumbnailUrl\":\"https:\/\/portaltela.pt\/s.01k8rhncp4jt1\/2026\/03\/img_1280x722uu2026-03-30-20-01-09-2275677.jpg\",\"keywords\":[\"absolvi\u00e7\u00e3o\",\"crime\",\"homic\u00eddio\",\"Minist\u00e9rio P\u00fablico\",\"Murtosa\",\"Pol\u00edcia Judici\u00e1ria\"],\"articleSection\":[\"Criminalidade\",\"Justi\u00e7a\"],\"inLanguage\":\"pt-PT\"},{\"@type\":\"WebPage\",\"@id\":\"https:\/\/portaltela.pt\/noticias\/2026\/03\/30\/ex-inspetor-da-pj-falta-de-corpo-nao-implica-impunidade\/\",\"url\":\"https:\/\/portaltela.pt\/noticias\/2026\/03\/30\/ex-inspetor-da-pj-falta-de-corpo-nao-implica-impunidade\/\",\"name\":\"Ex-inspetor da PJ: falta de corpo n\u00e3o implica impunidade - Portal Tela Portugal\",\"isPartOf\":{\"@id\":\"https:\/\/portaltela.pt\/#website\"},\"primaryImageOfPage\":{\"@id\":\"https:\/\/portaltela.pt\/noticias\/2026\/03\/30\/ex-inspetor-da-pj-falta-de-corpo-nao-implica-impunidade\/#primaryimage\"},\"image\":{\"@id\":\"https:\/\/portaltela.pt\/noticias\/2026\/03\/30\/ex-inspetor-da-pj-falta-de-corpo-nao-implica-impunidade\/#primaryimage\"},\"thumbnailUrl\":\"https:\/\/portaltela.pt\/s.01k8rhncp4jt1\/2026\/03\/img_1280x722uu2026-03-30-20-01-09-2275677.jpg\",\"datePublished\":\"2026-03-30T20:32:34+00:00\",\"author\":{\"@id\":\"https:\/\/portaltela.pt\/#\/schema\/person\/c4278d4a6028830caff9ee44b42d32ed\"},\"breadcrumb\":{\"@id\":\"https:\/\/portaltela.pt\/noticias\/2026\/03\/30\/ex-inspetor-da-pj-falta-de-corpo-nao-implica-impunidade\/#breadcrumb\"},\"inLanguage\":\"pt-PT\",\"potentialAction\":[{\"@type\":\"ReadAction\",\"target\":[\"https:\/\/portaltela.pt\/noticias\/2026\/03\/30\/ex-inspetor-da-pj-falta-de-corpo-nao-implica-impunidade\/\"]}]},{\"@type\":\"ImageObject\",\"inLanguage\":\"pt-PT\",\"@id\":\"https:\/\/portaltela.pt\/noticias\/2026\/03\/30\/ex-inspetor-da-pj-falta-de-corpo-nao-implica-impunidade\/#primaryimage\",\"url\":\"https:\/\/portaltela.pt\/s.01k8rhncp4jt1\/2026\/03\/img_1280x722uu2026-03-30-20-01-09-2275677.jpg\",\"contentUrl\":\"https:\/\/portaltela.pt\/s.01k8rhncp4jt1\/2026\/03\/img_1280x722uu2026-03-30-20-01-09-2275677.jpg\",\"width\":796,\"height\":448,\"caption\":\"Photo\"},{\"@type\":\"BreadcrumbList\",\"@id\":\"https:\/\/portaltela.pt\/noticias\/2026\/03\/30\/ex-inspetor-da-pj-falta-de-corpo-nao-implica-impunidade\/#breadcrumb\",\"itemListElement\":[{\"@type\":\"ListItem\",\"position\":1,\"name\":\"In\u00edcio\",\"item\":\"https:\/\/portaltela.pt\/\"},{\"@type\":\"ListItem\",\"position\":2,\"name\":\"Ex-inspetor da PJ: falta de corpo n\u00e3o implica impunidade\"}]},{\"@type\":\"WebSite\",\"@id\":\"https:\/\/portaltela.pt\/#website\",\"url\":\"https:\/\/portaltela.pt\/\",\"name\":\"Portal Tela Portugal\",\"description\":\"\",\"potentialAction\":[{\"@type\":\"SearchAction\",\"target\":{\"@type\":\"EntryPoint\",\"urlTemplate\":\"https:\/\/portaltela.pt\/?s={search_term_string}\"},\"query-input\":{\"@type\":\"PropertyValueSpecification\",\"valueRequired\":true,\"valueName\":\"search_term_string\"}}],\"inLanguage\":\"pt-PT\"},{\"@type\":\"Person\",\"@id\":\"https:\/\/portaltela.pt\/#\/schema\/person\/c4278d4a6028830caff9ee44b42d32ed\",\"name\":\"Telinha\",\"image\":{\"@type\":\"ImageObject\",\"inLanguage\":\"pt-PT\",\"@id\":\"https:\/\/portaltela.pt\/s.01k8rhncp4jt1\/2025\/11\/talking-bot-125x125.png\",\"url\":\"https:\/\/portaltela.pt\/s.01k8rhncp4jt1\/2025\/11\/talking-bot-125x125.png\",\"contentUrl\":\"https:\/\/portaltela.pt\/s.01k8rhncp4jt1\/2025\/11\/talking-bot-125x125.png\",\"caption\":\"Telinha\"},\"sameAs\":[\"https:\/\/portaltela.pt\/\"],\"url\":\"https:\/\/portaltela.pt\/por\/367410592786\/\"}]}<\/script>\n<!-- \/ Yoast SEO plugin. -->","yoast_head_json":{"title":"Ex-inspetor da PJ: falta de corpo n\u00e3o implica impunidade - Portal Tela Portugal","robots":{"index":"index","follow":"follow","max-snippet":"max-snippet:-1","max-image-preview":"max-image-preview:large","max-video-preview":"max-video-preview:-1"},"og_locale":"pt_PT","og_type":"article","og_title":"Ex-inspetor da PJ: falta de corpo n\u00e3o implica impunidade - Portal Tela Portugal","og_description":"A quarta parte do Investiga\u00e7\u00e3o CM foi emitida a segunda-feira, 30 de mar\u00e7o de 2026, e foca o caso da gr\u00e1vida da Murtosa. Foram divulgados depoimentos relativos ao caso da gr\u00e1vida da Murtosa, incluindo relatos sobre a situa\u00e7\u00e3o da jovem. Um depoimento da irm\u00e3 da gr\u00e1vida indica que foi \u201cidealizou aquele homem para ela\u201d. A fam\u00edlia de M\u00f3nica Silva n\u00e3o aceitou a absolvi\u00e7\u00e3o de Fernando Valente. O Minist\u00e9rio P\u00fablico da Rela\u00e7\u00e3o do Porto recorreu da absolvi\u00e7\u00e3o de Fernando Valente, alegando que todas as mensagens foram apagadas.","og_url":"https:\/\/portaltela.pt\/noticias\/2026\/03\/30\/ex-inspetor-da-pj-falta-de-corpo-nao-implica-impunidade\/","og_site_name":"Portal Tela Portugal","article_published_time":"2026-03-30T20:32:34+00:00","author":"Telinha","twitter_card":"summary_large_image","twitter_misc":{"Escrito por":"Telinha","Tempo estimado de leitura":"1 minuto"},"schema":{"@context":"https:\/\/schema.org","@graph":[{"@type":"Article","@id":"https:\/\/portaltela.pt\/noticias\/2026\/03\/30\/ex-inspetor-da-pj-falta-de-corpo-nao-implica-impunidade\/#article","isPartOf":{"@id":"https:\/\/portaltela.pt\/noticias\/2026\/03\/30\/ex-inspetor-da-pj-falta-de-corpo-nao-implica-impunidade\/"},"author":{"name":"Telinha","@id":"https:\/\/portaltela.pt\/#\/schema\/person\/c4278d4a6028830caff9ee44b42d32ed"},"headline":"Ex-inspetor da PJ: falta de corpo n\u00e3o implica impunidade","datePublished":"2026-03-30T20:32:34+00:00","mainEntityOfPage":{"@id":"https:\/\/portaltela.pt\/noticias\/2026\/03\/30\/ex-inspetor-da-pj-falta-de-corpo-nao-implica-impunidade\/"},"wordCount":297,"image":{"@id":"https:\/\/portaltela.pt\/noticias\/2026\/03\/30\/ex-inspetor-da-pj-falta-de-corpo-nao-implica-impunidade\/#primaryimage"},"thumbnailUrl":"https:\/\/portaltela.pt\/s.01k8rhncp4jt1\/2026\/03\/img_1280x722uu2026-03-30-20-01-09-2275677.jpg","keywords":["absolvi\u00e7\u00e3o","crime","homic\u00eddio","Minist\u00e9rio P\u00fablico","Murtosa","Pol\u00edcia Judici\u00e1ria"],"articleSection":["Criminalidade","Justi\u00e7a"],"inLanguage":"pt-PT"},{"@type":"WebPage","@id":"https:\/\/portaltela.pt\/noticias\/2026\/03\/30\/ex-inspetor-da-pj-falta-de-corpo-nao-implica-impunidade\/","url":"https:\/\/portaltela.pt\/noticias\/2026\/03\/30\/ex-inspetor-da-pj-falta-de-corpo-nao-implica-impunidade\/","name":"Ex-inspetor da PJ: falta de corpo n\u00e3o implica impunidade - Portal Tela Portugal","isPartOf":{"@id":"https:\/\/portaltela.pt\/#website"},"primaryImageOfPage":{"@id":"https:\/\/portaltela.pt\/noticias\/2026\/03\/30\/ex-inspetor-da-pj-falta-de-corpo-nao-implica-impunidade\/#primaryimage"},"image":{"@id":"https:\/\/portaltela.pt\/noticias\/2026\/03\/30\/ex-inspetor-da-pj-falta-de-corpo-nao-implica-impunidade\/#primaryimage"},"thumbnailUrl":"https:\/\/portaltela.pt\/s.01k8rhncp4jt1\/2026\/03\/img_1280x722uu2026-03-30-20-01-09-2275677.jpg","datePublished":"2026-03-30T20:32:34+00:00","author":{"@id":"https:\/\/portaltela.pt\/#\/schema\/person\/c4278d4a6028830caff9ee44b42d32ed"},"breadcrumb":{"@id":"https:\/\/portaltela.pt\/noticias\/2026\/03\/30\/ex-inspetor-da-pj-falta-de-corpo-nao-implica-impunidade\/#breadcrumb"},"inLanguage":"pt-PT","potentialAction":[{"@type":"ReadAction","target":["https:\/\/portaltela.pt\/noticias\/2026\/03\/30\/ex-inspetor-da-pj-falta-de-corpo-nao-implica-impunidade\/"]}]},{"@type":"ImageObject","inLanguage":"pt-PT","@id":"https:\/\/portaltela.pt\/noticias\/2026\/03\/30\/ex-inspetor-da-pj-falta-de-corpo-nao-implica-impunidade\/#primaryimage","url":"https:\/\/portaltela.pt\/s.01k8rhncp4jt1\/2026\/03\/img_1280x722uu2026-03-30-20-01-09-2275677.jpg","contentUrl":"https:\/\/portaltela.pt\/s.01k8rhncp4jt1\/2026\/03\/img_1280x722uu2026-03-30-20-01-09-2275677.jpg","width":796,"height":448,"caption":"Photo"},{"@type":"BreadcrumbList","@id":"https:\/\/portaltela.pt\/noticias\/2026\/03\/30\/ex-inspetor-da-pj-falta-de-corpo-nao-implica-impunidade\/#breadcrumb","itemListElement":[{"@type":"ListItem","position":1,"name":"In\u00edcio","item":"https:\/\/portaltela.pt\/"},{"@type":"ListItem","position":2,"name":"Ex-inspetor da PJ: falta de corpo n\u00e3o implica impunidade"}]},{"@type":"WebSite","@id":"https:\/\/portaltela.pt\/#website","url":"https:\/\/portaltela.pt\/","name":"Portal Tela Portugal","description":"","potentialAction":[{"@type":"SearchAction","target":{"@type":"EntryPoint","urlTemplate":"https:\/\/portaltela.pt\/?s={search_term_string}"},"query-input":{"@type":"PropertyValueSpecification","valueRequired":true,"valueName":"search_term_string"}}],"inLanguage":"pt-PT"},{"@type":"Person","@id":"https:\/\/portaltela.pt\/#\/schema\/person\/c4278d4a6028830caff9ee44b42d32ed","name":"Telinha","image":{"@type":"ImageObject","inLanguage":"pt-PT","@id":"https:\/\/portaltela.pt\/s.01k8rhncp4jt1\/2025\/11\/talking-bot-125x125.png","url":"https:\/\/portaltela.pt\/s.01k8rhncp4jt1\/2025\/11\/talking-bot-125x125.png","contentUrl":"https:\/\/portaltela.pt\/s.01k8rhncp4jt1\/2025\/11\/talking-bot-125x125.png","caption":"Telinha"},"sameAs":["https:\/\/portaltela.pt\/"],"url":"https:\/\/portaltela.pt\/por\/367410592786\/"}]}},"_links":{"self":[{"href":"https:\/\/portaltela.pt\/api\/wp\/v2\/posts\/427500","targetHints":{"allow":["GET"]}}],"collection":[{"href":"https:\/\/portaltela.pt\/api\/wp\/v2\/posts"}],"about":[{"href":"https:\/\/portaltela.pt\/api\/wp\/v2\/types\/post"}],"author":[{"embeddable":true,"href":"https:\/\/portaltela.pt\/api\/wp\/v2\/users\/2"}],"replies":[{"embeddable":true,"href":"https:\/\/portaltela.pt\/api\/wp\/v2\/comments?post=427500"}],"version-history":[{"count":0,"href":"https:\/\/portaltela.pt\/api\/wp\/v2\/posts\/427500\/revisions"}],"wp:featuredmedia":[{"embeddable":true,"href":"https:\/\/portaltela.pt\/api\/wp\/v2\/media\/427509"}],"wp:attachment":[{"href":"https:\/\/portaltela.pt\/api\/wp\/v2\/media?parent=427500"}],"wp:term":[{"taxonomy":"category","embeddable":true,"href":"https:\/\/portaltela.pt\/api\/wp\/v2\/categories?post=427500"},{"taxonomy":"post_tag","embeddable":true,"href":"https:\/\/portaltela.pt\/api\/wp\/v2\/tags?post=427500"}],"curies":[{"name":"wp","href":"https:\/\/api.w.org\/{rel}","templated":true}]}}