{"id":427498,"date":"2026-03-30T17:32:30","date_gmt":"2026-03-30T20:32:30","guid":{"rendered":"https:\/\/portaltela.pt\/noticias\/2026\/03\/30\/depoimentos-divulgados-no-caso-da-gravida-da-murtosa\/"},"modified":"2026-03-30T17:32:30","modified_gmt":"2026-03-30T20:32:30","slug":"depoimentos-divulgados-no-caso-da-gravida-da-murtosa","status":"publish","type":"post","link":"https:\/\/portaltela.pt\/noticias\/2026\/03\/30\/depoimentos-divulgados-no-caso-da-gravida-da-murtosa\/","title":{"rendered":"Depoimentos divulgados no caso da gr\u00e1vida da Murtosa"},"content":{"rendered":"<p>O julgamento relacionado com a morte de M\u00f3nica Silva teve depoimentos divulgados nesta segunda-feira. O Investiga\u00e7\u00e3o CM revela que Sara Silva, irm\u00e3 da v\u00edtima, afirmou que M\u00f3nica estava iludida e imaginava um futuro com Fernando Valente.<\/p>\n<p>Manuel Valente, irm\u00e3o do suspeito, disse aos tribunais ter estado com o filho na noite do homic\u00eddio, apresentando um \u00e1libi. Os depoimentos, dados \u00e0 porta fechada, n\u00e3o tinham sido tornados p\u00fablicos.<\/p>\n<p>A investiga\u00e7\u00e3o continua em Aveiro, com v\u00e1rias testemunhas a ser ouvidas. A pol\u00edcia procura esclarecer a rela\u00e7\u00e3o entre a v\u00edtima e Fernando Valente, o principal suspeito desde o in\u00edcio do processo.<\/p>\n<p>A fam\u00edlia de M\u00f3nica Silva espera que a justi\u00e7a seja feita, com os respons\u00e1veis punidos de acordo com a lei, \u00e0 luz das novas declara\u00e7\u00f5es recolhidas durante o julgamento.<\/p>\n","protected":false},"excerpt":{"rendered":"<ul>\n<li>O julgamento da morte de M\u00f3nica Silva decorre na comarca de Aveiro, com v\u00e1rias testemunhas a ser ouvidas.<\/li>\n<li>Sara Silva, irm\u00e3 da v\u00edtima, afirmou que M\u00f3nica estava iludida e imaginava um futuro com Fernando Valente.<\/li>\n<li>Manuel Valente, irm\u00e3o do suspeito, disse ter estado com o filho na noite do homic\u00eddio, dando um \u00e1libi.<\/li>\n<li>A rela\u00e7\u00e3o entre M\u00f3nica Silva e Fernando Valente foi descrita como conturbada, com o presum\u00edvel envolvimento dele negado.<\/li>\n<li>A investiga\u00e7\u00e3o continua a apurar motiva\u00e7\u00f5es e testemunhas para esclarecer o caso.<\/li>\n<\/ul>\n","protected":false},"author":2,"featured_media":427504,"comment_status":"closed","ping_status":"closed","sticky":false,"template":"","format":"standard","meta":{"footnotes":""},"categories":[6815,1],"tags":[1059,147,1345,215,803,4207],"class_list":["post-427498","post","type-post","status-publish","format-standard","has-post-thumbnail","hentry","category-justica","category-noticias","tag-aveiro","tag-crime","tag-homicidio","tag-investigacao","tag-justica","tag-testemunhos"],"yoast_head":"<!-- This site is optimized with the Yoast SEO plugin v27.2 - https:\/\/yoast.com\/product\/yoast-seo-wordpress\/ -->\n<title>Depoimentos divulgados no caso da gr\u00e1vida da Murtosa - Portal Tela Portugal<\/title>\n<meta name=\"robots\" content=\"index, follow, max-snippet:-1, max-image-preview:large, max-video-preview:-1\" \/>\n<meta property=\"og:locale\" content=\"pt_PT\" \/>\n<meta property=\"og:type\" content=\"article\" \/>\n<meta property=\"og:title\" content=\"Depoimentos divulgados no caso da gr\u00e1vida da Murtosa - Portal Tela Portugal\" \/>\n<meta property=\"og:description\" content=\"O julgamento da morte de M\u00f3nica Silva decorre na comarca de Aveiro, com v\u00e1rias testemunhas a ser ouvidas. Sara Silva, irm\u00e3 da v\u00edtima, afirmou que M\u00f3nica estava iludida e imaginava um futuro com Fernando Valente. Manuel Valente, irm\u00e3o do suspeito, disse ter estado com o filho na noite do homic\u00eddio, dando um \u00e1libi. A rela\u00e7\u00e3o entre M\u00f3nica Silva e Fernando Valente foi descrita como conturbada, com o presum\u00edvel envolvimento dele negado. A investiga\u00e7\u00e3o continua a apurar motiva\u00e7\u00f5es e testemunhas para esclarecer o caso.\" \/>\n<meta property=\"og:url\" content=\"https:\/\/portaltela.pt\/noticias\/2026\/03\/30\/depoimentos-divulgados-no-caso-da-gravida-da-murtosa\/\" \/>\n<meta property=\"og:site_name\" content=\"Portal Tela Portugal\" \/>\n<meta property=\"article:published_time\" content=\"2026-03-30T20:32:30+00:00\" \/>\n<meta name=\"author\" content=\"Telinha\" \/>\n<meta name=\"twitter:card\" content=\"summary_large_image\" \/>\n<meta name=\"twitter:label1\" content=\"Escrito por\" \/>\n\t<meta name=\"twitter:data1\" content=\"Telinha\" \/>\n\t<meta name=\"twitter:label2\" content=\"Tempo estimado de leitura\" \/>\n\t<meta name=\"twitter:data2\" content=\"1 minuto\" \/>\n<script type=\"application\/ld+json\" class=\"yoast-schema-graph\">{\"@context\":\"https:\/\/schema.org\",\"@graph\":[{\"@type\":\"Article\",\"@id\":\"https:\/\/portaltela.pt\/noticias\/2026\/03\/30\/depoimentos-divulgados-no-caso-da-gravida-da-murtosa\/#article\",\"isPartOf\":{\"@id\":\"https:\/\/portaltela.pt\/noticias\/2026\/03\/30\/depoimentos-divulgados-no-caso-da-gravida-da-murtosa\/\"},\"author\":{\"name\":\"Telinha\",\"@id\":\"https:\/\/portaltela.pt\/#\/schema\/person\/c4278d4a6028830caff9ee44b42d32ed\"},\"headline\":\"Depoimentos divulgados no caso da gr\u00e1vida da Murtosa\",\"datePublished\":\"2026-03-30T20:32:30+00:00\",\"mainEntityOfPage\":{\"@id\":\"https:\/\/portaltela.pt\/noticias\/2026\/03\/30\/depoimentos-divulgados-no-caso-da-gravida-da-murtosa\/\"},\"wordCount\":153,\"image\":{\"@id\":\"https:\/\/portaltela.pt\/noticias\/2026\/03\/30\/depoimentos-divulgados-no-caso-da-gravida-da-murtosa\/#primaryimage\"},\"thumbnailUrl\":\"https:\/\/portaltela.pt\/s.01k8rhncp4jt1\/2026\/03\/img_1500x1000uu2024-05-10-16-21-00-1650932.jpg\",\"keywords\":[\"Aveiro\",\"crime\",\"homic\u00eddio\",\"investiga\u00e7\u00e3o\",\"justi\u00e7a\",\"testemunhos\"],\"articleSection\":[\"Justi\u00e7a\",\"Not\u00edcias\"],\"inLanguage\":\"pt-PT\"},{\"@type\":\"WebPage\",\"@id\":\"https:\/\/portaltela.pt\/noticias\/2026\/03\/30\/depoimentos-divulgados-no-caso-da-gravida-da-murtosa\/\",\"url\":\"https:\/\/portaltela.pt\/noticias\/2026\/03\/30\/depoimentos-divulgados-no-caso-da-gravida-da-murtosa\/\",\"name\":\"Depoimentos divulgados no caso da gr\u00e1vida da Murtosa - Portal Tela Portugal\",\"isPartOf\":{\"@id\":\"https:\/\/portaltela.pt\/#website\"},\"primaryImageOfPage\":{\"@id\":\"https:\/\/portaltela.pt\/noticias\/2026\/03\/30\/depoimentos-divulgados-no-caso-da-gravida-da-murtosa\/#primaryimage\"},\"image\":{\"@id\":\"https:\/\/portaltela.pt\/noticias\/2026\/03\/30\/depoimentos-divulgados-no-caso-da-gravida-da-murtosa\/#primaryimage\"},\"thumbnailUrl\":\"https:\/\/portaltela.pt\/s.01k8rhncp4jt1\/2026\/03\/img_1500x1000uu2024-05-10-16-21-00-1650932.jpg\",\"datePublished\":\"2026-03-30T20:32:30+00:00\",\"author\":{\"@id\":\"https:\/\/portaltela.pt\/#\/schema\/person\/c4278d4a6028830caff9ee44b42d32ed\"},\"breadcrumb\":{\"@id\":\"https:\/\/portaltela.pt\/noticias\/2026\/03\/30\/depoimentos-divulgados-no-caso-da-gravida-da-murtosa\/#breadcrumb\"},\"inLanguage\":\"pt-PT\",\"potentialAction\":[{\"@type\":\"ReadAction\",\"target\":[\"https:\/\/portaltela.pt\/noticias\/2026\/03\/30\/depoimentos-divulgados-no-caso-da-gravida-da-murtosa\/\"]}]},{\"@type\":\"ImageObject\",\"inLanguage\":\"pt-PT\",\"@id\":\"https:\/\/portaltela.pt\/noticias\/2026\/03\/30\/depoimentos-divulgados-no-caso-da-gravida-da-murtosa\/#primaryimage\",\"url\":\"https:\/\/portaltela.pt\/s.01k8rhncp4jt1\/2026\/03\/img_1500x1000uu2024-05-10-16-21-00-1650932.jpg\",\"contentUrl\":\"https:\/\/portaltela.pt\/s.01k8rhncp4jt1\/2026\/03\/img_1500x1000uu2024-05-10-16-21-00-1650932.jpg\",\"width\":796,\"height\":448,\"caption\":\"Decretada especial complexidade no caso do desaparecimento da gr\u00e1vida da Murtosa\"},{\"@type\":\"BreadcrumbList\",\"@id\":\"https:\/\/portaltela.pt\/noticias\/2026\/03\/30\/depoimentos-divulgados-no-caso-da-gravida-da-murtosa\/#breadcrumb\",\"itemListElement\":[{\"@type\":\"ListItem\",\"position\":1,\"name\":\"In\u00edcio\",\"item\":\"https:\/\/portaltela.pt\/\"},{\"@type\":\"ListItem\",\"position\":2,\"name\":\"Depoimentos divulgados no caso da gr\u00e1vida da Murtosa\"}]},{\"@type\":\"WebSite\",\"@id\":\"https:\/\/portaltela.pt\/#website\",\"url\":\"https:\/\/portaltela.pt\/\",\"name\":\"Portal Tela Portugal\",\"description\":\"\",\"potentialAction\":[{\"@type\":\"SearchAction\",\"target\":{\"@type\":\"EntryPoint\",\"urlTemplate\":\"https:\/\/portaltela.pt\/?s={search_term_string}\"},\"query-input\":{\"@type\":\"PropertyValueSpecification\",\"valueRequired\":true,\"valueName\":\"search_term_string\"}}],\"inLanguage\":\"pt-PT\"},{\"@type\":\"Person\",\"@id\":\"https:\/\/portaltela.pt\/#\/schema\/person\/c4278d4a6028830caff9ee44b42d32ed\",\"name\":\"Telinha\",\"image\":{\"@type\":\"ImageObject\",\"inLanguage\":\"pt-PT\",\"@id\":\"https:\/\/portaltela.pt\/s.01k8rhncp4jt1\/2025\/11\/talking-bot-125x125.png\",\"url\":\"https:\/\/portaltela.pt\/s.01k8rhncp4jt1\/2025\/11\/talking-bot-125x125.png\",\"contentUrl\":\"https:\/\/portaltela.pt\/s.01k8rhncp4jt1\/2025\/11\/talking-bot-125x125.png\",\"caption\":\"Telinha\"},\"sameAs\":[\"https:\/\/portaltela.pt\/\"],\"url\":\"https:\/\/portaltela.pt\/por\/367410592786\/\"}]}<\/script>\n<!-- \/ Yoast SEO plugin. -->","yoast_head_json":{"title":"Depoimentos divulgados no caso da gr\u00e1vida da Murtosa - Portal Tela Portugal","robots":{"index":"index","follow":"follow","max-snippet":"max-snippet:-1","max-image-preview":"max-image-preview:large","max-video-preview":"max-video-preview:-1"},"og_locale":"pt_PT","og_type":"article","og_title":"Depoimentos divulgados no caso da gr\u00e1vida da Murtosa - Portal Tela Portugal","og_description":"O julgamento da morte de M\u00f3nica Silva decorre na comarca de Aveiro, com v\u00e1rias testemunhas a ser ouvidas. Sara Silva, irm\u00e3 da v\u00edtima, afirmou que M\u00f3nica estava iludida e imaginava um futuro com Fernando Valente. Manuel Valente, irm\u00e3o do suspeito, disse ter estado com o filho na noite do homic\u00eddio, dando um \u00e1libi. A rela\u00e7\u00e3o entre M\u00f3nica Silva e Fernando Valente foi descrita como conturbada, com o presum\u00edvel envolvimento dele negado. A investiga\u00e7\u00e3o continua a apurar motiva\u00e7\u00f5es e testemunhas para esclarecer o caso.","og_url":"https:\/\/portaltela.pt\/noticias\/2026\/03\/30\/depoimentos-divulgados-no-caso-da-gravida-da-murtosa\/","og_site_name":"Portal Tela Portugal","article_published_time":"2026-03-30T20:32:30+00:00","author":"Telinha","twitter_card":"summary_large_image","twitter_misc":{"Escrito por":"Telinha","Tempo estimado de leitura":"1 minuto"},"schema":{"@context":"https:\/\/schema.org","@graph":[{"@type":"Article","@id":"https:\/\/portaltela.pt\/noticias\/2026\/03\/30\/depoimentos-divulgados-no-caso-da-gravida-da-murtosa\/#article","isPartOf":{"@id":"https:\/\/portaltela.pt\/noticias\/2026\/03\/30\/depoimentos-divulgados-no-caso-da-gravida-da-murtosa\/"},"author":{"name":"Telinha","@id":"https:\/\/portaltela.pt\/#\/schema\/person\/c4278d4a6028830caff9ee44b42d32ed"},"headline":"Depoimentos divulgados no caso da gr\u00e1vida da Murtosa","datePublished":"2026-03-30T20:32:30+00:00","mainEntityOfPage":{"@id":"https:\/\/portaltela.pt\/noticias\/2026\/03\/30\/depoimentos-divulgados-no-caso-da-gravida-da-murtosa\/"},"wordCount":153,"image":{"@id":"https:\/\/portaltela.pt\/noticias\/2026\/03\/30\/depoimentos-divulgados-no-caso-da-gravida-da-murtosa\/#primaryimage"},"thumbnailUrl":"https:\/\/portaltela.pt\/s.01k8rhncp4jt1\/2026\/03\/img_1500x1000uu2024-05-10-16-21-00-1650932.jpg","keywords":["Aveiro","crime","homic\u00eddio","investiga\u00e7\u00e3o","justi\u00e7a","testemunhos"],"articleSection":["Justi\u00e7a","Not\u00edcias"],"inLanguage":"pt-PT"},{"@type":"WebPage","@id":"https:\/\/portaltela.pt\/noticias\/2026\/03\/30\/depoimentos-divulgados-no-caso-da-gravida-da-murtosa\/","url":"https:\/\/portaltela.pt\/noticias\/2026\/03\/30\/depoimentos-divulgados-no-caso-da-gravida-da-murtosa\/","name":"Depoimentos divulgados no caso da gr\u00e1vida da Murtosa - Portal Tela Portugal","isPartOf":{"@id":"https:\/\/portaltela.pt\/#website"},"primaryImageOfPage":{"@id":"https:\/\/portaltela.pt\/noticias\/2026\/03\/30\/depoimentos-divulgados-no-caso-da-gravida-da-murtosa\/#primaryimage"},"image":{"@id":"https:\/\/portaltela.pt\/noticias\/2026\/03\/30\/depoimentos-divulgados-no-caso-da-gravida-da-murtosa\/#primaryimage"},"thumbnailUrl":"https:\/\/portaltela.pt\/s.01k8rhncp4jt1\/2026\/03\/img_1500x1000uu2024-05-10-16-21-00-1650932.jpg","datePublished":"2026-03-30T20:32:30+00:00","author":{"@id":"https:\/\/portaltela.pt\/#\/schema\/person\/c4278d4a6028830caff9ee44b42d32ed"},"breadcrumb":{"@id":"https:\/\/portaltela.pt\/noticias\/2026\/03\/30\/depoimentos-divulgados-no-caso-da-gravida-da-murtosa\/#breadcrumb"},"inLanguage":"pt-PT","potentialAction":[{"@type":"ReadAction","target":["https:\/\/portaltela.pt\/noticias\/2026\/03\/30\/depoimentos-divulgados-no-caso-da-gravida-da-murtosa\/"]}]},{"@type":"ImageObject","inLanguage":"pt-PT","@id":"https:\/\/portaltela.pt\/noticias\/2026\/03\/30\/depoimentos-divulgados-no-caso-da-gravida-da-murtosa\/#primaryimage","url":"https:\/\/portaltela.pt\/s.01k8rhncp4jt1\/2026\/03\/img_1500x1000uu2024-05-10-16-21-00-1650932.jpg","contentUrl":"https:\/\/portaltela.pt\/s.01k8rhncp4jt1\/2026\/03\/img_1500x1000uu2024-05-10-16-21-00-1650932.jpg","width":796,"height":448,"caption":"Decretada especial complexidade no caso do desaparecimento da gr\u00e1vida da Murtosa"},{"@type":"BreadcrumbList","@id":"https:\/\/portaltela.pt\/noticias\/2026\/03\/30\/depoimentos-divulgados-no-caso-da-gravida-da-murtosa\/#breadcrumb","itemListElement":[{"@type":"ListItem","position":1,"name":"In\u00edcio","item":"https:\/\/portaltela.pt\/"},{"@type":"ListItem","position":2,"name":"Depoimentos divulgados no caso da gr\u00e1vida da Murtosa"}]},{"@type":"WebSite","@id":"https:\/\/portaltela.pt\/#website","url":"https:\/\/portaltela.pt\/","name":"Portal Tela Portugal","description":"","potentialAction":[{"@type":"SearchAction","target":{"@type":"EntryPoint","urlTemplate":"https:\/\/portaltela.pt\/?s={search_term_string}"},"query-input":{"@type":"PropertyValueSpecification","valueRequired":true,"valueName":"search_term_string"}}],"inLanguage":"pt-PT"},{"@type":"Person","@id":"https:\/\/portaltela.pt\/#\/schema\/person\/c4278d4a6028830caff9ee44b42d32ed","name":"Telinha","image":{"@type":"ImageObject","inLanguage":"pt-PT","@id":"https:\/\/portaltela.pt\/s.01k8rhncp4jt1\/2025\/11\/talking-bot-125x125.png","url":"https:\/\/portaltela.pt\/s.01k8rhncp4jt1\/2025\/11\/talking-bot-125x125.png","contentUrl":"https:\/\/portaltela.pt\/s.01k8rhncp4jt1\/2025\/11\/talking-bot-125x125.png","caption":"Telinha"},"sameAs":["https:\/\/portaltela.pt\/"],"url":"https:\/\/portaltela.pt\/por\/367410592786\/"}]}},"_links":{"self":[{"href":"https:\/\/portaltela.pt\/api\/wp\/v2\/posts\/427498","targetHints":{"allow":["GET"]}}],"collection":[{"href":"https:\/\/portaltela.pt\/api\/wp\/v2\/posts"}],"about":[{"href":"https:\/\/portaltela.pt\/api\/wp\/v2\/types\/post"}],"author":[{"embeddable":true,"href":"https:\/\/portaltela.pt\/api\/wp\/v2\/users\/2"}],"replies":[{"embeddable":true,"href":"https:\/\/portaltela.pt\/api\/wp\/v2\/comments?post=427498"}],"version-history":[{"count":0,"href":"https:\/\/portaltela.pt\/api\/wp\/v2\/posts\/427498\/revisions"}],"wp:featuredmedia":[{"embeddable":true,"href":"https:\/\/portaltela.pt\/api\/wp\/v2\/media\/427504"}],"wp:attachment":[{"href":"https:\/\/portaltela.pt\/api\/wp\/v2\/media?parent=427498"}],"wp:term":[{"taxonomy":"category","embeddable":true,"href":"https:\/\/portaltela.pt\/api\/wp\/v2\/categories?post=427498"},{"taxonomy":"post_tag","embeddable":true,"href":"https:\/\/portaltela.pt\/api\/wp\/v2\/tags?post=427498"}],"curies":[{"name":"wp","href":"https:\/\/api.w.org\/{rel}","templated":true}]}}