{"id":427497,"date":"2026-03-30T17:32:28","date_gmt":"2026-03-30T20:32:28","guid":{"rendered":"https:\/\/portaltela.pt\/noticias\/2026\/03\/30\/irma-de-gravida-da-murtosa-revela-depoimento-sobre-o-homem-idealizado-para-ela\/"},"modified":"2026-03-30T17:32:28","modified_gmt":"2026-03-30T20:32:28","slug":"irma-de-gravida-da-murtosa-revela-depoimento-sobre-o-homem-idealizado-para-ela","status":"publish","type":"post","link":"https:\/\/portaltela.pt\/justica\/2026\/03\/30\/irma-de-gravida-da-murtosa-revela-depoimento-sobre-o-homem-idealizado-para-ela\/","title":{"rendered":"Irm\u00e3 de gr\u00e1vida da Murtosa revela depoimento sobre o homem idealizado para ela"},"content":{"rendered":"<p>O CM divulga, nesta segunda-feira, 30 de mar\u00e7o de 2026, novos elementos da investiga\u00e7\u00e3o envolvendo a m\u00e3e de uma gr\u00e1vida da Murtosa. O novo depoimento revela o relato da irm\u00e3 da mulher, acrescentando detalhes sobre as circunst\u00e2ncias vividas na altura.<\/p>\n<p>A fam\u00edlia de M\u00f3nica Silva n\u00e3o aceitou a absolvi\u00e7\u00e3o de Fernando Valente. O processo tem sido alvo de contesta\u00e7\u00e3o p\u00fablica e familiar, que sustenta a perspetiva de que a decis\u00e3o n\u00e3o refletiu todos os factos relevantes.<\/p>\n<p>O Minist\u00e9rio P\u00fablico da Rela\u00e7\u00e3o do Porto informou ter apresentado recurso da absolvi\u00e7\u00e3o, anunciando que continuar\u00e1 a acompanhar o desfecho do caso com dilig\u00eancia. A defesa de Valente n\u00e3o comentou de imediato o recurso.<\/p>\n<p>A aus\u00eancia de um corpo continua a ser tema de debate no caso. Um ex-inspetor da Pol\u00edcia Judici\u00e1ria explicou que a inexist\u00eancia de cad\u00e1ver n\u00e3o implica automaticamente impunidade, descrevendo limita\u00e7\u00f5es de prova e de testemunhos em situa\u00e7\u00f5es similares.<\/p>\n<p>Zena Pacheco aproximou-se da rela\u00e7\u00e3o entre Eva e Jo\u00e3o, descrevendo a proximidade entre as partes \u00e0 luz dos acontecimentos. O depoimento acrescenta novas perspetivas sobre as din\u00e2micas familiares envolvidas e o impacto emocional na comunidade.<\/p>\n","protected":false},"excerpt":{"rendered":"<ul>\n<li>Depoimento da irm\u00e3 de gr\u00e1vida da Murtosa foi revelado no Investiga\u00e7\u00e3o CM desta segunda-feira, 30 de mar\u00e7o de 2026.<\/li>\n<li>A fam\u00edlia de M\u00f3nica Silva nunca aceitou a absolvi\u00e7\u00e3o de Fernando Valente.<\/li>\n<li>O Minist\u00e9rio P\u00fablico da Rela\u00e7\u00e3o do Porto apresentou recurso contra a absolvi\u00e7\u00e3o de Fernando Valente.<\/li>\n<li>Um ex-inspetor da Pol\u00edcia Judici\u00e1ria explicou que a aus\u00eancia de corpo n\u00e3o significa impunidade.<\/li>\n<li>Zena Pacheco comenta a proximidade entre Eva e Jo\u00e3o.<\/li>\n<\/ul>\n","protected":false},"author":2,"featured_media":427503,"comment_status":"closed","ping_status":"closed","sticky":false,"template":"","format":"standard","meta":{"footnotes":""},"categories":[7374,6815],"tags":[3754,215,2613,5760,1802,6208],"class_list":["post-427497","post","type-post","status-publish","format-standard","has-post-thumbnail","hentry","category-criminalidade","category-justica","tag-absolvicao","tag-investigacao","tag-ministerio-publico","tag-murtosa","tag-policia-judiciaria","tag-tribunais"],"yoast_head":"<!-- This site is optimized with the Yoast SEO plugin v27.2 - https:\/\/yoast.com\/product\/yoast-seo-wordpress\/ -->\n<title>Irm\u00e3 de gr\u00e1vida da Murtosa revela depoimento sobre o homem idealizado para ela - Portal Tela Portugal<\/title>\n<meta name=\"robots\" content=\"index, follow, max-snippet:-1, max-image-preview:large, max-video-preview:-1\" \/>\n<meta property=\"og:locale\" content=\"pt_PT\" \/>\n<meta property=\"og:type\" content=\"article\" \/>\n<meta property=\"og:title\" content=\"Irm\u00e3 de gr\u00e1vida da Murtosa revela depoimento sobre o homem idealizado para ela - Portal Tela Portugal\" \/>\n<meta property=\"og:description\" content=\"Depoimento da irm\u00e3 de gr\u00e1vida da Murtosa foi revelado no Investiga\u00e7\u00e3o CM desta segunda-feira, 30 de mar\u00e7o de 2026. A fam\u00edlia de M\u00f3nica Silva nunca aceitou a absolvi\u00e7\u00e3o de Fernando Valente. O Minist\u00e9rio P\u00fablico da Rela\u00e7\u00e3o do Porto apresentou recurso contra a absolvi\u00e7\u00e3o de Fernando Valente. Um ex-inspetor da Pol\u00edcia Judici\u00e1ria explicou que a aus\u00eancia de corpo n\u00e3o significa impunidade. Zena Pacheco comenta a proximidade entre Eva e Jo\u00e3o.\" \/>\n<meta property=\"og:url\" content=\"https:\/\/portaltela.pt\/noticias\/2026\/03\/30\/irma-de-gravida-da-murtosa-revela-depoimento-sobre-o-homem-idealizado-para-ela\/\" \/>\n<meta property=\"og:site_name\" content=\"Portal Tela Portugal\" \/>\n<meta property=\"article:published_time\" content=\"2026-03-30T20:32:28+00:00\" \/>\n<meta name=\"author\" content=\"Telinha\" \/>\n<meta name=\"twitter:card\" content=\"summary_large_image\" \/>\n<meta name=\"twitter:label1\" content=\"Escrito por\" \/>\n\t<meta name=\"twitter:data1\" content=\"Telinha\" \/>\n\t<meta name=\"twitter:label2\" content=\"Tempo estimado de leitura\" \/>\n\t<meta name=\"twitter:data2\" content=\"1 minuto\" \/>\n<script type=\"application\/ld+json\" class=\"yoast-schema-graph\">{\"@context\":\"https:\/\/schema.org\",\"@graph\":[{\"@type\":\"Article\",\"@id\":\"https:\/\/portaltela.pt\/noticias\/2026\/03\/30\/irma-de-gravida-da-murtosa-revela-depoimento-sobre-o-homem-idealizado-para-ela\/#article\",\"isPartOf\":{\"@id\":\"https:\/\/portaltela.pt\/noticias\/2026\/03\/30\/irma-de-gravida-da-murtosa-revela-depoimento-sobre-o-homem-idealizado-para-ela\/\"},\"author\":{\"name\":\"Telinha\",\"@id\":\"https:\/\/portaltela.pt\/#\/schema\/person\/c4278d4a6028830caff9ee44b42d32ed\"},\"headline\":\"Irm\u00e3 de gr\u00e1vida da Murtosa revela depoimento sobre o homem idealizado para ela\",\"datePublished\":\"2026-03-30T20:32:28+00:00\",\"mainEntityOfPage\":{\"@id\":\"https:\/\/portaltela.pt\/noticias\/2026\/03\/30\/irma-de-gravida-da-murtosa-revela-depoimento-sobre-o-homem-idealizado-para-ela\/\"},\"wordCount\":224,\"image\":{\"@id\":\"https:\/\/portaltela.pt\/noticias\/2026\/03\/30\/irma-de-gravida-da-murtosa-revela-depoimento-sobre-o-homem-idealizado-para-ela\/#primaryimage\"},\"thumbnailUrl\":\"https:\/\/portaltela.pt\/s.01k8rhncp4jt1\/2026\/03\/img_1280x722uu2025-05-20-23-10-04-2210696.jpg\",\"keywords\":[\"absolvi\u00e7\u00e3o\",\"investiga\u00e7\u00e3o\",\"Minist\u00e9rio P\u00fablico\",\"Murtosa\",\"Pol\u00edcia Judici\u00e1ria\",\"Tribunais\"],\"articleSection\":[\"Criminalidade\",\"Justi\u00e7a\"],\"inLanguage\":\"pt-PT\"},{\"@type\":\"WebPage\",\"@id\":\"https:\/\/portaltela.pt\/noticias\/2026\/03\/30\/irma-de-gravida-da-murtosa-revela-depoimento-sobre-o-homem-idealizado-para-ela\/\",\"url\":\"https:\/\/portaltela.pt\/noticias\/2026\/03\/30\/irma-de-gravida-da-murtosa-revela-depoimento-sobre-o-homem-idealizado-para-ela\/\",\"name\":\"Irm\u00e3 de gr\u00e1vida da Murtosa revela depoimento sobre o homem idealizado para ela - Portal Tela Portugal\",\"isPartOf\":{\"@id\":\"https:\/\/portaltela.pt\/#website\"},\"primaryImageOfPage\":{\"@id\":\"https:\/\/portaltela.pt\/noticias\/2026\/03\/30\/irma-de-gravida-da-murtosa-revela-depoimento-sobre-o-homem-idealizado-para-ela\/#primaryimage\"},\"image\":{\"@id\":\"https:\/\/portaltela.pt\/noticias\/2026\/03\/30\/irma-de-gravida-da-murtosa-revela-depoimento-sobre-o-homem-idealizado-para-ela\/#primaryimage\"},\"thumbnailUrl\":\"https:\/\/portaltela.pt\/s.01k8rhncp4jt1\/2026\/03\/img_1280x722uu2025-05-20-23-10-04-2210696.jpg\",\"datePublished\":\"2026-03-30T20:32:28+00:00\",\"author\":{\"@id\":\"https:\/\/portaltela.pt\/#\/schema\/person\/c4278d4a6028830caff9ee44b42d32ed\"},\"breadcrumb\":{\"@id\":\"https:\/\/portaltela.pt\/noticias\/2026\/03\/30\/irma-de-gravida-da-murtosa-revela-depoimento-sobre-o-homem-idealizado-para-ela\/#breadcrumb\"},\"inLanguage\":\"pt-PT\",\"potentialAction\":[{\"@type\":\"ReadAction\",\"target\":[\"https:\/\/portaltela.pt\/noticias\/2026\/03\/30\/irma-de-gravida-da-murtosa-revela-depoimento-sobre-o-homem-idealizado-para-ela\/\"]}]},{\"@type\":\"ImageObject\",\"inLanguage\":\"pt-PT\",\"@id\":\"https:\/\/portaltela.pt\/noticias\/2026\/03\/30\/irma-de-gravida-da-murtosa-revela-depoimento-sobre-o-homem-idealizado-para-ela\/#primaryimage\",\"url\":\"https:\/\/portaltela.pt\/s.01k8rhncp4jt1\/2026\/03\/img_1280x722uu2025-05-20-23-10-04-2210696.jpg\",\"contentUrl\":\"https:\/\/portaltela.pt\/s.01k8rhncp4jt1\/2026\/03\/img_1280x722uu2025-05-20-23-10-04-2210696.jpg\",\"width\":796,\"height\":448,\"caption\":\"\\\"N\u00e3o \u00e9 t\u00e3o normal assim mas acontece\u201d: ex-inspetor da PJ explica que aus\u00eancia de corpo n\u00e3o significa impunidade\"},{\"@type\":\"BreadcrumbList\",\"@id\":\"https:\/\/portaltela.pt\/noticias\/2026\/03\/30\/irma-de-gravida-da-murtosa-revela-depoimento-sobre-o-homem-idealizado-para-ela\/#breadcrumb\",\"itemListElement\":[{\"@type\":\"ListItem\",\"position\":1,\"name\":\"In\u00edcio\",\"item\":\"https:\/\/portaltela.pt\/\"},{\"@type\":\"ListItem\",\"position\":2,\"name\":\"Irm\u00e3 de gr\u00e1vida da Murtosa revela depoimento sobre o homem idealizado para ela\"}]},{\"@type\":\"WebSite\",\"@id\":\"https:\/\/portaltela.pt\/#website\",\"url\":\"https:\/\/portaltela.pt\/\",\"name\":\"Portal Tela Portugal\",\"description\":\"\",\"potentialAction\":[{\"@type\":\"SearchAction\",\"target\":{\"@type\":\"EntryPoint\",\"urlTemplate\":\"https:\/\/portaltela.pt\/?s={search_term_string}\"},\"query-input\":{\"@type\":\"PropertyValueSpecification\",\"valueRequired\":true,\"valueName\":\"search_term_string\"}}],\"inLanguage\":\"pt-PT\"},{\"@type\":\"Person\",\"@id\":\"https:\/\/portaltela.pt\/#\/schema\/person\/c4278d4a6028830caff9ee44b42d32ed\",\"name\":\"Telinha\",\"image\":{\"@type\":\"ImageObject\",\"inLanguage\":\"pt-PT\",\"@id\":\"https:\/\/portaltela.pt\/s.01k8rhncp4jt1\/2025\/11\/talking-bot-125x125.png\",\"url\":\"https:\/\/portaltela.pt\/s.01k8rhncp4jt1\/2025\/11\/talking-bot-125x125.png\",\"contentUrl\":\"https:\/\/portaltela.pt\/s.01k8rhncp4jt1\/2025\/11\/talking-bot-125x125.png\",\"caption\":\"Telinha\"},\"sameAs\":[\"https:\/\/portaltela.pt\/\"],\"url\":\"https:\/\/portaltela.pt\/por\/367410592786\/\"}]}<\/script>\n<!-- \/ Yoast SEO plugin. -->","yoast_head_json":{"title":"Irm\u00e3 de gr\u00e1vida da Murtosa revela depoimento sobre o homem idealizado para ela - Portal Tela Portugal","robots":{"index":"index","follow":"follow","max-snippet":"max-snippet:-1","max-image-preview":"max-image-preview:large","max-video-preview":"max-video-preview:-1"},"og_locale":"pt_PT","og_type":"article","og_title":"Irm\u00e3 de gr\u00e1vida da Murtosa revela depoimento sobre o homem idealizado para ela - Portal Tela Portugal","og_description":"Depoimento da irm\u00e3 de gr\u00e1vida da Murtosa foi revelado no Investiga\u00e7\u00e3o CM desta segunda-feira, 30 de mar\u00e7o de 2026. A fam\u00edlia de M\u00f3nica Silva nunca aceitou a absolvi\u00e7\u00e3o de Fernando Valente. O Minist\u00e9rio P\u00fablico da Rela\u00e7\u00e3o do Porto apresentou recurso contra a absolvi\u00e7\u00e3o de Fernando Valente. Um ex-inspetor da Pol\u00edcia Judici\u00e1ria explicou que a aus\u00eancia de corpo n\u00e3o significa impunidade. Zena Pacheco comenta a proximidade entre Eva e Jo\u00e3o.","og_url":"https:\/\/portaltela.pt\/noticias\/2026\/03\/30\/irma-de-gravida-da-murtosa-revela-depoimento-sobre-o-homem-idealizado-para-ela\/","og_site_name":"Portal Tela Portugal","article_published_time":"2026-03-30T20:32:28+00:00","author":"Telinha","twitter_card":"summary_large_image","twitter_misc":{"Escrito por":"Telinha","Tempo estimado de leitura":"1 minuto"},"schema":{"@context":"https:\/\/schema.org","@graph":[{"@type":"Article","@id":"https:\/\/portaltela.pt\/noticias\/2026\/03\/30\/irma-de-gravida-da-murtosa-revela-depoimento-sobre-o-homem-idealizado-para-ela\/#article","isPartOf":{"@id":"https:\/\/portaltela.pt\/noticias\/2026\/03\/30\/irma-de-gravida-da-murtosa-revela-depoimento-sobre-o-homem-idealizado-para-ela\/"},"author":{"name":"Telinha","@id":"https:\/\/portaltela.pt\/#\/schema\/person\/c4278d4a6028830caff9ee44b42d32ed"},"headline":"Irm\u00e3 de gr\u00e1vida da Murtosa revela depoimento sobre o homem idealizado para ela","datePublished":"2026-03-30T20:32:28+00:00","mainEntityOfPage":{"@id":"https:\/\/portaltela.pt\/noticias\/2026\/03\/30\/irma-de-gravida-da-murtosa-revela-depoimento-sobre-o-homem-idealizado-para-ela\/"},"wordCount":224,"image":{"@id":"https:\/\/portaltela.pt\/noticias\/2026\/03\/30\/irma-de-gravida-da-murtosa-revela-depoimento-sobre-o-homem-idealizado-para-ela\/#primaryimage"},"thumbnailUrl":"https:\/\/portaltela.pt\/s.01k8rhncp4jt1\/2026\/03\/img_1280x722uu2025-05-20-23-10-04-2210696.jpg","keywords":["absolvi\u00e7\u00e3o","investiga\u00e7\u00e3o","Minist\u00e9rio P\u00fablico","Murtosa","Pol\u00edcia Judici\u00e1ria","Tribunais"],"articleSection":["Criminalidade","Justi\u00e7a"],"inLanguage":"pt-PT"},{"@type":"WebPage","@id":"https:\/\/portaltela.pt\/noticias\/2026\/03\/30\/irma-de-gravida-da-murtosa-revela-depoimento-sobre-o-homem-idealizado-para-ela\/","url":"https:\/\/portaltela.pt\/noticias\/2026\/03\/30\/irma-de-gravida-da-murtosa-revela-depoimento-sobre-o-homem-idealizado-para-ela\/","name":"Irm\u00e3 de gr\u00e1vida da Murtosa revela depoimento sobre o homem idealizado para ela - Portal Tela Portugal","isPartOf":{"@id":"https:\/\/portaltela.pt\/#website"},"primaryImageOfPage":{"@id":"https:\/\/portaltela.pt\/noticias\/2026\/03\/30\/irma-de-gravida-da-murtosa-revela-depoimento-sobre-o-homem-idealizado-para-ela\/#primaryimage"},"image":{"@id":"https:\/\/portaltela.pt\/noticias\/2026\/03\/30\/irma-de-gravida-da-murtosa-revela-depoimento-sobre-o-homem-idealizado-para-ela\/#primaryimage"},"thumbnailUrl":"https:\/\/portaltela.pt\/s.01k8rhncp4jt1\/2026\/03\/img_1280x722uu2025-05-20-23-10-04-2210696.jpg","datePublished":"2026-03-30T20:32:28+00:00","author":{"@id":"https:\/\/portaltela.pt\/#\/schema\/person\/c4278d4a6028830caff9ee44b42d32ed"},"breadcrumb":{"@id":"https:\/\/portaltela.pt\/noticias\/2026\/03\/30\/irma-de-gravida-da-murtosa-revela-depoimento-sobre-o-homem-idealizado-para-ela\/#breadcrumb"},"inLanguage":"pt-PT","potentialAction":[{"@type":"ReadAction","target":["https:\/\/portaltela.pt\/noticias\/2026\/03\/30\/irma-de-gravida-da-murtosa-revela-depoimento-sobre-o-homem-idealizado-para-ela\/"]}]},{"@type":"ImageObject","inLanguage":"pt-PT","@id":"https:\/\/portaltela.pt\/noticias\/2026\/03\/30\/irma-de-gravida-da-murtosa-revela-depoimento-sobre-o-homem-idealizado-para-ela\/#primaryimage","url":"https:\/\/portaltela.pt\/s.01k8rhncp4jt1\/2026\/03\/img_1280x722uu2025-05-20-23-10-04-2210696.jpg","contentUrl":"https:\/\/portaltela.pt\/s.01k8rhncp4jt1\/2026\/03\/img_1280x722uu2025-05-20-23-10-04-2210696.jpg","width":796,"height":448,"caption":"\"N\u00e3o \u00e9 t\u00e3o normal assim mas acontece\u201d: ex-inspetor da PJ explica que aus\u00eancia de corpo n\u00e3o significa impunidade"},{"@type":"BreadcrumbList","@id":"https:\/\/portaltela.pt\/noticias\/2026\/03\/30\/irma-de-gravida-da-murtosa-revela-depoimento-sobre-o-homem-idealizado-para-ela\/#breadcrumb","itemListElement":[{"@type":"ListItem","position":1,"name":"In\u00edcio","item":"https:\/\/portaltela.pt\/"},{"@type":"ListItem","position":2,"name":"Irm\u00e3 de gr\u00e1vida da Murtosa revela depoimento sobre o homem idealizado para ela"}]},{"@type":"WebSite","@id":"https:\/\/portaltela.pt\/#website","url":"https:\/\/portaltela.pt\/","name":"Portal Tela Portugal","description":"","potentialAction":[{"@type":"SearchAction","target":{"@type":"EntryPoint","urlTemplate":"https:\/\/portaltela.pt\/?s={search_term_string}"},"query-input":{"@type":"PropertyValueSpecification","valueRequired":true,"valueName":"search_term_string"}}],"inLanguage":"pt-PT"},{"@type":"Person","@id":"https:\/\/portaltela.pt\/#\/schema\/person\/c4278d4a6028830caff9ee44b42d32ed","name":"Telinha","image":{"@type":"ImageObject","inLanguage":"pt-PT","@id":"https:\/\/portaltela.pt\/s.01k8rhncp4jt1\/2025\/11\/talking-bot-125x125.png","url":"https:\/\/portaltela.pt\/s.01k8rhncp4jt1\/2025\/11\/talking-bot-125x125.png","contentUrl":"https:\/\/portaltela.pt\/s.01k8rhncp4jt1\/2025\/11\/talking-bot-125x125.png","caption":"Telinha"},"sameAs":["https:\/\/portaltela.pt\/"],"url":"https:\/\/portaltela.pt\/por\/367410592786\/"}]}},"_links":{"self":[{"href":"https:\/\/portaltela.pt\/api\/wp\/v2\/posts\/427497","targetHints":{"allow":["GET"]}}],"collection":[{"href":"https:\/\/portaltela.pt\/api\/wp\/v2\/posts"}],"about":[{"href":"https:\/\/portaltela.pt\/api\/wp\/v2\/types\/post"}],"author":[{"embeddable":true,"href":"https:\/\/portaltela.pt\/api\/wp\/v2\/users\/2"}],"replies":[{"embeddable":true,"href":"https:\/\/portaltela.pt\/api\/wp\/v2\/comments?post=427497"}],"version-history":[{"count":0,"href":"https:\/\/portaltela.pt\/api\/wp\/v2\/posts\/427497\/revisions"}],"wp:featuredmedia":[{"embeddable":true,"href":"https:\/\/portaltela.pt\/api\/wp\/v2\/media\/427503"}],"wp:attachment":[{"href":"https:\/\/portaltela.pt\/api\/wp\/v2\/media?parent=427497"}],"wp:term":[{"taxonomy":"category","embeddable":true,"href":"https:\/\/portaltela.pt\/api\/wp\/v2\/categories?post=427497"},{"taxonomy":"post_tag","embeddable":true,"href":"https:\/\/portaltela.pt\/api\/wp\/v2\/tags?post=427497"}],"curies":[{"name":"wp","href":"https:\/\/api.w.org\/{rel}","templated":true}]}}