{"id":427486,"date":"2026-03-30T17:17:13","date_gmt":"2026-03-30T20:17:13","guid":{"rendered":"https:\/\/portaltela.pt\/noticias\/2026\/03\/30\/freire-afirma-qualificacao-em-primeiro-lugar-depois-o-europeu\/"},"modified":"2026-03-30T17:17:13","modified_gmt":"2026-03-30T20:17:13","slug":"freire-afirma-qualificacao-em-primeiro-lugar-depois-o-europeu","status":"publish","type":"post","link":"https:\/\/portaltela.pt\/desporto\/futebol\/2026\/03\/30\/freire-afirma-qualificacao-em-primeiro-lugar-depois-o-europeu\/","title":{"rendered":"Freire afirma: qualifica\u00e7\u00e3o em primeiro lugar, depois o Europeu"},"content":{"rendered":"<p>Na antevis\u00e3o ao jogo da Sele\u00e7\u00e3o Nacional sub-21 frente \u00e0 Esc\u00f3cia, marcado para esta ter\u00e7a-feira \u00e0s 19h30, o treinador Lu\u00eds Freire afirma que a qualifica\u00e7\u00e3o para o Europeu de 2027 \u00e9 o objetivo principal, com o Europeu a ficar apenas se atingirem a qualifica\u00e7\u00e3o.<\/p>\n<p>Afirmando confian\u00e7a, Freire admite dificuldades da Esc\u00f3cia, mas garante identidade de jogo. \u00abTemos uma forma de jogar muito pr\u00f3pria e importa-nos mais a nossa equipa\u00bb, diz, acrescentando que a Esc\u00f3cia pode colocar problemas superiores aos do Azerbaij\u00e3o.<\/p>\n<p>A vit\u00f3ria recente por 4-0 frente ao Azerbaij\u00e3o \u00e9 destacada como exemplo do trabalho coletivo que assegura a baliza a zeros. Freire sublinha que defender desde o ponta-de-lan\u00e7a faz parte da mentalidade pretendida pela equipa.<\/p>\n<p><strong>Antevis\u00e3o do duelo<\/strong><\/p>\n<p>Diego Rodrigues, m\u00e9dio do Sp. Braga, entende que ser\u00e1 um encontro mais f\u00edsico e direto. O jogador refor\u00e7a a continuidade do que tem sido feito: marcar, n\u00e3o sofrer e somar os tr\u00eas pontos.<\/p>\n<p>Rodrigues recorda a estreia pela sele\u00e7\u00e3o frente aos escoceses, que terminou com vit\u00f3ria: \u00abFoi o meu primeiro jogo na Esc\u00f3cia; espero que amanh\u00e3 voltemos a vencer\u00bb, afirma, mantendo o foco no objetivo coletivo.<\/p>\n<p>O t\u00e9cnico e o jogador destacam a import\u00e2ncia de manter a concentra\u00e7\u00e3o at\u00e9 ao apito final, com a qualifica\u00e7\u00e3o a presidir a cada movimento da equipa. A sess\u00e3o de treino e a concentra\u00e7\u00e3o coletiva s\u00e3o apontadas como chave para o desempenho.<\/p>\n","protected":false},"excerpt":{"rendered":"<ul>\n<li>A Sele\u00e7\u00e3o Nacional de sub-21 joga frente \u00e0 Esc\u00f3cia nesta ter\u00e7a-feira \u00e0s 19h30, em antevis\u00e3o ao encontro.<\/li>\n<li>O treinador Lu\u00eds Freire disse que a prioridade \u00e9 a qualifica\u00e7\u00e3o para o Europeu de 2027, e s\u00f3 depois se pensa no Europeu com mais exatid\u00e3o.<\/li>\n<li>Freire reconhece dificuldades da Esc\u00f3cia, mas afirma que Portugal est\u00e1 preparado e que o objetivo \u00e9 manter a identidade de jogo e criar problemas ao advers\u00e1rio.<\/li>\n<li>Ap\u00f3s a vit\u00f3ria por 4-0 no Azerbaij\u00e3o, Freire elogiou o trabalho coletivo e a defesa s\u00f3lida, destacando a mentalidade de jogar desde o guarda-redes e defender desde o avan\u00e7ado.<\/li>\n<li>O m\u00e9dio Diego Rodrigues recordou a estreia vitoriosa contra os escoceses e disse que o objetivo \u00e9 marcar muitos golos, n\u00e3o sofrer e conquistar os tr\u00eas pontos.<\/li>\n<\/ul>\n","protected":false},"author":2,"featured_media":427490,"comment_status":"closed","ping_status":"closed","sticky":false,"template":"","format":"standard","meta":{"footnotes":""},"categories":[21,24],"tags":[6476,6220,32,3338,2057],"class_list":["post-427486","post","type-post","status-publish","format-standard","has-post-thumbnail","hentry","category-desporto","category-futebol","tag-azerbaijao","tag-desporto-federado","tag-futebol","tag-futebol-internacional","tag-selecao-nacional"],"yoast_head":"<!-- This site is optimized with the Yoast SEO plugin v27.2 - https:\/\/yoast.com\/product\/yoast-seo-wordpress\/ -->\n<title>Freire afirma: qualifica\u00e7\u00e3o em primeiro lugar, depois o Europeu - Portal Tela Portugal<\/title>\n<meta name=\"robots\" content=\"index, follow, max-snippet:-1, max-image-preview:large, max-video-preview:-1\" \/>\n<meta property=\"og:locale\" content=\"pt_PT\" \/>\n<meta property=\"og:type\" content=\"article\" \/>\n<meta property=\"og:title\" content=\"Freire afirma: qualifica\u00e7\u00e3o em primeiro lugar, depois o Europeu - Portal Tela Portugal\" \/>\n<meta property=\"og:description\" content=\"A Sele\u00e7\u00e3o Nacional de sub-21 joga frente \u00e0 Esc\u00f3cia nesta ter\u00e7a-feira \u00e0s 19h30, em antevis\u00e3o ao encontro. O treinador Lu\u00eds Freire disse que a prioridade \u00e9 a qualifica\u00e7\u00e3o para o Europeu de 2027, e s\u00f3 depois se pensa no Europeu com mais exatid\u00e3o. Freire reconhece dificuldades da Esc\u00f3cia, mas afirma que Portugal est\u00e1 preparado e que o objetivo \u00e9 manter a identidade de jogo e criar problemas ao advers\u00e1rio. Ap\u00f3s a vit\u00f3ria por 4-0 no Azerbaij\u00e3o, Freire elogiou o trabalho coletivo e a defesa s\u00f3lida, destacando a mentalidade de jogar desde o guarda-redes e defender desde o avan\u00e7ado. O m\u00e9dio Diego Rodrigues recordou a estreia vitoriosa contra os escoceses e disse que o objetivo \u00e9 marcar muitos golos, n\u00e3o sofrer e conquistar os tr\u00eas pontos.\" \/>\n<meta property=\"og:url\" content=\"https:\/\/portaltela.pt\/noticias\/2026\/03\/30\/freire-afirma-qualificacao-em-primeiro-lugar-depois-o-europeu\/\" \/>\n<meta property=\"og:site_name\" content=\"Portal Tela Portugal\" \/>\n<meta property=\"article:published_time\" content=\"2026-03-30T20:17:13+00:00\" \/>\n<meta name=\"author\" content=\"Telinha\" \/>\n<meta name=\"twitter:card\" content=\"summary_large_image\" \/>\n<meta name=\"twitter:label1\" content=\"Escrito por\" \/>\n\t<meta name=\"twitter:data1\" content=\"Telinha\" \/>\n\t<meta name=\"twitter:label2\" content=\"Tempo estimado de leitura\" \/>\n\t<meta name=\"twitter:data2\" content=\"1 minuto\" \/>\n<script type=\"application\/ld+json\" class=\"yoast-schema-graph\">{\"@context\":\"https:\/\/schema.org\",\"@graph\":[{\"@type\":\"Article\",\"@id\":\"https:\/\/portaltela.pt\/noticias\/2026\/03\/30\/freire-afirma-qualificacao-em-primeiro-lugar-depois-o-europeu\/#article\",\"isPartOf\":{\"@id\":\"https:\/\/portaltela.pt\/noticias\/2026\/03\/30\/freire-afirma-qualificacao-em-primeiro-lugar-depois-o-europeu\/\"},\"author\":{\"name\":\"Telinha\",\"@id\":\"https:\/\/portaltela.pt\/#\/schema\/person\/c4278d4a6028830caff9ee44b42d32ed\"},\"headline\":\"Freire afirma: qualifica\u00e7\u00e3o em primeiro lugar, depois o Europeu\",\"datePublished\":\"2026-03-30T20:17:13+00:00\",\"mainEntityOfPage\":{\"@id\":\"https:\/\/portaltela.pt\/noticias\/2026\/03\/30\/freire-afirma-qualificacao-em-primeiro-lugar-depois-o-europeu\/\"},\"wordCount\":263,\"image\":{\"@id\":\"https:\/\/portaltela.pt\/noticias\/2026\/03\/30\/freire-afirma-qualificacao-em-primeiro-lugar-depois-o-europeu\/#primaryimage\"},\"thumbnailUrl\":\"https:\/\/portaltela.pt\/s.01k8rhncp4jt1\/2026\/03\/img_920x518uu2025-11-07-16-31-37-2401102.jpg\",\"keywords\":[\"Azerbaij\u00e3o\",\"Desporto Federado\",\"futebol\",\"futebol internacional\",\"Sele\u00e7\u00e3o Nacional\"],\"articleSection\":[\"Desporto\",\"Futebol\"],\"inLanguage\":\"pt-PT\"},{\"@type\":\"WebPage\",\"@id\":\"https:\/\/portaltela.pt\/noticias\/2026\/03\/30\/freire-afirma-qualificacao-em-primeiro-lugar-depois-o-europeu\/\",\"url\":\"https:\/\/portaltela.pt\/noticias\/2026\/03\/30\/freire-afirma-qualificacao-em-primeiro-lugar-depois-o-europeu\/\",\"name\":\"Freire afirma: qualifica\u00e7\u00e3o em primeiro lugar, depois o Europeu - Portal Tela Portugal\",\"isPartOf\":{\"@id\":\"https:\/\/portaltela.pt\/#website\"},\"primaryImageOfPage\":{\"@id\":\"https:\/\/portaltela.pt\/noticias\/2026\/03\/30\/freire-afirma-qualificacao-em-primeiro-lugar-depois-o-europeu\/#primaryimage\"},\"image\":{\"@id\":\"https:\/\/portaltela.pt\/noticias\/2026\/03\/30\/freire-afirma-qualificacao-em-primeiro-lugar-depois-o-europeu\/#primaryimage\"},\"thumbnailUrl\":\"https:\/\/portaltela.pt\/s.01k8rhncp4jt1\/2026\/03\/img_920x518uu2025-11-07-16-31-37-2401102.jpg\",\"datePublished\":\"2026-03-30T20:17:13+00:00\",\"author\":{\"@id\":\"https:\/\/portaltela.pt\/#\/schema\/person\/c4278d4a6028830caff9ee44b42d32ed\"},\"breadcrumb\":{\"@id\":\"https:\/\/portaltela.pt\/noticias\/2026\/03\/30\/freire-afirma-qualificacao-em-primeiro-lugar-depois-o-europeu\/#breadcrumb\"},\"inLanguage\":\"pt-PT\",\"potentialAction\":[{\"@type\":\"ReadAction\",\"target\":[\"https:\/\/portaltela.pt\/noticias\/2026\/03\/30\/freire-afirma-qualificacao-em-primeiro-lugar-depois-o-europeu\/\"]}]},{\"@type\":\"ImageObject\",\"inLanguage\":\"pt-PT\",\"@id\":\"https:\/\/portaltela.pt\/noticias\/2026\/03\/30\/freire-afirma-qualificacao-em-primeiro-lugar-depois-o-europeu\/#primaryimage\",\"url\":\"https:\/\/portaltela.pt\/s.01k8rhncp4jt1\/2026\/03\/img_920x518uu2025-11-07-16-31-37-2401102.jpg\",\"contentUrl\":\"https:\/\/portaltela.pt\/s.01k8rhncp4jt1\/2026\/03\/img_920x518uu2025-11-07-16-31-37-2401102.jpg\",\"width\":796,\"height\":448,\"caption\":\"Lu\u00eds Freire antev\u00ea encontro com a Esc\u00f3cia\"},{\"@type\":\"BreadcrumbList\",\"@id\":\"https:\/\/portaltela.pt\/noticias\/2026\/03\/30\/freire-afirma-qualificacao-em-primeiro-lugar-depois-o-europeu\/#breadcrumb\",\"itemListElement\":[{\"@type\":\"ListItem\",\"position\":1,\"name\":\"In\u00edcio\",\"item\":\"https:\/\/portaltela.pt\/\"},{\"@type\":\"ListItem\",\"position\":2,\"name\":\"Freire afirma: qualifica\u00e7\u00e3o em primeiro lugar, depois o Europeu\"}]},{\"@type\":\"WebSite\",\"@id\":\"https:\/\/portaltela.pt\/#website\",\"url\":\"https:\/\/portaltela.pt\/\",\"name\":\"Portal Tela Portugal\",\"description\":\"\",\"potentialAction\":[{\"@type\":\"SearchAction\",\"target\":{\"@type\":\"EntryPoint\",\"urlTemplate\":\"https:\/\/portaltela.pt\/?s={search_term_string}\"},\"query-input\":{\"@type\":\"PropertyValueSpecification\",\"valueRequired\":true,\"valueName\":\"search_term_string\"}}],\"inLanguage\":\"pt-PT\"},{\"@type\":\"Person\",\"@id\":\"https:\/\/portaltela.pt\/#\/schema\/person\/c4278d4a6028830caff9ee44b42d32ed\",\"name\":\"Telinha\",\"image\":{\"@type\":\"ImageObject\",\"inLanguage\":\"pt-PT\",\"@id\":\"https:\/\/portaltela.pt\/s.01k8rhncp4jt1\/2025\/11\/talking-bot-125x125.png\",\"url\":\"https:\/\/portaltela.pt\/s.01k8rhncp4jt1\/2025\/11\/talking-bot-125x125.png\",\"contentUrl\":\"https:\/\/portaltela.pt\/s.01k8rhncp4jt1\/2025\/11\/talking-bot-125x125.png\",\"caption\":\"Telinha\"},\"sameAs\":[\"https:\/\/portaltela.pt\/\"],\"url\":\"https:\/\/portaltela.pt\/por\/367410592786\/\"}]}<\/script>\n<!-- \/ Yoast SEO plugin. -->","yoast_head_json":{"title":"Freire afirma: qualifica\u00e7\u00e3o em primeiro lugar, depois o Europeu - Portal Tela Portugal","robots":{"index":"index","follow":"follow","max-snippet":"max-snippet:-1","max-image-preview":"max-image-preview:large","max-video-preview":"max-video-preview:-1"},"og_locale":"pt_PT","og_type":"article","og_title":"Freire afirma: qualifica\u00e7\u00e3o em primeiro lugar, depois o Europeu - Portal Tela Portugal","og_description":"A Sele\u00e7\u00e3o Nacional de sub-21 joga frente \u00e0 Esc\u00f3cia nesta ter\u00e7a-feira \u00e0s 19h30, em antevis\u00e3o ao encontro. O treinador Lu\u00eds Freire disse que a prioridade \u00e9 a qualifica\u00e7\u00e3o para o Europeu de 2027, e s\u00f3 depois se pensa no Europeu com mais exatid\u00e3o. Freire reconhece dificuldades da Esc\u00f3cia, mas afirma que Portugal est\u00e1 preparado e que o objetivo \u00e9 manter a identidade de jogo e criar problemas ao advers\u00e1rio. Ap\u00f3s a vit\u00f3ria por 4-0 no Azerbaij\u00e3o, Freire elogiou o trabalho coletivo e a defesa s\u00f3lida, destacando a mentalidade de jogar desde o guarda-redes e defender desde o avan\u00e7ado. O m\u00e9dio Diego Rodrigues recordou a estreia vitoriosa contra os escoceses e disse que o objetivo \u00e9 marcar muitos golos, n\u00e3o sofrer e conquistar os tr\u00eas pontos.","og_url":"https:\/\/portaltela.pt\/noticias\/2026\/03\/30\/freire-afirma-qualificacao-em-primeiro-lugar-depois-o-europeu\/","og_site_name":"Portal Tela Portugal","article_published_time":"2026-03-30T20:17:13+00:00","author":"Telinha","twitter_card":"summary_large_image","twitter_misc":{"Escrito por":"Telinha","Tempo estimado de leitura":"1 minuto"},"schema":{"@context":"https:\/\/schema.org","@graph":[{"@type":"Article","@id":"https:\/\/portaltela.pt\/noticias\/2026\/03\/30\/freire-afirma-qualificacao-em-primeiro-lugar-depois-o-europeu\/#article","isPartOf":{"@id":"https:\/\/portaltela.pt\/noticias\/2026\/03\/30\/freire-afirma-qualificacao-em-primeiro-lugar-depois-o-europeu\/"},"author":{"name":"Telinha","@id":"https:\/\/portaltela.pt\/#\/schema\/person\/c4278d4a6028830caff9ee44b42d32ed"},"headline":"Freire afirma: qualifica\u00e7\u00e3o em primeiro lugar, depois o Europeu","datePublished":"2026-03-30T20:17:13+00:00","mainEntityOfPage":{"@id":"https:\/\/portaltela.pt\/noticias\/2026\/03\/30\/freire-afirma-qualificacao-em-primeiro-lugar-depois-o-europeu\/"},"wordCount":263,"image":{"@id":"https:\/\/portaltela.pt\/noticias\/2026\/03\/30\/freire-afirma-qualificacao-em-primeiro-lugar-depois-o-europeu\/#primaryimage"},"thumbnailUrl":"https:\/\/portaltela.pt\/s.01k8rhncp4jt1\/2026\/03\/img_920x518uu2025-11-07-16-31-37-2401102.jpg","keywords":["Azerbaij\u00e3o","Desporto Federado","futebol","futebol internacional","Sele\u00e7\u00e3o Nacional"],"articleSection":["Desporto","Futebol"],"inLanguage":"pt-PT"},{"@type":"WebPage","@id":"https:\/\/portaltela.pt\/noticias\/2026\/03\/30\/freire-afirma-qualificacao-em-primeiro-lugar-depois-o-europeu\/","url":"https:\/\/portaltela.pt\/noticias\/2026\/03\/30\/freire-afirma-qualificacao-em-primeiro-lugar-depois-o-europeu\/","name":"Freire afirma: qualifica\u00e7\u00e3o em primeiro lugar, depois o Europeu - Portal Tela Portugal","isPartOf":{"@id":"https:\/\/portaltela.pt\/#website"},"primaryImageOfPage":{"@id":"https:\/\/portaltela.pt\/noticias\/2026\/03\/30\/freire-afirma-qualificacao-em-primeiro-lugar-depois-o-europeu\/#primaryimage"},"image":{"@id":"https:\/\/portaltela.pt\/noticias\/2026\/03\/30\/freire-afirma-qualificacao-em-primeiro-lugar-depois-o-europeu\/#primaryimage"},"thumbnailUrl":"https:\/\/portaltela.pt\/s.01k8rhncp4jt1\/2026\/03\/img_920x518uu2025-11-07-16-31-37-2401102.jpg","datePublished":"2026-03-30T20:17:13+00:00","author":{"@id":"https:\/\/portaltela.pt\/#\/schema\/person\/c4278d4a6028830caff9ee44b42d32ed"},"breadcrumb":{"@id":"https:\/\/portaltela.pt\/noticias\/2026\/03\/30\/freire-afirma-qualificacao-em-primeiro-lugar-depois-o-europeu\/#breadcrumb"},"inLanguage":"pt-PT","potentialAction":[{"@type":"ReadAction","target":["https:\/\/portaltela.pt\/noticias\/2026\/03\/30\/freire-afirma-qualificacao-em-primeiro-lugar-depois-o-europeu\/"]}]},{"@type":"ImageObject","inLanguage":"pt-PT","@id":"https:\/\/portaltela.pt\/noticias\/2026\/03\/30\/freire-afirma-qualificacao-em-primeiro-lugar-depois-o-europeu\/#primaryimage","url":"https:\/\/portaltela.pt\/s.01k8rhncp4jt1\/2026\/03\/img_920x518uu2025-11-07-16-31-37-2401102.jpg","contentUrl":"https:\/\/portaltela.pt\/s.01k8rhncp4jt1\/2026\/03\/img_920x518uu2025-11-07-16-31-37-2401102.jpg","width":796,"height":448,"caption":"Lu\u00eds Freire antev\u00ea encontro com a Esc\u00f3cia"},{"@type":"BreadcrumbList","@id":"https:\/\/portaltela.pt\/noticias\/2026\/03\/30\/freire-afirma-qualificacao-em-primeiro-lugar-depois-o-europeu\/#breadcrumb","itemListElement":[{"@type":"ListItem","position":1,"name":"In\u00edcio","item":"https:\/\/portaltela.pt\/"},{"@type":"ListItem","position":2,"name":"Freire afirma: qualifica\u00e7\u00e3o em primeiro lugar, depois o Europeu"}]},{"@type":"WebSite","@id":"https:\/\/portaltela.pt\/#website","url":"https:\/\/portaltela.pt\/","name":"Portal Tela Portugal","description":"","potentialAction":[{"@type":"SearchAction","target":{"@type":"EntryPoint","urlTemplate":"https:\/\/portaltela.pt\/?s={search_term_string}"},"query-input":{"@type":"PropertyValueSpecification","valueRequired":true,"valueName":"search_term_string"}}],"inLanguage":"pt-PT"},{"@type":"Person","@id":"https:\/\/portaltela.pt\/#\/schema\/person\/c4278d4a6028830caff9ee44b42d32ed","name":"Telinha","image":{"@type":"ImageObject","inLanguage":"pt-PT","@id":"https:\/\/portaltela.pt\/s.01k8rhncp4jt1\/2025\/11\/talking-bot-125x125.png","url":"https:\/\/portaltela.pt\/s.01k8rhncp4jt1\/2025\/11\/talking-bot-125x125.png","contentUrl":"https:\/\/portaltela.pt\/s.01k8rhncp4jt1\/2025\/11\/talking-bot-125x125.png","caption":"Telinha"},"sameAs":["https:\/\/portaltela.pt\/"],"url":"https:\/\/portaltela.pt\/por\/367410592786\/"}]}},"_links":{"self":[{"href":"https:\/\/portaltela.pt\/api\/wp\/v2\/posts\/427486","targetHints":{"allow":["GET"]}}],"collection":[{"href":"https:\/\/portaltela.pt\/api\/wp\/v2\/posts"}],"about":[{"href":"https:\/\/portaltela.pt\/api\/wp\/v2\/types\/post"}],"author":[{"embeddable":true,"href":"https:\/\/portaltela.pt\/api\/wp\/v2\/users\/2"}],"replies":[{"embeddable":true,"href":"https:\/\/portaltela.pt\/api\/wp\/v2\/comments?post=427486"}],"version-history":[{"count":0,"href":"https:\/\/portaltela.pt\/api\/wp\/v2\/posts\/427486\/revisions"}],"wp:featuredmedia":[{"embeddable":true,"href":"https:\/\/portaltela.pt\/api\/wp\/v2\/media\/427490"}],"wp:attachment":[{"href":"https:\/\/portaltela.pt\/api\/wp\/v2\/media?parent=427486"}],"wp:term":[{"taxonomy":"category","embeddable":true,"href":"https:\/\/portaltela.pt\/api\/wp\/v2\/categories?post=427486"},{"taxonomy":"post_tag","embeddable":true,"href":"https:\/\/portaltela.pt\/api\/wp\/v2\/tags?post=427486"}],"curies":[{"name":"wp","href":"https:\/\/api.w.org\/{rel}","templated":true}]}}