{"id":427484,"date":"2026-03-30T17:17:09","date_gmt":"2026-03-30T20:17:09","guid":{"rendered":"https:\/\/portaltela.pt\/noticias\/2026\/03\/30\/ministro-suspende-quatro-militares-da-gnr-acusados-de-sequestro\/"},"modified":"2026-03-30T17:17:09","modified_gmt":"2026-03-30T20:17:09","slug":"ministro-suspende-quatro-militares-da-gnr-acusados-de-sequestro","status":"publish","type":"post","link":"https:\/\/portaltela.pt\/policia\/2026\/03\/30\/ministro-suspende-quatro-militares-da-gnr-acusados-de-sequestro\/","title":{"rendered":"Ministro suspende quatro militares da GNR acusados de sequestro"},"content":{"rendered":"<p>O ministro da Administra\u00e7\u00e3o Interna suspendeu preventivamente, por 90 dias, quatro militares da GNR acusados pelo Minist\u00e9rio P\u00fablico de sequestro e agress\u00e3o de tr\u00eas menores em Palmela. A medida foi tomada com base na proposta da Inspe\u00e7\u00e3o-Geral da Administra\u00e7\u00e3o Interna (IGAI).<\/p>\n<p>A decis\u00e3o de Lu\u00eds Neves foi motivada pela gravidade dos factos, pela necessidade de cautela e pela exist\u00eancia de fortes ind\u00edcios de infra\u00e7\u00f5es muito graves. Caso confirmadas, as a\u00e7\u00f5es violariam deveres disciplinares, gerariam alarme social e abalaram a confian\u00e7a p\u00fablica.<\/p>\n<p>O MAI salienta que as infra\u00e7\u00f5es s\u00e3o suscet\u00edveis de pena disciplinar de suspens\u00e3o ou superior, estando preenchidos os requisitos para a suspens\u00e3o preventiva, conforme o Regulamento de Disciplina da GNR. Os quatro militares ainda cumprem fun\u00e7\u00f5es.<\/p>\n<p>Na semana passada, o Minist\u00e9rio P\u00fablico imaginou tr\u00eas crimes de sequestro agravado, abuso de poder, inj\u00faria agravada e falsifica\u00e7\u00e3o de documento, atribuindo-os aos quatro militares de Palmela, tr\u00eas homens e uma mulher. Eles estavam de servi\u00e7o na madrugada de 11 de abril de 2024, ap\u00f3s alegadamente sequestrarem tr\u00eas menores que escaparam de uma IPSS no distrito de Set\u00fabal.<\/p>\n<h3>Medidas aplicadas e motiva\u00e7\u00f5es<\/h3>\n<p>Segundo o MAI, o incidente ocorreu na sequ\u00eancia de acontecimentos na Centers Jovem Tejo, institui\u00e7\u00e3o que acompanhava jovens e adultos com comportamentos aditivos e depend\u00eancias. O ministro sublinhou que tais condutas s\u00e3o exce\u00e7\u00f5es nas for\u00e7as de seguran\u00e7a e reiterou que o exerc\u00edcio da autoridade deve respeitar a lei e a dignidade humana.<\/p>\n<p>O Minist\u00e9rio reiterou que profissionais que atuem de boa-f\u00e9 t\u00eam apoio, mas que comportamentos deliberados que violem a lei n\u00e3o ser\u00e3o tolerados e ter\u00e3o resposta firme. A a\u00e7\u00e3o judicial e administrativa continua a decorrer para clarificar os factos e eventual responsabiliza\u00e7\u00e3o.<\/p>\n","protected":false},"excerpt":{"rendered":"<ul>\n<li>O ministro da Administra\u00e7\u00e3o Interna suspendeu preventivamente por noventa dias quatro militares da GNR acusados pelo Minist\u00e9rio P\u00fablico de sequestro e agress\u00e3o de tr\u00eas menores em Palmela.<\/li>\n<li>A medida foi tomada com base na proposta da Inspe\u00e7\u00e3o-Geral da Administra\u00e7\u00e3o Interna e na gravidade dos factos descritos.<\/li>\n<li>Em causa est\u00e3o tr\u00eas crimes de sequestro agravado, um de abuso de poder, um de inj\u00faria agravada e falsifica\u00e7\u00e3o de documento, segundo o MP.<\/li>\n<li>Os militares, tr\u00eas homens e uma mulher, atuariam na madrugada de onze de abril de dois mil e vinte e quatro, na \u00e1rea do Centro Jovem Tejo, no distrito de Set\u00fabal.<\/li>\n<li>O MAI afirma que comportamentos excecionais n\u00e3o ser\u00e3o tolerados e que a autoridade do Estado deve exercer-se com legalidade e respeito pela dignidade humana.<\/li>\n<\/ul>\n","protected":false},"author":2,"featured_media":427493,"comment_status":"closed","ping_status":"closed","sticky":false,"template":"","format":"standard","meta":{"footnotes":""},"categories":[1,6781],"tags":[212,2079,1380,250,1170],"class_list":["post-427484","post","type-post","status-publish","format-standard","has-post-thumbnail","hentry","category-noticias","category-policia","tag-abuso-de-poder","tag-agressoes","tag-gnr","tag-seguranca-publica","tag-sequestro"],"yoast_head":"<!-- This site is optimized with the Yoast SEO plugin v27.2 - https:\/\/yoast.com\/product\/yoast-seo-wordpress\/ -->\n<title>Ministro suspende quatro militares da GNR acusados de sequestro - Portal Tela Portugal<\/title>\n<meta name=\"robots\" content=\"index, follow, max-snippet:-1, max-image-preview:large, max-video-preview:-1\" \/>\n<meta property=\"og:locale\" content=\"pt_PT\" \/>\n<meta property=\"og:type\" content=\"article\" \/>\n<meta property=\"og:title\" content=\"Ministro suspende quatro militares da GNR acusados de sequestro - Portal Tela Portugal\" \/>\n<meta property=\"og:description\" content=\"O ministro da Administra\u00e7\u00e3o Interna suspendeu preventivamente por noventa dias quatro militares da GNR acusados pelo Minist\u00e9rio P\u00fablico de sequestro e agress\u00e3o de tr\u00eas menores em Palmela. A medida foi tomada com base na proposta da Inspe\u00e7\u00e3o-Geral da Administra\u00e7\u00e3o Interna e na gravidade dos factos descritos. Em causa est\u00e3o tr\u00eas crimes de sequestro agravado, um de abuso de poder, um de inj\u00faria agravada e falsifica\u00e7\u00e3o de documento, segundo o MP. Os militares, tr\u00eas homens e uma mulher, atuariam na madrugada de onze de abril de dois mil e vinte e quatro, na \u00e1rea do Centro Jovem Tejo, no distrito de Set\u00fabal. O MAI afirma que comportamentos excecionais n\u00e3o ser\u00e3o tolerados e que a autoridade do Estado deve exercer-se com legalidade e respeito pela dignidade humana.\" \/>\n<meta property=\"og:url\" content=\"https:\/\/portaltela.pt\/noticias\/2026\/03\/30\/ministro-suspende-quatro-militares-da-gnr-acusados-de-sequestro\/\" \/>\n<meta property=\"og:site_name\" content=\"Portal Tela Portugal\" \/>\n<meta property=\"article:published_time\" content=\"2026-03-30T20:17:09+00:00\" \/>\n<meta name=\"author\" content=\"Telinha\" \/>\n<meta name=\"twitter:card\" content=\"summary_large_image\" \/>\n<meta name=\"twitter:label1\" content=\"Escrito por\" \/>\n\t<meta name=\"twitter:data1\" content=\"Telinha\" \/>\n\t<meta name=\"twitter:label2\" content=\"Tempo estimado de leitura\" \/>\n\t<meta name=\"twitter:data2\" content=\"2 minutos\" \/>\n<script type=\"application\/ld+json\" class=\"yoast-schema-graph\">{\"@context\":\"https:\/\/schema.org\",\"@graph\":[{\"@type\":\"Article\",\"@id\":\"https:\/\/portaltela.pt\/noticias\/2026\/03\/30\/ministro-suspende-quatro-militares-da-gnr-acusados-de-sequestro\/#article\",\"isPartOf\":{\"@id\":\"https:\/\/portaltela.pt\/noticias\/2026\/03\/30\/ministro-suspende-quatro-militares-da-gnr-acusados-de-sequestro\/\"},\"author\":{\"name\":\"Telinha\",\"@id\":\"https:\/\/portaltela.pt\/#\/schema\/person\/c4278d4a6028830caff9ee44b42d32ed\"},\"headline\":\"Ministro suspende quatro militares da GNR acusados de sequestro\",\"datePublished\":\"2026-03-30T20:17:09+00:00\",\"mainEntityOfPage\":{\"@id\":\"https:\/\/portaltela.pt\/noticias\/2026\/03\/30\/ministro-suspende-quatro-militares-da-gnr-acusados-de-sequestro\/\"},\"wordCount\":325,\"image\":{\"@id\":\"https:\/\/portaltela.pt\/noticias\/2026\/03\/30\/ministro-suspende-quatro-militares-da-gnr-acusados-de-sequestro\/#primaryimage\"},\"thumbnailUrl\":\"https:\/\/portaltela.pt\/s.01k8rhncp4jt1\/2026\/03\/image-1842.jpg\",\"keywords\":[\"abuso de poder\",\"agress\u00f5es\",\"GNR\",\"seguran\u00e7a p\u00fablica\",\"sequestro\"],\"articleSection\":[\"Not\u00edcias\",\"Pol\u00edcia\"],\"inLanguage\":\"pt-PT\"},{\"@type\":\"WebPage\",\"@id\":\"https:\/\/portaltela.pt\/noticias\/2026\/03\/30\/ministro-suspende-quatro-militares-da-gnr-acusados-de-sequestro\/\",\"url\":\"https:\/\/portaltela.pt\/noticias\/2026\/03\/30\/ministro-suspende-quatro-militares-da-gnr-acusados-de-sequestro\/\",\"name\":\"Ministro suspende quatro militares da GNR acusados de sequestro - Portal Tela Portugal\",\"isPartOf\":{\"@id\":\"https:\/\/portaltela.pt\/#website\"},\"primaryImageOfPage\":{\"@id\":\"https:\/\/portaltela.pt\/noticias\/2026\/03\/30\/ministro-suspende-quatro-militares-da-gnr-acusados-de-sequestro\/#primaryimage\"},\"image\":{\"@id\":\"https:\/\/portaltela.pt\/noticias\/2026\/03\/30\/ministro-suspende-quatro-militares-da-gnr-acusados-de-sequestro\/#primaryimage\"},\"thumbnailUrl\":\"https:\/\/portaltela.pt\/s.01k8rhncp4jt1\/2026\/03\/image-1842.jpg\",\"datePublished\":\"2026-03-30T20:17:09+00:00\",\"author\":{\"@id\":\"https:\/\/portaltela.pt\/#\/schema\/person\/c4278d4a6028830caff9ee44b42d32ed\"},\"breadcrumb\":{\"@id\":\"https:\/\/portaltela.pt\/noticias\/2026\/03\/30\/ministro-suspende-quatro-militares-da-gnr-acusados-de-sequestro\/#breadcrumb\"},\"inLanguage\":\"pt-PT\",\"potentialAction\":[{\"@type\":\"ReadAction\",\"target\":[\"https:\/\/portaltela.pt\/noticias\/2026\/03\/30\/ministro-suspende-quatro-militares-da-gnr-acusados-de-sequestro\/\"]}]},{\"@type\":\"ImageObject\",\"inLanguage\":\"pt-PT\",\"@id\":\"https:\/\/portaltela.pt\/noticias\/2026\/03\/30\/ministro-suspende-quatro-militares-da-gnr-acusados-de-sequestro\/#primaryimage\",\"url\":\"https:\/\/portaltela.pt\/s.01k8rhncp4jt1\/2026\/03\/image-1842.jpg\",\"contentUrl\":\"https:\/\/portaltela.pt\/s.01k8rhncp4jt1\/2026\/03\/image-1842.jpg\",\"width\":796,\"height\":448,\"caption\":\"O ministro da Administra\u00e7\u00e3o Interna, Lu\u00eds Neves\"},{\"@type\":\"BreadcrumbList\",\"@id\":\"https:\/\/portaltela.pt\/noticias\/2026\/03\/30\/ministro-suspende-quatro-militares-da-gnr-acusados-de-sequestro\/#breadcrumb\",\"itemListElement\":[{\"@type\":\"ListItem\",\"position\":1,\"name\":\"In\u00edcio\",\"item\":\"https:\/\/portaltela.pt\/\"},{\"@type\":\"ListItem\",\"position\":2,\"name\":\"Ministro suspende quatro militares da GNR acusados de sequestro\"}]},{\"@type\":\"WebSite\",\"@id\":\"https:\/\/portaltela.pt\/#website\",\"url\":\"https:\/\/portaltela.pt\/\",\"name\":\"Portal Tela Portugal\",\"description\":\"\",\"potentialAction\":[{\"@type\":\"SearchAction\",\"target\":{\"@type\":\"EntryPoint\",\"urlTemplate\":\"https:\/\/portaltela.pt\/?s={search_term_string}\"},\"query-input\":{\"@type\":\"PropertyValueSpecification\",\"valueRequired\":true,\"valueName\":\"search_term_string\"}}],\"inLanguage\":\"pt-PT\"},{\"@type\":\"Person\",\"@id\":\"https:\/\/portaltela.pt\/#\/schema\/person\/c4278d4a6028830caff9ee44b42d32ed\",\"name\":\"Telinha\",\"image\":{\"@type\":\"ImageObject\",\"inLanguage\":\"pt-PT\",\"@id\":\"https:\/\/portaltela.pt\/s.01k8rhncp4jt1\/2025\/11\/talking-bot-125x125.png\",\"url\":\"https:\/\/portaltela.pt\/s.01k8rhncp4jt1\/2025\/11\/talking-bot-125x125.png\",\"contentUrl\":\"https:\/\/portaltela.pt\/s.01k8rhncp4jt1\/2025\/11\/talking-bot-125x125.png\",\"caption\":\"Telinha\"},\"sameAs\":[\"https:\/\/portaltela.pt\/\"],\"url\":\"https:\/\/portaltela.pt\/por\/367410592786\/\"}]}<\/script>\n<!-- \/ Yoast SEO plugin. -->","yoast_head_json":{"title":"Ministro suspende quatro militares da GNR acusados de sequestro - Portal Tela Portugal","robots":{"index":"index","follow":"follow","max-snippet":"max-snippet:-1","max-image-preview":"max-image-preview:large","max-video-preview":"max-video-preview:-1"},"og_locale":"pt_PT","og_type":"article","og_title":"Ministro suspende quatro militares da GNR acusados de sequestro - Portal Tela Portugal","og_description":"O ministro da Administra\u00e7\u00e3o Interna suspendeu preventivamente por noventa dias quatro militares da GNR acusados pelo Minist\u00e9rio P\u00fablico de sequestro e agress\u00e3o de tr\u00eas menores em Palmela. A medida foi tomada com base na proposta da Inspe\u00e7\u00e3o-Geral da Administra\u00e7\u00e3o Interna e na gravidade dos factos descritos. Em causa est\u00e3o tr\u00eas crimes de sequestro agravado, um de abuso de poder, um de inj\u00faria agravada e falsifica\u00e7\u00e3o de documento, segundo o MP. Os militares, tr\u00eas homens e uma mulher, atuariam na madrugada de onze de abril de dois mil e vinte e quatro, na \u00e1rea do Centro Jovem Tejo, no distrito de Set\u00fabal. O MAI afirma que comportamentos excecionais n\u00e3o ser\u00e3o tolerados e que a autoridade do Estado deve exercer-se com legalidade e respeito pela dignidade humana.","og_url":"https:\/\/portaltela.pt\/noticias\/2026\/03\/30\/ministro-suspende-quatro-militares-da-gnr-acusados-de-sequestro\/","og_site_name":"Portal Tela Portugal","article_published_time":"2026-03-30T20:17:09+00:00","author":"Telinha","twitter_card":"summary_large_image","twitter_misc":{"Escrito por":"Telinha","Tempo estimado de leitura":"2 minutos"},"schema":{"@context":"https:\/\/schema.org","@graph":[{"@type":"Article","@id":"https:\/\/portaltela.pt\/noticias\/2026\/03\/30\/ministro-suspende-quatro-militares-da-gnr-acusados-de-sequestro\/#article","isPartOf":{"@id":"https:\/\/portaltela.pt\/noticias\/2026\/03\/30\/ministro-suspende-quatro-militares-da-gnr-acusados-de-sequestro\/"},"author":{"name":"Telinha","@id":"https:\/\/portaltela.pt\/#\/schema\/person\/c4278d4a6028830caff9ee44b42d32ed"},"headline":"Ministro suspende quatro militares da GNR acusados de sequestro","datePublished":"2026-03-30T20:17:09+00:00","mainEntityOfPage":{"@id":"https:\/\/portaltela.pt\/noticias\/2026\/03\/30\/ministro-suspende-quatro-militares-da-gnr-acusados-de-sequestro\/"},"wordCount":325,"image":{"@id":"https:\/\/portaltela.pt\/noticias\/2026\/03\/30\/ministro-suspende-quatro-militares-da-gnr-acusados-de-sequestro\/#primaryimage"},"thumbnailUrl":"https:\/\/portaltela.pt\/s.01k8rhncp4jt1\/2026\/03\/image-1842.jpg","keywords":["abuso de poder","agress\u00f5es","GNR","seguran\u00e7a p\u00fablica","sequestro"],"articleSection":["Not\u00edcias","Pol\u00edcia"],"inLanguage":"pt-PT"},{"@type":"WebPage","@id":"https:\/\/portaltela.pt\/noticias\/2026\/03\/30\/ministro-suspende-quatro-militares-da-gnr-acusados-de-sequestro\/","url":"https:\/\/portaltela.pt\/noticias\/2026\/03\/30\/ministro-suspende-quatro-militares-da-gnr-acusados-de-sequestro\/","name":"Ministro suspende quatro militares da GNR acusados de sequestro - Portal Tela Portugal","isPartOf":{"@id":"https:\/\/portaltela.pt\/#website"},"primaryImageOfPage":{"@id":"https:\/\/portaltela.pt\/noticias\/2026\/03\/30\/ministro-suspende-quatro-militares-da-gnr-acusados-de-sequestro\/#primaryimage"},"image":{"@id":"https:\/\/portaltela.pt\/noticias\/2026\/03\/30\/ministro-suspende-quatro-militares-da-gnr-acusados-de-sequestro\/#primaryimage"},"thumbnailUrl":"https:\/\/portaltela.pt\/s.01k8rhncp4jt1\/2026\/03\/image-1842.jpg","datePublished":"2026-03-30T20:17:09+00:00","author":{"@id":"https:\/\/portaltela.pt\/#\/schema\/person\/c4278d4a6028830caff9ee44b42d32ed"},"breadcrumb":{"@id":"https:\/\/portaltela.pt\/noticias\/2026\/03\/30\/ministro-suspende-quatro-militares-da-gnr-acusados-de-sequestro\/#breadcrumb"},"inLanguage":"pt-PT","potentialAction":[{"@type":"ReadAction","target":["https:\/\/portaltela.pt\/noticias\/2026\/03\/30\/ministro-suspende-quatro-militares-da-gnr-acusados-de-sequestro\/"]}]},{"@type":"ImageObject","inLanguage":"pt-PT","@id":"https:\/\/portaltela.pt\/noticias\/2026\/03\/30\/ministro-suspende-quatro-militares-da-gnr-acusados-de-sequestro\/#primaryimage","url":"https:\/\/portaltela.pt\/s.01k8rhncp4jt1\/2026\/03\/image-1842.jpg","contentUrl":"https:\/\/portaltela.pt\/s.01k8rhncp4jt1\/2026\/03\/image-1842.jpg","width":796,"height":448,"caption":"O ministro da Administra\u00e7\u00e3o Interna, Lu\u00eds Neves"},{"@type":"BreadcrumbList","@id":"https:\/\/portaltela.pt\/noticias\/2026\/03\/30\/ministro-suspende-quatro-militares-da-gnr-acusados-de-sequestro\/#breadcrumb","itemListElement":[{"@type":"ListItem","position":1,"name":"In\u00edcio","item":"https:\/\/portaltela.pt\/"},{"@type":"ListItem","position":2,"name":"Ministro suspende quatro militares da GNR acusados de sequestro"}]},{"@type":"WebSite","@id":"https:\/\/portaltela.pt\/#website","url":"https:\/\/portaltela.pt\/","name":"Portal Tela Portugal","description":"","potentialAction":[{"@type":"SearchAction","target":{"@type":"EntryPoint","urlTemplate":"https:\/\/portaltela.pt\/?s={search_term_string}"},"query-input":{"@type":"PropertyValueSpecification","valueRequired":true,"valueName":"search_term_string"}}],"inLanguage":"pt-PT"},{"@type":"Person","@id":"https:\/\/portaltela.pt\/#\/schema\/person\/c4278d4a6028830caff9ee44b42d32ed","name":"Telinha","image":{"@type":"ImageObject","inLanguage":"pt-PT","@id":"https:\/\/portaltela.pt\/s.01k8rhncp4jt1\/2025\/11\/talking-bot-125x125.png","url":"https:\/\/portaltela.pt\/s.01k8rhncp4jt1\/2025\/11\/talking-bot-125x125.png","contentUrl":"https:\/\/portaltela.pt\/s.01k8rhncp4jt1\/2025\/11\/talking-bot-125x125.png","caption":"Telinha"},"sameAs":["https:\/\/portaltela.pt\/"],"url":"https:\/\/portaltela.pt\/por\/367410592786\/"}]}},"_links":{"self":[{"href":"https:\/\/portaltela.pt\/api\/wp\/v2\/posts\/427484","targetHints":{"allow":["GET"]}}],"collection":[{"href":"https:\/\/portaltela.pt\/api\/wp\/v2\/posts"}],"about":[{"href":"https:\/\/portaltela.pt\/api\/wp\/v2\/types\/post"}],"author":[{"embeddable":true,"href":"https:\/\/portaltela.pt\/api\/wp\/v2\/users\/2"}],"replies":[{"embeddable":true,"href":"https:\/\/portaltela.pt\/api\/wp\/v2\/comments?post=427484"}],"version-history":[{"count":0,"href":"https:\/\/portaltela.pt\/api\/wp\/v2\/posts\/427484\/revisions"}],"wp:featuredmedia":[{"embeddable":true,"href":"https:\/\/portaltela.pt\/api\/wp\/v2\/media\/427493"}],"wp:attachment":[{"href":"https:\/\/portaltela.pt\/api\/wp\/v2\/media?parent=427484"}],"wp:term":[{"taxonomy":"category","embeddable":true,"href":"https:\/\/portaltela.pt\/api\/wp\/v2\/categories?post=427484"},{"taxonomy":"post_tag","embeddable":true,"href":"https:\/\/portaltela.pt\/api\/wp\/v2\/tags?post=427484"}],"curies":[{"name":"wp","href":"https:\/\/api.w.org\/{rel}","templated":true}]}}