{"id":427482,"date":"2026-03-30T17:17:02","date_gmt":"2026-03-30T20:17:02","guid":{"rendered":"https:\/\/portaltela.pt\/noticias\/2026\/03\/30\/mundial-de-surf-arranca-com-dupla-portuguesa-e-pesados-do-circuito\/"},"modified":"2026-03-30T17:17:02","modified_gmt":"2026-03-30T20:17:02","slug":"mundial-de-surf-arranca-com-dupla-portuguesa-e-pesados-do-circuito","status":"publish","type":"post","link":"https:\/\/portaltela.pt\/desporto\/copa-do-mundo\/2026\/03\/30\/mundial-de-surf-arranca-com-dupla-portuguesa-e-pesados-do-circuito\/","title":{"rendered":"Mundial de surf arranca com dupla portuguesa e pesados do circuito"},"content":{"rendered":"<p>A Liga Mundial de Surf (WSL) arrancou a edi\u00e7\u00e3o de 2026 na Austr\u00e1lia, com o regresso ao formato original de pontos corridos. O evento marca uma temporada de mudan\u00e7as, incluindo o regresso de nomes influentes e a estreia de surfistas portuguesas no Championship Tour (CT).<\/p>\n<p>Pelo lado feminino, Portugal entra pela primeira vez no CT com Yolanda Hopkins e Francisca Veselko, duas Portuguesas que chegaram ao circuito mundial via Challenger Series. Hopkins ficou em segundo lugar e Veselko em quinto na CS, assegurando bilhetes para 2026.<\/p>\n<p>A dupla lusitana junta-se a outras classificadas, entre as quais a francesa Tya Zebrowski, que, aos 15 anos, venceu as CS e tornou-se a mais jovem a entrar no CT. Completam a quota a australiana Sally Fitzgibbons, a norte-americana Alyssa Spencer, a espanhola Nadia Erostarbe e a israelita Anat Lelior.<\/p>\n<h3>Fortes regressos no circuito masculino<\/h3>\n<p>No setor masculino, os australianos asseguraram cinco das dez vagas, com o regresso de Morgan Cibilic, George Pittar, Callum Robson, Liam O\u2019Brien e Oscar Berry. O franc\u00eas Kauli Vaast venceu as CS e estreia-se no CT, ap\u00f3s conquistar uma medalha de ouro ol\u00edmpica.<\/p>\n<p>Entre os regressos de peso, destacam-se o brasileiro Gabriel Medina, tricampe\u00e3o mundial, e o ex-top mundial Eli Hanneman, al\u00e9m de Luke Thompson. O havaiano John John Florence ficou de fora \u00e0 \u00faltima hora, o que aumenta a expectativa em torno das primeiras etapas.<\/p>\n<p>A competi\u00e7\u00e3o de elite mant\u00e9m o formato de pontos corridos, com a corrida final prevista para Pipeline, no Havai, ap\u00f3s passagem pela Praia de Supertubos, em Peniche. A prova de Peniche mudou de data para outubro, integrando a nova calendariza\u00e7\u00e3o da temporada.<\/p>\n<h3>Estrutura e mudan\u00e7as-chave<\/h3>\n<p>Houve altera\u00e7\u00f5es no corte do meio de \u00e9poca, reduzindo o n\u00famero de atletas, e foi extinto o Dia das Finais, que anteriormente reunia apenas os cinco primeiros de cada ranking. A nova era procura valorizar a consist\u00eancia ao longo de toda a campanha.<\/p>\n<p>A edi\u00e7\u00e3o de 2026 promete assim uma temporada de regresso de refer\u00eancias, com estreia portuguesa no CT e um retorno estrat\u00e9gico de grandes nomes femininos e masculinos, num circuito que volta a focar-se na regularidade discursiva dos atletas.<\/p>\n","protected":false},"excerpt":{"rendered":"<ul>\n<li>A Liga Mundial de Surf (WSL) arrancou a temporada de dois mil e vinte e seis na Austr\u00e1lia, com o regresso do formato original de pontos corridos.<\/li>\n<li>Pela primeira vez, Portugal est\u00e1 representado no Championship Tour (CT) feminino, com Yolanda Hopkins e Francisca Veselko a assegurarem dois dos sete lugares dispon\u00edveis.<\/li>\n<li>No quadro feminino, entram ainda cinco atletas classificadas, entre elas a jovem francesa Tya Zebrowski, al\u00e9m de Sally Fitzgibbons, Alyssa Spencer, Nadia Erostarbe e Anat Lelior.<\/li>\n<li>No masculino, cinco vagas s\u00e3o ocupadas por surfistas australianos entre dez; Kauli Vaast, campe\u00e3o das Challenger Series, estreia no CT, juntando-se a regresso de nomes como Morgan Cibilic e outros.<\/li>\n<li>Regresso de grandes nomes \u00e0 competi\u00e7\u00e3o: Stephanie Gilmore, Carissa Moore e Gabriel Medina; John John Florence faz abstin\u00eancia; a temporada mant\u00e9m-se no formato de pontos, com a final em Pipeline, no Havai, ap\u00f3s passagem por Supertubos, e sem Dia das Finais.<\/li>\n<\/ul>\n","protected":false},"author":2,"featured_media":427483,"comment_status":"closed","ping_status":"closed","sticky":false,"template":"","format":"standard","meta":{"footnotes":""},"categories":[6695,21],"tags":[252,152,2681,1242,6754,1014],"class_list":["post-427482","post","type-post","status-publish","format-standard","has-post-thumbnail","hentry","category-copa-do-mundo","category-desporto","tag-atletas","tag-desporto","tag-desporto-internacional","tag-feminino","tag-participacao-internacional","tag-portugal"],"yoast_head":"<!-- This site is optimized with the Yoast SEO plugin v27.2 - https:\/\/yoast.com\/product\/yoast-seo-wordpress\/ -->\n<title>Mundial de surf arranca com dupla portuguesa e pesados do circuito - Portal Tela Portugal<\/title>\n<meta name=\"robots\" content=\"index, follow, max-snippet:-1, max-image-preview:large, max-video-preview:-1\" \/>\n<meta property=\"og:locale\" content=\"pt_PT\" \/>\n<meta property=\"og:type\" content=\"article\" \/>\n<meta property=\"og:title\" content=\"Mundial de surf arranca com dupla portuguesa e pesados do circuito - Portal Tela Portugal\" \/>\n<meta property=\"og:description\" content=\"A Liga Mundial de Surf (WSL) arrancou a temporada de dois mil e vinte e seis na Austr\u00e1lia, com o regresso do formato original de pontos corridos. Pela primeira vez, Portugal est\u00e1 representado no Championship Tour (CT) feminino, com Yolanda Hopkins e Francisca Veselko a assegurarem dois dos sete lugares dispon\u00edveis. No quadro feminino, entram ainda cinco atletas classificadas, entre elas a jovem francesa Tya Zebrowski, al\u00e9m de Sally Fitzgibbons, Alyssa Spencer, Nadia Erostarbe e Anat Lelior. No masculino, cinco vagas s\u00e3o ocupadas por surfistas australianos entre dez; Kauli Vaast, campe\u00e3o das Challenger Series, estreia no CT, juntando-se a regresso de nomes como Morgan Cibilic e outros. Regresso de grandes nomes \u00e0 competi\u00e7\u00e3o: Stephanie Gilmore, Carissa Moore e Gabriel Medina; John John Florence faz abstin\u00eancia; a temporada mant\u00e9m-se no formato de pontos, com a final em Pipeline, no Havai, ap\u00f3s passagem por Supertubos, e sem Dia das Finais.\" \/>\n<meta property=\"og:url\" content=\"https:\/\/portaltela.pt\/noticias\/2026\/03\/30\/mundial-de-surf-arranca-com-dupla-portuguesa-e-pesados-do-circuito\/\" \/>\n<meta property=\"og:site_name\" content=\"Portal Tela Portugal\" \/>\n<meta property=\"article:published_time\" content=\"2026-03-30T20:17:02+00:00\" \/>\n<meta name=\"author\" content=\"Telinha\" \/>\n<meta name=\"twitter:card\" content=\"summary_large_image\" \/>\n<meta name=\"twitter:label1\" content=\"Escrito por\" \/>\n\t<meta name=\"twitter:data1\" content=\"Telinha\" \/>\n\t<meta name=\"twitter:label2\" content=\"Tempo estimado de leitura\" \/>\n\t<meta name=\"twitter:data2\" content=\"2 minutos\" \/>\n<script type=\"application\/ld+json\" class=\"yoast-schema-graph\">{\"@context\":\"https:\/\/schema.org\",\"@graph\":[{\"@type\":\"Article\",\"@id\":\"https:\/\/portaltela.pt\/noticias\/2026\/03\/30\/mundial-de-surf-arranca-com-dupla-portuguesa-e-pesados-do-circuito\/#article\",\"isPartOf\":{\"@id\":\"https:\/\/portaltela.pt\/noticias\/2026\/03\/30\/mundial-de-surf-arranca-com-dupla-portuguesa-e-pesados-do-circuito\/\"},\"author\":{\"name\":\"Telinha\",\"@id\":\"https:\/\/portaltela.pt\/#\/schema\/person\/c4278d4a6028830caff9ee44b42d32ed\"},\"headline\":\"Mundial de surf arranca com dupla portuguesa e pesados do circuito\",\"datePublished\":\"2026-03-30T20:17:02+00:00\",\"mainEntityOfPage\":{\"@id\":\"https:\/\/portaltela.pt\/noticias\/2026\/03\/30\/mundial-de-surf-arranca-com-dupla-portuguesa-e-pesados-do-circuito\/\"},\"wordCount\":379,\"image\":{\"@id\":\"https:\/\/portaltela.pt\/noticias\/2026\/03\/30\/mundial-de-surf-arranca-com-dupla-portuguesa-e-pesados-do-circuito\/#primaryimage\"},\"thumbnailUrl\":\"https:\/\/portaltela.pt\/s.01k8rhncp4jt1\/2026\/03\/2077906.jpg\",\"keywords\":[\"atletas\",\"desporto\",\"desporto internacional\",\"feminino\",\"participa\u00e7\u00e3o internacional\",\"Portugal\"],\"articleSection\":[\"Copa do Mundo\",\"Desporto\"],\"inLanguage\":\"pt-PT\"},{\"@type\":\"WebPage\",\"@id\":\"https:\/\/portaltela.pt\/noticias\/2026\/03\/30\/mundial-de-surf-arranca-com-dupla-portuguesa-e-pesados-do-circuito\/\",\"url\":\"https:\/\/portaltela.pt\/noticias\/2026\/03\/30\/mundial-de-surf-arranca-com-dupla-portuguesa-e-pesados-do-circuito\/\",\"name\":\"Mundial de surf arranca com dupla portuguesa e pesados do circuito - Portal Tela Portugal\",\"isPartOf\":{\"@id\":\"https:\/\/portaltela.pt\/#website\"},\"primaryImageOfPage\":{\"@id\":\"https:\/\/portaltela.pt\/noticias\/2026\/03\/30\/mundial-de-surf-arranca-com-dupla-portuguesa-e-pesados-do-circuito\/#primaryimage\"},\"image\":{\"@id\":\"https:\/\/portaltela.pt\/noticias\/2026\/03\/30\/mundial-de-surf-arranca-com-dupla-portuguesa-e-pesados-do-circuito\/#primaryimage\"},\"thumbnailUrl\":\"https:\/\/portaltela.pt\/s.01k8rhncp4jt1\/2026\/03\/2077906.jpg\",\"datePublished\":\"2026-03-30T20:17:02+00:00\",\"author\":{\"@id\":\"https:\/\/portaltela.pt\/#\/schema\/person\/c4278d4a6028830caff9ee44b42d32ed\"},\"breadcrumb\":{\"@id\":\"https:\/\/portaltela.pt\/noticias\/2026\/03\/30\/mundial-de-surf-arranca-com-dupla-portuguesa-e-pesados-do-circuito\/#breadcrumb\"},\"inLanguage\":\"pt-PT\",\"potentialAction\":[{\"@type\":\"ReadAction\",\"target\":[\"https:\/\/portaltela.pt\/noticias\/2026\/03\/30\/mundial-de-surf-arranca-com-dupla-portuguesa-e-pesados-do-circuito\/\"]}]},{\"@type\":\"ImageObject\",\"inLanguage\":\"pt-PT\",\"@id\":\"https:\/\/portaltela.pt\/noticias\/2026\/03\/30\/mundial-de-surf-arranca-com-dupla-portuguesa-e-pesados-do-circuito\/#primaryimage\",\"url\":\"https:\/\/portaltela.pt\/s.01k8rhncp4jt1\/2026\/03\/2077906.jpg\",\"contentUrl\":\"https:\/\/portaltela.pt\/s.01k8rhncp4jt1\/2026\/03\/2077906.jpg\",\"width\":796,\"height\":448,\"caption\":\"Yolanda Hopkins durante a etapa de Saquarema, no Brasil, no ano passado\"},{\"@type\":\"BreadcrumbList\",\"@id\":\"https:\/\/portaltela.pt\/noticias\/2026\/03\/30\/mundial-de-surf-arranca-com-dupla-portuguesa-e-pesados-do-circuito\/#breadcrumb\",\"itemListElement\":[{\"@type\":\"ListItem\",\"position\":1,\"name\":\"In\u00edcio\",\"item\":\"https:\/\/portaltela.pt\/\"},{\"@type\":\"ListItem\",\"position\":2,\"name\":\"Mundial de surf arranca com dupla portuguesa e pesados do circuito\"}]},{\"@type\":\"WebSite\",\"@id\":\"https:\/\/portaltela.pt\/#website\",\"url\":\"https:\/\/portaltela.pt\/\",\"name\":\"Portal Tela Portugal\",\"description\":\"\",\"potentialAction\":[{\"@type\":\"SearchAction\",\"target\":{\"@type\":\"EntryPoint\",\"urlTemplate\":\"https:\/\/portaltela.pt\/?s={search_term_string}\"},\"query-input\":{\"@type\":\"PropertyValueSpecification\",\"valueRequired\":true,\"valueName\":\"search_term_string\"}}],\"inLanguage\":\"pt-PT\"},{\"@type\":\"Person\",\"@id\":\"https:\/\/portaltela.pt\/#\/schema\/person\/c4278d4a6028830caff9ee44b42d32ed\",\"name\":\"Telinha\",\"image\":{\"@type\":\"ImageObject\",\"inLanguage\":\"pt-PT\",\"@id\":\"https:\/\/portaltela.pt\/s.01k8rhncp4jt1\/2025\/11\/talking-bot-125x125.png\",\"url\":\"https:\/\/portaltela.pt\/s.01k8rhncp4jt1\/2025\/11\/talking-bot-125x125.png\",\"contentUrl\":\"https:\/\/portaltela.pt\/s.01k8rhncp4jt1\/2025\/11\/talking-bot-125x125.png\",\"caption\":\"Telinha\"},\"sameAs\":[\"https:\/\/portaltela.pt\/\"],\"url\":\"https:\/\/portaltela.pt\/por\/367410592786\/\"}]}<\/script>\n<!-- \/ Yoast SEO plugin. -->","yoast_head_json":{"title":"Mundial de surf arranca com dupla portuguesa e pesados do circuito - Portal Tela Portugal","robots":{"index":"index","follow":"follow","max-snippet":"max-snippet:-1","max-image-preview":"max-image-preview:large","max-video-preview":"max-video-preview:-1"},"og_locale":"pt_PT","og_type":"article","og_title":"Mundial de surf arranca com dupla portuguesa e pesados do circuito - Portal Tela Portugal","og_description":"A Liga Mundial de Surf (WSL) arrancou a temporada de dois mil e vinte e seis na Austr\u00e1lia, com o regresso do formato original de pontos corridos. Pela primeira vez, Portugal est\u00e1 representado no Championship Tour (CT) feminino, com Yolanda Hopkins e Francisca Veselko a assegurarem dois dos sete lugares dispon\u00edveis. No quadro feminino, entram ainda cinco atletas classificadas, entre elas a jovem francesa Tya Zebrowski, al\u00e9m de Sally Fitzgibbons, Alyssa Spencer, Nadia Erostarbe e Anat Lelior. No masculino, cinco vagas s\u00e3o ocupadas por surfistas australianos entre dez; Kauli Vaast, campe\u00e3o das Challenger Series, estreia no CT, juntando-se a regresso de nomes como Morgan Cibilic e outros. Regresso de grandes nomes \u00e0 competi\u00e7\u00e3o: Stephanie Gilmore, Carissa Moore e Gabriel Medina; John John Florence faz abstin\u00eancia; a temporada mant\u00e9m-se no formato de pontos, com a final em Pipeline, no Havai, ap\u00f3s passagem por Supertubos, e sem Dia das Finais.","og_url":"https:\/\/portaltela.pt\/noticias\/2026\/03\/30\/mundial-de-surf-arranca-com-dupla-portuguesa-e-pesados-do-circuito\/","og_site_name":"Portal Tela Portugal","article_published_time":"2026-03-30T20:17:02+00:00","author":"Telinha","twitter_card":"summary_large_image","twitter_misc":{"Escrito por":"Telinha","Tempo estimado de leitura":"2 minutos"},"schema":{"@context":"https:\/\/schema.org","@graph":[{"@type":"Article","@id":"https:\/\/portaltela.pt\/noticias\/2026\/03\/30\/mundial-de-surf-arranca-com-dupla-portuguesa-e-pesados-do-circuito\/#article","isPartOf":{"@id":"https:\/\/portaltela.pt\/noticias\/2026\/03\/30\/mundial-de-surf-arranca-com-dupla-portuguesa-e-pesados-do-circuito\/"},"author":{"name":"Telinha","@id":"https:\/\/portaltela.pt\/#\/schema\/person\/c4278d4a6028830caff9ee44b42d32ed"},"headline":"Mundial de surf arranca com dupla portuguesa e pesados do circuito","datePublished":"2026-03-30T20:17:02+00:00","mainEntityOfPage":{"@id":"https:\/\/portaltela.pt\/noticias\/2026\/03\/30\/mundial-de-surf-arranca-com-dupla-portuguesa-e-pesados-do-circuito\/"},"wordCount":379,"image":{"@id":"https:\/\/portaltela.pt\/noticias\/2026\/03\/30\/mundial-de-surf-arranca-com-dupla-portuguesa-e-pesados-do-circuito\/#primaryimage"},"thumbnailUrl":"https:\/\/portaltela.pt\/s.01k8rhncp4jt1\/2026\/03\/2077906.jpg","keywords":["atletas","desporto","desporto internacional","feminino","participa\u00e7\u00e3o internacional","Portugal"],"articleSection":["Copa do Mundo","Desporto"],"inLanguage":"pt-PT"},{"@type":"WebPage","@id":"https:\/\/portaltela.pt\/noticias\/2026\/03\/30\/mundial-de-surf-arranca-com-dupla-portuguesa-e-pesados-do-circuito\/","url":"https:\/\/portaltela.pt\/noticias\/2026\/03\/30\/mundial-de-surf-arranca-com-dupla-portuguesa-e-pesados-do-circuito\/","name":"Mundial de surf arranca com dupla portuguesa e pesados do circuito - Portal Tela Portugal","isPartOf":{"@id":"https:\/\/portaltela.pt\/#website"},"primaryImageOfPage":{"@id":"https:\/\/portaltela.pt\/noticias\/2026\/03\/30\/mundial-de-surf-arranca-com-dupla-portuguesa-e-pesados-do-circuito\/#primaryimage"},"image":{"@id":"https:\/\/portaltela.pt\/noticias\/2026\/03\/30\/mundial-de-surf-arranca-com-dupla-portuguesa-e-pesados-do-circuito\/#primaryimage"},"thumbnailUrl":"https:\/\/portaltela.pt\/s.01k8rhncp4jt1\/2026\/03\/2077906.jpg","datePublished":"2026-03-30T20:17:02+00:00","author":{"@id":"https:\/\/portaltela.pt\/#\/schema\/person\/c4278d4a6028830caff9ee44b42d32ed"},"breadcrumb":{"@id":"https:\/\/portaltela.pt\/noticias\/2026\/03\/30\/mundial-de-surf-arranca-com-dupla-portuguesa-e-pesados-do-circuito\/#breadcrumb"},"inLanguage":"pt-PT","potentialAction":[{"@type":"ReadAction","target":["https:\/\/portaltela.pt\/noticias\/2026\/03\/30\/mundial-de-surf-arranca-com-dupla-portuguesa-e-pesados-do-circuito\/"]}]},{"@type":"ImageObject","inLanguage":"pt-PT","@id":"https:\/\/portaltela.pt\/noticias\/2026\/03\/30\/mundial-de-surf-arranca-com-dupla-portuguesa-e-pesados-do-circuito\/#primaryimage","url":"https:\/\/portaltela.pt\/s.01k8rhncp4jt1\/2026\/03\/2077906.jpg","contentUrl":"https:\/\/portaltela.pt\/s.01k8rhncp4jt1\/2026\/03\/2077906.jpg","width":796,"height":448,"caption":"Yolanda Hopkins durante a etapa de Saquarema, no Brasil, no ano passado"},{"@type":"BreadcrumbList","@id":"https:\/\/portaltela.pt\/noticias\/2026\/03\/30\/mundial-de-surf-arranca-com-dupla-portuguesa-e-pesados-do-circuito\/#breadcrumb","itemListElement":[{"@type":"ListItem","position":1,"name":"In\u00edcio","item":"https:\/\/portaltela.pt\/"},{"@type":"ListItem","position":2,"name":"Mundial de surf arranca com dupla portuguesa e pesados do circuito"}]},{"@type":"WebSite","@id":"https:\/\/portaltela.pt\/#website","url":"https:\/\/portaltela.pt\/","name":"Portal Tela Portugal","description":"","potentialAction":[{"@type":"SearchAction","target":{"@type":"EntryPoint","urlTemplate":"https:\/\/portaltela.pt\/?s={search_term_string}"},"query-input":{"@type":"PropertyValueSpecification","valueRequired":true,"valueName":"search_term_string"}}],"inLanguage":"pt-PT"},{"@type":"Person","@id":"https:\/\/portaltela.pt\/#\/schema\/person\/c4278d4a6028830caff9ee44b42d32ed","name":"Telinha","image":{"@type":"ImageObject","inLanguage":"pt-PT","@id":"https:\/\/portaltela.pt\/s.01k8rhncp4jt1\/2025\/11\/talking-bot-125x125.png","url":"https:\/\/portaltela.pt\/s.01k8rhncp4jt1\/2025\/11\/talking-bot-125x125.png","contentUrl":"https:\/\/portaltela.pt\/s.01k8rhncp4jt1\/2025\/11\/talking-bot-125x125.png","caption":"Telinha"},"sameAs":["https:\/\/portaltela.pt\/"],"url":"https:\/\/portaltela.pt\/por\/367410592786\/"}]}},"_links":{"self":[{"href":"https:\/\/portaltela.pt\/api\/wp\/v2\/posts\/427482","targetHints":{"allow":["GET"]}}],"collection":[{"href":"https:\/\/portaltela.pt\/api\/wp\/v2\/posts"}],"about":[{"href":"https:\/\/portaltela.pt\/api\/wp\/v2\/types\/post"}],"author":[{"embeddable":true,"href":"https:\/\/portaltela.pt\/api\/wp\/v2\/users\/2"}],"replies":[{"embeddable":true,"href":"https:\/\/portaltela.pt\/api\/wp\/v2\/comments?post=427482"}],"version-history":[{"count":0,"href":"https:\/\/portaltela.pt\/api\/wp\/v2\/posts\/427482\/revisions"}],"wp:featuredmedia":[{"embeddable":true,"href":"https:\/\/portaltela.pt\/api\/wp\/v2\/media\/427483"}],"wp:attachment":[{"href":"https:\/\/portaltela.pt\/api\/wp\/v2\/media?parent=427482"}],"wp:term":[{"taxonomy":"category","embeddable":true,"href":"https:\/\/portaltela.pt\/api\/wp\/v2\/categories?post=427482"},{"taxonomy":"post_tag","embeddable":true,"href":"https:\/\/portaltela.pt\/api\/wp\/v2\/tags?post=427482"}],"curies":[{"name":"wp","href":"https:\/\/api.w.org\/{rel}","templated":true}]}}