{"id":427475,"date":"2026-03-30T17:02:49","date_gmt":"2026-03-30T20:02:49","guid":{"rendered":"https:\/\/portaltela.pt\/noticias\/2026\/03\/30\/joana-marques-revela-hipocondria-e-varias-idas-ao-hospital\/"},"modified":"2026-03-30T17:02:49","modified_gmt":"2026-03-30T20:02:49","slug":"joana-marques-revela-hipocondria-e-varias-idas-ao-hospital","status":"publish","type":"post","link":"https:\/\/portaltela.pt\/saude\/2026\/03\/30\/joana-marques-revela-hipocondria-e-varias-idas-ao-hospital\/","title":{"rendered":"Joana Marques revela hipocondria e v\u00e1rias idas ao hospital"},"content":{"rendered":"<p>Joana Marques revelou, no podcast Bate P\u00e9, que enfrenta hipocondria e ansiedade, algo que a levou a procurar apoio psicol\u00f3gico. A humorista descreveu epis\u00f3dios em que acreditava estar diante de situa\u00e7\u00f5es m\u00e9dicas graves, apesar de se tratar de ansiedade.<\/p>\n<p>Numa conversa com Mafalda Castro e Rui Sim\u00f5es, a convidada recordou v\u00e1rias vezes ter ido ao hospital sem que a situa\u00e7\u00e3o o justificasse. Conta que chegou a sentir que n\u00e3o respirava e que, em alguns momentos, o atendimento de que precisava n\u00e3o a convenceu de que estava est\u00e1vel.<\/p>\n<p>Em Sagres, durante f\u00e9rias com o filho, a preocupa\u00e7\u00e3o ganhou contornos ainda mais intensos. A em estudo de alergia do menino gerou receios de um choque e, numa farm\u00e1cia longa, a situa\u00e7\u00e3o pareceu-lhe de urg\u00eancia extrema, levando-a a temer o pior. Reconhece que esse tipo de epis\u00f3dio lhe tirava a calma.<\/p>\n<p>A humorista explicou que a frequ\u00eancia dessas ocorr\u00eancias aumentou o suficiente para afetar o dia a dia. Decidiu ent\u00e3o iniciar terapia psicol\u00f3gica para gerir a ansiedade e reorganizar o racioc\u00ednio. O objetivo \u00e9 reduzir os epis\u00f3dios que a colocam em risco de descontrole.<\/p>\n<p>Joana Marques tamb\u00e9m comentou situa\u00e7\u00f5es ligadas ao seu ambiente pessoal, incluindo epis\u00f3dios com o marido e coment\u00e1rios de colegas do meio art\u00edstico. Apesar do humor, reconhece que a vulnerabilidade inspira grande parte do seu trabalho.<\/p>\n<p>A revela\u00e7\u00e3o chega num momento em que a humorista mant\u00e9m uma rotina marcada pela criatividade e por um humor que reflete, de forma consciente, as suas experi\u00eancias. O objetivo \u00e9 lidar com as dificuldades sem que estas comprometam a qualidade do seu trabalho.<\/p>\n","protected":false},"excerpt":{"rendered":"<ul>\n<li>Joana Marques revelou no podcast Bate P\u00e9 que \u00e9 hipocondr\u00edaca e j\u00e1 foi ao hospital v\u00e1rias vezes por ansiedade.<\/li>\n<li>Contou epis\u00f3dios em que chegou a pensar estar diante de uma situa\u00e7\u00e3o m\u00e9dica grave e quase n\u00e3o conseguia respirar.<\/li>\n<li>Um epis\u00f3dio com o filho, numa viagem a Sagres, levou-a a temer um choque anafil\u00e1tico ap\u00f3s uma alergia, com o rapaz a adormecer e ela a temer o pior.<\/li>\n<li>A humorista decidiu procurar ajuda psicol\u00f3gica para lidar com a ansiedade e organizar a mente.<\/li>\n<li>Falou ainda de como a vulnerabilidade influencia o seu humor e relatou situa\u00e7\u00f5es com o marido e pol\u00e9micas p\u00fablicas ligadas ao seu trabalho.<\/li>\n<\/ul>\n","protected":false},"author":2,"featured_media":427477,"comment_status":"closed","ping_status":"closed","sticky":false,"template":"","format":"standard","meta":{"footnotes":""},"categories":[7371,6745],"tags":[3350,3259,6529,2249,172,6772],"class_list":["post-427475","post","type-post","status-publish","format-standard","has-post-thumbnail","hentry","category-medicina","category-saude","tag-ansiedade","tag-celebidades","tag-humoristas","tag-psicologia","tag-saude","tag-terapia-cognitivo-comportamental"],"yoast_head":"<!-- This site is optimized with the Yoast SEO plugin v27.2 - https:\/\/yoast.com\/product\/yoast-seo-wordpress\/ -->\n<title>Joana Marques revela hipocondria e v\u00e1rias idas ao hospital - Portal Tela Portugal<\/title>\n<meta name=\"robots\" content=\"index, follow, max-snippet:-1, max-image-preview:large, max-video-preview:-1\" \/>\n<meta property=\"og:locale\" content=\"pt_PT\" \/>\n<meta property=\"og:type\" content=\"article\" \/>\n<meta property=\"og:title\" content=\"Joana Marques revela hipocondria e v\u00e1rias idas ao hospital - Portal Tela Portugal\" \/>\n<meta property=\"og:description\" content=\"Joana Marques revelou no podcast Bate P\u00e9 que \u00e9 hipocondr\u00edaca e j\u00e1 foi ao hospital v\u00e1rias vezes por ansiedade. Contou epis\u00f3dios em que chegou a pensar estar diante de uma situa\u00e7\u00e3o m\u00e9dica grave e quase n\u00e3o conseguia respirar. Um epis\u00f3dio com o filho, numa viagem a Sagres, levou-a a temer um choque anafil\u00e1tico ap\u00f3s uma alergia, com o rapaz a adormecer e ela a temer o pior. A humorista decidiu procurar ajuda psicol\u00f3gica para lidar com a ansiedade e organizar a mente. Falou ainda de como a vulnerabilidade influencia o seu humor e relatou situa\u00e7\u00f5es com o marido e pol\u00e9micas p\u00fablicas ligadas ao seu trabalho.\" \/>\n<meta property=\"og:url\" content=\"https:\/\/portaltela.pt\/noticias\/2026\/03\/30\/joana-marques-revela-hipocondria-e-varias-idas-ao-hospital\/\" \/>\n<meta property=\"og:site_name\" content=\"Portal Tela Portugal\" \/>\n<meta property=\"article:published_time\" content=\"2026-03-30T20:02:49+00:00\" \/>\n<meta name=\"author\" content=\"Telinha\" \/>\n<meta name=\"twitter:card\" content=\"summary_large_image\" \/>\n<meta name=\"twitter:label1\" content=\"Escrito por\" \/>\n\t<meta name=\"twitter:data1\" content=\"Telinha\" \/>\n\t<meta name=\"twitter:label2\" content=\"Tempo estimado de leitura\" \/>\n\t<meta name=\"twitter:data2\" content=\"1 minuto\" \/>\n<script type=\"application\/ld+json\" class=\"yoast-schema-graph\">{\"@context\":\"https:\/\/schema.org\",\"@graph\":[{\"@type\":\"Article\",\"@id\":\"https:\/\/portaltela.pt\/noticias\/2026\/03\/30\/joana-marques-revela-hipocondria-e-varias-idas-ao-hospital\/#article\",\"isPartOf\":{\"@id\":\"https:\/\/portaltela.pt\/noticias\/2026\/03\/30\/joana-marques-revela-hipocondria-e-varias-idas-ao-hospital\/\"},\"author\":{\"name\":\"Telinha\",\"@id\":\"https:\/\/portaltela.pt\/#\/schema\/person\/c4278d4a6028830caff9ee44b42d32ed\"},\"headline\":\"Joana Marques revela hipocondria e v\u00e1rias idas ao hospital\",\"datePublished\":\"2026-03-30T20:02:49+00:00\",\"mainEntityOfPage\":{\"@id\":\"https:\/\/portaltela.pt\/noticias\/2026\/03\/30\/joana-marques-revela-hipocondria-e-varias-idas-ao-hospital\/\"},\"wordCount\":297,\"image\":{\"@id\":\"https:\/\/portaltela.pt\/noticias\/2026\/03\/30\/joana-marques-revela-hipocondria-e-varias-idas-ao-hospital\/#primaryimage\"},\"thumbnailUrl\":\"https:\/\/portaltela.pt\/s.01k8rhncp4jt1\/2026\/03\/img_1280x718uu2025-10-03-10-59-21-2239178-im-638953389068430826.jpg\",\"keywords\":[\"ansiedade\",\"celebidades\",\"humoristas\",\"psicologia\",\"sa\u00fade\",\"terapia cognitivo-comportamental\"],\"articleSection\":[\"Medicina\",\"Sa\u00fade\"],\"inLanguage\":\"pt-PT\"},{\"@type\":\"WebPage\",\"@id\":\"https:\/\/portaltela.pt\/noticias\/2026\/03\/30\/joana-marques-revela-hipocondria-e-varias-idas-ao-hospital\/\",\"url\":\"https:\/\/portaltela.pt\/noticias\/2026\/03\/30\/joana-marques-revela-hipocondria-e-varias-idas-ao-hospital\/\",\"name\":\"Joana Marques revela hipocondria e v\u00e1rias idas ao hospital - Portal Tela Portugal\",\"isPartOf\":{\"@id\":\"https:\/\/portaltela.pt\/#website\"},\"primaryImageOfPage\":{\"@id\":\"https:\/\/portaltela.pt\/noticias\/2026\/03\/30\/joana-marques-revela-hipocondria-e-varias-idas-ao-hospital\/#primaryimage\"},\"image\":{\"@id\":\"https:\/\/portaltela.pt\/noticias\/2026\/03\/30\/joana-marques-revela-hipocondria-e-varias-idas-ao-hospital\/#primaryimage\"},\"thumbnailUrl\":\"https:\/\/portaltela.pt\/s.01k8rhncp4jt1\/2026\/03\/img_1280x718uu2025-10-03-10-59-21-2239178-im-638953389068430826.jpg\",\"datePublished\":\"2026-03-30T20:02:49+00:00\",\"author\":{\"@id\":\"https:\/\/portaltela.pt\/#\/schema\/person\/c4278d4a6028830caff9ee44b42d32ed\"},\"breadcrumb\":{\"@id\":\"https:\/\/portaltela.pt\/noticias\/2026\/03\/30\/joana-marques-revela-hipocondria-e-varias-idas-ao-hospital\/#breadcrumb\"},\"inLanguage\":\"pt-PT\",\"potentialAction\":[{\"@type\":\"ReadAction\",\"target\":[\"https:\/\/portaltela.pt\/noticias\/2026\/03\/30\/joana-marques-revela-hipocondria-e-varias-idas-ao-hospital\/\"]}]},{\"@type\":\"ImageObject\",\"inLanguage\":\"pt-PT\",\"@id\":\"https:\/\/portaltela.pt\/noticias\/2026\/03\/30\/joana-marques-revela-hipocondria-e-varias-idas-ao-hospital\/#primaryimage\",\"url\":\"https:\/\/portaltela.pt\/s.01k8rhncp4jt1\/2026\/03\/img_1280x718uu2025-10-03-10-59-21-2239178-im-638953389068430826.jpg\",\"contentUrl\":\"https:\/\/portaltela.pt\/s.01k8rhncp4jt1\/2026\/03\/img_1280x718uu2025-10-03-10-59-21-2239178-im-638953389068430826.jpg\",\"width\":796,\"height\":448,\"caption\":\"Joana Marques aborda o entretenimento com casos de tribunal, incluindo o de S\u00f3crates\"},{\"@type\":\"BreadcrumbList\",\"@id\":\"https:\/\/portaltela.pt\/noticias\/2026\/03\/30\/joana-marques-revela-hipocondria-e-varias-idas-ao-hospital\/#breadcrumb\",\"itemListElement\":[{\"@type\":\"ListItem\",\"position\":1,\"name\":\"In\u00edcio\",\"item\":\"https:\/\/portaltela.pt\/\"},{\"@type\":\"ListItem\",\"position\":2,\"name\":\"Joana Marques revela hipocondria e v\u00e1rias idas ao hospital\"}]},{\"@type\":\"WebSite\",\"@id\":\"https:\/\/portaltela.pt\/#website\",\"url\":\"https:\/\/portaltela.pt\/\",\"name\":\"Portal Tela Portugal\",\"description\":\"\",\"potentialAction\":[{\"@type\":\"SearchAction\",\"target\":{\"@type\":\"EntryPoint\",\"urlTemplate\":\"https:\/\/portaltela.pt\/?s={search_term_string}\"},\"query-input\":{\"@type\":\"PropertyValueSpecification\",\"valueRequired\":true,\"valueName\":\"search_term_string\"}}],\"inLanguage\":\"pt-PT\"},{\"@type\":\"Person\",\"@id\":\"https:\/\/portaltela.pt\/#\/schema\/person\/c4278d4a6028830caff9ee44b42d32ed\",\"name\":\"Telinha\",\"image\":{\"@type\":\"ImageObject\",\"inLanguage\":\"pt-PT\",\"@id\":\"https:\/\/portaltela.pt\/s.01k8rhncp4jt1\/2025\/11\/talking-bot-125x125.png\",\"url\":\"https:\/\/portaltela.pt\/s.01k8rhncp4jt1\/2025\/11\/talking-bot-125x125.png\",\"contentUrl\":\"https:\/\/portaltela.pt\/s.01k8rhncp4jt1\/2025\/11\/talking-bot-125x125.png\",\"caption\":\"Telinha\"},\"sameAs\":[\"https:\/\/portaltela.pt\/\"],\"url\":\"https:\/\/portaltela.pt\/por\/367410592786\/\"}]}<\/script>\n<!-- \/ Yoast SEO plugin. -->","yoast_head_json":{"title":"Joana Marques revela hipocondria e v\u00e1rias idas ao hospital - Portal Tela Portugal","robots":{"index":"index","follow":"follow","max-snippet":"max-snippet:-1","max-image-preview":"max-image-preview:large","max-video-preview":"max-video-preview:-1"},"og_locale":"pt_PT","og_type":"article","og_title":"Joana Marques revela hipocondria e v\u00e1rias idas ao hospital - Portal Tela Portugal","og_description":"Joana Marques revelou no podcast Bate P\u00e9 que \u00e9 hipocondr\u00edaca e j\u00e1 foi ao hospital v\u00e1rias vezes por ansiedade. Contou epis\u00f3dios em que chegou a pensar estar diante de uma situa\u00e7\u00e3o m\u00e9dica grave e quase n\u00e3o conseguia respirar. Um epis\u00f3dio com o filho, numa viagem a Sagres, levou-a a temer um choque anafil\u00e1tico ap\u00f3s uma alergia, com o rapaz a adormecer e ela a temer o pior. A humorista decidiu procurar ajuda psicol\u00f3gica para lidar com a ansiedade e organizar a mente. Falou ainda de como a vulnerabilidade influencia o seu humor e relatou situa\u00e7\u00f5es com o marido e pol\u00e9micas p\u00fablicas ligadas ao seu trabalho.","og_url":"https:\/\/portaltela.pt\/noticias\/2026\/03\/30\/joana-marques-revela-hipocondria-e-varias-idas-ao-hospital\/","og_site_name":"Portal Tela Portugal","article_published_time":"2026-03-30T20:02:49+00:00","author":"Telinha","twitter_card":"summary_large_image","twitter_misc":{"Escrito por":"Telinha","Tempo estimado de leitura":"1 minuto"},"schema":{"@context":"https:\/\/schema.org","@graph":[{"@type":"Article","@id":"https:\/\/portaltela.pt\/noticias\/2026\/03\/30\/joana-marques-revela-hipocondria-e-varias-idas-ao-hospital\/#article","isPartOf":{"@id":"https:\/\/portaltela.pt\/noticias\/2026\/03\/30\/joana-marques-revela-hipocondria-e-varias-idas-ao-hospital\/"},"author":{"name":"Telinha","@id":"https:\/\/portaltela.pt\/#\/schema\/person\/c4278d4a6028830caff9ee44b42d32ed"},"headline":"Joana Marques revela hipocondria e v\u00e1rias idas ao hospital","datePublished":"2026-03-30T20:02:49+00:00","mainEntityOfPage":{"@id":"https:\/\/portaltela.pt\/noticias\/2026\/03\/30\/joana-marques-revela-hipocondria-e-varias-idas-ao-hospital\/"},"wordCount":297,"image":{"@id":"https:\/\/portaltela.pt\/noticias\/2026\/03\/30\/joana-marques-revela-hipocondria-e-varias-idas-ao-hospital\/#primaryimage"},"thumbnailUrl":"https:\/\/portaltela.pt\/s.01k8rhncp4jt1\/2026\/03\/img_1280x718uu2025-10-03-10-59-21-2239178-im-638953389068430826.jpg","keywords":["ansiedade","celebidades","humoristas","psicologia","sa\u00fade","terapia cognitivo-comportamental"],"articleSection":["Medicina","Sa\u00fade"],"inLanguage":"pt-PT"},{"@type":"WebPage","@id":"https:\/\/portaltela.pt\/noticias\/2026\/03\/30\/joana-marques-revela-hipocondria-e-varias-idas-ao-hospital\/","url":"https:\/\/portaltela.pt\/noticias\/2026\/03\/30\/joana-marques-revela-hipocondria-e-varias-idas-ao-hospital\/","name":"Joana Marques revela hipocondria e v\u00e1rias idas ao hospital - Portal Tela Portugal","isPartOf":{"@id":"https:\/\/portaltela.pt\/#website"},"primaryImageOfPage":{"@id":"https:\/\/portaltela.pt\/noticias\/2026\/03\/30\/joana-marques-revela-hipocondria-e-varias-idas-ao-hospital\/#primaryimage"},"image":{"@id":"https:\/\/portaltela.pt\/noticias\/2026\/03\/30\/joana-marques-revela-hipocondria-e-varias-idas-ao-hospital\/#primaryimage"},"thumbnailUrl":"https:\/\/portaltela.pt\/s.01k8rhncp4jt1\/2026\/03\/img_1280x718uu2025-10-03-10-59-21-2239178-im-638953389068430826.jpg","datePublished":"2026-03-30T20:02:49+00:00","author":{"@id":"https:\/\/portaltela.pt\/#\/schema\/person\/c4278d4a6028830caff9ee44b42d32ed"},"breadcrumb":{"@id":"https:\/\/portaltela.pt\/noticias\/2026\/03\/30\/joana-marques-revela-hipocondria-e-varias-idas-ao-hospital\/#breadcrumb"},"inLanguage":"pt-PT","potentialAction":[{"@type":"ReadAction","target":["https:\/\/portaltela.pt\/noticias\/2026\/03\/30\/joana-marques-revela-hipocondria-e-varias-idas-ao-hospital\/"]}]},{"@type":"ImageObject","inLanguage":"pt-PT","@id":"https:\/\/portaltela.pt\/noticias\/2026\/03\/30\/joana-marques-revela-hipocondria-e-varias-idas-ao-hospital\/#primaryimage","url":"https:\/\/portaltela.pt\/s.01k8rhncp4jt1\/2026\/03\/img_1280x718uu2025-10-03-10-59-21-2239178-im-638953389068430826.jpg","contentUrl":"https:\/\/portaltela.pt\/s.01k8rhncp4jt1\/2026\/03\/img_1280x718uu2025-10-03-10-59-21-2239178-im-638953389068430826.jpg","width":796,"height":448,"caption":"Joana Marques aborda o entretenimento com casos de tribunal, incluindo o de S\u00f3crates"},{"@type":"BreadcrumbList","@id":"https:\/\/portaltela.pt\/noticias\/2026\/03\/30\/joana-marques-revela-hipocondria-e-varias-idas-ao-hospital\/#breadcrumb","itemListElement":[{"@type":"ListItem","position":1,"name":"In\u00edcio","item":"https:\/\/portaltela.pt\/"},{"@type":"ListItem","position":2,"name":"Joana Marques revela hipocondria e v\u00e1rias idas ao hospital"}]},{"@type":"WebSite","@id":"https:\/\/portaltela.pt\/#website","url":"https:\/\/portaltela.pt\/","name":"Portal Tela Portugal","description":"","potentialAction":[{"@type":"SearchAction","target":{"@type":"EntryPoint","urlTemplate":"https:\/\/portaltela.pt\/?s={search_term_string}"},"query-input":{"@type":"PropertyValueSpecification","valueRequired":true,"valueName":"search_term_string"}}],"inLanguage":"pt-PT"},{"@type":"Person","@id":"https:\/\/portaltela.pt\/#\/schema\/person\/c4278d4a6028830caff9ee44b42d32ed","name":"Telinha","image":{"@type":"ImageObject","inLanguage":"pt-PT","@id":"https:\/\/portaltela.pt\/s.01k8rhncp4jt1\/2025\/11\/talking-bot-125x125.png","url":"https:\/\/portaltela.pt\/s.01k8rhncp4jt1\/2025\/11\/talking-bot-125x125.png","contentUrl":"https:\/\/portaltela.pt\/s.01k8rhncp4jt1\/2025\/11\/talking-bot-125x125.png","caption":"Telinha"},"sameAs":["https:\/\/portaltela.pt\/"],"url":"https:\/\/portaltela.pt\/por\/367410592786\/"}]}},"_links":{"self":[{"href":"https:\/\/portaltela.pt\/api\/wp\/v2\/posts\/427475","targetHints":{"allow":["GET"]}}],"collection":[{"href":"https:\/\/portaltela.pt\/api\/wp\/v2\/posts"}],"about":[{"href":"https:\/\/portaltela.pt\/api\/wp\/v2\/types\/post"}],"author":[{"embeddable":true,"href":"https:\/\/portaltela.pt\/api\/wp\/v2\/users\/2"}],"replies":[{"embeddable":true,"href":"https:\/\/portaltela.pt\/api\/wp\/v2\/comments?post=427475"}],"version-history":[{"count":0,"href":"https:\/\/portaltela.pt\/api\/wp\/v2\/posts\/427475\/revisions"}],"wp:featuredmedia":[{"embeddable":true,"href":"https:\/\/portaltela.pt\/api\/wp\/v2\/media\/427477"}],"wp:attachment":[{"href":"https:\/\/portaltela.pt\/api\/wp\/v2\/media?parent=427475"}],"wp:term":[{"taxonomy":"category","embeddable":true,"href":"https:\/\/portaltela.pt\/api\/wp\/v2\/categories?post=427475"},{"taxonomy":"post_tag","embeddable":true,"href":"https:\/\/portaltela.pt\/api\/wp\/v2\/tags?post=427475"}],"curies":[{"name":"wp","href":"https:\/\/api.w.org\/{rel}","templated":true}]}}