{"id":427473,"date":"2026-03-30T17:02:47","date_gmt":"2026-03-30T20:02:47","guid":{"rendered":"https:\/\/portaltela.pt\/noticias\/2026\/03\/30\/falhas-na-emergencia-e-quarto-intocado-relato-de-pais-de-jovem-morto\/"},"modified":"2026-03-30T17:02:47","modified_gmt":"2026-03-30T20:02:47","slug":"falhas-na-emergencia-e-quarto-intocado-relato-de-pais-de-jovem-morto","status":"publish","type":"post","link":"https:\/\/portaltela.pt\/desporto\/futebol\/2026\/03\/30\/falhas-na-emergencia-e-quarto-intocado-relato-de-pais-de-jovem-morto\/","title":{"rendered":"Falhas na emerg\u00eancia e quarto intocado, relato de pais de jovem morto"},"content":{"rendered":"<p>Adam Ankers, de 17 anos, morreu durante um jogo das camadas jovens do Wycombe Wanderers, na terceira divis\u00e3o inglesa, em 2024. O caso veio a p\u00fablico com o inqu\u00e9rito que apresentou falhas na resposta de socorro e na forma\u00e7\u00e3o para paragem card\u00edaca em escal\u00f5es de forma\u00e7\u00e3o.<\/p>\n<p>Os pais do jovem, m\u00e9dicos, afirmam que o desfecho poderia ter sido diferente com uma interven\u00e7\u00e3o mais r\u00e1pida e com o uso do desfibrilador. O epis\u00f3dio ocorreu perto do fim do encontro, ap\u00f3s Adam ter reportado dores no peito e ter perdido os sentidos oito minutos depois, quando chegaram as primeiras manobras de reanima\u00e7\u00e3o.<\/p>\n<p>Investiga\u00e7\u00e3o aponta falhas na linha de apoio telef\u00f3nico e na prepara\u00e7\u00e3o dos intervenientes da equipa. O operador chamou a assist\u00eancia sem reconhecer sinais de paragem card\u00edaca e n\u00e3o guiou a equipa para utilizar o desfibrilador. O \u00e1rbitro n\u00e3o possu\u00eda forma\u00e7\u00e3o obrigat\u00f3ria em primeiros socorros.<\/p>\n<p>A m\u00e9dica legista encontrou contributos relevantes para o desfecho e alertou para a aus\u00eancia de treino obrigat\u00f3rio de oficiais da FA que lidam com jogos de forma\u00e7\u00e3o. A legista anunciou que o caso seria reportado \u00e0 FA com recomenda\u00e7\u00f5es de melhoria em preven\u00e7\u00e3o e forma\u00e7\u00e3o.<\/p>\n<p>A Federa\u00e7\u00e3o Inglesa disse estar sensibilizada pela trag\u00e9dia e prometeu avaliar corre\u00e7\u00f5es no protocolo. A fam\u00edlia de Adam divulgou um comunicado pedindo que organiza\u00e7\u00f5es em posi\u00e7\u00e3o de influ\u00eancia aprendam com o inqu\u00e9rito para evitar novos casos.<\/p>\n<p>O quarto de Adam continua igual desde a morte: a camisola do Arsenal, medalhas e fotografias mant\u00eam-se tal como estavam. A bra\u00e7adeira de capit\u00e3o, usada no \u00faltimo jogo, permanece como lembran\u00e7a enviada pela equipa ao hospital, com quatro palavras criadas pelo jovem: For\u00e7a, Inspira\u00e7\u00e3o, L\u00edder, Vontade.<\/p>\n","protected":false},"excerpt":{"rendered":"<ul>\n<li>Adam Ankers, 17 anos, morreu durante um jogo das camadas jovens do Wycombe Wanderers, em 2024; foi enterrado com a camisola do Arsenal.<\/li>\n<li>O inqu\u00e9rito apontou falhas graves na resposta de emerg\u00eancia e na forma\u00e7\u00e3o para lidar com paragem card\u00edaca s\u00fabita nos escal\u00f5es de forma\u00e7\u00e3o.<\/li>\n<li>O atraso entre o desmaio e as manobras de reanima\u00e7\u00e3o ocorreu porque o telefonista n\u00e3o reconheceu sinais de paragem card\u00edaca e n\u00e3o passou instru\u00e7\u00f5es aos servi\u00e7os de emerg\u00eancia.<\/li>\n<li>A m\u00e9dica legista indicou que essa falha contribuiu para a morte e recomendou medidas de preven\u00e7\u00e3o e forma\u00e7\u00e3o para treinadores, \u00e1rbitros e respons\u00e1veis da Football Association (FA).<\/li>\n<li>O quarto de Adam permanece quase intacto; a bra\u00e7adeira de capit\u00e3o, com quatro palavras escritas por ele, continua entre os objetos.<\/li>\n<\/ul>\n","protected":false},"author":2,"featured_media":427476,"comment_status":"closed","ping_status":"closed","sticky":false,"template":"","format":"standard","meta":{"footnotes":""},"categories":[21,24],"tags":[5928,960,32,1878,215,3809],"class_list":["post-427473","post","type-post","status-publish","format-standard","has-post-thumbnail","hentry","category-desporto","category-futebol","tag-emergencia","tag-emergencia-pre-hospitalar","tag-futebol","tag-inquerito-criminal","tag-investigacao","tag-primeiros-socorros"],"yoast_head":"<!-- This site is optimized with the Yoast SEO plugin v27.2 - https:\/\/yoast.com\/product\/yoast-seo-wordpress\/ -->\n<title>Falhas na emerg\u00eancia e quarto intocado, relato de pais de jovem morto - Portal Tela Portugal<\/title>\n<meta name=\"robots\" content=\"index, follow, max-snippet:-1, max-image-preview:large, max-video-preview:-1\" \/>\n<meta property=\"og:locale\" content=\"pt_PT\" \/>\n<meta property=\"og:type\" content=\"article\" \/>\n<meta property=\"og:title\" content=\"Falhas na emerg\u00eancia e quarto intocado, relato de pais de jovem morto - Portal Tela Portugal\" \/>\n<meta property=\"og:description\" content=\"Adam Ankers, 17 anos, morreu durante um jogo das camadas jovens do Wycombe Wanderers, em 2024; foi enterrado com a camisola do Arsenal. O inqu\u00e9rito apontou falhas graves na resposta de emerg\u00eancia e na forma\u00e7\u00e3o para lidar com paragem card\u00edaca s\u00fabita nos escal\u00f5es de forma\u00e7\u00e3o. O atraso entre o desmaio e as manobras de reanima\u00e7\u00e3o ocorreu porque o telefonista n\u00e3o reconheceu sinais de paragem card\u00edaca e n\u00e3o passou instru\u00e7\u00f5es aos servi\u00e7os de emerg\u00eancia. A m\u00e9dica legista indicou que essa falha contribuiu para a morte e recomendou medidas de preven\u00e7\u00e3o e forma\u00e7\u00e3o para treinadores, \u00e1rbitros e respons\u00e1veis da Football Association (FA). O quarto de Adam permanece quase intacto; a bra\u00e7adeira de capit\u00e3o, com quatro palavras escritas por ele, continua entre os objetos.\" \/>\n<meta property=\"og:url\" content=\"https:\/\/portaltela.pt\/noticias\/2026\/03\/30\/falhas-na-emergencia-e-quarto-intocado-relato-de-pais-de-jovem-morto\/\" \/>\n<meta property=\"og:site_name\" content=\"Portal Tela Portugal\" \/>\n<meta property=\"article:published_time\" content=\"2026-03-30T20:02:47+00:00\" \/>\n<meta name=\"author\" content=\"Telinha\" \/>\n<meta name=\"twitter:card\" content=\"summary_large_image\" \/>\n<meta name=\"twitter:label1\" content=\"Escrito por\" \/>\n\t<meta name=\"twitter:data1\" content=\"Telinha\" \/>\n\t<meta name=\"twitter:label2\" content=\"Tempo estimado de leitura\" \/>\n\t<meta name=\"twitter:data2\" content=\"2 minutos\" \/>\n<script type=\"application\/ld+json\" class=\"yoast-schema-graph\">{\"@context\":\"https:\/\/schema.org\",\"@graph\":[{\"@type\":\"Article\",\"@id\":\"https:\/\/portaltela.pt\/noticias\/2026\/03\/30\/falhas-na-emergencia-e-quarto-intocado-relato-de-pais-de-jovem-morto\/#article\",\"isPartOf\":{\"@id\":\"https:\/\/portaltela.pt\/noticias\/2026\/03\/30\/falhas-na-emergencia-e-quarto-intocado-relato-de-pais-de-jovem-morto\/\"},\"author\":{\"name\":\"Telinha\",\"@id\":\"https:\/\/portaltela.pt\/#\/schema\/person\/c4278d4a6028830caff9ee44b42d32ed\"},\"headline\":\"Falhas na emerg\u00eancia e quarto intocado, relato de pais de jovem morto\",\"datePublished\":\"2026-03-30T20:02:47+00:00\",\"mainEntityOfPage\":{\"@id\":\"https:\/\/portaltela.pt\/noticias\/2026\/03\/30\/falhas-na-emergencia-e-quarto-intocado-relato-de-pais-de-jovem-morto\/\"},\"wordCount\":326,\"image\":{\"@id\":\"https:\/\/portaltela.pt\/noticias\/2026\/03\/30\/falhas-na-emergencia-e-quarto-intocado-relato-de-pais-de-jovem-morto\/#primaryimage\"},\"thumbnailUrl\":\"https:\/\/portaltela.pt\/s.01k8rhncp4jt1\/2026\/03\/img_920x518uu2026-03-30-19-50-20-2430164-im-639104970502979747.jpg\",\"keywords\":[\"emerg\u00eancia\",\"emerg\u00eancia pr\u00e9-hospitalar\",\"futebol\",\"inqu\u00e9rito criminal\",\"investiga\u00e7\u00e3o\",\"primeiros socorros\"],\"articleSection\":[\"Desporto\",\"Futebol\"],\"inLanguage\":\"pt-PT\"},{\"@type\":\"WebPage\",\"@id\":\"https:\/\/portaltela.pt\/noticias\/2026\/03\/30\/falhas-na-emergencia-e-quarto-intocado-relato-de-pais-de-jovem-morto\/\",\"url\":\"https:\/\/portaltela.pt\/noticias\/2026\/03\/30\/falhas-na-emergencia-e-quarto-intocado-relato-de-pais-de-jovem-morto\/\",\"name\":\"Falhas na emerg\u00eancia e quarto intocado, relato de pais de jovem morto - Portal Tela Portugal\",\"isPartOf\":{\"@id\":\"https:\/\/portaltela.pt\/#website\"},\"primaryImageOfPage\":{\"@id\":\"https:\/\/portaltela.pt\/noticias\/2026\/03\/30\/falhas-na-emergencia-e-quarto-intocado-relato-de-pais-de-jovem-morto\/#primaryimage\"},\"image\":{\"@id\":\"https:\/\/portaltela.pt\/noticias\/2026\/03\/30\/falhas-na-emergencia-e-quarto-intocado-relato-de-pais-de-jovem-morto\/#primaryimage\"},\"thumbnailUrl\":\"https:\/\/portaltela.pt\/s.01k8rhncp4jt1\/2026\/03\/img_920x518uu2026-03-30-19-50-20-2430164-im-639104970502979747.jpg\",\"datePublished\":\"2026-03-30T20:02:47+00:00\",\"author\":{\"@id\":\"https:\/\/portaltela.pt\/#\/schema\/person\/c4278d4a6028830caff9ee44b42d32ed\"},\"breadcrumb\":{\"@id\":\"https:\/\/portaltela.pt\/noticias\/2026\/03\/30\/falhas-na-emergencia-e-quarto-intocado-relato-de-pais-de-jovem-morto\/#breadcrumb\"},\"inLanguage\":\"pt-PT\",\"potentialAction\":[{\"@type\":\"ReadAction\",\"target\":[\"https:\/\/portaltela.pt\/noticias\/2026\/03\/30\/falhas-na-emergencia-e-quarto-intocado-relato-de-pais-de-jovem-morto\/\"]}]},{\"@type\":\"ImageObject\",\"inLanguage\":\"pt-PT\",\"@id\":\"https:\/\/portaltela.pt\/noticias\/2026\/03\/30\/falhas-na-emergencia-e-quarto-intocado-relato-de-pais-de-jovem-morto\/#primaryimage\",\"url\":\"https:\/\/portaltela.pt\/s.01k8rhncp4jt1\/2026\/03\/img_920x518uu2026-03-30-19-50-20-2430164-im-639104970502979747.jpg\",\"contentUrl\":\"https:\/\/portaltela.pt\/s.01k8rhncp4jt1\/2026\/03\/img_920x518uu2026-03-30-19-50-20-2430164-im-639104970502979747.jpg\",\"width\":796,\"height\":448,\"caption\":\"Adam Ankers morreu aos 17 anos\"},{\"@type\":\"BreadcrumbList\",\"@id\":\"https:\/\/portaltela.pt\/noticias\/2026\/03\/30\/falhas-na-emergencia-e-quarto-intocado-relato-de-pais-de-jovem-morto\/#breadcrumb\",\"itemListElement\":[{\"@type\":\"ListItem\",\"position\":1,\"name\":\"In\u00edcio\",\"item\":\"https:\/\/portaltela.pt\/\"},{\"@type\":\"ListItem\",\"position\":2,\"name\":\"Falhas na emerg\u00eancia e quarto intocado, relato de pais de jovem morto\"}]},{\"@type\":\"WebSite\",\"@id\":\"https:\/\/portaltela.pt\/#website\",\"url\":\"https:\/\/portaltela.pt\/\",\"name\":\"Portal Tela Portugal\",\"description\":\"\",\"potentialAction\":[{\"@type\":\"SearchAction\",\"target\":{\"@type\":\"EntryPoint\",\"urlTemplate\":\"https:\/\/portaltela.pt\/?s={search_term_string}\"},\"query-input\":{\"@type\":\"PropertyValueSpecification\",\"valueRequired\":true,\"valueName\":\"search_term_string\"}}],\"inLanguage\":\"pt-PT\"},{\"@type\":\"Person\",\"@id\":\"https:\/\/portaltela.pt\/#\/schema\/person\/c4278d4a6028830caff9ee44b42d32ed\",\"name\":\"Telinha\",\"image\":{\"@type\":\"ImageObject\",\"inLanguage\":\"pt-PT\",\"@id\":\"https:\/\/portaltela.pt\/s.01k8rhncp4jt1\/2025\/11\/talking-bot-125x125.png\",\"url\":\"https:\/\/portaltela.pt\/s.01k8rhncp4jt1\/2025\/11\/talking-bot-125x125.png\",\"contentUrl\":\"https:\/\/portaltela.pt\/s.01k8rhncp4jt1\/2025\/11\/talking-bot-125x125.png\",\"caption\":\"Telinha\"},\"sameAs\":[\"https:\/\/portaltela.pt\/\"],\"url\":\"https:\/\/portaltela.pt\/por\/367410592786\/\"}]}<\/script>\n<!-- \/ Yoast SEO plugin. -->","yoast_head_json":{"title":"Falhas na emerg\u00eancia e quarto intocado, relato de pais de jovem morto - Portal Tela Portugal","robots":{"index":"index","follow":"follow","max-snippet":"max-snippet:-1","max-image-preview":"max-image-preview:large","max-video-preview":"max-video-preview:-1"},"og_locale":"pt_PT","og_type":"article","og_title":"Falhas na emerg\u00eancia e quarto intocado, relato de pais de jovem morto - Portal Tela Portugal","og_description":"Adam Ankers, 17 anos, morreu durante um jogo das camadas jovens do Wycombe Wanderers, em 2024; foi enterrado com a camisola do Arsenal. O inqu\u00e9rito apontou falhas graves na resposta de emerg\u00eancia e na forma\u00e7\u00e3o para lidar com paragem card\u00edaca s\u00fabita nos escal\u00f5es de forma\u00e7\u00e3o. O atraso entre o desmaio e as manobras de reanima\u00e7\u00e3o ocorreu porque o telefonista n\u00e3o reconheceu sinais de paragem card\u00edaca e n\u00e3o passou instru\u00e7\u00f5es aos servi\u00e7os de emerg\u00eancia. A m\u00e9dica legista indicou que essa falha contribuiu para a morte e recomendou medidas de preven\u00e7\u00e3o e forma\u00e7\u00e3o para treinadores, \u00e1rbitros e respons\u00e1veis da Football Association (FA). O quarto de Adam permanece quase intacto; a bra\u00e7adeira de capit\u00e3o, com quatro palavras escritas por ele, continua entre os objetos.","og_url":"https:\/\/portaltela.pt\/noticias\/2026\/03\/30\/falhas-na-emergencia-e-quarto-intocado-relato-de-pais-de-jovem-morto\/","og_site_name":"Portal Tela Portugal","article_published_time":"2026-03-30T20:02:47+00:00","author":"Telinha","twitter_card":"summary_large_image","twitter_misc":{"Escrito por":"Telinha","Tempo estimado de leitura":"2 minutos"},"schema":{"@context":"https:\/\/schema.org","@graph":[{"@type":"Article","@id":"https:\/\/portaltela.pt\/noticias\/2026\/03\/30\/falhas-na-emergencia-e-quarto-intocado-relato-de-pais-de-jovem-morto\/#article","isPartOf":{"@id":"https:\/\/portaltela.pt\/noticias\/2026\/03\/30\/falhas-na-emergencia-e-quarto-intocado-relato-de-pais-de-jovem-morto\/"},"author":{"name":"Telinha","@id":"https:\/\/portaltela.pt\/#\/schema\/person\/c4278d4a6028830caff9ee44b42d32ed"},"headline":"Falhas na emerg\u00eancia e quarto intocado, relato de pais de jovem morto","datePublished":"2026-03-30T20:02:47+00:00","mainEntityOfPage":{"@id":"https:\/\/portaltela.pt\/noticias\/2026\/03\/30\/falhas-na-emergencia-e-quarto-intocado-relato-de-pais-de-jovem-morto\/"},"wordCount":326,"image":{"@id":"https:\/\/portaltela.pt\/noticias\/2026\/03\/30\/falhas-na-emergencia-e-quarto-intocado-relato-de-pais-de-jovem-morto\/#primaryimage"},"thumbnailUrl":"https:\/\/portaltela.pt\/s.01k8rhncp4jt1\/2026\/03\/img_920x518uu2026-03-30-19-50-20-2430164-im-639104970502979747.jpg","keywords":["emerg\u00eancia","emerg\u00eancia pr\u00e9-hospitalar","futebol","inqu\u00e9rito criminal","investiga\u00e7\u00e3o","primeiros socorros"],"articleSection":["Desporto","Futebol"],"inLanguage":"pt-PT"},{"@type":"WebPage","@id":"https:\/\/portaltela.pt\/noticias\/2026\/03\/30\/falhas-na-emergencia-e-quarto-intocado-relato-de-pais-de-jovem-morto\/","url":"https:\/\/portaltela.pt\/noticias\/2026\/03\/30\/falhas-na-emergencia-e-quarto-intocado-relato-de-pais-de-jovem-morto\/","name":"Falhas na emerg\u00eancia e quarto intocado, relato de pais de jovem morto - Portal Tela Portugal","isPartOf":{"@id":"https:\/\/portaltela.pt\/#website"},"primaryImageOfPage":{"@id":"https:\/\/portaltela.pt\/noticias\/2026\/03\/30\/falhas-na-emergencia-e-quarto-intocado-relato-de-pais-de-jovem-morto\/#primaryimage"},"image":{"@id":"https:\/\/portaltela.pt\/noticias\/2026\/03\/30\/falhas-na-emergencia-e-quarto-intocado-relato-de-pais-de-jovem-morto\/#primaryimage"},"thumbnailUrl":"https:\/\/portaltela.pt\/s.01k8rhncp4jt1\/2026\/03\/img_920x518uu2026-03-30-19-50-20-2430164-im-639104970502979747.jpg","datePublished":"2026-03-30T20:02:47+00:00","author":{"@id":"https:\/\/portaltela.pt\/#\/schema\/person\/c4278d4a6028830caff9ee44b42d32ed"},"breadcrumb":{"@id":"https:\/\/portaltela.pt\/noticias\/2026\/03\/30\/falhas-na-emergencia-e-quarto-intocado-relato-de-pais-de-jovem-morto\/#breadcrumb"},"inLanguage":"pt-PT","potentialAction":[{"@type":"ReadAction","target":["https:\/\/portaltela.pt\/noticias\/2026\/03\/30\/falhas-na-emergencia-e-quarto-intocado-relato-de-pais-de-jovem-morto\/"]}]},{"@type":"ImageObject","inLanguage":"pt-PT","@id":"https:\/\/portaltela.pt\/noticias\/2026\/03\/30\/falhas-na-emergencia-e-quarto-intocado-relato-de-pais-de-jovem-morto\/#primaryimage","url":"https:\/\/portaltela.pt\/s.01k8rhncp4jt1\/2026\/03\/img_920x518uu2026-03-30-19-50-20-2430164-im-639104970502979747.jpg","contentUrl":"https:\/\/portaltela.pt\/s.01k8rhncp4jt1\/2026\/03\/img_920x518uu2026-03-30-19-50-20-2430164-im-639104970502979747.jpg","width":796,"height":448,"caption":"Adam Ankers morreu aos 17 anos"},{"@type":"BreadcrumbList","@id":"https:\/\/portaltela.pt\/noticias\/2026\/03\/30\/falhas-na-emergencia-e-quarto-intocado-relato-de-pais-de-jovem-morto\/#breadcrumb","itemListElement":[{"@type":"ListItem","position":1,"name":"In\u00edcio","item":"https:\/\/portaltela.pt\/"},{"@type":"ListItem","position":2,"name":"Falhas na emerg\u00eancia e quarto intocado, relato de pais de jovem morto"}]},{"@type":"WebSite","@id":"https:\/\/portaltela.pt\/#website","url":"https:\/\/portaltela.pt\/","name":"Portal Tela Portugal","description":"","potentialAction":[{"@type":"SearchAction","target":{"@type":"EntryPoint","urlTemplate":"https:\/\/portaltela.pt\/?s={search_term_string}"},"query-input":{"@type":"PropertyValueSpecification","valueRequired":true,"valueName":"search_term_string"}}],"inLanguage":"pt-PT"},{"@type":"Person","@id":"https:\/\/portaltela.pt\/#\/schema\/person\/c4278d4a6028830caff9ee44b42d32ed","name":"Telinha","image":{"@type":"ImageObject","inLanguage":"pt-PT","@id":"https:\/\/portaltela.pt\/s.01k8rhncp4jt1\/2025\/11\/talking-bot-125x125.png","url":"https:\/\/portaltela.pt\/s.01k8rhncp4jt1\/2025\/11\/talking-bot-125x125.png","contentUrl":"https:\/\/portaltela.pt\/s.01k8rhncp4jt1\/2025\/11\/talking-bot-125x125.png","caption":"Telinha"},"sameAs":["https:\/\/portaltela.pt\/"],"url":"https:\/\/portaltela.pt\/por\/367410592786\/"}]}},"_links":{"self":[{"href":"https:\/\/portaltela.pt\/api\/wp\/v2\/posts\/427473","targetHints":{"allow":["GET"]}}],"collection":[{"href":"https:\/\/portaltela.pt\/api\/wp\/v2\/posts"}],"about":[{"href":"https:\/\/portaltela.pt\/api\/wp\/v2\/types\/post"}],"author":[{"embeddable":true,"href":"https:\/\/portaltela.pt\/api\/wp\/v2\/users\/2"}],"replies":[{"embeddable":true,"href":"https:\/\/portaltela.pt\/api\/wp\/v2\/comments?post=427473"}],"version-history":[{"count":0,"href":"https:\/\/portaltela.pt\/api\/wp\/v2\/posts\/427473\/revisions"}],"wp:featuredmedia":[{"embeddable":true,"href":"https:\/\/portaltela.pt\/api\/wp\/v2\/media\/427476"}],"wp:attachment":[{"href":"https:\/\/portaltela.pt\/api\/wp\/v2\/media?parent=427473"}],"wp:term":[{"taxonomy":"category","embeddable":true,"href":"https:\/\/portaltela.pt\/api\/wp\/v2\/categories?post=427473"},{"taxonomy":"post_tag","embeddable":true,"href":"https:\/\/portaltela.pt\/api\/wp\/v2\/tags?post=427473"}],"curies":[{"name":"wp","href":"https:\/\/api.w.org\/{rel}","templated":true}]}}