{"id":427466,"date":"2026-03-30T17:02:11","date_gmt":"2026-03-30T20:02:11","guid":{"rendered":"https:\/\/portaltela.pt\/noticias\/2026\/03\/30\/franca-pede-reuniao-de-emergencia-do-conselho-de-seguranca-por-ataques-a-finul\/"},"modified":"2026-03-30T17:02:11","modified_gmt":"2026-03-30T20:02:11","slug":"franca-pede-reuniao-de-emergencia-do-conselho-de-seguranca-por-ataques-a-finul","status":"publish","type":"post","link":"https:\/\/portaltela.pt\/noticias\/politica\/2026\/03\/30\/franca-pede-reuniao-de-emergencia-do-conselho-de-seguranca-por-ataques-a-finul\/","title":{"rendered":"Fran\u00e7a pede reuni\u00e3o de emerg\u00eancia do Conselho de Seguran\u00e7a por ataques \u00e0 FINUL"},"content":{"rendered":"<p>Fran\u00e7a solicitou uma reuni\u00e3o de emerg\u00eancia do Conselho de Seguran\u00e7a da ONU, ap\u00f3s ataques dirigidos \u00e0 miss\u00e3o FINUL. O passo visa obter uma resposta da comunidade internacional face \u00e0 situa\u00e7\u00e3o na regi\u00e3o afetada.<\/p>\n<p>A not\u00edcia indica que o objetivo \u00e9 analisar a viola\u00e7\u00e3o da seguran\u00e7a da for\u00e7a de paz das Na\u00e7\u00f5es Unidas instalada na \u00e1rea. Detalhes adicionais sobre respons\u00e1veis, viradas diplom\u00e1ticas ou consequ\u00eancias ainda n\u00e3o foram divulgados.<\/p>\n<p>Segundo fontes diplom\u00e1ticas, a reuni\u00e3o dever\u00e1 discutir medidas e eventuais condena\u00e7\u00f5es oficiais, bem como o refor\u00e7o da prote\u00e7\u00e3o \u00e0s tropas da FINUL. A data e o local exatos da reuni\u00e3o ainda n\u00e3o foram anunciados.<\/p>\n<h3>Contexto<\/h3>\n<p>Os ataques \u00e0 FINUL colocam em foco a estabilidade na regi\u00e3o e a atua\u00e7\u00e3o internacional para assegurar a seguran\u00e7a das for\u00e7as de paz. A Fran\u00e7a aparece entre os pa\u00edses que questionam as a\u00e7\u00f5es que colocam em risco civis e militares.<\/p>\n<h3>Desdobramentos esperados<\/h3>\n<p>Analistas aguardam posicionamentos de outros membros permanentes do Conselho de Seguran\u00e7a e poss\u00edveis declara\u00e7\u00f5es p\u00fablicas da ONU sobre o incidente e as medidas subsequentes. O desfecho depender\u00e1 do consenso entre as na\u00e7\u00f5es integrantes.<\/p>\n","protected":false},"excerpt":{"rendered":"<ul>\n<li>Fran\u00e7a pediu uma reuni\u00e3o de emerg\u00eancia do Conselho de Seguran\u00e7a das Na\u00e7\u00f5es Unidas.<\/li>\n<li>A convoca\u00e7\u00e3o decorre de ataques contra a For\u00e7a Interina das Na\u00e7\u00f5es Unidas no L\u00edbano (FINUL).<\/li>\n<li>O objetivo \u00e9 discutir a resposta internacional e a situa\u00e7\u00e3o de seguran\u00e7a na regi\u00e3o.<\/li>\n<li>N\u00e3o foram divulgados detalhes adicionais no texto fornecido.<\/li>\n<\/ul>\n","protected":false},"author":2,"featured_media":427467,"comment_status":"closed","ping_status":"closed","sticky":false,"template":"","format":"standard","meta":{"footnotes":""},"categories":[6912,5],"tags":[2198,3462,29,1856,5123,4222],"class_list":["post-427466","post","type-post","status-publish","format-standard","has-post-thumbnail","hentry","category-internacionais","category-politica","tag-conflitos-internacionais","tag-conselho-de-seguranca","tag-diplomacia","tag-franca","tag-onu","tag-seguranca-internacional"],"yoast_head":"<!-- This site is optimized with the Yoast SEO plugin v27.2 - https:\/\/yoast.com\/product\/yoast-seo-wordpress\/ -->\n<title>Fran\u00e7a pede reuni\u00e3o de emerg\u00eancia do Conselho de Seguran\u00e7a por ataques \u00e0 FINUL - Portal Tela Portugal<\/title>\n<meta name=\"robots\" content=\"index, follow, max-snippet:-1, max-image-preview:large, max-video-preview:-1\" \/>\n<meta property=\"og:locale\" content=\"pt_PT\" \/>\n<meta property=\"og:type\" content=\"article\" \/>\n<meta property=\"og:title\" content=\"Fran\u00e7a pede reuni\u00e3o de emerg\u00eancia do Conselho de Seguran\u00e7a por ataques \u00e0 FINUL - Portal Tela Portugal\" \/>\n<meta property=\"og:description\" content=\"Fran\u00e7a pediu uma reuni\u00e3o de emerg\u00eancia do Conselho de Seguran\u00e7a das Na\u00e7\u00f5es Unidas. A convoca\u00e7\u00e3o decorre de ataques contra a For\u00e7a Interina das Na\u00e7\u00f5es Unidas no L\u00edbano (FINUL). O objetivo \u00e9 discutir a resposta internacional e a situa\u00e7\u00e3o de seguran\u00e7a na regi\u00e3o. N\u00e3o foram divulgados detalhes adicionais no texto fornecido.\" \/>\n<meta property=\"og:url\" content=\"https:\/\/portaltela.pt\/noticias\/2026\/03\/30\/franca-pede-reuniao-de-emergencia-do-conselho-de-seguranca-por-ataques-a-finul\/\" \/>\n<meta property=\"og:site_name\" content=\"Portal Tela Portugal\" \/>\n<meta property=\"article:published_time\" content=\"2026-03-30T20:02:11+00:00\" \/>\n<meta name=\"author\" content=\"Telinha\" \/>\n<meta name=\"twitter:card\" content=\"summary_large_image\" \/>\n<meta name=\"twitter:label1\" content=\"Escrito por\" \/>\n\t<meta name=\"twitter:data1\" content=\"Telinha\" \/>\n\t<meta name=\"twitter:label2\" content=\"Tempo estimado de leitura\" \/>\n\t<meta name=\"twitter:data2\" content=\"1 minuto\" \/>\n<script type=\"application\/ld+json\" class=\"yoast-schema-graph\">{\"@context\":\"https:\/\/schema.org\",\"@graph\":[{\"@type\":\"Article\",\"@id\":\"https:\/\/portaltela.pt\/noticias\/2026\/03\/30\/franca-pede-reuniao-de-emergencia-do-conselho-de-seguranca-por-ataques-a-finul\/#article\",\"isPartOf\":{\"@id\":\"https:\/\/portaltela.pt\/noticias\/2026\/03\/30\/franca-pede-reuniao-de-emergencia-do-conselho-de-seguranca-por-ataques-a-finul\/\"},\"author\":{\"name\":\"Telinha\",\"@id\":\"https:\/\/portaltela.pt\/#\/schema\/person\/c4278d4a6028830caff9ee44b42d32ed\"},\"headline\":\"Fran\u00e7a pede reuni\u00e3o de emerg\u00eancia do Conselho de Seguran\u00e7a por ataques \u00e0 FINUL\",\"datePublished\":\"2026-03-30T20:02:11+00:00\",\"mainEntityOfPage\":{\"@id\":\"https:\/\/portaltela.pt\/noticias\/2026\/03\/30\/franca-pede-reuniao-de-emergencia-do-conselho-de-seguranca-por-ataques-a-finul\/\"},\"wordCount\":225,\"image\":{\"@id\":\"https:\/\/portaltela.pt\/noticias\/2026\/03\/30\/franca-pede-reuniao-de-emergencia-do-conselho-de-seguranca-por-ataques-a-finul\/#primaryimage\"},\"thumbnailUrl\":\"https:\/\/portaltela.pt\/s.01k8rhncp4jt1\/2026\/03\/CACHE_780X1200_ANALOG_WATERMARKED_46776365_959130937755509.jpg\",\"keywords\":[\"conflitos internacionais\",\"Conselho de Seguran\u00e7a\",\"diplomacia\",\"Fran\u00e7a\",\"ONU\",\"seguran\u00e7a internacional\"],\"articleSection\":[\"Internacionais\",\"Pol\u00edtica\"],\"inLanguage\":\"pt-PT\"},{\"@type\":\"WebPage\",\"@id\":\"https:\/\/portaltela.pt\/noticias\/2026\/03\/30\/franca-pede-reuniao-de-emergencia-do-conselho-de-seguranca-por-ataques-a-finul\/\",\"url\":\"https:\/\/portaltela.pt\/noticias\/2026\/03\/30\/franca-pede-reuniao-de-emergencia-do-conselho-de-seguranca-por-ataques-a-finul\/\",\"name\":\"Fran\u00e7a pede reuni\u00e3o de emerg\u00eancia do Conselho de Seguran\u00e7a por ataques \u00e0 FINUL - Portal Tela Portugal\",\"isPartOf\":{\"@id\":\"https:\/\/portaltela.pt\/#website\"},\"primaryImageOfPage\":{\"@id\":\"https:\/\/portaltela.pt\/noticias\/2026\/03\/30\/franca-pede-reuniao-de-emergencia-do-conselho-de-seguranca-por-ataques-a-finul\/#primaryimage\"},\"image\":{\"@id\":\"https:\/\/portaltela.pt\/noticias\/2026\/03\/30\/franca-pede-reuniao-de-emergencia-do-conselho-de-seguranca-por-ataques-a-finul\/#primaryimage\"},\"thumbnailUrl\":\"https:\/\/portaltela.pt\/s.01k8rhncp4jt1\/2026\/03\/CACHE_780X1200_ANALOG_WATERMARKED_46776365_959130937755509.jpg\",\"datePublished\":\"2026-03-30T20:02:11+00:00\",\"author\":{\"@id\":\"https:\/\/portaltela.pt\/#\/schema\/person\/c4278d4a6028830caff9ee44b42d32ed\"},\"breadcrumb\":{\"@id\":\"https:\/\/portaltela.pt\/noticias\/2026\/03\/30\/franca-pede-reuniao-de-emergencia-do-conselho-de-seguranca-por-ataques-a-finul\/#breadcrumb\"},\"inLanguage\":\"pt-PT\",\"potentialAction\":[{\"@type\":\"ReadAction\",\"target\":[\"https:\/\/portaltela.pt\/noticias\/2026\/03\/30\/franca-pede-reuniao-de-emergencia-do-conselho-de-seguranca-por-ataques-a-finul\/\"]}]},{\"@type\":\"ImageObject\",\"inLanguage\":\"pt-PT\",\"@id\":\"https:\/\/portaltela.pt\/noticias\/2026\/03\/30\/franca-pede-reuniao-de-emergencia-do-conselho-de-seguranca-por-ataques-a-finul\/#primaryimage\",\"url\":\"https:\/\/portaltela.pt\/s.01k8rhncp4jt1\/2026\/03\/CACHE_780X1200_ANALOG_WATERMARKED_46776365_959130937755509.jpg\",\"contentUrl\":\"https:\/\/portaltela.pt\/s.01k8rhncp4jt1\/2026\/03\/CACHE_780X1200_ANALOG_WATERMARKED_46776365_959130937755509.jpg\",\"width\":768,\"height\":512,\"caption\":\"Ir\u00e3o: Fran\u00e7a pede reuni\u00e3o de emerg\u00eancia do Conselho de Seguran\u00e7a devido a ataques \u00e0 FINUL\"},{\"@type\":\"BreadcrumbList\",\"@id\":\"https:\/\/portaltela.pt\/noticias\/2026\/03\/30\/franca-pede-reuniao-de-emergencia-do-conselho-de-seguranca-por-ataques-a-finul\/#breadcrumb\",\"itemListElement\":[{\"@type\":\"ListItem\",\"position\":1,\"name\":\"In\u00edcio\",\"item\":\"https:\/\/portaltela.pt\/\"},{\"@type\":\"ListItem\",\"position\":2,\"name\":\"Fran\u00e7a pede reuni\u00e3o de emerg\u00eancia do Conselho de Seguran\u00e7a por ataques \u00e0 FINUL\"}]},{\"@type\":\"WebSite\",\"@id\":\"https:\/\/portaltela.pt\/#website\",\"url\":\"https:\/\/portaltela.pt\/\",\"name\":\"Portal Tela Portugal\",\"description\":\"\",\"potentialAction\":[{\"@type\":\"SearchAction\",\"target\":{\"@type\":\"EntryPoint\",\"urlTemplate\":\"https:\/\/portaltela.pt\/?s={search_term_string}\"},\"query-input\":{\"@type\":\"PropertyValueSpecification\",\"valueRequired\":true,\"valueName\":\"search_term_string\"}}],\"inLanguage\":\"pt-PT\"},{\"@type\":\"Person\",\"@id\":\"https:\/\/portaltela.pt\/#\/schema\/person\/c4278d4a6028830caff9ee44b42d32ed\",\"name\":\"Telinha\",\"image\":{\"@type\":\"ImageObject\",\"inLanguage\":\"pt-PT\",\"@id\":\"https:\/\/portaltela.pt\/s.01k8rhncp4jt1\/2025\/11\/talking-bot-125x125.png\",\"url\":\"https:\/\/portaltela.pt\/s.01k8rhncp4jt1\/2025\/11\/talking-bot-125x125.png\",\"contentUrl\":\"https:\/\/portaltela.pt\/s.01k8rhncp4jt1\/2025\/11\/talking-bot-125x125.png\",\"caption\":\"Telinha\"},\"sameAs\":[\"https:\/\/portaltela.pt\/\"],\"url\":\"https:\/\/portaltela.pt\/por\/367410592786\/\"}]}<\/script>\n<!-- \/ Yoast SEO plugin. -->","yoast_head_json":{"title":"Fran\u00e7a pede reuni\u00e3o de emerg\u00eancia do Conselho de Seguran\u00e7a por ataques \u00e0 FINUL - Portal Tela Portugal","robots":{"index":"index","follow":"follow","max-snippet":"max-snippet:-1","max-image-preview":"max-image-preview:large","max-video-preview":"max-video-preview:-1"},"og_locale":"pt_PT","og_type":"article","og_title":"Fran\u00e7a pede reuni\u00e3o de emerg\u00eancia do Conselho de Seguran\u00e7a por ataques \u00e0 FINUL - Portal Tela Portugal","og_description":"Fran\u00e7a pediu uma reuni\u00e3o de emerg\u00eancia do Conselho de Seguran\u00e7a das Na\u00e7\u00f5es Unidas. A convoca\u00e7\u00e3o decorre de ataques contra a For\u00e7a Interina das Na\u00e7\u00f5es Unidas no L\u00edbano (FINUL). O objetivo \u00e9 discutir a resposta internacional e a situa\u00e7\u00e3o de seguran\u00e7a na regi\u00e3o. N\u00e3o foram divulgados detalhes adicionais no texto fornecido.","og_url":"https:\/\/portaltela.pt\/noticias\/2026\/03\/30\/franca-pede-reuniao-de-emergencia-do-conselho-de-seguranca-por-ataques-a-finul\/","og_site_name":"Portal Tela Portugal","article_published_time":"2026-03-30T20:02:11+00:00","author":"Telinha","twitter_card":"summary_large_image","twitter_misc":{"Escrito por":"Telinha","Tempo estimado de leitura":"1 minuto"},"schema":{"@context":"https:\/\/schema.org","@graph":[{"@type":"Article","@id":"https:\/\/portaltela.pt\/noticias\/2026\/03\/30\/franca-pede-reuniao-de-emergencia-do-conselho-de-seguranca-por-ataques-a-finul\/#article","isPartOf":{"@id":"https:\/\/portaltela.pt\/noticias\/2026\/03\/30\/franca-pede-reuniao-de-emergencia-do-conselho-de-seguranca-por-ataques-a-finul\/"},"author":{"name":"Telinha","@id":"https:\/\/portaltela.pt\/#\/schema\/person\/c4278d4a6028830caff9ee44b42d32ed"},"headline":"Fran\u00e7a pede reuni\u00e3o de emerg\u00eancia do Conselho de Seguran\u00e7a por ataques \u00e0 FINUL","datePublished":"2026-03-30T20:02:11+00:00","mainEntityOfPage":{"@id":"https:\/\/portaltela.pt\/noticias\/2026\/03\/30\/franca-pede-reuniao-de-emergencia-do-conselho-de-seguranca-por-ataques-a-finul\/"},"wordCount":225,"image":{"@id":"https:\/\/portaltela.pt\/noticias\/2026\/03\/30\/franca-pede-reuniao-de-emergencia-do-conselho-de-seguranca-por-ataques-a-finul\/#primaryimage"},"thumbnailUrl":"https:\/\/portaltela.pt\/s.01k8rhncp4jt1\/2026\/03\/CACHE_780X1200_ANALOG_WATERMARKED_46776365_959130937755509.jpg","keywords":["conflitos internacionais","Conselho de Seguran\u00e7a","diplomacia","Fran\u00e7a","ONU","seguran\u00e7a internacional"],"articleSection":["Internacionais","Pol\u00edtica"],"inLanguage":"pt-PT"},{"@type":"WebPage","@id":"https:\/\/portaltela.pt\/noticias\/2026\/03\/30\/franca-pede-reuniao-de-emergencia-do-conselho-de-seguranca-por-ataques-a-finul\/","url":"https:\/\/portaltela.pt\/noticias\/2026\/03\/30\/franca-pede-reuniao-de-emergencia-do-conselho-de-seguranca-por-ataques-a-finul\/","name":"Fran\u00e7a pede reuni\u00e3o de emerg\u00eancia do Conselho de Seguran\u00e7a por ataques \u00e0 FINUL - Portal Tela Portugal","isPartOf":{"@id":"https:\/\/portaltela.pt\/#website"},"primaryImageOfPage":{"@id":"https:\/\/portaltela.pt\/noticias\/2026\/03\/30\/franca-pede-reuniao-de-emergencia-do-conselho-de-seguranca-por-ataques-a-finul\/#primaryimage"},"image":{"@id":"https:\/\/portaltela.pt\/noticias\/2026\/03\/30\/franca-pede-reuniao-de-emergencia-do-conselho-de-seguranca-por-ataques-a-finul\/#primaryimage"},"thumbnailUrl":"https:\/\/portaltela.pt\/s.01k8rhncp4jt1\/2026\/03\/CACHE_780X1200_ANALOG_WATERMARKED_46776365_959130937755509.jpg","datePublished":"2026-03-30T20:02:11+00:00","author":{"@id":"https:\/\/portaltela.pt\/#\/schema\/person\/c4278d4a6028830caff9ee44b42d32ed"},"breadcrumb":{"@id":"https:\/\/portaltela.pt\/noticias\/2026\/03\/30\/franca-pede-reuniao-de-emergencia-do-conselho-de-seguranca-por-ataques-a-finul\/#breadcrumb"},"inLanguage":"pt-PT","potentialAction":[{"@type":"ReadAction","target":["https:\/\/portaltela.pt\/noticias\/2026\/03\/30\/franca-pede-reuniao-de-emergencia-do-conselho-de-seguranca-por-ataques-a-finul\/"]}]},{"@type":"ImageObject","inLanguage":"pt-PT","@id":"https:\/\/portaltela.pt\/noticias\/2026\/03\/30\/franca-pede-reuniao-de-emergencia-do-conselho-de-seguranca-por-ataques-a-finul\/#primaryimage","url":"https:\/\/portaltela.pt\/s.01k8rhncp4jt1\/2026\/03\/CACHE_780X1200_ANALOG_WATERMARKED_46776365_959130937755509.jpg","contentUrl":"https:\/\/portaltela.pt\/s.01k8rhncp4jt1\/2026\/03\/CACHE_780X1200_ANALOG_WATERMARKED_46776365_959130937755509.jpg","width":768,"height":512,"caption":"Ir\u00e3o: Fran\u00e7a pede reuni\u00e3o de emerg\u00eancia do Conselho de Seguran\u00e7a devido a ataques \u00e0 FINUL"},{"@type":"BreadcrumbList","@id":"https:\/\/portaltela.pt\/noticias\/2026\/03\/30\/franca-pede-reuniao-de-emergencia-do-conselho-de-seguranca-por-ataques-a-finul\/#breadcrumb","itemListElement":[{"@type":"ListItem","position":1,"name":"In\u00edcio","item":"https:\/\/portaltela.pt\/"},{"@type":"ListItem","position":2,"name":"Fran\u00e7a pede reuni\u00e3o de emerg\u00eancia do Conselho de Seguran\u00e7a por ataques \u00e0 FINUL"}]},{"@type":"WebSite","@id":"https:\/\/portaltela.pt\/#website","url":"https:\/\/portaltela.pt\/","name":"Portal Tela Portugal","description":"","potentialAction":[{"@type":"SearchAction","target":{"@type":"EntryPoint","urlTemplate":"https:\/\/portaltela.pt\/?s={search_term_string}"},"query-input":{"@type":"PropertyValueSpecification","valueRequired":true,"valueName":"search_term_string"}}],"inLanguage":"pt-PT"},{"@type":"Person","@id":"https:\/\/portaltela.pt\/#\/schema\/person\/c4278d4a6028830caff9ee44b42d32ed","name":"Telinha","image":{"@type":"ImageObject","inLanguage":"pt-PT","@id":"https:\/\/portaltela.pt\/s.01k8rhncp4jt1\/2025\/11\/talking-bot-125x125.png","url":"https:\/\/portaltela.pt\/s.01k8rhncp4jt1\/2025\/11\/talking-bot-125x125.png","contentUrl":"https:\/\/portaltela.pt\/s.01k8rhncp4jt1\/2025\/11\/talking-bot-125x125.png","caption":"Telinha"},"sameAs":["https:\/\/portaltela.pt\/"],"url":"https:\/\/portaltela.pt\/por\/367410592786\/"}]}},"_links":{"self":[{"href":"https:\/\/portaltela.pt\/api\/wp\/v2\/posts\/427466","targetHints":{"allow":["GET"]}}],"collection":[{"href":"https:\/\/portaltela.pt\/api\/wp\/v2\/posts"}],"about":[{"href":"https:\/\/portaltela.pt\/api\/wp\/v2\/types\/post"}],"author":[{"embeddable":true,"href":"https:\/\/portaltela.pt\/api\/wp\/v2\/users\/2"}],"replies":[{"embeddable":true,"href":"https:\/\/portaltela.pt\/api\/wp\/v2\/comments?post=427466"}],"version-history":[{"count":0,"href":"https:\/\/portaltela.pt\/api\/wp\/v2\/posts\/427466\/revisions"}],"wp:featuredmedia":[{"embeddable":true,"href":"https:\/\/portaltela.pt\/api\/wp\/v2\/media\/427467"}],"wp:attachment":[{"href":"https:\/\/portaltela.pt\/api\/wp\/v2\/media?parent=427466"}],"wp:term":[{"taxonomy":"category","embeddable":true,"href":"https:\/\/portaltela.pt\/api\/wp\/v2\/categories?post=427466"},{"taxonomy":"post_tag","embeddable":true,"href":"https:\/\/portaltela.pt\/api\/wp\/v2\/tags?post=427466"}],"curies":[{"name":"wp","href":"https:\/\/api.w.org\/{rel}","templated":true}]}}