{"id":427452,"date":"2026-03-30T16:47:04","date_gmt":"2026-03-30T19:47:04","guid":{"rendered":"https:\/\/portaltela.pt\/noticias\/2026\/03\/30\/rd-congo-quer-voltar-ao-mundial-apos-participacao-de-1974-como-zaire\/"},"modified":"2026-03-30T16:47:04","modified_gmt":"2026-03-30T19:47:04","slug":"rd-congo-quer-voltar-ao-mundial-apos-participacao-de-1974-como-zaire","status":"publish","type":"post","link":"https:\/\/portaltela.pt\/desporto\/copa-do-mundo\/2026\/03\/30\/rd-congo-quer-voltar-ao-mundial-apos-participacao-de-1974-como-zaire\/","title":{"rendered":"RD Congo quer voltar ao Mundial, ap\u00f3s participa\u00e7\u00e3o de 1974 como Zaire"},"content":{"rendered":"<p>A sele\u00e7\u00e3o da RD Congo est\u00e1 a preparar-se para o playoff final de acesso ao Mundial, com a Jamaica pela frente. O objetivo \u00e9 regressar a um campeonato mundial pela primeira vez desde 1974, quando o ent\u00e3o Zaire marcou presen\u00e7a no torneio.<\/p>\n<p>Em 1974, o Zaire foi a primeira equipa da \u00c1frica Subsaariana a competir num Mundial. Contudo, a participa\u00e7\u00e3o ficou associada a derrotas frente a Esc\u00f3cia, Jugosl\u00e1via e Brasil, n\u00fameros que ficaram na mem\u00f3ria de um per\u00edodo hist\u00f3rico marcado pela \u00e9poca.<\/p>\n<p>A atual equipa congolesa tenta reconstruir o percurso e mudar a perce\u00e7\u00e3o externa sobre a qualidade do futebol nacional. O playoff final contra a Jamaica surge como oportunidade-chave para alcan\u00e7ar o retorno \u00e0 m\u00e1xima competi\u00e7\u00e3o mundial. A decis\u00e3o est\u00e1 prevista para decorrer em data e local ainda por confirmar.<\/p>\n<p>A liga\u00e7\u00e3o entre o passado e o presente \u00e9 tema de an\u00e1lises entre t\u00e9cnicos e imprensa desportiva, que discutem lacunas de desenvolvimento, infraestruturas e competi\u00e7\u00e3o interna. Autoridades locais reiteram o compromisso em melhorar o futebol com base numa estrat\u00e9gia de longo prazo.<\/p>\n","protected":false},"excerpt":{"rendered":"<ul>\n<li>O RD Congo quer voltar ao Mundial e enfrenta a Jamaica na final do playoff.<\/li>\n<li>Em 1974, o Zaire tornou-se na primeira equipa a sul do deserto do Saara a participar num Mundial.<\/li>\n<li>Na altura, o pa\u00eds foi derrotado pela Esc\u00f3cia (0-2), pela Jugosl\u00e1via (0-9) e pelo Brasil (0-3).<\/li>\n<li>A mem\u00f3ria dessa participa\u00e7\u00e3o \u00e9 distante para o pa\u00eds que deu origem \u00e0 Rep\u00fablica Democrata do Congo.<\/li>\n<li>A not\u00edcia centra-se na ambi\u00e7\u00e3o de regresso ao Mundial e no hist\u00f3rico da participa\u00e7\u00e3o de 1974.<\/li>\n<\/ul>\n","protected":false},"author":2,"featured_media":427455,"comment_status":"closed","ping_status":"closed","sticky":false,"template":"","format":"standard","meta":{"footnotes":""},"categories":[6695,21],"tags":[5227,2681,32,3338,2057,4540],"class_list":["post-427452","post","type-post","status-publish","format-standard","has-post-thumbnail","hentry","category-copa-do-mundo","category-desporto","tag-africa","tag-desporto-internacional","tag-futebol","tag-futebol-internacional","tag-selecao-nacional","tag-taca-do-mundo"],"yoast_head":"<!-- This site is optimized with the Yoast SEO plugin v27.2 - https:\/\/yoast.com\/product\/yoast-seo-wordpress\/ -->\n<title>RD Congo quer voltar ao Mundial, ap\u00f3s participa\u00e7\u00e3o de 1974 como Zaire - Portal Tela Portugal<\/title>\n<meta name=\"robots\" content=\"index, follow, max-snippet:-1, max-image-preview:large, max-video-preview:-1\" \/>\n<meta property=\"og:locale\" content=\"pt_PT\" \/>\n<meta property=\"og:type\" content=\"article\" \/>\n<meta property=\"og:title\" content=\"RD Congo quer voltar ao Mundial, ap\u00f3s participa\u00e7\u00e3o de 1974 como Zaire - Portal Tela Portugal\" \/>\n<meta property=\"og:description\" content=\"O RD Congo quer voltar ao Mundial e enfrenta a Jamaica na final do playoff. Em 1974, o Zaire tornou-se na primeira equipa a sul do deserto do Saara a participar num Mundial. Na altura, o pa\u00eds foi derrotado pela Esc\u00f3cia (0-2), pela Jugosl\u00e1via (0-9) e pelo Brasil (0-3). A mem\u00f3ria dessa participa\u00e7\u00e3o \u00e9 distante para o pa\u00eds que deu origem \u00e0 Rep\u00fablica Democrata do Congo. A not\u00edcia centra-se na ambi\u00e7\u00e3o de regresso ao Mundial e no hist\u00f3rico da participa\u00e7\u00e3o de 1974.\" \/>\n<meta property=\"og:url\" content=\"https:\/\/portaltela.pt\/noticias\/2026\/03\/30\/rd-congo-quer-voltar-ao-mundial-apos-participacao-de-1974-como-zaire\/\" \/>\n<meta property=\"og:site_name\" content=\"Portal Tela Portugal\" \/>\n<meta property=\"article:published_time\" content=\"2026-03-30T19:47:04+00:00\" \/>\n<meta name=\"author\" content=\"Telinha\" \/>\n<meta name=\"twitter:card\" content=\"summary_large_image\" \/>\n<meta name=\"twitter:label1\" content=\"Escrito por\" \/>\n\t<meta name=\"twitter:data1\" content=\"Telinha\" \/>\n\t<meta name=\"twitter:label2\" content=\"Tempo estimado de leitura\" \/>\n\t<meta name=\"twitter:data2\" content=\"1 minuto\" \/>\n<script type=\"application\/ld+json\" class=\"yoast-schema-graph\">{\"@context\":\"https:\/\/schema.org\",\"@graph\":[{\"@type\":\"Article\",\"@id\":\"https:\/\/portaltela.pt\/noticias\/2026\/03\/30\/rd-congo-quer-voltar-ao-mundial-apos-participacao-de-1974-como-zaire\/#article\",\"isPartOf\":{\"@id\":\"https:\/\/portaltela.pt\/noticias\/2026\/03\/30\/rd-congo-quer-voltar-ao-mundial-apos-participacao-de-1974-como-zaire\/\"},\"author\":{\"name\":\"Telinha\",\"@id\":\"https:\/\/portaltela.pt\/#\/schema\/person\/c4278d4a6028830caff9ee44b42d32ed\"},\"headline\":\"RD Congo quer voltar ao Mundial, ap\u00f3s participa\u00e7\u00e3o de 1974 como Zaire\",\"datePublished\":\"2026-03-30T19:47:04+00:00\",\"mainEntityOfPage\":{\"@id\":\"https:\/\/portaltela.pt\/noticias\/2026\/03\/30\/rd-congo-quer-voltar-ao-mundial-apos-participacao-de-1974-como-zaire\/\"},\"wordCount\":201,\"image\":{\"@id\":\"https:\/\/portaltela.pt\/noticias\/2026\/03\/30\/rd-congo-quer-voltar-ao-mundial-apos-participacao-de-1974-como-zaire\/#primaryimage\"},\"thumbnailUrl\":\"https:\/\/portaltela.pt\/s.01k8rhncp4jt1\/2026\/03\/img_920x518uu2025-12-16-21-37-56-2409641.jpg\",\"keywords\":[\"\u00c1frica\",\"desporto internacional\",\"futebol\",\"futebol internacional\",\"Sele\u00e7\u00e3o Nacional\",\"Ta\u00e7a do Mundo\"],\"articleSection\":[\"Copa do Mundo\",\"Desporto\"],\"inLanguage\":\"pt-PT\"},{\"@type\":\"WebPage\",\"@id\":\"https:\/\/portaltela.pt\/noticias\/2026\/03\/30\/rd-congo-quer-voltar-ao-mundial-apos-participacao-de-1974-como-zaire\/\",\"url\":\"https:\/\/portaltela.pt\/noticias\/2026\/03\/30\/rd-congo-quer-voltar-ao-mundial-apos-participacao-de-1974-como-zaire\/\",\"name\":\"RD Congo quer voltar ao Mundial, ap\u00f3s participa\u00e7\u00e3o de 1974 como Zaire - Portal Tela Portugal\",\"isPartOf\":{\"@id\":\"https:\/\/portaltela.pt\/#website\"},\"primaryImageOfPage\":{\"@id\":\"https:\/\/portaltela.pt\/noticias\/2026\/03\/30\/rd-congo-quer-voltar-ao-mundial-apos-participacao-de-1974-como-zaire\/#primaryimage\"},\"image\":{\"@id\":\"https:\/\/portaltela.pt\/noticias\/2026\/03\/30\/rd-congo-quer-voltar-ao-mundial-apos-participacao-de-1974-como-zaire\/#primaryimage\"},\"thumbnailUrl\":\"https:\/\/portaltela.pt\/s.01k8rhncp4jt1\/2026\/03\/img_920x518uu2025-12-16-21-37-56-2409641.jpg\",\"datePublished\":\"2026-03-30T19:47:04+00:00\",\"author\":{\"@id\":\"https:\/\/portaltela.pt\/#\/schema\/person\/c4278d4a6028830caff9ee44b42d32ed\"},\"breadcrumb\":{\"@id\":\"https:\/\/portaltela.pt\/noticias\/2026\/03\/30\/rd-congo-quer-voltar-ao-mundial-apos-participacao-de-1974-como-zaire\/#breadcrumb\"},\"inLanguage\":\"pt-PT\",\"potentialAction\":[{\"@type\":\"ReadAction\",\"target\":[\"https:\/\/portaltela.pt\/noticias\/2026\/03\/30\/rd-congo-quer-voltar-ao-mundial-apos-participacao-de-1974-como-zaire\/\"]}]},{\"@type\":\"ImageObject\",\"inLanguage\":\"pt-PT\",\"@id\":\"https:\/\/portaltela.pt\/noticias\/2026\/03\/30\/rd-congo-quer-voltar-ao-mundial-apos-participacao-de-1974-como-zaire\/#primaryimage\",\"url\":\"https:\/\/portaltela.pt\/s.01k8rhncp4jt1\/2026\/03\/img_920x518uu2025-12-16-21-37-56-2409641.jpg\",\"contentUrl\":\"https:\/\/portaltela.pt\/s.01k8rhncp4jt1\/2026\/03\/img_920x518uu2025-12-16-21-37-56-2409641.jpg\",\"width\":796,\"height\":448,\"caption\":\"Sele\u00e7\u00e3o da RD Congo\"},{\"@type\":\"BreadcrumbList\",\"@id\":\"https:\/\/portaltela.pt\/noticias\/2026\/03\/30\/rd-congo-quer-voltar-ao-mundial-apos-participacao-de-1974-como-zaire\/#breadcrumb\",\"itemListElement\":[{\"@type\":\"ListItem\",\"position\":1,\"name\":\"In\u00edcio\",\"item\":\"https:\/\/portaltela.pt\/\"},{\"@type\":\"ListItem\",\"position\":2,\"name\":\"RD Congo quer voltar ao Mundial, ap\u00f3s participa\u00e7\u00e3o de 1974 como Zaire\"}]},{\"@type\":\"WebSite\",\"@id\":\"https:\/\/portaltela.pt\/#website\",\"url\":\"https:\/\/portaltela.pt\/\",\"name\":\"Portal Tela Portugal\",\"description\":\"\",\"potentialAction\":[{\"@type\":\"SearchAction\",\"target\":{\"@type\":\"EntryPoint\",\"urlTemplate\":\"https:\/\/portaltela.pt\/?s={search_term_string}\"},\"query-input\":{\"@type\":\"PropertyValueSpecification\",\"valueRequired\":true,\"valueName\":\"search_term_string\"}}],\"inLanguage\":\"pt-PT\"},{\"@type\":\"Person\",\"@id\":\"https:\/\/portaltela.pt\/#\/schema\/person\/c4278d4a6028830caff9ee44b42d32ed\",\"name\":\"Telinha\",\"image\":{\"@type\":\"ImageObject\",\"inLanguage\":\"pt-PT\",\"@id\":\"https:\/\/portaltela.pt\/s.01k8rhncp4jt1\/2025\/11\/talking-bot-125x125.png\",\"url\":\"https:\/\/portaltela.pt\/s.01k8rhncp4jt1\/2025\/11\/talking-bot-125x125.png\",\"contentUrl\":\"https:\/\/portaltela.pt\/s.01k8rhncp4jt1\/2025\/11\/talking-bot-125x125.png\",\"caption\":\"Telinha\"},\"sameAs\":[\"https:\/\/portaltela.pt\/\"],\"url\":\"https:\/\/portaltela.pt\/por\/367410592786\/\"}]}<\/script>\n<!-- \/ Yoast SEO plugin. -->","yoast_head_json":{"title":"RD Congo quer voltar ao Mundial, ap\u00f3s participa\u00e7\u00e3o de 1974 como Zaire - Portal Tela Portugal","robots":{"index":"index","follow":"follow","max-snippet":"max-snippet:-1","max-image-preview":"max-image-preview:large","max-video-preview":"max-video-preview:-1"},"og_locale":"pt_PT","og_type":"article","og_title":"RD Congo quer voltar ao Mundial, ap\u00f3s participa\u00e7\u00e3o de 1974 como Zaire - Portal Tela Portugal","og_description":"O RD Congo quer voltar ao Mundial e enfrenta a Jamaica na final do playoff. Em 1974, o Zaire tornou-se na primeira equipa a sul do deserto do Saara a participar num Mundial. Na altura, o pa\u00eds foi derrotado pela Esc\u00f3cia (0-2), pela Jugosl\u00e1via (0-9) e pelo Brasil (0-3). A mem\u00f3ria dessa participa\u00e7\u00e3o \u00e9 distante para o pa\u00eds que deu origem \u00e0 Rep\u00fablica Democrata do Congo. A not\u00edcia centra-se na ambi\u00e7\u00e3o de regresso ao Mundial e no hist\u00f3rico da participa\u00e7\u00e3o de 1974.","og_url":"https:\/\/portaltela.pt\/noticias\/2026\/03\/30\/rd-congo-quer-voltar-ao-mundial-apos-participacao-de-1974-como-zaire\/","og_site_name":"Portal Tela Portugal","article_published_time":"2026-03-30T19:47:04+00:00","author":"Telinha","twitter_card":"summary_large_image","twitter_misc":{"Escrito por":"Telinha","Tempo estimado de leitura":"1 minuto"},"schema":{"@context":"https:\/\/schema.org","@graph":[{"@type":"Article","@id":"https:\/\/portaltela.pt\/noticias\/2026\/03\/30\/rd-congo-quer-voltar-ao-mundial-apos-participacao-de-1974-como-zaire\/#article","isPartOf":{"@id":"https:\/\/portaltela.pt\/noticias\/2026\/03\/30\/rd-congo-quer-voltar-ao-mundial-apos-participacao-de-1974-como-zaire\/"},"author":{"name":"Telinha","@id":"https:\/\/portaltela.pt\/#\/schema\/person\/c4278d4a6028830caff9ee44b42d32ed"},"headline":"RD Congo quer voltar ao Mundial, ap\u00f3s participa\u00e7\u00e3o de 1974 como Zaire","datePublished":"2026-03-30T19:47:04+00:00","mainEntityOfPage":{"@id":"https:\/\/portaltela.pt\/noticias\/2026\/03\/30\/rd-congo-quer-voltar-ao-mundial-apos-participacao-de-1974-como-zaire\/"},"wordCount":201,"image":{"@id":"https:\/\/portaltela.pt\/noticias\/2026\/03\/30\/rd-congo-quer-voltar-ao-mundial-apos-participacao-de-1974-como-zaire\/#primaryimage"},"thumbnailUrl":"https:\/\/portaltela.pt\/s.01k8rhncp4jt1\/2026\/03\/img_920x518uu2025-12-16-21-37-56-2409641.jpg","keywords":["\u00c1frica","desporto internacional","futebol","futebol internacional","Sele\u00e7\u00e3o Nacional","Ta\u00e7a do Mundo"],"articleSection":["Copa do Mundo","Desporto"],"inLanguage":"pt-PT"},{"@type":"WebPage","@id":"https:\/\/portaltela.pt\/noticias\/2026\/03\/30\/rd-congo-quer-voltar-ao-mundial-apos-participacao-de-1974-como-zaire\/","url":"https:\/\/portaltela.pt\/noticias\/2026\/03\/30\/rd-congo-quer-voltar-ao-mundial-apos-participacao-de-1974-como-zaire\/","name":"RD Congo quer voltar ao Mundial, ap\u00f3s participa\u00e7\u00e3o de 1974 como Zaire - Portal Tela Portugal","isPartOf":{"@id":"https:\/\/portaltela.pt\/#website"},"primaryImageOfPage":{"@id":"https:\/\/portaltela.pt\/noticias\/2026\/03\/30\/rd-congo-quer-voltar-ao-mundial-apos-participacao-de-1974-como-zaire\/#primaryimage"},"image":{"@id":"https:\/\/portaltela.pt\/noticias\/2026\/03\/30\/rd-congo-quer-voltar-ao-mundial-apos-participacao-de-1974-como-zaire\/#primaryimage"},"thumbnailUrl":"https:\/\/portaltela.pt\/s.01k8rhncp4jt1\/2026\/03\/img_920x518uu2025-12-16-21-37-56-2409641.jpg","datePublished":"2026-03-30T19:47:04+00:00","author":{"@id":"https:\/\/portaltela.pt\/#\/schema\/person\/c4278d4a6028830caff9ee44b42d32ed"},"breadcrumb":{"@id":"https:\/\/portaltela.pt\/noticias\/2026\/03\/30\/rd-congo-quer-voltar-ao-mundial-apos-participacao-de-1974-como-zaire\/#breadcrumb"},"inLanguage":"pt-PT","potentialAction":[{"@type":"ReadAction","target":["https:\/\/portaltela.pt\/noticias\/2026\/03\/30\/rd-congo-quer-voltar-ao-mundial-apos-participacao-de-1974-como-zaire\/"]}]},{"@type":"ImageObject","inLanguage":"pt-PT","@id":"https:\/\/portaltela.pt\/noticias\/2026\/03\/30\/rd-congo-quer-voltar-ao-mundial-apos-participacao-de-1974-como-zaire\/#primaryimage","url":"https:\/\/portaltela.pt\/s.01k8rhncp4jt1\/2026\/03\/img_920x518uu2025-12-16-21-37-56-2409641.jpg","contentUrl":"https:\/\/portaltela.pt\/s.01k8rhncp4jt1\/2026\/03\/img_920x518uu2025-12-16-21-37-56-2409641.jpg","width":796,"height":448,"caption":"Sele\u00e7\u00e3o da RD Congo"},{"@type":"BreadcrumbList","@id":"https:\/\/portaltela.pt\/noticias\/2026\/03\/30\/rd-congo-quer-voltar-ao-mundial-apos-participacao-de-1974-como-zaire\/#breadcrumb","itemListElement":[{"@type":"ListItem","position":1,"name":"In\u00edcio","item":"https:\/\/portaltela.pt\/"},{"@type":"ListItem","position":2,"name":"RD Congo quer voltar ao Mundial, ap\u00f3s participa\u00e7\u00e3o de 1974 como Zaire"}]},{"@type":"WebSite","@id":"https:\/\/portaltela.pt\/#website","url":"https:\/\/portaltela.pt\/","name":"Portal Tela Portugal","description":"","potentialAction":[{"@type":"SearchAction","target":{"@type":"EntryPoint","urlTemplate":"https:\/\/portaltela.pt\/?s={search_term_string}"},"query-input":{"@type":"PropertyValueSpecification","valueRequired":true,"valueName":"search_term_string"}}],"inLanguage":"pt-PT"},{"@type":"Person","@id":"https:\/\/portaltela.pt\/#\/schema\/person\/c4278d4a6028830caff9ee44b42d32ed","name":"Telinha","image":{"@type":"ImageObject","inLanguage":"pt-PT","@id":"https:\/\/portaltela.pt\/s.01k8rhncp4jt1\/2025\/11\/talking-bot-125x125.png","url":"https:\/\/portaltela.pt\/s.01k8rhncp4jt1\/2025\/11\/talking-bot-125x125.png","contentUrl":"https:\/\/portaltela.pt\/s.01k8rhncp4jt1\/2025\/11\/talking-bot-125x125.png","caption":"Telinha"},"sameAs":["https:\/\/portaltela.pt\/"],"url":"https:\/\/portaltela.pt\/por\/367410592786\/"}]}},"_links":{"self":[{"href":"https:\/\/portaltela.pt\/api\/wp\/v2\/posts\/427452","targetHints":{"allow":["GET"]}}],"collection":[{"href":"https:\/\/portaltela.pt\/api\/wp\/v2\/posts"}],"about":[{"href":"https:\/\/portaltela.pt\/api\/wp\/v2\/types\/post"}],"author":[{"embeddable":true,"href":"https:\/\/portaltela.pt\/api\/wp\/v2\/users\/2"}],"replies":[{"embeddable":true,"href":"https:\/\/portaltela.pt\/api\/wp\/v2\/comments?post=427452"}],"version-history":[{"count":0,"href":"https:\/\/portaltela.pt\/api\/wp\/v2\/posts\/427452\/revisions"}],"wp:featuredmedia":[{"embeddable":true,"href":"https:\/\/portaltela.pt\/api\/wp\/v2\/media\/427455"}],"wp:attachment":[{"href":"https:\/\/portaltela.pt\/api\/wp\/v2\/media?parent=427452"}],"wp:term":[{"taxonomy":"category","embeddable":true,"href":"https:\/\/portaltela.pt\/api\/wp\/v2\/categories?post=427452"},{"taxonomy":"post_tag","embeddable":true,"href":"https:\/\/portaltela.pt\/api\/wp\/v2\/tags?post=427452"}],"curies":[{"name":"wp","href":"https:\/\/api.w.org\/{rel}","templated":true}]}}