{"id":427445,"date":"2026-03-30T16:46:54","date_gmt":"2026-03-30T19:46:54","guid":{"rendered":"https:\/\/portaltela.pt\/noticias\/2026\/03\/30\/descentralizacao-insuficiente-para-reduzir-desigualdades-na-educacao\/"},"modified":"2026-03-30T16:46:54","modified_gmt":"2026-03-30T19:46:54","slug":"descentralizacao-insuficiente-para-reduzir-desigualdades-na-educacao","status":"publish","type":"post","link":"https:\/\/portaltela.pt\/sociedade\/2026\/03\/30\/descentralizacao-insuficiente-para-reduzir-desigualdades-na-educacao\/","title":{"rendered":"Descentraliza\u00e7\u00e3o insuficiente para reduzir desigualdades na educa\u00e7\u00e3o"},"content":{"rendered":"<p>A descentraliza\u00e7\u00e3o de compet\u00eancias na educa\u00e7\u00e3o aumentou a capacidade de resposta local, mas n\u00e3o garante igualdade de oportunidades entre territ\u00f3rios. Um estudo da Universidade do Minho, apresentado em Lisboa, mostra assimetrias significativas seis anos ap\u00f3s o processo, sobretudo por financiamento insuficiente.<\/p>\n<p>Segundo os investigadores, apenas 26% dos diretores escolares consideram melhorias na equidade. Entre autarcas, 72,3% entendem o financiamento transferido pelo Estado como inadequado, o que agrava diferen\u00e7as entre munic\u00edpios. A proximidade facilita respostas r\u00e1pidas na gest\u00e3o di\u00e1ria.<\/p>\n<h3>Contexto<\/h3>\n<p>O estudo aponta fragilidades em gest\u00e3o de recursos humanos, com r\u00e1cios r\u00edgidos, recrutamento dif\u00edcil e envelhecimento do pessoal, al\u00e9m de falhas na articula\u00e7\u00e3o entre entidades. Desempenho em a\u00e7\u00e3o social escolar e servi\u00e7os complementares tamb\u00e9m depende da capacidade financeira local.<\/p>\n<p>As recomenda\u00e7\u00f5es enfatizam refor\u00e7ar verbas, atualiz\u00e1-las conforme infla\u00e7\u00e3o e n\u00famero de alunos, e rever o modelo de financiamento para maior equidade e sustentabilidade. Al\u00e9m disso, defende melhor monitoriza\u00e7\u00e3o para evitar desequil\u00edbrios na distribui\u00e7\u00e3o de recursos.<\/p>\n<h3>Reac\u00e7\u00f5es e perspetivas<\/h3>\n<p>O ministro da Educa\u00e7\u00e3o, Ci\u00eancia e Inova\u00e7\u00e3o, Fernando Alexandre, reconheceu d\u00e9fice em alguns contextos e pediu mecanismos de distribui\u00e7\u00e3o mais equilibrados. O objetivo \u00e9 impedir que nenhuma autarquia fique sem meios para cumprir compet\u00eancias.<\/p>\n<p>Ana Abrunhosa, vice-presidente da Associa\u00e7\u00e3o Nacional de Munic\u00edpios Portugueses, considerou a descentraliza\u00e7\u00e3o um ato de f\u00e9 que trouxe ganhos, reconhecendo ainda assim assimetrias que exigem solu\u00e7\u00f5es diferenciadas. Ant\u00f3nio Castel-Branco apontou problemas de transfer\u00eancias e defini\u00e7\u00e3o de compet\u00eancias.<\/p>\n<p>Linda Veiga, coordenadora do estudo, defendeu refor\u00e7o do financiamento, revis\u00e3o do modelo e cria\u00e7\u00e3o de mecanismos para compensar diferen\u00e7as entre territ\u00f3rios, afirmando que o desafio passa por transformar proximidade em equidade no acesso \u00e0 educa\u00e7\u00e3o.<\/p>\n","protected":false},"excerpt":{"rendered":"<ul>\n<li>Um estudo da Universidade do Minho, apresentado em Lisboa, aponta que a descentraliza\u00e7\u00e3o na educa\u00e7\u00e3o n\u00e3o garantiu igualdade de oportunidades entre munic\u00edpios, mesmo ap\u00f3s seis anos.<\/li>\n<li>A an\u00e1lise mostra que apenas 26% dos diretores escolares consideram ter havido melhorias na equidade, com muitos a apontar assimetrias no acesso a recursos e servi\u00e7os.<\/li>\n<li>Entre autarcas, 72,3% consideram o financiamento transferido pelo Estado inadequado, o que dificulta a resposta e amplia diferen\u00e7as entre territ\u00f3rios; por\u00e9m a proximidade facilita respostas r\u00e1pidas na gest\u00e3o das escolas.<\/li>\n<li>O ministro da Educa\u00e7\u00e3o, Ci\u00eancia e Inova\u00e7\u00e3o, Fernando Alexandre, reconhece limita\u00e7\u00f5es do modelo e defende refor\u00e7ar o financiamento e ajustar o modelo para uma distribui\u00e7\u00e3o mais equilibrada de recursos.<\/li>\n<li>Recomendam-se verbas maiores e atualizadas conforme infla\u00e7\u00e3o e n\u00famero de alunos, revis\u00e3o do modelo de financiamento, e mecanismos que promovam maior equidade e sustentabilidade do sistema.<\/li>\n<\/ul>\n","protected":false},"author":2,"featured_media":427454,"comment_status":"closed","ping_status":"closed","sticky":false,"template":"","format":"standard","meta":{"footnotes":""},"categories":[7384,6871],"tags":[2706,1275,5301,163,733,133],"class_list":["post-427445","post","type-post","status-publish","format-standard","has-post-thumbnail","hentry","category-curiosidades","category-sociedade","tag-autarquias","tag-descentralizacao-territorial","tag-desenvolvimento-territorial","tag-educacao","tag-financas-publicas","tag-politicas-publicas"],"yoast_head":"<!-- This site is optimized with the Yoast SEO plugin v27.2 - https:\/\/yoast.com\/product\/yoast-seo-wordpress\/ -->\n<title>Descentraliza\u00e7\u00e3o insuficiente para reduzir desigualdades na educa\u00e7\u00e3o - Portal Tela Portugal<\/title>\n<meta name=\"robots\" content=\"index, follow, max-snippet:-1, max-image-preview:large, max-video-preview:-1\" \/>\n<meta property=\"og:locale\" content=\"pt_PT\" \/>\n<meta property=\"og:type\" content=\"article\" \/>\n<meta property=\"og:title\" content=\"Descentraliza\u00e7\u00e3o insuficiente para reduzir desigualdades na educa\u00e7\u00e3o - Portal Tela Portugal\" \/>\n<meta property=\"og:description\" content=\"Um estudo da Universidade do Minho, apresentado em Lisboa, aponta que a descentraliza\u00e7\u00e3o na educa\u00e7\u00e3o n\u00e3o garantiu igualdade de oportunidades entre munic\u00edpios, mesmo ap\u00f3s seis anos. A an\u00e1lise mostra que apenas 26% dos diretores escolares consideram ter havido melhorias na equidade, com muitos a apontar assimetrias no acesso a recursos e servi\u00e7os. Entre autarcas, 72,3% consideram o financiamento transferido pelo Estado inadequado, o que dificulta a resposta e amplia diferen\u00e7as entre territ\u00f3rios; por\u00e9m a proximidade facilita respostas r\u00e1pidas na gest\u00e3o das escolas. O ministro da Educa\u00e7\u00e3o, Ci\u00eancia e Inova\u00e7\u00e3o, Fernando Alexandre, reconhece limita\u00e7\u00f5es do modelo e defende refor\u00e7ar o financiamento e ajustar o modelo para uma distribui\u00e7\u00e3o mais equilibrada de recursos. Recomendam-se verbas maiores e atualizadas conforme infla\u00e7\u00e3o e n\u00famero de alunos, revis\u00e3o do modelo de financiamento, e mecanismos que promovam maior equidade e sustentabilidade do sistema.\" \/>\n<meta property=\"og:url\" content=\"https:\/\/portaltela.pt\/noticias\/2026\/03\/30\/descentralizacao-insuficiente-para-reduzir-desigualdades-na-educacao\/\" \/>\n<meta property=\"og:site_name\" content=\"Portal Tela Portugal\" \/>\n<meta property=\"article:published_time\" content=\"2026-03-30T19:46:54+00:00\" \/>\n<meta name=\"author\" content=\"Telinha\" \/>\n<meta name=\"twitter:card\" content=\"summary_large_image\" \/>\n<meta name=\"twitter:label1\" content=\"Escrito por\" \/>\n\t<meta name=\"twitter:data1\" content=\"Telinha\" \/>\n\t<meta name=\"twitter:label2\" content=\"Tempo estimado de leitura\" \/>\n\t<meta name=\"twitter:data2\" content=\"2 minutos\" \/>\n<script type=\"application\/ld+json\" class=\"yoast-schema-graph\">{\"@context\":\"https:\/\/schema.org\",\"@graph\":[{\"@type\":\"Article\",\"@id\":\"https:\/\/portaltela.pt\/noticias\/2026\/03\/30\/descentralizacao-insuficiente-para-reduzir-desigualdades-na-educacao\/#article\",\"isPartOf\":{\"@id\":\"https:\/\/portaltela.pt\/noticias\/2026\/03\/30\/descentralizacao-insuficiente-para-reduzir-desigualdades-na-educacao\/\"},\"author\":{\"name\":\"Telinha\",\"@id\":\"https:\/\/portaltela.pt\/#\/schema\/person\/c4278d4a6028830caff9ee44b42d32ed\"},\"headline\":\"Descentraliza\u00e7\u00e3o insuficiente para reduzir desigualdades na educa\u00e7\u00e3o\",\"datePublished\":\"2026-03-30T19:46:54+00:00\",\"mainEntityOfPage\":{\"@id\":\"https:\/\/portaltela.pt\/noticias\/2026\/03\/30\/descentralizacao-insuficiente-para-reduzir-desigualdades-na-educacao\/\"},\"wordCount\":317,\"image\":{\"@id\":\"https:\/\/portaltela.pt\/noticias\/2026\/03\/30\/descentralizacao-insuficiente-para-reduzir-desigualdades-na-educacao\/#primaryimage\"},\"thumbnailUrl\":\"https:\/\/portaltela.pt\/s.01k8rhncp4jt1\/2026\/03\/image-1840.jpg\",\"keywords\":[\"autarquias\",\"descentraliza\u00e7\u00e3o territorial\",\"desenvolvimento territorial\",\"educa\u00e7\u00e3o\",\"finan\u00e7as p\u00fablicas\",\"pol\u00edticas p\u00fablicas\"],\"articleSection\":[\"Curiosidades\",\"Sociedade\"],\"inLanguage\":\"pt-PT\"},{\"@type\":\"WebPage\",\"@id\":\"https:\/\/portaltela.pt\/noticias\/2026\/03\/30\/descentralizacao-insuficiente-para-reduzir-desigualdades-na-educacao\/\",\"url\":\"https:\/\/portaltela.pt\/noticias\/2026\/03\/30\/descentralizacao-insuficiente-para-reduzir-desigualdades-na-educacao\/\",\"name\":\"Descentraliza\u00e7\u00e3o insuficiente para reduzir desigualdades na educa\u00e7\u00e3o - Portal Tela Portugal\",\"isPartOf\":{\"@id\":\"https:\/\/portaltela.pt\/#website\"},\"primaryImageOfPage\":{\"@id\":\"https:\/\/portaltela.pt\/noticias\/2026\/03\/30\/descentralizacao-insuficiente-para-reduzir-desigualdades-na-educacao\/#primaryimage\"},\"image\":{\"@id\":\"https:\/\/portaltela.pt\/noticias\/2026\/03\/30\/descentralizacao-insuficiente-para-reduzir-desigualdades-na-educacao\/#primaryimage\"},\"thumbnailUrl\":\"https:\/\/portaltela.pt\/s.01k8rhncp4jt1\/2026\/03\/image-1840.jpg\",\"datePublished\":\"2026-03-30T19:46:54+00:00\",\"author\":{\"@id\":\"https:\/\/portaltela.pt\/#\/schema\/person\/c4278d4a6028830caff9ee44b42d32ed\"},\"breadcrumb\":{\"@id\":\"https:\/\/portaltela.pt\/noticias\/2026\/03\/30\/descentralizacao-insuficiente-para-reduzir-desigualdades-na-educacao\/#breadcrumb\"},\"inLanguage\":\"pt-PT\",\"potentialAction\":[{\"@type\":\"ReadAction\",\"target\":[\"https:\/\/portaltela.pt\/noticias\/2026\/03\/30\/descentralizacao-insuficiente-para-reduzir-desigualdades-na-educacao\/\"]}]},{\"@type\":\"ImageObject\",\"inLanguage\":\"pt-PT\",\"@id\":\"https:\/\/portaltela.pt\/noticias\/2026\/03\/30\/descentralizacao-insuficiente-para-reduzir-desigualdades-na-educacao\/#primaryimage\",\"url\":\"https:\/\/portaltela.pt\/s.01k8rhncp4jt1\/2026\/03\/image-1840.jpg\",\"contentUrl\":\"https:\/\/portaltela.pt\/s.01k8rhncp4jt1\/2026\/03\/image-1840.jpg\",\"width\":796,\"height\":448,\"caption\":\"Fernando Alexandre defende refor\u00e7o do financiamento e admite limites no modelo\"},{\"@type\":\"BreadcrumbList\",\"@id\":\"https:\/\/portaltela.pt\/noticias\/2026\/03\/30\/descentralizacao-insuficiente-para-reduzir-desigualdades-na-educacao\/#breadcrumb\",\"itemListElement\":[{\"@type\":\"ListItem\",\"position\":1,\"name\":\"In\u00edcio\",\"item\":\"https:\/\/portaltela.pt\/\"},{\"@type\":\"ListItem\",\"position\":2,\"name\":\"Descentraliza\u00e7\u00e3o insuficiente para reduzir desigualdades na educa\u00e7\u00e3o\"}]},{\"@type\":\"WebSite\",\"@id\":\"https:\/\/portaltela.pt\/#website\",\"url\":\"https:\/\/portaltela.pt\/\",\"name\":\"Portal Tela Portugal\",\"description\":\"\",\"potentialAction\":[{\"@type\":\"SearchAction\",\"target\":{\"@type\":\"EntryPoint\",\"urlTemplate\":\"https:\/\/portaltela.pt\/?s={search_term_string}\"},\"query-input\":{\"@type\":\"PropertyValueSpecification\",\"valueRequired\":true,\"valueName\":\"search_term_string\"}}],\"inLanguage\":\"pt-PT\"},{\"@type\":\"Person\",\"@id\":\"https:\/\/portaltela.pt\/#\/schema\/person\/c4278d4a6028830caff9ee44b42d32ed\",\"name\":\"Telinha\",\"image\":{\"@type\":\"ImageObject\",\"inLanguage\":\"pt-PT\",\"@id\":\"https:\/\/portaltela.pt\/s.01k8rhncp4jt1\/2025\/11\/talking-bot-125x125.png\",\"url\":\"https:\/\/portaltela.pt\/s.01k8rhncp4jt1\/2025\/11\/talking-bot-125x125.png\",\"contentUrl\":\"https:\/\/portaltela.pt\/s.01k8rhncp4jt1\/2025\/11\/talking-bot-125x125.png\",\"caption\":\"Telinha\"},\"sameAs\":[\"https:\/\/portaltela.pt\/\"],\"url\":\"https:\/\/portaltela.pt\/por\/367410592786\/\"}]}<\/script>\n<!-- \/ Yoast SEO plugin. -->","yoast_head_json":{"title":"Descentraliza\u00e7\u00e3o insuficiente para reduzir desigualdades na educa\u00e7\u00e3o - Portal Tela Portugal","robots":{"index":"index","follow":"follow","max-snippet":"max-snippet:-1","max-image-preview":"max-image-preview:large","max-video-preview":"max-video-preview:-1"},"og_locale":"pt_PT","og_type":"article","og_title":"Descentraliza\u00e7\u00e3o insuficiente para reduzir desigualdades na educa\u00e7\u00e3o - Portal Tela Portugal","og_description":"Um estudo da Universidade do Minho, apresentado em Lisboa, aponta que a descentraliza\u00e7\u00e3o na educa\u00e7\u00e3o n\u00e3o garantiu igualdade de oportunidades entre munic\u00edpios, mesmo ap\u00f3s seis anos. A an\u00e1lise mostra que apenas 26% dos diretores escolares consideram ter havido melhorias na equidade, com muitos a apontar assimetrias no acesso a recursos e servi\u00e7os. Entre autarcas, 72,3% consideram o financiamento transferido pelo Estado inadequado, o que dificulta a resposta e amplia diferen\u00e7as entre territ\u00f3rios; por\u00e9m a proximidade facilita respostas r\u00e1pidas na gest\u00e3o das escolas. O ministro da Educa\u00e7\u00e3o, Ci\u00eancia e Inova\u00e7\u00e3o, Fernando Alexandre, reconhece limita\u00e7\u00f5es do modelo e defende refor\u00e7ar o financiamento e ajustar o modelo para uma distribui\u00e7\u00e3o mais equilibrada de recursos. Recomendam-se verbas maiores e atualizadas conforme infla\u00e7\u00e3o e n\u00famero de alunos, revis\u00e3o do modelo de financiamento, e mecanismos que promovam maior equidade e sustentabilidade do sistema.","og_url":"https:\/\/portaltela.pt\/noticias\/2026\/03\/30\/descentralizacao-insuficiente-para-reduzir-desigualdades-na-educacao\/","og_site_name":"Portal Tela Portugal","article_published_time":"2026-03-30T19:46:54+00:00","author":"Telinha","twitter_card":"summary_large_image","twitter_misc":{"Escrito por":"Telinha","Tempo estimado de leitura":"2 minutos"},"schema":{"@context":"https:\/\/schema.org","@graph":[{"@type":"Article","@id":"https:\/\/portaltela.pt\/noticias\/2026\/03\/30\/descentralizacao-insuficiente-para-reduzir-desigualdades-na-educacao\/#article","isPartOf":{"@id":"https:\/\/portaltela.pt\/noticias\/2026\/03\/30\/descentralizacao-insuficiente-para-reduzir-desigualdades-na-educacao\/"},"author":{"name":"Telinha","@id":"https:\/\/portaltela.pt\/#\/schema\/person\/c4278d4a6028830caff9ee44b42d32ed"},"headline":"Descentraliza\u00e7\u00e3o insuficiente para reduzir desigualdades na educa\u00e7\u00e3o","datePublished":"2026-03-30T19:46:54+00:00","mainEntityOfPage":{"@id":"https:\/\/portaltela.pt\/noticias\/2026\/03\/30\/descentralizacao-insuficiente-para-reduzir-desigualdades-na-educacao\/"},"wordCount":317,"image":{"@id":"https:\/\/portaltela.pt\/noticias\/2026\/03\/30\/descentralizacao-insuficiente-para-reduzir-desigualdades-na-educacao\/#primaryimage"},"thumbnailUrl":"https:\/\/portaltela.pt\/s.01k8rhncp4jt1\/2026\/03\/image-1840.jpg","keywords":["autarquias","descentraliza\u00e7\u00e3o territorial","desenvolvimento territorial","educa\u00e7\u00e3o","finan\u00e7as p\u00fablicas","pol\u00edticas p\u00fablicas"],"articleSection":["Curiosidades","Sociedade"],"inLanguage":"pt-PT"},{"@type":"WebPage","@id":"https:\/\/portaltela.pt\/noticias\/2026\/03\/30\/descentralizacao-insuficiente-para-reduzir-desigualdades-na-educacao\/","url":"https:\/\/portaltela.pt\/noticias\/2026\/03\/30\/descentralizacao-insuficiente-para-reduzir-desigualdades-na-educacao\/","name":"Descentraliza\u00e7\u00e3o insuficiente para reduzir desigualdades na educa\u00e7\u00e3o - Portal Tela Portugal","isPartOf":{"@id":"https:\/\/portaltela.pt\/#website"},"primaryImageOfPage":{"@id":"https:\/\/portaltela.pt\/noticias\/2026\/03\/30\/descentralizacao-insuficiente-para-reduzir-desigualdades-na-educacao\/#primaryimage"},"image":{"@id":"https:\/\/portaltela.pt\/noticias\/2026\/03\/30\/descentralizacao-insuficiente-para-reduzir-desigualdades-na-educacao\/#primaryimage"},"thumbnailUrl":"https:\/\/portaltela.pt\/s.01k8rhncp4jt1\/2026\/03\/image-1840.jpg","datePublished":"2026-03-30T19:46:54+00:00","author":{"@id":"https:\/\/portaltela.pt\/#\/schema\/person\/c4278d4a6028830caff9ee44b42d32ed"},"breadcrumb":{"@id":"https:\/\/portaltela.pt\/noticias\/2026\/03\/30\/descentralizacao-insuficiente-para-reduzir-desigualdades-na-educacao\/#breadcrumb"},"inLanguage":"pt-PT","potentialAction":[{"@type":"ReadAction","target":["https:\/\/portaltela.pt\/noticias\/2026\/03\/30\/descentralizacao-insuficiente-para-reduzir-desigualdades-na-educacao\/"]}]},{"@type":"ImageObject","inLanguage":"pt-PT","@id":"https:\/\/portaltela.pt\/noticias\/2026\/03\/30\/descentralizacao-insuficiente-para-reduzir-desigualdades-na-educacao\/#primaryimage","url":"https:\/\/portaltela.pt\/s.01k8rhncp4jt1\/2026\/03\/image-1840.jpg","contentUrl":"https:\/\/portaltela.pt\/s.01k8rhncp4jt1\/2026\/03\/image-1840.jpg","width":796,"height":448,"caption":"Fernando Alexandre defende refor\u00e7o do financiamento e admite limites no modelo"},{"@type":"BreadcrumbList","@id":"https:\/\/portaltela.pt\/noticias\/2026\/03\/30\/descentralizacao-insuficiente-para-reduzir-desigualdades-na-educacao\/#breadcrumb","itemListElement":[{"@type":"ListItem","position":1,"name":"In\u00edcio","item":"https:\/\/portaltela.pt\/"},{"@type":"ListItem","position":2,"name":"Descentraliza\u00e7\u00e3o insuficiente para reduzir desigualdades na educa\u00e7\u00e3o"}]},{"@type":"WebSite","@id":"https:\/\/portaltela.pt\/#website","url":"https:\/\/portaltela.pt\/","name":"Portal Tela Portugal","description":"","potentialAction":[{"@type":"SearchAction","target":{"@type":"EntryPoint","urlTemplate":"https:\/\/portaltela.pt\/?s={search_term_string}"},"query-input":{"@type":"PropertyValueSpecification","valueRequired":true,"valueName":"search_term_string"}}],"inLanguage":"pt-PT"},{"@type":"Person","@id":"https:\/\/portaltela.pt\/#\/schema\/person\/c4278d4a6028830caff9ee44b42d32ed","name":"Telinha","image":{"@type":"ImageObject","inLanguage":"pt-PT","@id":"https:\/\/portaltela.pt\/s.01k8rhncp4jt1\/2025\/11\/talking-bot-125x125.png","url":"https:\/\/portaltela.pt\/s.01k8rhncp4jt1\/2025\/11\/talking-bot-125x125.png","contentUrl":"https:\/\/portaltela.pt\/s.01k8rhncp4jt1\/2025\/11\/talking-bot-125x125.png","caption":"Telinha"},"sameAs":["https:\/\/portaltela.pt\/"],"url":"https:\/\/portaltela.pt\/por\/367410592786\/"}]}},"_links":{"self":[{"href":"https:\/\/portaltela.pt\/api\/wp\/v2\/posts\/427445","targetHints":{"allow":["GET"]}}],"collection":[{"href":"https:\/\/portaltela.pt\/api\/wp\/v2\/posts"}],"about":[{"href":"https:\/\/portaltela.pt\/api\/wp\/v2\/types\/post"}],"author":[{"embeddable":true,"href":"https:\/\/portaltela.pt\/api\/wp\/v2\/users\/2"}],"replies":[{"embeddable":true,"href":"https:\/\/portaltela.pt\/api\/wp\/v2\/comments?post=427445"}],"version-history":[{"count":0,"href":"https:\/\/portaltela.pt\/api\/wp\/v2\/posts\/427445\/revisions"}],"wp:featuredmedia":[{"embeddable":true,"href":"https:\/\/portaltela.pt\/api\/wp\/v2\/media\/427454"}],"wp:attachment":[{"href":"https:\/\/portaltela.pt\/api\/wp\/v2\/media?parent=427445"}],"wp:term":[{"taxonomy":"category","embeddable":true,"href":"https:\/\/portaltela.pt\/api\/wp\/v2\/categories?post=427445"},{"taxonomy":"post_tag","embeddable":true,"href":"https:\/\/portaltela.pt\/api\/wp\/v2\/tags?post=427445"}],"curies":[{"name":"wp","href":"https:\/\/api.w.org\/{rel}","templated":true}]}}