{"id":427434,"date":"2026-03-30T16:32:22","date_gmt":"2026-03-30T19:32:22","guid":{"rendered":"https:\/\/portaltela.pt\/noticias\/2026\/03\/30\/ps-avanca-propostas-para-contornar-inconstitucionalidade-da-lei-da-nacionalidade\/"},"modified":"2026-03-30T16:32:22","modified_gmt":"2026-03-30T19:32:22","slug":"ps-avanca-propostas-para-contornar-inconstitucionalidade-da-lei-da-nacionalidade","status":"publish","type":"post","link":"https:\/\/portaltela.pt\/noticias\/2026\/03\/30\/ps-avanca-propostas-para-contornar-inconstitucionalidade-da-lei-da-nacionalidade\/","title":{"rendered":"PS avan\u00e7a propostas para contornar inconstitucionalidade da lei da nacionalidade"},"content":{"rendered":"<p>O Partido Socialista (PS) avan\u00e7ou esta segunda-feira com propostas para ultrapassar as inconstitucionalidades da lei da nacionalidade e para introduzir um regime transit\u00f3rio, no \u00e2mbito da Assembleia da Rep\u00fablica. A iniciativa surge ap\u00f3s o veto do Presidente da Rep\u00fablica e da decis\u00e3o do Tribunal Constitucional (TC). O PS j\u00e1 tinha pedido fiscaliza\u00e7\u00e3o preventiva com 50 deputados.<\/p>\n<p>O objetivo \u00e9 clarificar que uma pr\u00e9via condena\u00e7\u00e3o n\u00e3o impede automaticamente a aquisi\u00e7\u00e3o de nacionalidade, exigindo uma pondera\u00e7\u00e3o das circunst\u00e2ncias do caso. Al\u00e9m disso, pretende eliminar trechos considerados excessivamente indeterminados e retirar artigos sobre a entrada em vigor da lei, que o TC acusou de violar a proibi\u00e7\u00e3o de efeitos retroativos.<\/p>\n<p>Os socialistas defendem ainda altera\u00e7\u00f5es para equilibrar a lei, incluindo prazos de resid\u00eancia mais curtos para cidad\u00e3os fora da CPLP ou da Uni\u00e3o Europeia, reduzindo de 10 para 9 anos. Prop\u00f5em tamb\u00e9m um regime transit\u00f3rio e normas de entrada em vigor faseada, para evitar desequil\u00edbrios no dispositivo final.<\/p>\n<h3>Propostas do PS<\/h3>\n<p>Entre as mudan\u00e7as propostas, est\u00e1 a redu\u00e7\u00e3o do tempo de resid\u00eancia para a naturaliza\u00e7\u00e3o de pai\/m\u00e3e cujo filho nasceu em Portugal, com 3 anos para CPLP\/UE e 4 anos para os outros casos (em vez de 5). Tamb\u00e9m defendem eliminar a exig\u00eancia de demonstrar meios de subsist\u00eancia no pedido, j\u00e1 que esse crit\u00e9rio \u00e9 avaliado previamente.<\/p>\n<p>O PS defende ainda permitir requerimentos de naturaliza\u00e7\u00e3o com base na lei em vigor at\u00e9 31 de junho de 2026 e manter os prazos de resid\u00eancia at\u00e9 ao final de 2028. A contagem dos prazos deveria ocorrer desde o pedido de autoriza\u00e7\u00e3o de resid\u00eancia, com progress\u00e3o at\u00e9 2028.<\/p>\n<p>Al\u00e9m disso, o grupo parlamentar prop\u00f5e permitir naturaliza\u00e7\u00e3o a quem n\u00e3o manteve a nacionalidade ap\u00f3s 1975, mas permaneceu em Portugal, incluindo os filhos nascidos no territ\u00f3rio.<\/p>\n<h3>Contexto pol\u00edtico e pr\u00f3ximos passos<\/h3>\n<p>O PSD e o CDS-PP apresentaram tamb\u00e9m propostas de altera\u00e7\u00f5es com o intuito de ultrapassar as inconstitucionalidades identificadas pelo TC. O presidente do Chega afirmou que n\u00e3o houve acordo e anunciou propostas pr\u00f3prias, criticando a posi\u00e7\u00e3o dos socialistas.<\/p>\n<p>O parlamento vai reanalisar, na quarta-feira, os decretos referentes \u00e0 Lei da Nacionalidade e ao C\u00f3digo Penal, que previam a san\u00e7\u00e3o de perda de nacionalidade e foram devolvidos ap\u00f3s o chumbo do TC.<\/p>\n","protected":false},"excerpt":{"rendered":"<ul>\n<li>O PS avan\u00e7ou com emendas ao decreto da Lei da Nacionalidade para ultrapassar inconstitucionalidades identificadas pelo Tribunal Constitucional, incluindo um regime transit\u00f3rio.<\/li>\n<li>O partido mant\u00e9m o voto contra na san\u00e7\u00e3o de perda de nacionalidade no C\u00f3digo Penal, mesmo com as propostas de altera\u00e7\u00e3o apresentadas por PSD e CDS-PP.<\/li>\n<li>Entre as altera\u00e7\u00f5es, o PS defende clarificar que uma condena\u00e7\u00e3o pr\u00e9via n\u00e3o impede automaticamente a aquisi\u00e7\u00e3o da nacionalidade, exigindo pondera\u00e7\u00e3o das circunst\u00e2ncias do caso.<\/li>\n<li>Prop\u00f5e prazos de resid\u00eancia mais curtos para naturaliza\u00e7\u00e3o (nove anos fora da CPLP\/UE; tr\u00eas a quatro anos para naturaliza\u00e7\u00e3o de menores conforme a origem) e eliminar a exig\u00eancia de demonstra\u00e7\u00e3o de meios de subsist\u00eancia no pedido, pois j\u00e1 \u00e9 avaliada anteriormente.<\/li>\n<li>Sugere normas de entrada em vigor faseada e um regime transit\u00f3rio, incluindo a possibilidade de requerimentos at\u00e9 31 de junho de 2026, com contagem progressiva dos prazos at\u00e9 2028; o PSD e CDS-PP apresentaram altera\u00e7\u00f5es semelhantes, enquanto o Chega anunciou propostas pr\u00f3prias.<\/li>\n<\/ul>\n","protected":false},"author":2,"featured_media":427439,"comment_status":"closed","ping_status":"closed","sticky":false,"template":"","format":"standard","meta":{"footnotes":""},"categories":[6815,1],"tags":[3254,4057,6337,3034,43,2832],"class_list":["post-427434","post","type-post","status-publish","format-standard","has-post-thumbnail","hentry","category-justica","category-noticias","tag-constitucionalistas","tag-constituicao","tag-direito","tag-direito-internacional","tag-leis","tag-politica"],"yoast_head":"<!-- This site is optimized with the Yoast SEO plugin v27.2 - https:\/\/yoast.com\/product\/yoast-seo-wordpress\/ -->\n<title>PS avan\u00e7a propostas para contornar inconstitucionalidade da lei da nacionalidade - Portal Tela Portugal<\/title>\n<meta name=\"robots\" content=\"index, follow, max-snippet:-1, max-image-preview:large, max-video-preview:-1\" \/>\n<meta property=\"og:locale\" content=\"pt_PT\" \/>\n<meta property=\"og:type\" content=\"article\" \/>\n<meta property=\"og:title\" content=\"PS avan\u00e7a propostas para contornar inconstitucionalidade da lei da nacionalidade - Portal Tela Portugal\" \/>\n<meta property=\"og:description\" content=\"O PS avan\u00e7ou com emendas ao decreto da Lei da Nacionalidade para ultrapassar inconstitucionalidades identificadas pelo Tribunal Constitucional, incluindo um regime transit\u00f3rio. O partido mant\u00e9m o voto contra na san\u00e7\u00e3o de perda de nacionalidade no C\u00f3digo Penal, mesmo com as propostas de altera\u00e7\u00e3o apresentadas por PSD e CDS-PP. Entre as altera\u00e7\u00f5es, o PS defende clarificar que uma condena\u00e7\u00e3o pr\u00e9via n\u00e3o impede automaticamente a aquisi\u00e7\u00e3o da nacionalidade, exigindo pondera\u00e7\u00e3o das circunst\u00e2ncias do caso. Prop\u00f5e prazos de resid\u00eancia mais curtos para naturaliza\u00e7\u00e3o (nove anos fora da CPLP\/UE; tr\u00eas a quatro anos para naturaliza\u00e7\u00e3o de menores conforme a origem) e eliminar a exig\u00eancia de demonstra\u00e7\u00e3o de meios de subsist\u00eancia no pedido, pois j\u00e1 \u00e9 avaliada anteriormente. Sugere normas de entrada em vigor faseada e um regime transit\u00f3rio, incluindo a possibilidade de requerimentos at\u00e9 31 de junho de 2026, com contagem progressiva dos prazos at\u00e9 2028; o PSD e CDS-PP apresentaram altera\u00e7\u00f5es semelhantes, enquanto o Chega anunciou propostas pr\u00f3prias.\" \/>\n<meta property=\"og:url\" content=\"https:\/\/portaltela.pt\/noticias\/2026\/03\/30\/ps-avanca-propostas-para-contornar-inconstitucionalidade-da-lei-da-nacionalidade\/\" \/>\n<meta property=\"og:site_name\" content=\"Portal Tela Portugal\" \/>\n<meta property=\"article:published_time\" content=\"2026-03-30T19:32:22+00:00\" \/>\n<meta name=\"author\" content=\"Telinha\" \/>\n<meta name=\"twitter:card\" content=\"summary_large_image\" \/>\n<meta name=\"twitter:label1\" content=\"Escrito por\" \/>\n\t<meta name=\"twitter:data1\" content=\"Telinha\" \/>\n\t<meta name=\"twitter:label2\" content=\"Tempo estimado de leitura\" \/>\n\t<meta name=\"twitter:data2\" content=\"2 minutos\" \/>\n<script type=\"application\/ld+json\" class=\"yoast-schema-graph\">{\"@context\":\"https:\/\/schema.org\",\"@graph\":[{\"@type\":\"Article\",\"@id\":\"https:\/\/portaltela.pt\/noticias\/2026\/03\/30\/ps-avanca-propostas-para-contornar-inconstitucionalidade-da-lei-da-nacionalidade\/#article\",\"isPartOf\":{\"@id\":\"https:\/\/portaltela.pt\/noticias\/2026\/03\/30\/ps-avanca-propostas-para-contornar-inconstitucionalidade-da-lei-da-nacionalidade\/\"},\"author\":{\"name\":\"Telinha\",\"@id\":\"https:\/\/portaltela.pt\/#\/schema\/person\/c4278d4a6028830caff9ee44b42d32ed\"},\"headline\":\"PS avan\u00e7a propostas para contornar inconstitucionalidade da lei da nacionalidade\",\"datePublished\":\"2026-03-30T19:32:22+00:00\",\"mainEntityOfPage\":{\"@id\":\"https:\/\/portaltela.pt\/noticias\/2026\/03\/30\/ps-avanca-propostas-para-contornar-inconstitucionalidade-da-lei-da-nacionalidade\/\"},\"wordCount\":416,\"image\":{\"@id\":\"https:\/\/portaltela.pt\/noticias\/2026\/03\/30\/ps-avanca-propostas-para-contornar-inconstitucionalidade-da-lei-da-nacionalidade\/#primaryimage\"},\"thumbnailUrl\":\"https:\/\/portaltela.pt\/s.01k8rhncp4jt1\/2026\/03\/img_1280x721uu2026-03-15-15-43-19-2272507.jpg\",\"keywords\":[\"Constitucionalistas\",\"constitui\u00e7\u00e3o\",\"direito\",\"direito internacional\",\"leis\",\"pol\u00edtica\"],\"articleSection\":[\"Justi\u00e7a\",\"Not\u00edcias\"],\"inLanguage\":\"pt-PT\"},{\"@type\":\"WebPage\",\"@id\":\"https:\/\/portaltela.pt\/noticias\/2026\/03\/30\/ps-avanca-propostas-para-contornar-inconstitucionalidade-da-lei-da-nacionalidade\/\",\"url\":\"https:\/\/portaltela.pt\/noticias\/2026\/03\/30\/ps-avanca-propostas-para-contornar-inconstitucionalidade-da-lei-da-nacionalidade\/\",\"name\":\"PS avan\u00e7a propostas para contornar inconstitucionalidade da lei da nacionalidade - Portal Tela Portugal\",\"isPartOf\":{\"@id\":\"https:\/\/portaltela.pt\/#website\"},\"primaryImageOfPage\":{\"@id\":\"https:\/\/portaltela.pt\/noticias\/2026\/03\/30\/ps-avanca-propostas-para-contornar-inconstitucionalidade-da-lei-da-nacionalidade\/#primaryimage\"},\"image\":{\"@id\":\"https:\/\/portaltela.pt\/noticias\/2026\/03\/30\/ps-avanca-propostas-para-contornar-inconstitucionalidade-da-lei-da-nacionalidade\/#primaryimage\"},\"thumbnailUrl\":\"https:\/\/portaltela.pt\/s.01k8rhncp4jt1\/2026\/03\/img_1280x721uu2026-03-15-15-43-19-2272507.jpg\",\"datePublished\":\"2026-03-30T19:32:22+00:00\",\"author\":{\"@id\":\"https:\/\/portaltela.pt\/#\/schema\/person\/c4278d4a6028830caff9ee44b42d32ed\"},\"breadcrumb\":{\"@id\":\"https:\/\/portaltela.pt\/noticias\/2026\/03\/30\/ps-avanca-propostas-para-contornar-inconstitucionalidade-da-lei-da-nacionalidade\/#breadcrumb\"},\"inLanguage\":\"pt-PT\",\"potentialAction\":[{\"@type\":\"ReadAction\",\"target\":[\"https:\/\/portaltela.pt\/noticias\/2026\/03\/30\/ps-avanca-propostas-para-contornar-inconstitucionalidade-da-lei-da-nacionalidade\/\"]}]},{\"@type\":\"ImageObject\",\"inLanguage\":\"pt-PT\",\"@id\":\"https:\/\/portaltela.pt\/noticias\/2026\/03\/30\/ps-avanca-propostas-para-contornar-inconstitucionalidade-da-lei-da-nacionalidade\/#primaryimage\",\"url\":\"https:\/\/portaltela.pt\/s.01k8rhncp4jt1\/2026\/03\/img_1280x721uu2026-03-15-15-43-19-2272507.jpg\",\"contentUrl\":\"https:\/\/portaltela.pt\/s.01k8rhncp4jt1\/2026\/03\/img_1280x721uu2026-03-15-15-43-19-2272507.jpg\",\"width\":796,\"height\":448,\"caption\":\"Jos\u00e9 Lu\u00eds Carneiro\"},{\"@type\":\"BreadcrumbList\",\"@id\":\"https:\/\/portaltela.pt\/noticias\/2026\/03\/30\/ps-avanca-propostas-para-contornar-inconstitucionalidade-da-lei-da-nacionalidade\/#breadcrumb\",\"itemListElement\":[{\"@type\":\"ListItem\",\"position\":1,\"name\":\"In\u00edcio\",\"item\":\"https:\/\/portaltela.pt\/\"},{\"@type\":\"ListItem\",\"position\":2,\"name\":\"PS avan\u00e7a propostas para contornar inconstitucionalidade da lei da nacionalidade\"}]},{\"@type\":\"WebSite\",\"@id\":\"https:\/\/portaltela.pt\/#website\",\"url\":\"https:\/\/portaltela.pt\/\",\"name\":\"Portal Tela Portugal\",\"description\":\"\",\"potentialAction\":[{\"@type\":\"SearchAction\",\"target\":{\"@type\":\"EntryPoint\",\"urlTemplate\":\"https:\/\/portaltela.pt\/?s={search_term_string}\"},\"query-input\":{\"@type\":\"PropertyValueSpecification\",\"valueRequired\":true,\"valueName\":\"search_term_string\"}}],\"inLanguage\":\"pt-PT\"},{\"@type\":\"Person\",\"@id\":\"https:\/\/portaltela.pt\/#\/schema\/person\/c4278d4a6028830caff9ee44b42d32ed\",\"name\":\"Telinha\",\"image\":{\"@type\":\"ImageObject\",\"inLanguage\":\"pt-PT\",\"@id\":\"https:\/\/portaltela.pt\/s.01k8rhncp4jt1\/2025\/11\/talking-bot-125x125.png\",\"url\":\"https:\/\/portaltela.pt\/s.01k8rhncp4jt1\/2025\/11\/talking-bot-125x125.png\",\"contentUrl\":\"https:\/\/portaltela.pt\/s.01k8rhncp4jt1\/2025\/11\/talking-bot-125x125.png\",\"caption\":\"Telinha\"},\"sameAs\":[\"https:\/\/portaltela.pt\/\"],\"url\":\"https:\/\/portaltela.pt\/por\/367410592786\/\"}]}<\/script>\n<!-- \/ Yoast SEO plugin. -->","yoast_head_json":{"title":"PS avan\u00e7a propostas para contornar inconstitucionalidade da lei da nacionalidade - Portal Tela Portugal","robots":{"index":"index","follow":"follow","max-snippet":"max-snippet:-1","max-image-preview":"max-image-preview:large","max-video-preview":"max-video-preview:-1"},"og_locale":"pt_PT","og_type":"article","og_title":"PS avan\u00e7a propostas para contornar inconstitucionalidade da lei da nacionalidade - Portal Tela Portugal","og_description":"O PS avan\u00e7ou com emendas ao decreto da Lei da Nacionalidade para ultrapassar inconstitucionalidades identificadas pelo Tribunal Constitucional, incluindo um regime transit\u00f3rio. O partido mant\u00e9m o voto contra na san\u00e7\u00e3o de perda de nacionalidade no C\u00f3digo Penal, mesmo com as propostas de altera\u00e7\u00e3o apresentadas por PSD e CDS-PP. Entre as altera\u00e7\u00f5es, o PS defende clarificar que uma condena\u00e7\u00e3o pr\u00e9via n\u00e3o impede automaticamente a aquisi\u00e7\u00e3o da nacionalidade, exigindo pondera\u00e7\u00e3o das circunst\u00e2ncias do caso. Prop\u00f5e prazos de resid\u00eancia mais curtos para naturaliza\u00e7\u00e3o (nove anos fora da CPLP\/UE; tr\u00eas a quatro anos para naturaliza\u00e7\u00e3o de menores conforme a origem) e eliminar a exig\u00eancia de demonstra\u00e7\u00e3o de meios de subsist\u00eancia no pedido, pois j\u00e1 \u00e9 avaliada anteriormente. Sugere normas de entrada em vigor faseada e um regime transit\u00f3rio, incluindo a possibilidade de requerimentos at\u00e9 31 de junho de 2026, com contagem progressiva dos prazos at\u00e9 2028; o PSD e CDS-PP apresentaram altera\u00e7\u00f5es semelhantes, enquanto o Chega anunciou propostas pr\u00f3prias.","og_url":"https:\/\/portaltela.pt\/noticias\/2026\/03\/30\/ps-avanca-propostas-para-contornar-inconstitucionalidade-da-lei-da-nacionalidade\/","og_site_name":"Portal Tela Portugal","article_published_time":"2026-03-30T19:32:22+00:00","author":"Telinha","twitter_card":"summary_large_image","twitter_misc":{"Escrito por":"Telinha","Tempo estimado de leitura":"2 minutos"},"schema":{"@context":"https:\/\/schema.org","@graph":[{"@type":"Article","@id":"https:\/\/portaltela.pt\/noticias\/2026\/03\/30\/ps-avanca-propostas-para-contornar-inconstitucionalidade-da-lei-da-nacionalidade\/#article","isPartOf":{"@id":"https:\/\/portaltela.pt\/noticias\/2026\/03\/30\/ps-avanca-propostas-para-contornar-inconstitucionalidade-da-lei-da-nacionalidade\/"},"author":{"name":"Telinha","@id":"https:\/\/portaltela.pt\/#\/schema\/person\/c4278d4a6028830caff9ee44b42d32ed"},"headline":"PS avan\u00e7a propostas para contornar inconstitucionalidade da lei da nacionalidade","datePublished":"2026-03-30T19:32:22+00:00","mainEntityOfPage":{"@id":"https:\/\/portaltela.pt\/noticias\/2026\/03\/30\/ps-avanca-propostas-para-contornar-inconstitucionalidade-da-lei-da-nacionalidade\/"},"wordCount":416,"image":{"@id":"https:\/\/portaltela.pt\/noticias\/2026\/03\/30\/ps-avanca-propostas-para-contornar-inconstitucionalidade-da-lei-da-nacionalidade\/#primaryimage"},"thumbnailUrl":"https:\/\/portaltela.pt\/s.01k8rhncp4jt1\/2026\/03\/img_1280x721uu2026-03-15-15-43-19-2272507.jpg","keywords":["Constitucionalistas","constitui\u00e7\u00e3o","direito","direito internacional","leis","pol\u00edtica"],"articleSection":["Justi\u00e7a","Not\u00edcias"],"inLanguage":"pt-PT"},{"@type":"WebPage","@id":"https:\/\/portaltela.pt\/noticias\/2026\/03\/30\/ps-avanca-propostas-para-contornar-inconstitucionalidade-da-lei-da-nacionalidade\/","url":"https:\/\/portaltela.pt\/noticias\/2026\/03\/30\/ps-avanca-propostas-para-contornar-inconstitucionalidade-da-lei-da-nacionalidade\/","name":"PS avan\u00e7a propostas para contornar inconstitucionalidade da lei da nacionalidade - Portal Tela Portugal","isPartOf":{"@id":"https:\/\/portaltela.pt\/#website"},"primaryImageOfPage":{"@id":"https:\/\/portaltela.pt\/noticias\/2026\/03\/30\/ps-avanca-propostas-para-contornar-inconstitucionalidade-da-lei-da-nacionalidade\/#primaryimage"},"image":{"@id":"https:\/\/portaltela.pt\/noticias\/2026\/03\/30\/ps-avanca-propostas-para-contornar-inconstitucionalidade-da-lei-da-nacionalidade\/#primaryimage"},"thumbnailUrl":"https:\/\/portaltela.pt\/s.01k8rhncp4jt1\/2026\/03\/img_1280x721uu2026-03-15-15-43-19-2272507.jpg","datePublished":"2026-03-30T19:32:22+00:00","author":{"@id":"https:\/\/portaltela.pt\/#\/schema\/person\/c4278d4a6028830caff9ee44b42d32ed"},"breadcrumb":{"@id":"https:\/\/portaltela.pt\/noticias\/2026\/03\/30\/ps-avanca-propostas-para-contornar-inconstitucionalidade-da-lei-da-nacionalidade\/#breadcrumb"},"inLanguage":"pt-PT","potentialAction":[{"@type":"ReadAction","target":["https:\/\/portaltela.pt\/noticias\/2026\/03\/30\/ps-avanca-propostas-para-contornar-inconstitucionalidade-da-lei-da-nacionalidade\/"]}]},{"@type":"ImageObject","inLanguage":"pt-PT","@id":"https:\/\/portaltela.pt\/noticias\/2026\/03\/30\/ps-avanca-propostas-para-contornar-inconstitucionalidade-da-lei-da-nacionalidade\/#primaryimage","url":"https:\/\/portaltela.pt\/s.01k8rhncp4jt1\/2026\/03\/img_1280x721uu2026-03-15-15-43-19-2272507.jpg","contentUrl":"https:\/\/portaltela.pt\/s.01k8rhncp4jt1\/2026\/03\/img_1280x721uu2026-03-15-15-43-19-2272507.jpg","width":796,"height":448,"caption":"Jos\u00e9 Lu\u00eds Carneiro"},{"@type":"BreadcrumbList","@id":"https:\/\/portaltela.pt\/noticias\/2026\/03\/30\/ps-avanca-propostas-para-contornar-inconstitucionalidade-da-lei-da-nacionalidade\/#breadcrumb","itemListElement":[{"@type":"ListItem","position":1,"name":"In\u00edcio","item":"https:\/\/portaltela.pt\/"},{"@type":"ListItem","position":2,"name":"PS avan\u00e7a propostas para contornar inconstitucionalidade da lei da nacionalidade"}]},{"@type":"WebSite","@id":"https:\/\/portaltela.pt\/#website","url":"https:\/\/portaltela.pt\/","name":"Portal Tela Portugal","description":"","potentialAction":[{"@type":"SearchAction","target":{"@type":"EntryPoint","urlTemplate":"https:\/\/portaltela.pt\/?s={search_term_string}"},"query-input":{"@type":"PropertyValueSpecification","valueRequired":true,"valueName":"search_term_string"}}],"inLanguage":"pt-PT"},{"@type":"Person","@id":"https:\/\/portaltela.pt\/#\/schema\/person\/c4278d4a6028830caff9ee44b42d32ed","name":"Telinha","image":{"@type":"ImageObject","inLanguage":"pt-PT","@id":"https:\/\/portaltela.pt\/s.01k8rhncp4jt1\/2025\/11\/talking-bot-125x125.png","url":"https:\/\/portaltela.pt\/s.01k8rhncp4jt1\/2025\/11\/talking-bot-125x125.png","contentUrl":"https:\/\/portaltela.pt\/s.01k8rhncp4jt1\/2025\/11\/talking-bot-125x125.png","caption":"Telinha"},"sameAs":["https:\/\/portaltela.pt\/"],"url":"https:\/\/portaltela.pt\/por\/367410592786\/"}]}},"_links":{"self":[{"href":"https:\/\/portaltela.pt\/api\/wp\/v2\/posts\/427434","targetHints":{"allow":["GET"]}}],"collection":[{"href":"https:\/\/portaltela.pt\/api\/wp\/v2\/posts"}],"about":[{"href":"https:\/\/portaltela.pt\/api\/wp\/v2\/types\/post"}],"author":[{"embeddable":true,"href":"https:\/\/portaltela.pt\/api\/wp\/v2\/users\/2"}],"replies":[{"embeddable":true,"href":"https:\/\/portaltela.pt\/api\/wp\/v2\/comments?post=427434"}],"version-history":[{"count":0,"href":"https:\/\/portaltela.pt\/api\/wp\/v2\/posts\/427434\/revisions"}],"wp:featuredmedia":[{"embeddable":true,"href":"https:\/\/portaltela.pt\/api\/wp\/v2\/media\/427439"}],"wp:attachment":[{"href":"https:\/\/portaltela.pt\/api\/wp\/v2\/media?parent=427434"}],"wp:term":[{"taxonomy":"category","embeddable":true,"href":"https:\/\/portaltela.pt\/api\/wp\/v2\/categories?post=427434"},{"taxonomy":"post_tag","embeddable":true,"href":"https:\/\/portaltela.pt\/api\/wp\/v2\/tags?post=427434"}],"curies":[{"name":"wp","href":"https:\/\/api.w.org\/{rel}","templated":true}]}}