{"id":427431,"date":"2026-03-30T16:32:20","date_gmt":"2026-03-30T19:32:20","guid":{"rendered":"https:\/\/portaltela.pt\/noticias\/2026\/03\/30\/tacas-de-portugal-de-basquetebol-e-voleibol-chegam-ao-museu-do-sporting\/"},"modified":"2026-03-30T16:32:20","modified_gmt":"2026-03-30T19:32:20","slug":"tacas-de-portugal-de-basquetebol-e-voleibol-chegam-ao-museu-do-sporting","status":"publish","type":"post","link":"https:\/\/portaltela.pt\/desporto\/futebol\/2026\/03\/30\/tacas-de-portugal-de-basquetebol-e-voleibol-chegam-ao-museu-do-sporting\/","title":{"rendered":"Ta\u00e7as de Portugal de basquetebol e voleibol chegam ao Museu do Sporting"},"content":{"rendered":"<p>As Ta\u00e7as de Portugal de basquetebol e de voleibol conquistadas pelo Sporting chegaram ao Museu Sporting, em Lisboa. Frederico Varandas fez as honras da casa numa cerim\u00f3nia que reuniu atletas e dirigentes da institui\u00e7\u00e3o. As ta\u00e7as chegaram ao museu ap\u00f3s as finais disputadas em Albufeira.<\/p>\n<p>A de basquetebol foi conquistada em fevereiro, com o Sporting a vencer o FC Porto na final. Em mar\u00e7o, os le\u00f5es confirmaram o sucesso no voleibol ao derrotarem o Benfica na decis\u00e3o.<\/p>\n<h3>Chegada ao museu<\/h3>\n<p>Varandas acompanhou a entrega das ta\u00e7as e interagiu com os jogadores. Entre os momentos retratados nas imagens, destacam-se a aten\u00e7\u00e3o aos capit\u00e3es Diogo Ventura (basquetebol) e Tiago Pereira (voleibol). Tamb\u00e9m houve refer\u00eancias a felicita\u00e7\u00f5es a Edson Valencia e a Francisco Amarante.<\/p>\n<p>As ta\u00e7as passam a integrar o acervo do Museu Sporting, onde ficam expostas para consulta do p\u00fablico. A iniciativa pretende destacar as conquistas recentes das modalidades de basquetebol e voleibol do clube.<\/p>\n","protected":false},"excerpt":{"rendered":"<ul>\n<li>As Ta\u00e7as de Portugal de basquetebol e de voleibol do Sporting chegaram ao Museu Sporting, com Frederico Varandas a fazer as honras da casa.<\/li>\n<li>As ta\u00e7as foram conquistadas em Albufeira, sendo a de basquetebol levantada em fevereiro ap\u00f3s vencer o FC Porto na final.<\/li>\n<li>Em mar\u00e7o, o Sporting conquistou a Ta\u00e7a de Portugal de voleibol ao derrotar o Benfica.<\/li>\n<li>Os trof\u00e9us s\u00e3o agora expostos no Museu Sporting, representando as duas modalidades.<\/li>\n<\/ul>\n","protected":false},"author":2,"featured_media":427438,"comment_status":"closed","ping_status":"closed","sticky":false,"template":"","format":"standard","meta":{"footnotes":""},"categories":[21,24],"tags":[392,152,981,5751,1652,181],"class_list":["post-427431","post","type-post","status-publish","format-standard","has-post-thumbnail","hentry","category-desporto","category-futebol","tag-basquetebol","tag-desporto","tag-lisboa","tag-museus-e-arquivos","tag-sporting","tag-voleibol"],"yoast_head":"<!-- This site is optimized with the Yoast SEO plugin v27.2 - https:\/\/yoast.com\/product\/yoast-seo-wordpress\/ -->\n<title>Ta\u00e7as de Portugal de basquetebol e voleibol chegam ao Museu do Sporting - Portal Tela Portugal<\/title>\n<meta name=\"robots\" content=\"index, follow, max-snippet:-1, max-image-preview:large, max-video-preview:-1\" \/>\n<meta property=\"og:locale\" content=\"pt_PT\" \/>\n<meta property=\"og:type\" content=\"article\" \/>\n<meta property=\"og:title\" content=\"Ta\u00e7as de Portugal de basquetebol e voleibol chegam ao Museu do Sporting - Portal Tela Portugal\" \/>\n<meta property=\"og:description\" content=\"As Ta\u00e7as de Portugal de basquetebol e de voleibol do Sporting chegaram ao Museu Sporting, com Frederico Varandas a fazer as honras da casa. As ta\u00e7as foram conquistadas em Albufeira, sendo a de basquetebol levantada em fevereiro ap\u00f3s vencer o FC Porto na final. Em mar\u00e7o, o Sporting conquistou a Ta\u00e7a de Portugal de voleibol ao derrotar o Benfica. Os trof\u00e9us s\u00e3o agora expostos no Museu Sporting, representando as duas modalidades.\" \/>\n<meta property=\"og:url\" content=\"https:\/\/portaltela.pt\/noticias\/2026\/03\/30\/tacas-de-portugal-de-basquetebol-e-voleibol-chegam-ao-museu-do-sporting\/\" \/>\n<meta property=\"og:site_name\" content=\"Portal Tela Portugal\" \/>\n<meta property=\"article:published_time\" content=\"2026-03-30T19:32:20+00:00\" \/>\n<meta name=\"author\" content=\"Telinha\" \/>\n<meta name=\"twitter:card\" content=\"summary_large_image\" \/>\n<meta name=\"twitter:label1\" content=\"Escrito por\" \/>\n\t<meta name=\"twitter:data1\" content=\"Telinha\" \/>\n\t<meta name=\"twitter:label2\" content=\"Tempo estimado de leitura\" \/>\n\t<meta name=\"twitter:data2\" content=\"1 minuto\" \/>\n<script type=\"application\/ld+json\" class=\"yoast-schema-graph\">{\"@context\":\"https:\/\/schema.org\",\"@graph\":[{\"@type\":\"Article\",\"@id\":\"https:\/\/portaltela.pt\/noticias\/2026\/03\/30\/tacas-de-portugal-de-basquetebol-e-voleibol-chegam-ao-museu-do-sporting\/#article\",\"isPartOf\":{\"@id\":\"https:\/\/portaltela.pt\/noticias\/2026\/03\/30\/tacas-de-portugal-de-basquetebol-e-voleibol-chegam-ao-museu-do-sporting\/\"},\"author\":{\"name\":\"Telinha\",\"@id\":\"https:\/\/portaltela.pt\/#\/schema\/person\/c4278d4a6028830caff9ee44b42d32ed\"},\"headline\":\"Ta\u00e7as de Portugal de basquetebol e voleibol chegam ao Museu do Sporting\",\"datePublished\":\"2026-03-30T19:32:20+00:00\",\"mainEntityOfPage\":{\"@id\":\"https:\/\/portaltela.pt\/noticias\/2026\/03\/30\/tacas-de-portugal-de-basquetebol-e-voleibol-chegam-ao-museu-do-sporting\/\"},\"wordCount\":182,\"image\":{\"@id\":\"https:\/\/portaltela.pt\/noticias\/2026\/03\/30\/tacas-de-portugal-de-basquetebol-e-voleibol-chegam-ao-museu-do-sporting\/#primaryimage\"},\"thumbnailUrl\":\"https:\/\/portaltela.pt\/s.01k8rhncp4jt1\/2026\/03\/img_920x519uu2026-03-30-20-17-10-2430176.jpg\",\"keywords\":[\"basquetebol\",\"desporto\",\"Lisboa\",\"museus e arquivos\",\"Sporting\",\"voleibol\"],\"articleSection\":[\"Desporto\",\"Futebol\"],\"inLanguage\":\"pt-PT\"},{\"@type\":\"WebPage\",\"@id\":\"https:\/\/portaltela.pt\/noticias\/2026\/03\/30\/tacas-de-portugal-de-basquetebol-e-voleibol-chegam-ao-museu-do-sporting\/\",\"url\":\"https:\/\/portaltela.pt\/noticias\/2026\/03\/30\/tacas-de-portugal-de-basquetebol-e-voleibol-chegam-ao-museu-do-sporting\/\",\"name\":\"Ta\u00e7as de Portugal de basquetebol e voleibol chegam ao Museu do Sporting - Portal Tela Portugal\",\"isPartOf\":{\"@id\":\"https:\/\/portaltela.pt\/#website\"},\"primaryImageOfPage\":{\"@id\":\"https:\/\/portaltela.pt\/noticias\/2026\/03\/30\/tacas-de-portugal-de-basquetebol-e-voleibol-chegam-ao-museu-do-sporting\/#primaryimage\"},\"image\":{\"@id\":\"https:\/\/portaltela.pt\/noticias\/2026\/03\/30\/tacas-de-portugal-de-basquetebol-e-voleibol-chegam-ao-museu-do-sporting\/#primaryimage\"},\"thumbnailUrl\":\"https:\/\/portaltela.pt\/s.01k8rhncp4jt1\/2026\/03\/img_920x519uu2026-03-30-20-17-10-2430176.jpg\",\"datePublished\":\"2026-03-30T19:32:20+00:00\",\"author\":{\"@id\":\"https:\/\/portaltela.pt\/#\/schema\/person\/c4278d4a6028830caff9ee44b42d32ed\"},\"breadcrumb\":{\"@id\":\"https:\/\/portaltela.pt\/noticias\/2026\/03\/30\/tacas-de-portugal-de-basquetebol-e-voleibol-chegam-ao-museu-do-sporting\/#breadcrumb\"},\"inLanguage\":\"pt-PT\",\"potentialAction\":[{\"@type\":\"ReadAction\",\"target\":[\"https:\/\/portaltela.pt\/noticias\/2026\/03\/30\/tacas-de-portugal-de-basquetebol-e-voleibol-chegam-ao-museu-do-sporting\/\"]}]},{\"@type\":\"ImageObject\",\"inLanguage\":\"pt-PT\",\"@id\":\"https:\/\/portaltela.pt\/noticias\/2026\/03\/30\/tacas-de-portugal-de-basquetebol-e-voleibol-chegam-ao-museu-do-sporting\/#primaryimage\",\"url\":\"https:\/\/portaltela.pt\/s.01k8rhncp4jt1\/2026\/03\/img_920x519uu2026-03-30-20-17-10-2430176.jpg\",\"contentUrl\":\"https:\/\/portaltela.pt\/s.01k8rhncp4jt1\/2026\/03\/img_920x519uu2026-03-30-20-17-10-2430176.jpg\",\"width\":796,\"height\":448,\"caption\":\"Ta\u00e7as de basquetebol e voleibol no Museu Sporting com Frederico Varandas\"},{\"@type\":\"BreadcrumbList\",\"@id\":\"https:\/\/portaltela.pt\/noticias\/2026\/03\/30\/tacas-de-portugal-de-basquetebol-e-voleibol-chegam-ao-museu-do-sporting\/#breadcrumb\",\"itemListElement\":[{\"@type\":\"ListItem\",\"position\":1,\"name\":\"In\u00edcio\",\"item\":\"https:\/\/portaltela.pt\/\"},{\"@type\":\"ListItem\",\"position\":2,\"name\":\"Ta\u00e7as de Portugal de basquetebol e voleibol chegam ao Museu do Sporting\"}]},{\"@type\":\"WebSite\",\"@id\":\"https:\/\/portaltela.pt\/#website\",\"url\":\"https:\/\/portaltela.pt\/\",\"name\":\"Portal Tela Portugal\",\"description\":\"\",\"potentialAction\":[{\"@type\":\"SearchAction\",\"target\":{\"@type\":\"EntryPoint\",\"urlTemplate\":\"https:\/\/portaltela.pt\/?s={search_term_string}\"},\"query-input\":{\"@type\":\"PropertyValueSpecification\",\"valueRequired\":true,\"valueName\":\"search_term_string\"}}],\"inLanguage\":\"pt-PT\"},{\"@type\":\"Person\",\"@id\":\"https:\/\/portaltela.pt\/#\/schema\/person\/c4278d4a6028830caff9ee44b42d32ed\",\"name\":\"Telinha\",\"image\":{\"@type\":\"ImageObject\",\"inLanguage\":\"pt-PT\",\"@id\":\"https:\/\/portaltela.pt\/s.01k8rhncp4jt1\/2025\/11\/talking-bot-125x125.png\",\"url\":\"https:\/\/portaltela.pt\/s.01k8rhncp4jt1\/2025\/11\/talking-bot-125x125.png\",\"contentUrl\":\"https:\/\/portaltela.pt\/s.01k8rhncp4jt1\/2025\/11\/talking-bot-125x125.png\",\"caption\":\"Telinha\"},\"sameAs\":[\"https:\/\/portaltela.pt\/\"],\"url\":\"https:\/\/portaltela.pt\/por\/367410592786\/\"}]}<\/script>\n<!-- \/ Yoast SEO plugin. -->","yoast_head_json":{"title":"Ta\u00e7as de Portugal de basquetebol e voleibol chegam ao Museu do Sporting - Portal Tela Portugal","robots":{"index":"index","follow":"follow","max-snippet":"max-snippet:-1","max-image-preview":"max-image-preview:large","max-video-preview":"max-video-preview:-1"},"og_locale":"pt_PT","og_type":"article","og_title":"Ta\u00e7as de Portugal de basquetebol e voleibol chegam ao Museu do Sporting - Portal Tela Portugal","og_description":"As Ta\u00e7as de Portugal de basquetebol e de voleibol do Sporting chegaram ao Museu Sporting, com Frederico Varandas a fazer as honras da casa. As ta\u00e7as foram conquistadas em Albufeira, sendo a de basquetebol levantada em fevereiro ap\u00f3s vencer o FC Porto na final. Em mar\u00e7o, o Sporting conquistou a Ta\u00e7a de Portugal de voleibol ao derrotar o Benfica. Os trof\u00e9us s\u00e3o agora expostos no Museu Sporting, representando as duas modalidades.","og_url":"https:\/\/portaltela.pt\/noticias\/2026\/03\/30\/tacas-de-portugal-de-basquetebol-e-voleibol-chegam-ao-museu-do-sporting\/","og_site_name":"Portal Tela Portugal","article_published_time":"2026-03-30T19:32:20+00:00","author":"Telinha","twitter_card":"summary_large_image","twitter_misc":{"Escrito por":"Telinha","Tempo estimado de leitura":"1 minuto"},"schema":{"@context":"https:\/\/schema.org","@graph":[{"@type":"Article","@id":"https:\/\/portaltela.pt\/noticias\/2026\/03\/30\/tacas-de-portugal-de-basquetebol-e-voleibol-chegam-ao-museu-do-sporting\/#article","isPartOf":{"@id":"https:\/\/portaltela.pt\/noticias\/2026\/03\/30\/tacas-de-portugal-de-basquetebol-e-voleibol-chegam-ao-museu-do-sporting\/"},"author":{"name":"Telinha","@id":"https:\/\/portaltela.pt\/#\/schema\/person\/c4278d4a6028830caff9ee44b42d32ed"},"headline":"Ta\u00e7as de Portugal de basquetebol e voleibol chegam ao Museu do Sporting","datePublished":"2026-03-30T19:32:20+00:00","mainEntityOfPage":{"@id":"https:\/\/portaltela.pt\/noticias\/2026\/03\/30\/tacas-de-portugal-de-basquetebol-e-voleibol-chegam-ao-museu-do-sporting\/"},"wordCount":182,"image":{"@id":"https:\/\/portaltela.pt\/noticias\/2026\/03\/30\/tacas-de-portugal-de-basquetebol-e-voleibol-chegam-ao-museu-do-sporting\/#primaryimage"},"thumbnailUrl":"https:\/\/portaltela.pt\/s.01k8rhncp4jt1\/2026\/03\/img_920x519uu2026-03-30-20-17-10-2430176.jpg","keywords":["basquetebol","desporto","Lisboa","museus e arquivos","Sporting","voleibol"],"articleSection":["Desporto","Futebol"],"inLanguage":"pt-PT"},{"@type":"WebPage","@id":"https:\/\/portaltela.pt\/noticias\/2026\/03\/30\/tacas-de-portugal-de-basquetebol-e-voleibol-chegam-ao-museu-do-sporting\/","url":"https:\/\/portaltela.pt\/noticias\/2026\/03\/30\/tacas-de-portugal-de-basquetebol-e-voleibol-chegam-ao-museu-do-sporting\/","name":"Ta\u00e7as de Portugal de basquetebol e voleibol chegam ao Museu do Sporting - Portal Tela Portugal","isPartOf":{"@id":"https:\/\/portaltela.pt\/#website"},"primaryImageOfPage":{"@id":"https:\/\/portaltela.pt\/noticias\/2026\/03\/30\/tacas-de-portugal-de-basquetebol-e-voleibol-chegam-ao-museu-do-sporting\/#primaryimage"},"image":{"@id":"https:\/\/portaltela.pt\/noticias\/2026\/03\/30\/tacas-de-portugal-de-basquetebol-e-voleibol-chegam-ao-museu-do-sporting\/#primaryimage"},"thumbnailUrl":"https:\/\/portaltela.pt\/s.01k8rhncp4jt1\/2026\/03\/img_920x519uu2026-03-30-20-17-10-2430176.jpg","datePublished":"2026-03-30T19:32:20+00:00","author":{"@id":"https:\/\/portaltela.pt\/#\/schema\/person\/c4278d4a6028830caff9ee44b42d32ed"},"breadcrumb":{"@id":"https:\/\/portaltela.pt\/noticias\/2026\/03\/30\/tacas-de-portugal-de-basquetebol-e-voleibol-chegam-ao-museu-do-sporting\/#breadcrumb"},"inLanguage":"pt-PT","potentialAction":[{"@type":"ReadAction","target":["https:\/\/portaltela.pt\/noticias\/2026\/03\/30\/tacas-de-portugal-de-basquetebol-e-voleibol-chegam-ao-museu-do-sporting\/"]}]},{"@type":"ImageObject","inLanguage":"pt-PT","@id":"https:\/\/portaltela.pt\/noticias\/2026\/03\/30\/tacas-de-portugal-de-basquetebol-e-voleibol-chegam-ao-museu-do-sporting\/#primaryimage","url":"https:\/\/portaltela.pt\/s.01k8rhncp4jt1\/2026\/03\/img_920x519uu2026-03-30-20-17-10-2430176.jpg","contentUrl":"https:\/\/portaltela.pt\/s.01k8rhncp4jt1\/2026\/03\/img_920x519uu2026-03-30-20-17-10-2430176.jpg","width":796,"height":448,"caption":"Ta\u00e7as de basquetebol e voleibol no Museu Sporting com Frederico Varandas"},{"@type":"BreadcrumbList","@id":"https:\/\/portaltela.pt\/noticias\/2026\/03\/30\/tacas-de-portugal-de-basquetebol-e-voleibol-chegam-ao-museu-do-sporting\/#breadcrumb","itemListElement":[{"@type":"ListItem","position":1,"name":"In\u00edcio","item":"https:\/\/portaltela.pt\/"},{"@type":"ListItem","position":2,"name":"Ta\u00e7as de Portugal de basquetebol e voleibol chegam ao Museu do Sporting"}]},{"@type":"WebSite","@id":"https:\/\/portaltela.pt\/#website","url":"https:\/\/portaltela.pt\/","name":"Portal Tela Portugal","description":"","potentialAction":[{"@type":"SearchAction","target":{"@type":"EntryPoint","urlTemplate":"https:\/\/portaltela.pt\/?s={search_term_string}"},"query-input":{"@type":"PropertyValueSpecification","valueRequired":true,"valueName":"search_term_string"}}],"inLanguage":"pt-PT"},{"@type":"Person","@id":"https:\/\/portaltela.pt\/#\/schema\/person\/c4278d4a6028830caff9ee44b42d32ed","name":"Telinha","image":{"@type":"ImageObject","inLanguage":"pt-PT","@id":"https:\/\/portaltela.pt\/s.01k8rhncp4jt1\/2025\/11\/talking-bot-125x125.png","url":"https:\/\/portaltela.pt\/s.01k8rhncp4jt1\/2025\/11\/talking-bot-125x125.png","contentUrl":"https:\/\/portaltela.pt\/s.01k8rhncp4jt1\/2025\/11\/talking-bot-125x125.png","caption":"Telinha"},"sameAs":["https:\/\/portaltela.pt\/"],"url":"https:\/\/portaltela.pt\/por\/367410592786\/"}]}},"_links":{"self":[{"href":"https:\/\/portaltela.pt\/api\/wp\/v2\/posts\/427431","targetHints":{"allow":["GET"]}}],"collection":[{"href":"https:\/\/portaltela.pt\/api\/wp\/v2\/posts"}],"about":[{"href":"https:\/\/portaltela.pt\/api\/wp\/v2\/types\/post"}],"author":[{"embeddable":true,"href":"https:\/\/portaltela.pt\/api\/wp\/v2\/users\/2"}],"replies":[{"embeddable":true,"href":"https:\/\/portaltela.pt\/api\/wp\/v2\/comments?post=427431"}],"version-history":[{"count":0,"href":"https:\/\/portaltela.pt\/api\/wp\/v2\/posts\/427431\/revisions"}],"wp:featuredmedia":[{"embeddable":true,"href":"https:\/\/portaltela.pt\/api\/wp\/v2\/media\/427438"}],"wp:attachment":[{"href":"https:\/\/portaltela.pt\/api\/wp\/v2\/media?parent=427431"}],"wp:term":[{"taxonomy":"category","embeddable":true,"href":"https:\/\/portaltela.pt\/api\/wp\/v2\/categories?post=427431"},{"taxonomy":"post_tag","embeddable":true,"href":"https:\/\/portaltela.pt\/api\/wp\/v2\/tags?post=427431"}],"curies":[{"name":"wp","href":"https:\/\/api.w.org\/{rel}","templated":true}]}}