{"id":427430,"date":"2026-03-30T16:32:19","date_gmt":"2026-03-30T19:32:19","guid":{"rendered":"https:\/\/portaltela.pt\/noticias\/2026\/03\/30\/governo-concede-tolerancia-de-ponto-na-tarde-de-quinta-feira-antes-da-pascoa\/"},"modified":"2026-03-30T16:32:19","modified_gmt":"2026-03-30T19:32:19","slug":"governo-concede-tolerancia-de-ponto-na-tarde-de-quinta-feira-antes-da-pascoa","status":"publish","type":"post","link":"https:\/\/portaltela.pt\/noticias\/politica\/2026\/03\/30\/governo-concede-tolerancia-de-ponto-na-tarde-de-quinta-feira-antes-da-pascoa\/","title":{"rendered":"Governo concede toler\u00e2ncia de ponto na tarde de quinta-feira antes da P\u00e1scoa"},"content":{"rendered":"<p>O Governo vai conceder toler\u00e2ncia de ponto na tarde de quinta-feira, na v\u00e9spera da P\u00e1scoa, para funcion\u00e1rios p\u00fablicos. O despacho, assinado pelo primeiro-ministro Lu\u00eds Montenegro, foi tornada p\u00fablico esta segunda-feira.<\/p>\n<p>A medida aplica-se aos trabalhadores que exercem fun\u00e7\u00f5es p\u00fablicas na administra\u00e7\u00e3o direta do Estado, sejam centrais ou desconcentradas, bem como nos institutos p\u00fablicos. O per\u00edodo abrangido \u00e9 a tarde de Quinta-Feira Santa, dia 2 de abril de 2026.<\/p>\n<p>A justifica\u00e7\u00e3o baseia-se na pr\u00e1tica habitual de desloca\u00e7\u00e3o de muitas pessoas para fora do seu local de resid\u00eancia durante a P\u00e1scoa, para reuni\u00f5es familiares. O despacho acrescenta que alguns servi\u00e7os devem manter-se em funcionamento por interesse p\u00fablico, a definir pelo membro do Governo competente.<\/p>\n<p>Excep\u00e7\u00f5es e dispensa<\/p>\n<p>Os servi\u00e7os que care\u00e7am de funcionamento nesse per\u00edodo podem manter-se ativos, mediante defini\u00e7\u00e3o pelo ministro competente. Os dirigentes m\u00e1ximos devem assegurar a dispensa equivalente do dever de assiduidade em data a fixar oportunamente, sem comprometer a continuidade e qualidade do servi\u00e7o.<\/p>\n","protected":false},"excerpt":{"rendered":"<ul>\n<li>O Governo concede toler\u00e2ncia de ponto na tarde de quinta-feira santa, dia dois de abril de dois mil e vinte e seis, aos trabalhadores da administra\u00e7\u00e3o direta do Estado e de institutos p\u00fablicos.<\/li>\n<li>A justifica\u00e7\u00e3o baseia-se na pr\u00e1tica habitual de desloca\u00e7\u00e3o de muitas pessoas para fora da sua resid\u00eancia durante a P\u00e1scoa, para reuni\u00f5es familiares.<\/li>\n<li>Exce\u00e7\u00f5es: servi\u00e7os e organismos que devam manter funcionamento por interesse p\u00fablico, conforme definido pelo membro do Governo competente.<\/li>\n<li>Os dirigentes m\u00e1ximos devem promover dispensa equivalente do dever de assiduidade, em dia a fixar oportunamente.<\/li>\n<li>O despacho, assinado pelo primeiro-ministro Lu\u00eds Montenegro, \u00e9 referido pela Lusa.<\/li>\n<\/ul>\n","protected":false},"author":2,"featured_media":427437,"comment_status":"closed","ping_status":"closed","sticky":false,"template":"","format":"standard","meta":{"footnotes":""},"categories":[1,5],"tags":[168,34,2832,5196],"class_list":["post-427430","post","type-post","status-publish","format-standard","has-post-thumbnail","hentry","category-noticias","category-politica","tag-administracao-publica","tag-governo","tag-politica","tag-servico-publico"],"yoast_head":"<!-- This site is optimized with the Yoast SEO plugin v27.2 - https:\/\/yoast.com\/product\/yoast-seo-wordpress\/ -->\n<title>Governo concede toler\u00e2ncia de ponto na tarde de quinta-feira antes da P\u00e1scoa - Portal Tela Portugal<\/title>\n<meta name=\"robots\" content=\"index, follow, max-snippet:-1, max-image-preview:large, max-video-preview:-1\" \/>\n<meta property=\"og:locale\" content=\"pt_PT\" \/>\n<meta property=\"og:type\" content=\"article\" \/>\n<meta property=\"og:title\" content=\"Governo concede toler\u00e2ncia de ponto na tarde de quinta-feira antes da P\u00e1scoa - Portal Tela Portugal\" \/>\n<meta property=\"og:description\" content=\"O Governo concede toler\u00e2ncia de ponto na tarde de quinta-feira santa, dia dois de abril de dois mil e vinte e seis, aos trabalhadores da administra\u00e7\u00e3o direta do Estado e de institutos p\u00fablicos. A justifica\u00e7\u00e3o baseia-se na pr\u00e1tica habitual de desloca\u00e7\u00e3o de muitas pessoas para fora da sua resid\u00eancia durante a P\u00e1scoa, para reuni\u00f5es familiares. Exce\u00e7\u00f5es: servi\u00e7os e organismos que devam manter funcionamento por interesse p\u00fablico, conforme definido pelo membro do Governo competente. Os dirigentes m\u00e1ximos devem promover dispensa equivalente do dever de assiduidade, em dia a fixar oportunamente. O despacho, assinado pelo primeiro-ministro Lu\u00eds Montenegro, \u00e9 referido pela Lusa.\" \/>\n<meta property=\"og:url\" content=\"https:\/\/portaltela.pt\/noticias\/2026\/03\/30\/governo-concede-tolerancia-de-ponto-na-tarde-de-quinta-feira-antes-da-pascoa\/\" \/>\n<meta property=\"og:site_name\" content=\"Portal Tela Portugal\" \/>\n<meta property=\"article:published_time\" content=\"2026-03-30T19:32:19+00:00\" \/>\n<meta name=\"author\" content=\"Telinha\" \/>\n<meta name=\"twitter:card\" content=\"summary_large_image\" \/>\n<meta name=\"twitter:label1\" content=\"Escrito por\" \/>\n\t<meta name=\"twitter:data1\" content=\"Telinha\" \/>\n\t<meta name=\"twitter:label2\" content=\"Tempo estimado de leitura\" \/>\n\t<meta name=\"twitter:data2\" content=\"1 minuto\" \/>\n<script type=\"application\/ld+json\" class=\"yoast-schema-graph\">{\"@context\":\"https:\/\/schema.org\",\"@graph\":[{\"@type\":\"Article\",\"@id\":\"https:\/\/portaltela.pt\/noticias\/2026\/03\/30\/governo-concede-tolerancia-de-ponto-na-tarde-de-quinta-feira-antes-da-pascoa\/#article\",\"isPartOf\":{\"@id\":\"https:\/\/portaltela.pt\/noticias\/2026\/03\/30\/governo-concede-tolerancia-de-ponto-na-tarde-de-quinta-feira-antes-da-pascoa\/\"},\"author\":{\"name\":\"Telinha\",\"@id\":\"https:\/\/portaltela.pt\/#\/schema\/person\/c4278d4a6028830caff9ee44b42d32ed\"},\"headline\":\"Governo concede toler\u00e2ncia de ponto na tarde de quinta-feira antes da P\u00e1scoa\",\"datePublished\":\"2026-03-30T19:32:19+00:00\",\"mainEntityOfPage\":{\"@id\":\"https:\/\/portaltela.pt\/noticias\/2026\/03\/30\/governo-concede-tolerancia-de-ponto-na-tarde-de-quinta-feira-antes-da-pascoa\/\"},\"wordCount\":194,\"image\":{\"@id\":\"https:\/\/portaltela.pt\/noticias\/2026\/03\/30\/governo-concede-tolerancia-de-ponto-na-tarde-de-quinta-feira-antes-da-pascoa\/#primaryimage\"},\"thumbnailUrl\":\"https:\/\/portaltela.pt\/s.01k8rhncp4jt1\/2026\/03\/img_1280x721uu2026-03-27-15-15-22-2275118.jpg\",\"keywords\":[\"administra\u00e7\u00e3o p\u00fablica\",\"governo\",\"pol\u00edtica\",\"servi\u00e7o p\u00fablico\"],\"articleSection\":[\"Not\u00edcias\",\"Pol\u00edtica\"],\"inLanguage\":\"pt-PT\"},{\"@type\":\"WebPage\",\"@id\":\"https:\/\/portaltela.pt\/noticias\/2026\/03\/30\/governo-concede-tolerancia-de-ponto-na-tarde-de-quinta-feira-antes-da-pascoa\/\",\"url\":\"https:\/\/portaltela.pt\/noticias\/2026\/03\/30\/governo-concede-tolerancia-de-ponto-na-tarde-de-quinta-feira-antes-da-pascoa\/\",\"name\":\"Governo concede toler\u00e2ncia de ponto na tarde de quinta-feira antes da P\u00e1scoa - Portal Tela Portugal\",\"isPartOf\":{\"@id\":\"https:\/\/portaltela.pt\/#website\"},\"primaryImageOfPage\":{\"@id\":\"https:\/\/portaltela.pt\/noticias\/2026\/03\/30\/governo-concede-tolerancia-de-ponto-na-tarde-de-quinta-feira-antes-da-pascoa\/#primaryimage\"},\"image\":{\"@id\":\"https:\/\/portaltela.pt\/noticias\/2026\/03\/30\/governo-concede-tolerancia-de-ponto-na-tarde-de-quinta-feira-antes-da-pascoa\/#primaryimage\"},\"thumbnailUrl\":\"https:\/\/portaltela.pt\/s.01k8rhncp4jt1\/2026\/03\/img_1280x721uu2026-03-27-15-15-22-2275118.jpg\",\"datePublished\":\"2026-03-30T19:32:19+00:00\",\"author\":{\"@id\":\"https:\/\/portaltela.pt\/#\/schema\/person\/c4278d4a6028830caff9ee44b42d32ed\"},\"breadcrumb\":{\"@id\":\"https:\/\/portaltela.pt\/noticias\/2026\/03\/30\/governo-concede-tolerancia-de-ponto-na-tarde-de-quinta-feira-antes-da-pascoa\/#breadcrumb\"},\"inLanguage\":\"pt-PT\",\"potentialAction\":[{\"@type\":\"ReadAction\",\"target\":[\"https:\/\/portaltela.pt\/noticias\/2026\/03\/30\/governo-concede-tolerancia-de-ponto-na-tarde-de-quinta-feira-antes-da-pascoa\/\"]}]},{\"@type\":\"ImageObject\",\"inLanguage\":\"pt-PT\",\"@id\":\"https:\/\/portaltela.pt\/noticias\/2026\/03\/30\/governo-concede-tolerancia-de-ponto-na-tarde-de-quinta-feira-antes-da-pascoa\/#primaryimage\",\"url\":\"https:\/\/portaltela.pt\/s.01k8rhncp4jt1\/2026\/03\/img_1280x721uu2026-03-27-15-15-22-2275118.jpg\",\"contentUrl\":\"https:\/\/portaltela.pt\/s.01k8rhncp4jt1\/2026\/03\/img_1280x721uu2026-03-27-15-15-22-2275118.jpg\",\"width\":796,\"height\":448,\"caption\":\"Lu\u00eds Montengero\"},{\"@type\":\"BreadcrumbList\",\"@id\":\"https:\/\/portaltela.pt\/noticias\/2026\/03\/30\/governo-concede-tolerancia-de-ponto-na-tarde-de-quinta-feira-antes-da-pascoa\/#breadcrumb\",\"itemListElement\":[{\"@type\":\"ListItem\",\"position\":1,\"name\":\"In\u00edcio\",\"item\":\"https:\/\/portaltela.pt\/\"},{\"@type\":\"ListItem\",\"position\":2,\"name\":\"Governo concede toler\u00e2ncia de ponto na tarde de quinta-feira antes da P\u00e1scoa\"}]},{\"@type\":\"WebSite\",\"@id\":\"https:\/\/portaltela.pt\/#website\",\"url\":\"https:\/\/portaltela.pt\/\",\"name\":\"Portal Tela Portugal\",\"description\":\"\",\"potentialAction\":[{\"@type\":\"SearchAction\",\"target\":{\"@type\":\"EntryPoint\",\"urlTemplate\":\"https:\/\/portaltela.pt\/?s={search_term_string}\"},\"query-input\":{\"@type\":\"PropertyValueSpecification\",\"valueRequired\":true,\"valueName\":\"search_term_string\"}}],\"inLanguage\":\"pt-PT\"},{\"@type\":\"Person\",\"@id\":\"https:\/\/portaltela.pt\/#\/schema\/person\/c4278d4a6028830caff9ee44b42d32ed\",\"name\":\"Telinha\",\"image\":{\"@type\":\"ImageObject\",\"inLanguage\":\"pt-PT\",\"@id\":\"https:\/\/portaltela.pt\/s.01k8rhncp4jt1\/2025\/11\/talking-bot-125x125.png\",\"url\":\"https:\/\/portaltela.pt\/s.01k8rhncp4jt1\/2025\/11\/talking-bot-125x125.png\",\"contentUrl\":\"https:\/\/portaltela.pt\/s.01k8rhncp4jt1\/2025\/11\/talking-bot-125x125.png\",\"caption\":\"Telinha\"},\"sameAs\":[\"https:\/\/portaltela.pt\/\"],\"url\":\"https:\/\/portaltela.pt\/por\/367410592786\/\"}]}<\/script>\n<!-- \/ Yoast SEO plugin. -->","yoast_head_json":{"title":"Governo concede toler\u00e2ncia de ponto na tarde de quinta-feira antes da P\u00e1scoa - Portal Tela Portugal","robots":{"index":"index","follow":"follow","max-snippet":"max-snippet:-1","max-image-preview":"max-image-preview:large","max-video-preview":"max-video-preview:-1"},"og_locale":"pt_PT","og_type":"article","og_title":"Governo concede toler\u00e2ncia de ponto na tarde de quinta-feira antes da P\u00e1scoa - Portal Tela Portugal","og_description":"O Governo concede toler\u00e2ncia de ponto na tarde de quinta-feira santa, dia dois de abril de dois mil e vinte e seis, aos trabalhadores da administra\u00e7\u00e3o direta do Estado e de institutos p\u00fablicos. A justifica\u00e7\u00e3o baseia-se na pr\u00e1tica habitual de desloca\u00e7\u00e3o de muitas pessoas para fora da sua resid\u00eancia durante a P\u00e1scoa, para reuni\u00f5es familiares. Exce\u00e7\u00f5es: servi\u00e7os e organismos que devam manter funcionamento por interesse p\u00fablico, conforme definido pelo membro do Governo competente. Os dirigentes m\u00e1ximos devem promover dispensa equivalente do dever de assiduidade, em dia a fixar oportunamente. O despacho, assinado pelo primeiro-ministro Lu\u00eds Montenegro, \u00e9 referido pela Lusa.","og_url":"https:\/\/portaltela.pt\/noticias\/2026\/03\/30\/governo-concede-tolerancia-de-ponto-na-tarde-de-quinta-feira-antes-da-pascoa\/","og_site_name":"Portal Tela Portugal","article_published_time":"2026-03-30T19:32:19+00:00","author":"Telinha","twitter_card":"summary_large_image","twitter_misc":{"Escrito por":"Telinha","Tempo estimado de leitura":"1 minuto"},"schema":{"@context":"https:\/\/schema.org","@graph":[{"@type":"Article","@id":"https:\/\/portaltela.pt\/noticias\/2026\/03\/30\/governo-concede-tolerancia-de-ponto-na-tarde-de-quinta-feira-antes-da-pascoa\/#article","isPartOf":{"@id":"https:\/\/portaltela.pt\/noticias\/2026\/03\/30\/governo-concede-tolerancia-de-ponto-na-tarde-de-quinta-feira-antes-da-pascoa\/"},"author":{"name":"Telinha","@id":"https:\/\/portaltela.pt\/#\/schema\/person\/c4278d4a6028830caff9ee44b42d32ed"},"headline":"Governo concede toler\u00e2ncia de ponto na tarde de quinta-feira antes da P\u00e1scoa","datePublished":"2026-03-30T19:32:19+00:00","mainEntityOfPage":{"@id":"https:\/\/portaltela.pt\/noticias\/2026\/03\/30\/governo-concede-tolerancia-de-ponto-na-tarde-de-quinta-feira-antes-da-pascoa\/"},"wordCount":194,"image":{"@id":"https:\/\/portaltela.pt\/noticias\/2026\/03\/30\/governo-concede-tolerancia-de-ponto-na-tarde-de-quinta-feira-antes-da-pascoa\/#primaryimage"},"thumbnailUrl":"https:\/\/portaltela.pt\/s.01k8rhncp4jt1\/2026\/03\/img_1280x721uu2026-03-27-15-15-22-2275118.jpg","keywords":["administra\u00e7\u00e3o p\u00fablica","governo","pol\u00edtica","servi\u00e7o p\u00fablico"],"articleSection":["Not\u00edcias","Pol\u00edtica"],"inLanguage":"pt-PT"},{"@type":"WebPage","@id":"https:\/\/portaltela.pt\/noticias\/2026\/03\/30\/governo-concede-tolerancia-de-ponto-na-tarde-de-quinta-feira-antes-da-pascoa\/","url":"https:\/\/portaltela.pt\/noticias\/2026\/03\/30\/governo-concede-tolerancia-de-ponto-na-tarde-de-quinta-feira-antes-da-pascoa\/","name":"Governo concede toler\u00e2ncia de ponto na tarde de quinta-feira antes da P\u00e1scoa - Portal Tela Portugal","isPartOf":{"@id":"https:\/\/portaltela.pt\/#website"},"primaryImageOfPage":{"@id":"https:\/\/portaltela.pt\/noticias\/2026\/03\/30\/governo-concede-tolerancia-de-ponto-na-tarde-de-quinta-feira-antes-da-pascoa\/#primaryimage"},"image":{"@id":"https:\/\/portaltela.pt\/noticias\/2026\/03\/30\/governo-concede-tolerancia-de-ponto-na-tarde-de-quinta-feira-antes-da-pascoa\/#primaryimage"},"thumbnailUrl":"https:\/\/portaltela.pt\/s.01k8rhncp4jt1\/2026\/03\/img_1280x721uu2026-03-27-15-15-22-2275118.jpg","datePublished":"2026-03-30T19:32:19+00:00","author":{"@id":"https:\/\/portaltela.pt\/#\/schema\/person\/c4278d4a6028830caff9ee44b42d32ed"},"breadcrumb":{"@id":"https:\/\/portaltela.pt\/noticias\/2026\/03\/30\/governo-concede-tolerancia-de-ponto-na-tarde-de-quinta-feira-antes-da-pascoa\/#breadcrumb"},"inLanguage":"pt-PT","potentialAction":[{"@type":"ReadAction","target":["https:\/\/portaltela.pt\/noticias\/2026\/03\/30\/governo-concede-tolerancia-de-ponto-na-tarde-de-quinta-feira-antes-da-pascoa\/"]}]},{"@type":"ImageObject","inLanguage":"pt-PT","@id":"https:\/\/portaltela.pt\/noticias\/2026\/03\/30\/governo-concede-tolerancia-de-ponto-na-tarde-de-quinta-feira-antes-da-pascoa\/#primaryimage","url":"https:\/\/portaltela.pt\/s.01k8rhncp4jt1\/2026\/03\/img_1280x721uu2026-03-27-15-15-22-2275118.jpg","contentUrl":"https:\/\/portaltela.pt\/s.01k8rhncp4jt1\/2026\/03\/img_1280x721uu2026-03-27-15-15-22-2275118.jpg","width":796,"height":448,"caption":"Lu\u00eds Montengero"},{"@type":"BreadcrumbList","@id":"https:\/\/portaltela.pt\/noticias\/2026\/03\/30\/governo-concede-tolerancia-de-ponto-na-tarde-de-quinta-feira-antes-da-pascoa\/#breadcrumb","itemListElement":[{"@type":"ListItem","position":1,"name":"In\u00edcio","item":"https:\/\/portaltela.pt\/"},{"@type":"ListItem","position":2,"name":"Governo concede toler\u00e2ncia de ponto na tarde de quinta-feira antes da P\u00e1scoa"}]},{"@type":"WebSite","@id":"https:\/\/portaltela.pt\/#website","url":"https:\/\/portaltela.pt\/","name":"Portal Tela Portugal","description":"","potentialAction":[{"@type":"SearchAction","target":{"@type":"EntryPoint","urlTemplate":"https:\/\/portaltela.pt\/?s={search_term_string}"},"query-input":{"@type":"PropertyValueSpecification","valueRequired":true,"valueName":"search_term_string"}}],"inLanguage":"pt-PT"},{"@type":"Person","@id":"https:\/\/portaltela.pt\/#\/schema\/person\/c4278d4a6028830caff9ee44b42d32ed","name":"Telinha","image":{"@type":"ImageObject","inLanguage":"pt-PT","@id":"https:\/\/portaltela.pt\/s.01k8rhncp4jt1\/2025\/11\/talking-bot-125x125.png","url":"https:\/\/portaltela.pt\/s.01k8rhncp4jt1\/2025\/11\/talking-bot-125x125.png","contentUrl":"https:\/\/portaltela.pt\/s.01k8rhncp4jt1\/2025\/11\/talking-bot-125x125.png","caption":"Telinha"},"sameAs":["https:\/\/portaltela.pt\/"],"url":"https:\/\/portaltela.pt\/por\/367410592786\/"}]}},"_links":{"self":[{"href":"https:\/\/portaltela.pt\/api\/wp\/v2\/posts\/427430","targetHints":{"allow":["GET"]}}],"collection":[{"href":"https:\/\/portaltela.pt\/api\/wp\/v2\/posts"}],"about":[{"href":"https:\/\/portaltela.pt\/api\/wp\/v2\/types\/post"}],"author":[{"embeddable":true,"href":"https:\/\/portaltela.pt\/api\/wp\/v2\/users\/2"}],"replies":[{"embeddable":true,"href":"https:\/\/portaltela.pt\/api\/wp\/v2\/comments?post=427430"}],"version-history":[{"count":0,"href":"https:\/\/portaltela.pt\/api\/wp\/v2\/posts\/427430\/revisions"}],"wp:featuredmedia":[{"embeddable":true,"href":"https:\/\/portaltela.pt\/api\/wp\/v2\/media\/427437"}],"wp:attachment":[{"href":"https:\/\/portaltela.pt\/api\/wp\/v2\/media?parent=427430"}],"wp:term":[{"taxonomy":"category","embeddable":true,"href":"https:\/\/portaltela.pt\/api\/wp\/v2\/categories?post=427430"},{"taxonomy":"post_tag","embeddable":true,"href":"https:\/\/portaltela.pt\/api\/wp\/v2\/tags?post=427430"}],"curies":[{"name":"wp","href":"https:\/\/api.w.org\/{rel}","templated":true}]}}