{"id":427422,"date":"2026-03-30T16:17:12","date_gmt":"2026-03-30T19:17:12","guid":{"rendered":"https:\/\/portaltela.pt\/noticias\/2026\/03\/30\/portugal-foca-as-duas-ultimas-etapas-antes-do-europeu-2026\/"},"modified":"2026-03-30T16:17:12","modified_gmt":"2026-03-30T19:17:12","slug":"portugal-foca-as-duas-ultimas-etapas-antes-do-europeu-2026","status":"publish","type":"post","link":"https:\/\/portaltela.pt\/desporto\/copa-do-mundo\/2026\/03\/30\/portugal-foca-as-duas-ultimas-etapas-antes-do-europeu-2026\/","title":{"rendered":"Portugal foca as duas \u00faltimas etapas antes do Europeu 2026"},"content":{"rendered":"<p>A sele\u00e7\u00e3o feminina de andebol comunicou a convocat\u00f3ria para os dois \u00faltimos jogos do Grupo 4 de qualifica\u00e7\u00e3o para o Europeu de 2026. Regresso de Mariana Costa, do Benfica, que ocupa o lugar de Luana Jesus, do Gil Eanes.<\/p>\n<p>Portugal inicia o est\u00e1gio a 6 de abril, com o objetivo de enfrentar Montenegro no dia 9, em Matosinhos, e a Isl\u00e2ndia no dia 14, em Hafnarfjordur. O grupo \u00e9 liderado pela equipa dos Balc\u00e3s, com 6 pontos. Faro\u00e9 e Portugal seguem com 4, enquanto a Isl\u00e2ndia soma 2.<\/p>\n<p>Para seguir \u00e0 frente no apuramento, os dois primeiros de cada grupo e os quatro melhores terceiros entre as oito s\u00e9ries qualificam-se para o Europeu, que decorrer\u00e1 entre 3 e 20 de dezembro. A prova ter\u00e1 organiza\u00e7\u00e3o conjunta de cinco pa\u00edses anfitri\u00f5es.<\/p>\n<p>Portugal tem ainda uma oportunidade in\u00e9dita de alcan\u00e7ar o segundo Europeu consecutivo, depois do 22.\u00ba lugar em 2024. O selecionador acredita na continuidade do objetivo: oferecer experi\u00eancia internacional \u00e0s jogadoras e prepar\u00e1-las para os maiores palcos internacionais, mantendo o foco no desenvolvimento t\u00e9cnico.<\/p>\n<h3>Montenegro<\/h3>\n<p>A an\u00e1lise do selecionador aponta Montenegro como advers\u00e1rio com maior experi\u00eancia, oitava classificada no \u00faltimo Mundial. A equipa \u00e9 considerada de maior estatuto e com caracter\u00edsticas f\u00edsicas que obrigam a uma resposta organizada de Portugal. O plano passa por jogar com criatividade no ataque e rigor na defesa para reduzir as diferen\u00e7as t\u00e9cnicas.<\/p>\n<p>A prepara\u00e7\u00e3o tamb\u00e9m foca a adapta\u00e7\u00e3o a um jogo com maior intensidade f\u00edsica e qualidade de aproveitar as transi\u00e7\u00f5es. Nossa estrat\u00e9gia visa explorar oportunidades criadas pelas jogadoras portuguesas, procurando impor o nosso ritmo e a efic\u00e1cia nos momentos-chave.<\/p>\n<h3>Isl\u00e2ndia<\/h3>\n<p>Em rela\u00e7\u00e3o \u00e0 Isl\u00e2ndia, a equipa pratica um andebol orientado pela velocidade e pelas transi\u00e7\u00f5es r\u00e1pidas. A abordagem portuguesa exige aten\u00e7\u00e3o aos duelos individuais, que se mostraram determinantes no encontro anterior. O foco est\u00e1 em manter equil\u00edbrio entre defesa e ataque durante as fases de transi\u00e7\u00e3o.<\/p>\n<p>Independentemente das caracter\u00edsticas da Isl\u00e2ndia, o objetivo \u00e9 lutar pela vit\u00f3ria, abrindo caminho ao apuramento. A equipa portuguesa pretende manter a solidez defensiva e explorar as oportunidades de ofensiva, com vistas a consolidar a presen\u00e7a em futuros grandes palcos.<\/p>\n","protected":false},"excerpt":{"rendered":"<ul>\n<li>A sele\u00e7\u00e3o feminina de andebol convocou os dois \u00faltimos jogos do Grupo 4 de qualifica\u00e7\u00e3o ao Europeu de 2026, com o regresso de Mariana Costa para ocupar o lugar de Luana Jesus.<\/li>\n<li>Portugal entra em est\u00e1gio a 6 de abril, defrontando Montenegro a 9 de abril, em Matosinhos, e Isl\u00e2ndia a 14 de abril, em Hafnarfjordur.<\/li>\n<li>O grupo fica assim: Montenegro lidera com 6 pontos; Portugal e Ilhas Faro\u00e9 t\u00eam 4; Isl\u00e2ndia tem 2.<\/li>\n<li>Os dois primeiros de cada grupo e os quatro melhores terceiros entre as oito s\u00e9ries qualificam-se para o Europeu, que decorre entre 3 e 20 de dezembro, com cinco pa\u00edses anfitri\u00f5es.<\/li>\n<li>O selecionador mostrou confian\u00e7a no apuramento, destacando que uma presen\u00e7a repetida no Europeu pode gerar experi\u00eancia internacional e evolu\u00e7\u00e3o das jogadoras.<\/li>\n<\/ul>\n","protected":false},"author":2,"featured_media":427423,"comment_status":"closed","ping_status":"closed","sticky":false,"template":"","format":"standard","meta":{"footnotes":""},"categories":[6695,21],"tags":[180,1946,3759,3111,1014,2057],"class_list":["post-427422","post","type-post","status-publish","format-standard","has-post-thumbnail","hentry","category-copa-do-mundo","category-desporto","tag-andebol","tag-benfica","tag-islandia","tag-montenegro","tag-portugal","tag-selecao-nacional"],"yoast_head":"<!-- This site is optimized with the Yoast SEO plugin v27.2 - https:\/\/yoast.com\/product\/yoast-seo-wordpress\/ -->\n<title>Portugal foca as duas \u00faltimas etapas antes do Europeu 2026 - Portal Tela Portugal<\/title>\n<meta name=\"robots\" content=\"index, follow, max-snippet:-1, max-image-preview:large, max-video-preview:-1\" \/>\n<meta property=\"og:locale\" content=\"pt_PT\" \/>\n<meta property=\"og:type\" content=\"article\" \/>\n<meta property=\"og:title\" content=\"Portugal foca as duas \u00faltimas etapas antes do Europeu 2026 - Portal Tela Portugal\" \/>\n<meta property=\"og:description\" content=\"A sele\u00e7\u00e3o feminina de andebol convocou os dois \u00faltimos jogos do Grupo 4 de qualifica\u00e7\u00e3o ao Europeu de 2026, com o regresso de Mariana Costa para ocupar o lugar de Luana Jesus. Portugal entra em est\u00e1gio a 6 de abril, defrontando Montenegro a 9 de abril, em Matosinhos, e Isl\u00e2ndia a 14 de abril, em Hafnarfjordur. O grupo fica assim: Montenegro lidera com 6 pontos; Portugal e Ilhas Faro\u00e9 t\u00eam 4; Isl\u00e2ndia tem 2. Os dois primeiros de cada grupo e os quatro melhores terceiros entre as oito s\u00e9ries qualificam-se para o Europeu, que decorre entre 3 e 20 de dezembro, com cinco pa\u00edses anfitri\u00f5es. O selecionador mostrou confian\u00e7a no apuramento, destacando que uma presen\u00e7a repetida no Europeu pode gerar experi\u00eancia internacional e evolu\u00e7\u00e3o das jogadoras.\" \/>\n<meta property=\"og:url\" content=\"https:\/\/portaltela.pt\/noticias\/2026\/03\/30\/portugal-foca-as-duas-ultimas-etapas-antes-do-europeu-2026\/\" \/>\n<meta property=\"og:site_name\" content=\"Portal Tela Portugal\" \/>\n<meta property=\"article:published_time\" content=\"2026-03-30T19:17:12+00:00\" \/>\n<meta name=\"author\" content=\"Telinha\" \/>\n<meta name=\"twitter:card\" content=\"summary_large_image\" \/>\n<meta name=\"twitter:label1\" content=\"Escrito por\" \/>\n\t<meta name=\"twitter:data1\" content=\"Telinha\" \/>\n\t<meta name=\"twitter:label2\" content=\"Tempo estimado de leitura\" \/>\n\t<meta name=\"twitter:data2\" content=\"2 minutos\" \/>\n<script type=\"application\/ld+json\" class=\"yoast-schema-graph\">{\"@context\":\"https:\/\/schema.org\",\"@graph\":[{\"@type\":\"Article\",\"@id\":\"https:\/\/portaltela.pt\/noticias\/2026\/03\/30\/portugal-foca-as-duas-ultimas-etapas-antes-do-europeu-2026\/#article\",\"isPartOf\":{\"@id\":\"https:\/\/portaltela.pt\/noticias\/2026\/03\/30\/portugal-foca-as-duas-ultimas-etapas-antes-do-europeu-2026\/\"},\"author\":{\"name\":\"Telinha\",\"@id\":\"https:\/\/portaltela.pt\/#\/schema\/person\/c4278d4a6028830caff9ee44b42d32ed\"},\"headline\":\"Portugal foca as duas \u00faltimas etapas antes do Europeu 2026\",\"datePublished\":\"2026-03-30T19:17:12+00:00\",\"mainEntityOfPage\":{\"@id\":\"https:\/\/portaltela.pt\/noticias\/2026\/03\/30\/portugal-foca-as-duas-ultimas-etapas-antes-do-europeu-2026\/\"},\"wordCount\":385,\"image\":{\"@id\":\"https:\/\/portaltela.pt\/noticias\/2026\/03\/30\/portugal-foca-as-duas-ultimas-etapas-antes-do-europeu-2026\/#primaryimage\"},\"thumbnailUrl\":\"https:\/\/portaltela.pt\/s.01k8rhncp4jt1\/2026\/03\/img_1200x721uu2026-03-30-20-08-33-2430172.jpg\",\"keywords\":[\"andebol\",\"Benfica\",\"Isl\u00e2ndia\",\"Montenegro\",\"Portugal\",\"Sele\u00e7\u00e3o Nacional\"],\"articleSection\":[\"Copa do Mundo\",\"Desporto\"],\"inLanguage\":\"pt-PT\"},{\"@type\":\"WebPage\",\"@id\":\"https:\/\/portaltela.pt\/noticias\/2026\/03\/30\/portugal-foca-as-duas-ultimas-etapas-antes-do-europeu-2026\/\",\"url\":\"https:\/\/portaltela.pt\/noticias\/2026\/03\/30\/portugal-foca-as-duas-ultimas-etapas-antes-do-europeu-2026\/\",\"name\":\"Portugal foca as duas \u00faltimas etapas antes do Europeu 2026 - Portal Tela Portugal\",\"isPartOf\":{\"@id\":\"https:\/\/portaltela.pt\/#website\"},\"primaryImageOfPage\":{\"@id\":\"https:\/\/portaltela.pt\/noticias\/2026\/03\/30\/portugal-foca-as-duas-ultimas-etapas-antes-do-europeu-2026\/#primaryimage\"},\"image\":{\"@id\":\"https:\/\/portaltela.pt\/noticias\/2026\/03\/30\/portugal-foca-as-duas-ultimas-etapas-antes-do-europeu-2026\/#primaryimage\"},\"thumbnailUrl\":\"https:\/\/portaltela.pt\/s.01k8rhncp4jt1\/2026\/03\/img_1200x721uu2026-03-30-20-08-33-2430172.jpg\",\"datePublished\":\"2026-03-30T19:17:12+00:00\",\"author\":{\"@id\":\"https:\/\/portaltela.pt\/#\/schema\/person\/c4278d4a6028830caff9ee44b42d32ed\"},\"breadcrumb\":{\"@id\":\"https:\/\/portaltela.pt\/noticias\/2026\/03\/30\/portugal-foca-as-duas-ultimas-etapas-antes-do-europeu-2026\/#breadcrumb\"},\"inLanguage\":\"pt-PT\",\"potentialAction\":[{\"@type\":\"ReadAction\",\"target\":[\"https:\/\/portaltela.pt\/noticias\/2026\/03\/30\/portugal-foca-as-duas-ultimas-etapas-antes-do-europeu-2026\/\"]}]},{\"@type\":\"ImageObject\",\"inLanguage\":\"pt-PT\",\"@id\":\"https:\/\/portaltela.pt\/noticias\/2026\/03\/30\/portugal-foca-as-duas-ultimas-etapas-antes-do-europeu-2026\/#primaryimage\",\"url\":\"https:\/\/portaltela.pt\/s.01k8rhncp4jt1\/2026\/03\/img_1200x721uu2026-03-30-20-08-33-2430172.jpg\",\"contentUrl\":\"https:\/\/portaltela.pt\/s.01k8rhncp4jt1\/2026\/03\/img_1200x721uu2026-03-30-20-08-33-2430172.jpg\",\"width\":796,\"height\":448,\"caption\":\"Photo\"},{\"@type\":\"BreadcrumbList\",\"@id\":\"https:\/\/portaltela.pt\/noticias\/2026\/03\/30\/portugal-foca-as-duas-ultimas-etapas-antes-do-europeu-2026\/#breadcrumb\",\"itemListElement\":[{\"@type\":\"ListItem\",\"position\":1,\"name\":\"In\u00edcio\",\"item\":\"https:\/\/portaltela.pt\/\"},{\"@type\":\"ListItem\",\"position\":2,\"name\":\"Portugal foca as duas \u00faltimas etapas antes do Europeu 2026\"}]},{\"@type\":\"WebSite\",\"@id\":\"https:\/\/portaltela.pt\/#website\",\"url\":\"https:\/\/portaltela.pt\/\",\"name\":\"Portal Tela Portugal\",\"description\":\"\",\"potentialAction\":[{\"@type\":\"SearchAction\",\"target\":{\"@type\":\"EntryPoint\",\"urlTemplate\":\"https:\/\/portaltela.pt\/?s={search_term_string}\"},\"query-input\":{\"@type\":\"PropertyValueSpecification\",\"valueRequired\":true,\"valueName\":\"search_term_string\"}}],\"inLanguage\":\"pt-PT\"},{\"@type\":\"Person\",\"@id\":\"https:\/\/portaltela.pt\/#\/schema\/person\/c4278d4a6028830caff9ee44b42d32ed\",\"name\":\"Telinha\",\"image\":{\"@type\":\"ImageObject\",\"inLanguage\":\"pt-PT\",\"@id\":\"https:\/\/portaltela.pt\/s.01k8rhncp4jt1\/2025\/11\/talking-bot-125x125.png\",\"url\":\"https:\/\/portaltela.pt\/s.01k8rhncp4jt1\/2025\/11\/talking-bot-125x125.png\",\"contentUrl\":\"https:\/\/portaltela.pt\/s.01k8rhncp4jt1\/2025\/11\/talking-bot-125x125.png\",\"caption\":\"Telinha\"},\"sameAs\":[\"https:\/\/portaltela.pt\/\"],\"url\":\"https:\/\/portaltela.pt\/por\/367410592786\/\"}]}<\/script>\n<!-- \/ Yoast SEO plugin. -->","yoast_head_json":{"title":"Portugal foca as duas \u00faltimas etapas antes do Europeu 2026 - Portal Tela Portugal","robots":{"index":"index","follow":"follow","max-snippet":"max-snippet:-1","max-image-preview":"max-image-preview:large","max-video-preview":"max-video-preview:-1"},"og_locale":"pt_PT","og_type":"article","og_title":"Portugal foca as duas \u00faltimas etapas antes do Europeu 2026 - Portal Tela Portugal","og_description":"A sele\u00e7\u00e3o feminina de andebol convocou os dois \u00faltimos jogos do Grupo 4 de qualifica\u00e7\u00e3o ao Europeu de 2026, com o regresso de Mariana Costa para ocupar o lugar de Luana Jesus. Portugal entra em est\u00e1gio a 6 de abril, defrontando Montenegro a 9 de abril, em Matosinhos, e Isl\u00e2ndia a 14 de abril, em Hafnarfjordur. O grupo fica assim: Montenegro lidera com 6 pontos; Portugal e Ilhas Faro\u00e9 t\u00eam 4; Isl\u00e2ndia tem 2. Os dois primeiros de cada grupo e os quatro melhores terceiros entre as oito s\u00e9ries qualificam-se para o Europeu, que decorre entre 3 e 20 de dezembro, com cinco pa\u00edses anfitri\u00f5es. O selecionador mostrou confian\u00e7a no apuramento, destacando que uma presen\u00e7a repetida no Europeu pode gerar experi\u00eancia internacional e evolu\u00e7\u00e3o das jogadoras.","og_url":"https:\/\/portaltela.pt\/noticias\/2026\/03\/30\/portugal-foca-as-duas-ultimas-etapas-antes-do-europeu-2026\/","og_site_name":"Portal Tela Portugal","article_published_time":"2026-03-30T19:17:12+00:00","author":"Telinha","twitter_card":"summary_large_image","twitter_misc":{"Escrito por":"Telinha","Tempo estimado de leitura":"2 minutos"},"schema":{"@context":"https:\/\/schema.org","@graph":[{"@type":"Article","@id":"https:\/\/portaltela.pt\/noticias\/2026\/03\/30\/portugal-foca-as-duas-ultimas-etapas-antes-do-europeu-2026\/#article","isPartOf":{"@id":"https:\/\/portaltela.pt\/noticias\/2026\/03\/30\/portugal-foca-as-duas-ultimas-etapas-antes-do-europeu-2026\/"},"author":{"name":"Telinha","@id":"https:\/\/portaltela.pt\/#\/schema\/person\/c4278d4a6028830caff9ee44b42d32ed"},"headline":"Portugal foca as duas \u00faltimas etapas antes do Europeu 2026","datePublished":"2026-03-30T19:17:12+00:00","mainEntityOfPage":{"@id":"https:\/\/portaltela.pt\/noticias\/2026\/03\/30\/portugal-foca-as-duas-ultimas-etapas-antes-do-europeu-2026\/"},"wordCount":385,"image":{"@id":"https:\/\/portaltela.pt\/noticias\/2026\/03\/30\/portugal-foca-as-duas-ultimas-etapas-antes-do-europeu-2026\/#primaryimage"},"thumbnailUrl":"https:\/\/portaltela.pt\/s.01k8rhncp4jt1\/2026\/03\/img_1200x721uu2026-03-30-20-08-33-2430172.jpg","keywords":["andebol","Benfica","Isl\u00e2ndia","Montenegro","Portugal","Sele\u00e7\u00e3o Nacional"],"articleSection":["Copa do Mundo","Desporto"],"inLanguage":"pt-PT"},{"@type":"WebPage","@id":"https:\/\/portaltela.pt\/noticias\/2026\/03\/30\/portugal-foca-as-duas-ultimas-etapas-antes-do-europeu-2026\/","url":"https:\/\/portaltela.pt\/noticias\/2026\/03\/30\/portugal-foca-as-duas-ultimas-etapas-antes-do-europeu-2026\/","name":"Portugal foca as duas \u00faltimas etapas antes do Europeu 2026 - Portal Tela Portugal","isPartOf":{"@id":"https:\/\/portaltela.pt\/#website"},"primaryImageOfPage":{"@id":"https:\/\/portaltela.pt\/noticias\/2026\/03\/30\/portugal-foca-as-duas-ultimas-etapas-antes-do-europeu-2026\/#primaryimage"},"image":{"@id":"https:\/\/portaltela.pt\/noticias\/2026\/03\/30\/portugal-foca-as-duas-ultimas-etapas-antes-do-europeu-2026\/#primaryimage"},"thumbnailUrl":"https:\/\/portaltela.pt\/s.01k8rhncp4jt1\/2026\/03\/img_1200x721uu2026-03-30-20-08-33-2430172.jpg","datePublished":"2026-03-30T19:17:12+00:00","author":{"@id":"https:\/\/portaltela.pt\/#\/schema\/person\/c4278d4a6028830caff9ee44b42d32ed"},"breadcrumb":{"@id":"https:\/\/portaltela.pt\/noticias\/2026\/03\/30\/portugal-foca-as-duas-ultimas-etapas-antes-do-europeu-2026\/#breadcrumb"},"inLanguage":"pt-PT","potentialAction":[{"@type":"ReadAction","target":["https:\/\/portaltela.pt\/noticias\/2026\/03\/30\/portugal-foca-as-duas-ultimas-etapas-antes-do-europeu-2026\/"]}]},{"@type":"ImageObject","inLanguage":"pt-PT","@id":"https:\/\/portaltela.pt\/noticias\/2026\/03\/30\/portugal-foca-as-duas-ultimas-etapas-antes-do-europeu-2026\/#primaryimage","url":"https:\/\/portaltela.pt\/s.01k8rhncp4jt1\/2026\/03\/img_1200x721uu2026-03-30-20-08-33-2430172.jpg","contentUrl":"https:\/\/portaltela.pt\/s.01k8rhncp4jt1\/2026\/03\/img_1200x721uu2026-03-30-20-08-33-2430172.jpg","width":796,"height":448,"caption":"Photo"},{"@type":"BreadcrumbList","@id":"https:\/\/portaltela.pt\/noticias\/2026\/03\/30\/portugal-foca-as-duas-ultimas-etapas-antes-do-europeu-2026\/#breadcrumb","itemListElement":[{"@type":"ListItem","position":1,"name":"In\u00edcio","item":"https:\/\/portaltela.pt\/"},{"@type":"ListItem","position":2,"name":"Portugal foca as duas \u00faltimas etapas antes do Europeu 2026"}]},{"@type":"WebSite","@id":"https:\/\/portaltela.pt\/#website","url":"https:\/\/portaltela.pt\/","name":"Portal Tela Portugal","description":"","potentialAction":[{"@type":"SearchAction","target":{"@type":"EntryPoint","urlTemplate":"https:\/\/portaltela.pt\/?s={search_term_string}"},"query-input":{"@type":"PropertyValueSpecification","valueRequired":true,"valueName":"search_term_string"}}],"inLanguage":"pt-PT"},{"@type":"Person","@id":"https:\/\/portaltela.pt\/#\/schema\/person\/c4278d4a6028830caff9ee44b42d32ed","name":"Telinha","image":{"@type":"ImageObject","inLanguage":"pt-PT","@id":"https:\/\/portaltela.pt\/s.01k8rhncp4jt1\/2025\/11\/talking-bot-125x125.png","url":"https:\/\/portaltela.pt\/s.01k8rhncp4jt1\/2025\/11\/talking-bot-125x125.png","contentUrl":"https:\/\/portaltela.pt\/s.01k8rhncp4jt1\/2025\/11\/talking-bot-125x125.png","caption":"Telinha"},"sameAs":["https:\/\/portaltela.pt\/"],"url":"https:\/\/portaltela.pt\/por\/367410592786\/"}]}},"_links":{"self":[{"href":"https:\/\/portaltela.pt\/api\/wp\/v2\/posts\/427422","targetHints":{"allow":["GET"]}}],"collection":[{"href":"https:\/\/portaltela.pt\/api\/wp\/v2\/posts"}],"about":[{"href":"https:\/\/portaltela.pt\/api\/wp\/v2\/types\/post"}],"author":[{"embeddable":true,"href":"https:\/\/portaltela.pt\/api\/wp\/v2\/users\/2"}],"replies":[{"embeddable":true,"href":"https:\/\/portaltela.pt\/api\/wp\/v2\/comments?post=427422"}],"version-history":[{"count":0,"href":"https:\/\/portaltela.pt\/api\/wp\/v2\/posts\/427422\/revisions"}],"wp:featuredmedia":[{"embeddable":true,"href":"https:\/\/portaltela.pt\/api\/wp\/v2\/media\/427423"}],"wp:attachment":[{"href":"https:\/\/portaltela.pt\/api\/wp\/v2\/media?parent=427422"}],"wp:term":[{"taxonomy":"category","embeddable":true,"href":"https:\/\/portaltela.pt\/api\/wp\/v2\/categories?post=427422"},{"taxonomy":"post_tag","embeddable":true,"href":"https:\/\/portaltela.pt\/api\/wp\/v2\/tags?post=427422"}],"curies":[{"name":"wp","href":"https:\/\/api.w.org\/{rel}","templated":true}]}}