{"id":427405,"date":"2026-03-30T16:02:30","date_gmt":"2026-03-30T19:02:30","guid":{"rendered":"https:\/\/portaltela.pt\/noticias\/2026\/03\/30\/pedro-alegre-deixa-comando-tecnico-do-anadia\/"},"modified":"2026-03-30T16:02:30","modified_gmt":"2026-03-30T19:02:30","slug":"pedro-alegre-deixa-comando-tecnico-do-anadia","status":"publish","type":"post","link":"https:\/\/portaltela.pt\/desporto\/futebol\/2026\/03\/30\/pedro-alegre-deixa-comando-tecnico-do-anadia\/","title":{"rendered":"Pedro Alegre deixa comando t\u00e9cnico do Anadia"},"content":{"rendered":"<p>O Anadia vai alterar o comando t\u00e9cnico. Pedro Alegre deixa o cargo ap\u00f3s tr\u00eas anos no clube, com passagem pela equipa B, e Nuno Pedro assume o papel. A mudan\u00e7a ocorre na reta final da \u00e9poca, num contexto de luta pela manuten\u00e7\u00e3o.<\/p>\n<p>Na Liga 3, o Anadia ocupa o pen\u00faltimo lugar na fase de perman\u00eancia, tendo descido ao Campeonato de Portugal. Nesta altura, \u00e9 12.\u00ba na prova, com 10 derrotas, 7 empates e apenas 6 vit\u00f3rias em 23 jogos da S\u00e9rie B.<\/p>\n<p>A altera\u00e7\u00e3o foi confirmada pelo clube, que pretende ganhar f\u00f4lego para terminar a temporada. O t\u00e9cnico que chega, Nuno Pedro, tem 44 anos e j\u00e1 orientou o Anadia entre 2017\/18 e 2019\/20, saindo para o RD \u00c1gueda.<\/p>\n<h3>Mudan\u00e7a no comando t\u00e9cnico<\/h3>\n<p>Nuno Pedro est\u00e1 de regresso ap\u00f3s sete temporadas fora. O treinador chegou a orientar ainda clubes como AD Marco e S\u00e3o Jo\u00e3o de Ver, em ligas nacionais, e encontra-se desempregado desde a passagem por Oliveira do Hospital na passada \u00e9poca.<\/p>\n<p>A data de entrada em vigor da mudan\u00e7a n\u00e3o foi revelada. O Anadia continua a competir na S\u00e9rie B da Liga 3, numa posi\u00e7\u00e3o pr\u00f3ximo da zona de despromo\u00e7\u00e3o, com objetivo de estabilizar a equipa na fase final.<\/p>\n","protected":false},"excerpt":{"rendered":"<ul>\n<li>Pedro Alegre vai deixar o comando t\u00e9cnico do Anadia ap\u00f3s tr\u00eas anos no clube, com passagem pela equipa B, e ser\u00e1 substitu\u00eddo por Nuno Pedro.<\/li>\n<li>Nuno Pedro regressa ao Anadia aos 44 anos, ap\u00f3s sete temporadas longe da equipa, e j\u00e1 tinha treinado o clube entre 2017\/18 e 2019\/20.<\/li>\n<li>A \u00e9poca n\u00e3o est\u00e1 a correr como planeado: o Anadia terminou a fase de perman\u00eancia da Liga 3 no pen\u00faltimo lugar, descendendo para o Campeonato de Portugal, onde \u00e9 12.\u00ba.<\/li>\n<li>Na S\u00e9rie B da Liga 3, o clube somou dez derrotas, sete empates e apenas seis vit\u00f3rias em vinte e tr\u00eas jogos.<\/li>\n<li>Nuno Pedro chega para a fase final da temporada, vindo da Oliveirense? (informa\u00e7\u00e3o original n\u00e3o indica liga atual) \u2013 o t\u00e9cnico j\u00e1 passou pela AD Marco e pelo S\u00e3o Jo\u00e3o de Ver.<\/li>\n<\/ul>\n","protected":false},"author":2,"featured_media":427410,"comment_status":"closed","ping_status":"closed","sticky":false,"template":"","format":"standard","meta":{"footnotes":""},"categories":[21,24],"tags":[1504,1285,4261,32,1786,2477],"class_list":["post-427405","post","type-post","status-publish","format-standard","has-post-thumbnail","hentry","category-desporto","category-futebol","tag-anadia","tag-competicao","tag-despromocao","tag-futebol","tag-liga","tag-treinadores"],"yoast_head":"<!-- This site is optimized with the Yoast SEO plugin v27.2 - https:\/\/yoast.com\/product\/yoast-seo-wordpress\/ -->\n<title>Pedro Alegre deixa comando t\u00e9cnico do Anadia - Portal Tela Portugal<\/title>\n<meta name=\"robots\" content=\"index, follow, max-snippet:-1, max-image-preview:large, max-video-preview:-1\" \/>\n<meta property=\"og:locale\" content=\"pt_PT\" \/>\n<meta property=\"og:type\" content=\"article\" \/>\n<meta property=\"og:title\" content=\"Pedro Alegre deixa comando t\u00e9cnico do Anadia - Portal Tela Portugal\" \/>\n<meta property=\"og:description\" content=\"Pedro Alegre vai deixar o comando t\u00e9cnico do Anadia ap\u00f3s tr\u00eas anos no clube, com passagem pela equipa B, e ser\u00e1 substitu\u00eddo por Nuno Pedro. Nuno Pedro regressa ao Anadia aos 44 anos, ap\u00f3s sete temporadas longe da equipa, e j\u00e1 tinha treinado o clube entre 2017\/18 e 2019\/20. A \u00e9poca n\u00e3o est\u00e1 a correr como planeado: o Anadia terminou a fase de perman\u00eancia da Liga 3 no pen\u00faltimo lugar, descendendo para o Campeonato de Portugal, onde \u00e9 12.\u00ba. Na S\u00e9rie B da Liga 3, o clube somou dez derrotas, sete empates e apenas seis vit\u00f3rias em vinte e tr\u00eas jogos. Nuno Pedro chega para a fase final da temporada, vindo da Oliveirense? (informa\u00e7\u00e3o original n\u00e3o indica liga atual) \u2013 o t\u00e9cnico j\u00e1 passou pela AD Marco e pelo S\u00e3o Jo\u00e3o de Ver.\" \/>\n<meta property=\"og:url\" content=\"https:\/\/portaltela.pt\/noticias\/2026\/03\/30\/pedro-alegre-deixa-comando-tecnico-do-anadia\/\" \/>\n<meta property=\"og:site_name\" content=\"Portal Tela Portugal\" \/>\n<meta property=\"article:published_time\" content=\"2026-03-30T19:02:30+00:00\" \/>\n<meta name=\"author\" content=\"Telinha\" \/>\n<meta name=\"twitter:card\" content=\"summary_large_image\" \/>\n<meta name=\"twitter:label1\" content=\"Escrito por\" \/>\n\t<meta name=\"twitter:data1\" content=\"Telinha\" \/>\n\t<meta name=\"twitter:label2\" content=\"Tempo estimado de leitura\" \/>\n\t<meta name=\"twitter:data2\" content=\"1 minuto\" \/>\n<script type=\"application\/ld+json\" class=\"yoast-schema-graph\">{\"@context\":\"https:\/\/schema.org\",\"@graph\":[{\"@type\":\"Article\",\"@id\":\"https:\/\/portaltela.pt\/noticias\/2026\/03\/30\/pedro-alegre-deixa-comando-tecnico-do-anadia\/#article\",\"isPartOf\":{\"@id\":\"https:\/\/portaltela.pt\/noticias\/2026\/03\/30\/pedro-alegre-deixa-comando-tecnico-do-anadia\/\"},\"author\":{\"name\":\"Telinha\",\"@id\":\"https:\/\/portaltela.pt\/#\/schema\/person\/c4278d4a6028830caff9ee44b42d32ed\"},\"headline\":\"Pedro Alegre deixa comando t\u00e9cnico do Anadia\",\"datePublished\":\"2026-03-30T19:02:30+00:00\",\"mainEntityOfPage\":{\"@id\":\"https:\/\/portaltela.pt\/noticias\/2026\/03\/30\/pedro-alegre-deixa-comando-tecnico-do-anadia\/\"},\"wordCount\":221,\"image\":{\"@id\":\"https:\/\/portaltela.pt\/noticias\/2026\/03\/30\/pedro-alegre-deixa-comando-tecnico-do-anadia\/#primaryimage\"},\"thumbnailUrl\":\"https:\/\/portaltela.pt\/s.01k8rhncp4jt1\/2026\/03\/img_920x518uu2026-03-30-19-47-07-2430160-im-639104968445587172.jpg\",\"keywords\":[\"Anadia\",\"competi\u00e7\u00e3o\",\"Despromo\u00e7\u00e3o\",\"futebol\",\"Liga\",\"treinadores\"],\"articleSection\":[\"Desporto\",\"Futebol\"],\"inLanguage\":\"pt-PT\"},{\"@type\":\"WebPage\",\"@id\":\"https:\/\/portaltela.pt\/noticias\/2026\/03\/30\/pedro-alegre-deixa-comando-tecnico-do-anadia\/\",\"url\":\"https:\/\/portaltela.pt\/noticias\/2026\/03\/30\/pedro-alegre-deixa-comando-tecnico-do-anadia\/\",\"name\":\"Pedro Alegre deixa comando t\u00e9cnico do Anadia - Portal Tela Portugal\",\"isPartOf\":{\"@id\":\"https:\/\/portaltela.pt\/#website\"},\"primaryImageOfPage\":{\"@id\":\"https:\/\/portaltela.pt\/noticias\/2026\/03\/30\/pedro-alegre-deixa-comando-tecnico-do-anadia\/#primaryimage\"},\"image\":{\"@id\":\"https:\/\/portaltela.pt\/noticias\/2026\/03\/30\/pedro-alegre-deixa-comando-tecnico-do-anadia\/#primaryimage\"},\"thumbnailUrl\":\"https:\/\/portaltela.pt\/s.01k8rhncp4jt1\/2026\/03\/img_920x518uu2026-03-30-19-47-07-2430160-im-639104968445587172.jpg\",\"datePublished\":\"2026-03-30T19:02:30+00:00\",\"author\":{\"@id\":\"https:\/\/portaltela.pt\/#\/schema\/person\/c4278d4a6028830caff9ee44b42d32ed\"},\"breadcrumb\":{\"@id\":\"https:\/\/portaltela.pt\/noticias\/2026\/03\/30\/pedro-alegre-deixa-comando-tecnico-do-anadia\/#breadcrumb\"},\"inLanguage\":\"pt-PT\",\"potentialAction\":[{\"@type\":\"ReadAction\",\"target\":[\"https:\/\/portaltela.pt\/noticias\/2026\/03\/30\/pedro-alegre-deixa-comando-tecnico-do-anadia\/\"]}]},{\"@type\":\"ImageObject\",\"inLanguage\":\"pt-PT\",\"@id\":\"https:\/\/portaltela.pt\/noticias\/2026\/03\/30\/pedro-alegre-deixa-comando-tecnico-do-anadia\/#primaryimage\",\"url\":\"https:\/\/portaltela.pt\/s.01k8rhncp4jt1\/2026\/03\/img_920x518uu2026-03-30-19-47-07-2430160-im-639104968445587172.jpg\",\"contentUrl\":\"https:\/\/portaltela.pt\/s.01k8rhncp4jt1\/2026\/03\/img_920x518uu2026-03-30-19-47-07-2430160-im-639104968445587172.jpg\",\"width\":796,\"height\":448,\"caption\":\"Pedro Alegre\"},{\"@type\":\"BreadcrumbList\",\"@id\":\"https:\/\/portaltela.pt\/noticias\/2026\/03\/30\/pedro-alegre-deixa-comando-tecnico-do-anadia\/#breadcrumb\",\"itemListElement\":[{\"@type\":\"ListItem\",\"position\":1,\"name\":\"In\u00edcio\",\"item\":\"https:\/\/portaltela.pt\/\"},{\"@type\":\"ListItem\",\"position\":2,\"name\":\"Pedro Alegre deixa comando t\u00e9cnico do Anadia\"}]},{\"@type\":\"WebSite\",\"@id\":\"https:\/\/portaltela.pt\/#website\",\"url\":\"https:\/\/portaltela.pt\/\",\"name\":\"Portal Tela Portugal\",\"description\":\"\",\"potentialAction\":[{\"@type\":\"SearchAction\",\"target\":{\"@type\":\"EntryPoint\",\"urlTemplate\":\"https:\/\/portaltela.pt\/?s={search_term_string}\"},\"query-input\":{\"@type\":\"PropertyValueSpecification\",\"valueRequired\":true,\"valueName\":\"search_term_string\"}}],\"inLanguage\":\"pt-PT\"},{\"@type\":\"Person\",\"@id\":\"https:\/\/portaltela.pt\/#\/schema\/person\/c4278d4a6028830caff9ee44b42d32ed\",\"name\":\"Telinha\",\"image\":{\"@type\":\"ImageObject\",\"inLanguage\":\"pt-PT\",\"@id\":\"https:\/\/portaltela.pt\/s.01k8rhncp4jt1\/2025\/11\/talking-bot-125x125.png\",\"url\":\"https:\/\/portaltela.pt\/s.01k8rhncp4jt1\/2025\/11\/talking-bot-125x125.png\",\"contentUrl\":\"https:\/\/portaltela.pt\/s.01k8rhncp4jt1\/2025\/11\/talking-bot-125x125.png\",\"caption\":\"Telinha\"},\"sameAs\":[\"https:\/\/portaltela.pt\/\"],\"url\":\"https:\/\/portaltela.pt\/por\/367410592786\/\"}]}<\/script>\n<!-- \/ Yoast SEO plugin. -->","yoast_head_json":{"title":"Pedro Alegre deixa comando t\u00e9cnico do Anadia - Portal Tela Portugal","robots":{"index":"index","follow":"follow","max-snippet":"max-snippet:-1","max-image-preview":"max-image-preview:large","max-video-preview":"max-video-preview:-1"},"og_locale":"pt_PT","og_type":"article","og_title":"Pedro Alegre deixa comando t\u00e9cnico do Anadia - Portal Tela Portugal","og_description":"Pedro Alegre vai deixar o comando t\u00e9cnico do Anadia ap\u00f3s tr\u00eas anos no clube, com passagem pela equipa B, e ser\u00e1 substitu\u00eddo por Nuno Pedro. Nuno Pedro regressa ao Anadia aos 44 anos, ap\u00f3s sete temporadas longe da equipa, e j\u00e1 tinha treinado o clube entre 2017\/18 e 2019\/20. A \u00e9poca n\u00e3o est\u00e1 a correr como planeado: o Anadia terminou a fase de perman\u00eancia da Liga 3 no pen\u00faltimo lugar, descendendo para o Campeonato de Portugal, onde \u00e9 12.\u00ba. Na S\u00e9rie B da Liga 3, o clube somou dez derrotas, sete empates e apenas seis vit\u00f3rias em vinte e tr\u00eas jogos. Nuno Pedro chega para a fase final da temporada, vindo da Oliveirense? (informa\u00e7\u00e3o original n\u00e3o indica liga atual) \u2013 o t\u00e9cnico j\u00e1 passou pela AD Marco e pelo S\u00e3o Jo\u00e3o de Ver.","og_url":"https:\/\/portaltela.pt\/noticias\/2026\/03\/30\/pedro-alegre-deixa-comando-tecnico-do-anadia\/","og_site_name":"Portal Tela Portugal","article_published_time":"2026-03-30T19:02:30+00:00","author":"Telinha","twitter_card":"summary_large_image","twitter_misc":{"Escrito por":"Telinha","Tempo estimado de leitura":"1 minuto"},"schema":{"@context":"https:\/\/schema.org","@graph":[{"@type":"Article","@id":"https:\/\/portaltela.pt\/noticias\/2026\/03\/30\/pedro-alegre-deixa-comando-tecnico-do-anadia\/#article","isPartOf":{"@id":"https:\/\/portaltela.pt\/noticias\/2026\/03\/30\/pedro-alegre-deixa-comando-tecnico-do-anadia\/"},"author":{"name":"Telinha","@id":"https:\/\/portaltela.pt\/#\/schema\/person\/c4278d4a6028830caff9ee44b42d32ed"},"headline":"Pedro Alegre deixa comando t\u00e9cnico do Anadia","datePublished":"2026-03-30T19:02:30+00:00","mainEntityOfPage":{"@id":"https:\/\/portaltela.pt\/noticias\/2026\/03\/30\/pedro-alegre-deixa-comando-tecnico-do-anadia\/"},"wordCount":221,"image":{"@id":"https:\/\/portaltela.pt\/noticias\/2026\/03\/30\/pedro-alegre-deixa-comando-tecnico-do-anadia\/#primaryimage"},"thumbnailUrl":"https:\/\/portaltela.pt\/s.01k8rhncp4jt1\/2026\/03\/img_920x518uu2026-03-30-19-47-07-2430160-im-639104968445587172.jpg","keywords":["Anadia","competi\u00e7\u00e3o","Despromo\u00e7\u00e3o","futebol","Liga","treinadores"],"articleSection":["Desporto","Futebol"],"inLanguage":"pt-PT"},{"@type":"WebPage","@id":"https:\/\/portaltela.pt\/noticias\/2026\/03\/30\/pedro-alegre-deixa-comando-tecnico-do-anadia\/","url":"https:\/\/portaltela.pt\/noticias\/2026\/03\/30\/pedro-alegre-deixa-comando-tecnico-do-anadia\/","name":"Pedro Alegre deixa comando t\u00e9cnico do Anadia - Portal Tela Portugal","isPartOf":{"@id":"https:\/\/portaltela.pt\/#website"},"primaryImageOfPage":{"@id":"https:\/\/portaltela.pt\/noticias\/2026\/03\/30\/pedro-alegre-deixa-comando-tecnico-do-anadia\/#primaryimage"},"image":{"@id":"https:\/\/portaltela.pt\/noticias\/2026\/03\/30\/pedro-alegre-deixa-comando-tecnico-do-anadia\/#primaryimage"},"thumbnailUrl":"https:\/\/portaltela.pt\/s.01k8rhncp4jt1\/2026\/03\/img_920x518uu2026-03-30-19-47-07-2430160-im-639104968445587172.jpg","datePublished":"2026-03-30T19:02:30+00:00","author":{"@id":"https:\/\/portaltela.pt\/#\/schema\/person\/c4278d4a6028830caff9ee44b42d32ed"},"breadcrumb":{"@id":"https:\/\/portaltela.pt\/noticias\/2026\/03\/30\/pedro-alegre-deixa-comando-tecnico-do-anadia\/#breadcrumb"},"inLanguage":"pt-PT","potentialAction":[{"@type":"ReadAction","target":["https:\/\/portaltela.pt\/noticias\/2026\/03\/30\/pedro-alegre-deixa-comando-tecnico-do-anadia\/"]}]},{"@type":"ImageObject","inLanguage":"pt-PT","@id":"https:\/\/portaltela.pt\/noticias\/2026\/03\/30\/pedro-alegre-deixa-comando-tecnico-do-anadia\/#primaryimage","url":"https:\/\/portaltela.pt\/s.01k8rhncp4jt1\/2026\/03\/img_920x518uu2026-03-30-19-47-07-2430160-im-639104968445587172.jpg","contentUrl":"https:\/\/portaltela.pt\/s.01k8rhncp4jt1\/2026\/03\/img_920x518uu2026-03-30-19-47-07-2430160-im-639104968445587172.jpg","width":796,"height":448,"caption":"Pedro Alegre"},{"@type":"BreadcrumbList","@id":"https:\/\/portaltela.pt\/noticias\/2026\/03\/30\/pedro-alegre-deixa-comando-tecnico-do-anadia\/#breadcrumb","itemListElement":[{"@type":"ListItem","position":1,"name":"In\u00edcio","item":"https:\/\/portaltela.pt\/"},{"@type":"ListItem","position":2,"name":"Pedro Alegre deixa comando t\u00e9cnico do Anadia"}]},{"@type":"WebSite","@id":"https:\/\/portaltela.pt\/#website","url":"https:\/\/portaltela.pt\/","name":"Portal Tela Portugal","description":"","potentialAction":[{"@type":"SearchAction","target":{"@type":"EntryPoint","urlTemplate":"https:\/\/portaltela.pt\/?s={search_term_string}"},"query-input":{"@type":"PropertyValueSpecification","valueRequired":true,"valueName":"search_term_string"}}],"inLanguage":"pt-PT"},{"@type":"Person","@id":"https:\/\/portaltela.pt\/#\/schema\/person\/c4278d4a6028830caff9ee44b42d32ed","name":"Telinha","image":{"@type":"ImageObject","inLanguage":"pt-PT","@id":"https:\/\/portaltela.pt\/s.01k8rhncp4jt1\/2025\/11\/talking-bot-125x125.png","url":"https:\/\/portaltela.pt\/s.01k8rhncp4jt1\/2025\/11\/talking-bot-125x125.png","contentUrl":"https:\/\/portaltela.pt\/s.01k8rhncp4jt1\/2025\/11\/talking-bot-125x125.png","caption":"Telinha"},"sameAs":["https:\/\/portaltela.pt\/"],"url":"https:\/\/portaltela.pt\/por\/367410592786\/"}]}},"_links":{"self":[{"href":"https:\/\/portaltela.pt\/api\/wp\/v2\/posts\/427405","targetHints":{"allow":["GET"]}}],"collection":[{"href":"https:\/\/portaltela.pt\/api\/wp\/v2\/posts"}],"about":[{"href":"https:\/\/portaltela.pt\/api\/wp\/v2\/types\/post"}],"author":[{"embeddable":true,"href":"https:\/\/portaltela.pt\/api\/wp\/v2\/users\/2"}],"replies":[{"embeddable":true,"href":"https:\/\/portaltela.pt\/api\/wp\/v2\/comments?post=427405"}],"version-history":[{"count":0,"href":"https:\/\/portaltela.pt\/api\/wp\/v2\/posts\/427405\/revisions"}],"wp:featuredmedia":[{"embeddable":true,"href":"https:\/\/portaltela.pt\/api\/wp\/v2\/media\/427410"}],"wp:attachment":[{"href":"https:\/\/portaltela.pt\/api\/wp\/v2\/media?parent=427405"}],"wp:term":[{"taxonomy":"category","embeddable":true,"href":"https:\/\/portaltela.pt\/api\/wp\/v2\/categories?post=427405"},{"taxonomy":"post_tag","embeddable":true,"href":"https:\/\/portaltela.pt\/api\/wp\/v2\/tags?post=427405"}],"curies":[{"name":"wp","href":"https:\/\/api.w.org\/{rel}","templated":true}]}}