{"id":427404,"date":"2026-03-30T16:02:28","date_gmt":"2026-03-30T19:02:28","guid":{"rendered":"https:\/\/portaltela.pt\/noticias\/2026\/03\/30\/borja-sainz-partilha-detalhes-da-boa-forma-do-chef-privado-as-horas-de-sono\/"},"modified":"2026-03-30T16:02:28","modified_gmt":"2026-03-30T19:02:28","slug":"borja-sainz-partilha-detalhes-da-boa-forma-do-chef-privado-as-horas-de-sono","status":"publish","type":"post","link":"https:\/\/portaltela.pt\/desporto\/futebol\/2026\/03\/30\/borja-sainz-partilha-detalhes-da-boa-forma-do-chef-privado-as-horas-de-sono\/","title":{"rendered":"Borja Sainz partilha detalhes da boa forma, do chef privado \u00e0s horas de sono"},"content":{"rendered":"<p>Borja Sainz revelou detalhes da sua boa forma f\u00edsica durante a pausa de compromissos da sele\u00e7\u00e3o, ap\u00f3s a primeira \u00e9poca no FC Porto. O espanhol recebeu, em casa, o pr\u00e9mio referente ao melhor onze da edi\u00e7\u00e3o anterior do Championship, atribu\u00eddo pela PFA, numa cerim\u00f3nia informal acompanhada pela imprensa.<\/p>\n<p>O defesa\/extremo explicou que a evolu\u00e7\u00e3o ao longo da carreira lhe permitiu amadurecer para al\u00e9m do talento. Destacou a import\u00e2ncia da alimenta\u00e7\u00e3o, nutri\u00e7\u00e3o e descanso para manter o rendimento, especialmente numa \u00e9poca com muitos jogos pela frente.<\/p>\n<h3>Alimenta\u00e7\u00e3o e apoio profissional<\/h3>\n<p>Sainz contou ter pedido ao seu agente a contrata\u00e7\u00e3o de um chefe de cozinha para gerir a dieta, em vez de cozinhar diariamente. Deste modo, chega ao jantar com orienta\u00e7\u00f5es claras sobre o que precisa comer, complementando a assist\u00eancia de nutricionistas que j\u00e1 teve em Inglaterra.<\/p>\n<h3>Recupera\u00e7\u00e3o e equipamentos<\/h3>\n<p>O jogador mencionou o uso de normas de recupera\u00e7\u00e3o, como a Normatec, uma c\u00e2mara de recupera\u00e7\u00e3o, sauna e banho frio. Confessou que tenta usar os recursos diariamente, entre treinadores e compromissos, para potenciar a recupera\u00e7\u00e3o entre jogos.<\/p>\n","protected":false},"excerpt":{"rendered":"<ul>\n<li>Borja Sainz abriu a casa para receber, durante a pausa para os compromissos da sele\u00e7\u00e3o, um pr\u00e9mio da Associa\u00e7\u00e3o de Futebolistas Profissionais de Inglaterra (PFA) relativo ao melhor onze da edi\u00e7\u00e3o passada do Championship.<\/li>\n<li>O espanhol, feito at\u00e9 ao FC Porto na presente temporada, destacou a boa \u00e9poca de 2024\/25 no Norwich e agradeceu aos colegas de outros clubes que votaram nele.<\/li>\n<li>Revelou que passou a ter um chefe de cozinha para a dieta, em vez de cozinhar, e que recebe orienta\u00e7\u00f5es nutricionais para depois dos treinos.<\/li>\n<li>Quanto \u00e0 recupera\u00e7\u00e3o, usa Normatec (c\u00e2mara hiperb\u00e1rica), uma c\u00e2mara de recupera\u00e7\u00e3o, sauna e banheira de gelo, tentando usar tudo quase todos os dias durante cerca de meia hora a uma hora.<\/li>\n<li>Considera que alimenta\u00e7\u00e3o, descanso e recupera\u00e7\u00e3o s\u00e3o cruciais para o desempenho, enfatizando que a repeti\u00e7\u00e3o \u00e9 essencial para aproveitar os benef\u00edcios dos cuidados.<\/li>\n<\/ul>\n","protected":false},"author":2,"featured_media":427406,"comment_status":"closed","ping_status":"closed","sticky":false,"template":"","format":"standard","meta":{"footnotes":""},"categories":[21,24],"tags":[86,2028,32,915,3645,6346],"class_list":["post-427404","post","type-post","status-publish","format-standard","has-post-thumbnail","hentry","category-desporto","category-futebol","tag-alimentacao","tag-fc-porto","tag-futebol","tag-nutricao","tag-nutricao-desportiva","tag-recuperacao"],"yoast_head":"<!-- This site is optimized with the Yoast SEO plugin v27.2 - https:\/\/yoast.com\/product\/yoast-seo-wordpress\/ -->\n<title>Borja Sainz partilha detalhes da boa forma, do chef privado \u00e0s horas de sono - Portal Tela Portugal<\/title>\n<meta name=\"robots\" content=\"index, follow, max-snippet:-1, max-image-preview:large, max-video-preview:-1\" \/>\n<meta property=\"og:locale\" content=\"pt_PT\" \/>\n<meta property=\"og:type\" content=\"article\" \/>\n<meta property=\"og:title\" content=\"Borja Sainz partilha detalhes da boa forma, do chef privado \u00e0s horas de sono - Portal Tela Portugal\" \/>\n<meta property=\"og:description\" content=\"Borja Sainz abriu a casa para receber, durante a pausa para os compromissos da sele\u00e7\u00e3o, um pr\u00e9mio da Associa\u00e7\u00e3o de Futebolistas Profissionais de Inglaterra (PFA) relativo ao melhor onze da edi\u00e7\u00e3o passada do Championship. O espanhol, feito at\u00e9 ao FC Porto na presente temporada, destacou a boa \u00e9poca de 2024\/25 no Norwich e agradeceu aos colegas de outros clubes que votaram nele. Revelou que passou a ter um chefe de cozinha para a dieta, em vez de cozinhar, e que recebe orienta\u00e7\u00f5es nutricionais para depois dos treinos. Quanto \u00e0 recupera\u00e7\u00e3o, usa Normatec (c\u00e2mara hiperb\u00e1rica), uma c\u00e2mara de recupera\u00e7\u00e3o, sauna e banheira de gelo, tentando usar tudo quase todos os dias durante cerca de meia hora a uma hora. Considera que alimenta\u00e7\u00e3o, descanso e recupera\u00e7\u00e3o s\u00e3o cruciais para o desempenho, enfatizando que a repeti\u00e7\u00e3o \u00e9 essencial para aproveitar os benef\u00edcios dos cuidados.\" \/>\n<meta property=\"og:url\" content=\"https:\/\/portaltela.pt\/noticias\/2026\/03\/30\/borja-sainz-partilha-detalhes-da-boa-forma-do-chef-privado-as-horas-de-sono\/\" \/>\n<meta property=\"og:site_name\" content=\"Portal Tela Portugal\" \/>\n<meta property=\"article:published_time\" content=\"2026-03-30T19:02:28+00:00\" \/>\n<meta name=\"author\" content=\"Telinha\" \/>\n<meta name=\"twitter:card\" content=\"summary_large_image\" \/>\n<meta name=\"twitter:label1\" content=\"Escrito por\" \/>\n\t<meta name=\"twitter:data1\" content=\"Telinha\" \/>\n\t<meta name=\"twitter:label2\" content=\"Tempo estimado de leitura\" \/>\n\t<meta name=\"twitter:data2\" content=\"1 minuto\" \/>\n<script type=\"application\/ld+json\" class=\"yoast-schema-graph\">{\"@context\":\"https:\/\/schema.org\",\"@graph\":[{\"@type\":\"Article\",\"@id\":\"https:\/\/portaltela.pt\/noticias\/2026\/03\/30\/borja-sainz-partilha-detalhes-da-boa-forma-do-chef-privado-as-horas-de-sono\/#article\",\"isPartOf\":{\"@id\":\"https:\/\/portaltela.pt\/noticias\/2026\/03\/30\/borja-sainz-partilha-detalhes-da-boa-forma-do-chef-privado-as-horas-de-sono\/\"},\"author\":{\"name\":\"Telinha\",\"@id\":\"https:\/\/portaltela.pt\/#\/schema\/person\/c4278d4a6028830caff9ee44b42d32ed\"},\"headline\":\"Borja Sainz partilha detalhes da boa forma, do chef privado \u00e0s horas de sono\",\"datePublished\":\"2026-03-30T19:02:28+00:00\",\"mainEntityOfPage\":{\"@id\":\"https:\/\/portaltela.pt\/noticias\/2026\/03\/30\/borja-sainz-partilha-detalhes-da-boa-forma-do-chef-privado-as-horas-de-sono\/\"},\"wordCount\":211,\"image\":{\"@id\":\"https:\/\/portaltela.pt\/noticias\/2026\/03\/30\/borja-sainz-partilha-detalhes-da-boa-forma-do-chef-privado-as-horas-de-sono\/#primaryimage\"},\"thumbnailUrl\":\"https:\/\/portaltela.pt\/s.01k8rhncp4jt1\/2026\/03\/img_920x518uu2026-03-30-19-52-10-2430166-im-639104971458514293.jpg\",\"keywords\":[\"alimenta\u00e7\u00e3o\",\"FC Porto\",\"futebol\",\"nutri\u00e7\u00e3o\",\"nutri\u00e7\u00e3o desportiva\",\"recupera\u00e7\u00e3o\"],\"articleSection\":[\"Desporto\",\"Futebol\"],\"inLanguage\":\"pt-PT\"},{\"@type\":\"WebPage\",\"@id\":\"https:\/\/portaltela.pt\/noticias\/2026\/03\/30\/borja-sainz-partilha-detalhes-da-boa-forma-do-chef-privado-as-horas-de-sono\/\",\"url\":\"https:\/\/portaltela.pt\/noticias\/2026\/03\/30\/borja-sainz-partilha-detalhes-da-boa-forma-do-chef-privado-as-horas-de-sono\/\",\"name\":\"Borja Sainz partilha detalhes da boa forma, do chef privado \u00e0s horas de sono - Portal Tela Portugal\",\"isPartOf\":{\"@id\":\"https:\/\/portaltela.pt\/#website\"},\"primaryImageOfPage\":{\"@id\":\"https:\/\/portaltela.pt\/noticias\/2026\/03\/30\/borja-sainz-partilha-detalhes-da-boa-forma-do-chef-privado-as-horas-de-sono\/#primaryimage\"},\"image\":{\"@id\":\"https:\/\/portaltela.pt\/noticias\/2026\/03\/30\/borja-sainz-partilha-detalhes-da-boa-forma-do-chef-privado-as-horas-de-sono\/#primaryimage\"},\"thumbnailUrl\":\"https:\/\/portaltela.pt\/s.01k8rhncp4jt1\/2026\/03\/img_920x518uu2026-03-30-19-52-10-2430166-im-639104971458514293.jpg\",\"datePublished\":\"2026-03-30T19:02:28+00:00\",\"author\":{\"@id\":\"https:\/\/portaltela.pt\/#\/schema\/person\/c4278d4a6028830caff9ee44b42d32ed\"},\"breadcrumb\":{\"@id\":\"https:\/\/portaltela.pt\/noticias\/2026\/03\/30\/borja-sainz-partilha-detalhes-da-boa-forma-do-chef-privado-as-horas-de-sono\/#breadcrumb\"},\"inLanguage\":\"pt-PT\",\"potentialAction\":[{\"@type\":\"ReadAction\",\"target\":[\"https:\/\/portaltela.pt\/noticias\/2026\/03\/30\/borja-sainz-partilha-detalhes-da-boa-forma-do-chef-privado-as-horas-de-sono\/\"]}]},{\"@type\":\"ImageObject\",\"inLanguage\":\"pt-PT\",\"@id\":\"https:\/\/portaltela.pt\/noticias\/2026\/03\/30\/borja-sainz-partilha-detalhes-da-boa-forma-do-chef-privado-as-horas-de-sono\/#primaryimage\",\"url\":\"https:\/\/portaltela.pt\/s.01k8rhncp4jt1\/2026\/03\/img_920x518uu2026-03-30-19-52-10-2430166-im-639104971458514293.jpg\",\"contentUrl\":\"https:\/\/portaltela.pt\/s.01k8rhncp4jt1\/2026\/03\/img_920x518uu2026-03-30-19-52-10-2430166-im-639104971458514293.jpg\",\"width\":796,\"height\":448,\"caption\":\"Borja Sainz em a\u00e7\u00e3o\"},{\"@type\":\"BreadcrumbList\",\"@id\":\"https:\/\/portaltela.pt\/noticias\/2026\/03\/30\/borja-sainz-partilha-detalhes-da-boa-forma-do-chef-privado-as-horas-de-sono\/#breadcrumb\",\"itemListElement\":[{\"@type\":\"ListItem\",\"position\":1,\"name\":\"In\u00edcio\",\"item\":\"https:\/\/portaltela.pt\/\"},{\"@type\":\"ListItem\",\"position\":2,\"name\":\"Borja Sainz partilha detalhes da boa forma, do chef privado \u00e0s horas de sono\"}]},{\"@type\":\"WebSite\",\"@id\":\"https:\/\/portaltela.pt\/#website\",\"url\":\"https:\/\/portaltela.pt\/\",\"name\":\"Portal Tela Portugal\",\"description\":\"\",\"potentialAction\":[{\"@type\":\"SearchAction\",\"target\":{\"@type\":\"EntryPoint\",\"urlTemplate\":\"https:\/\/portaltela.pt\/?s={search_term_string}\"},\"query-input\":{\"@type\":\"PropertyValueSpecification\",\"valueRequired\":true,\"valueName\":\"search_term_string\"}}],\"inLanguage\":\"pt-PT\"},{\"@type\":\"Person\",\"@id\":\"https:\/\/portaltela.pt\/#\/schema\/person\/c4278d4a6028830caff9ee44b42d32ed\",\"name\":\"Telinha\",\"image\":{\"@type\":\"ImageObject\",\"inLanguage\":\"pt-PT\",\"@id\":\"https:\/\/portaltela.pt\/s.01k8rhncp4jt1\/2025\/11\/talking-bot-125x125.png\",\"url\":\"https:\/\/portaltela.pt\/s.01k8rhncp4jt1\/2025\/11\/talking-bot-125x125.png\",\"contentUrl\":\"https:\/\/portaltela.pt\/s.01k8rhncp4jt1\/2025\/11\/talking-bot-125x125.png\",\"caption\":\"Telinha\"},\"sameAs\":[\"https:\/\/portaltela.pt\/\"],\"url\":\"https:\/\/portaltela.pt\/por\/367410592786\/\"}]}<\/script>\n<!-- \/ Yoast SEO plugin. -->","yoast_head_json":{"title":"Borja Sainz partilha detalhes da boa forma, do chef privado \u00e0s horas de sono - Portal Tela Portugal","robots":{"index":"index","follow":"follow","max-snippet":"max-snippet:-1","max-image-preview":"max-image-preview:large","max-video-preview":"max-video-preview:-1"},"og_locale":"pt_PT","og_type":"article","og_title":"Borja Sainz partilha detalhes da boa forma, do chef privado \u00e0s horas de sono - Portal Tela Portugal","og_description":"Borja Sainz abriu a casa para receber, durante a pausa para os compromissos da sele\u00e7\u00e3o, um pr\u00e9mio da Associa\u00e7\u00e3o de Futebolistas Profissionais de Inglaterra (PFA) relativo ao melhor onze da edi\u00e7\u00e3o passada do Championship. O espanhol, feito at\u00e9 ao FC Porto na presente temporada, destacou a boa \u00e9poca de 2024\/25 no Norwich e agradeceu aos colegas de outros clubes que votaram nele. Revelou que passou a ter um chefe de cozinha para a dieta, em vez de cozinhar, e que recebe orienta\u00e7\u00f5es nutricionais para depois dos treinos. Quanto \u00e0 recupera\u00e7\u00e3o, usa Normatec (c\u00e2mara hiperb\u00e1rica), uma c\u00e2mara de recupera\u00e7\u00e3o, sauna e banheira de gelo, tentando usar tudo quase todos os dias durante cerca de meia hora a uma hora. Considera que alimenta\u00e7\u00e3o, descanso e recupera\u00e7\u00e3o s\u00e3o cruciais para o desempenho, enfatizando que a repeti\u00e7\u00e3o \u00e9 essencial para aproveitar os benef\u00edcios dos cuidados.","og_url":"https:\/\/portaltela.pt\/noticias\/2026\/03\/30\/borja-sainz-partilha-detalhes-da-boa-forma-do-chef-privado-as-horas-de-sono\/","og_site_name":"Portal Tela Portugal","article_published_time":"2026-03-30T19:02:28+00:00","author":"Telinha","twitter_card":"summary_large_image","twitter_misc":{"Escrito por":"Telinha","Tempo estimado de leitura":"1 minuto"},"schema":{"@context":"https:\/\/schema.org","@graph":[{"@type":"Article","@id":"https:\/\/portaltela.pt\/noticias\/2026\/03\/30\/borja-sainz-partilha-detalhes-da-boa-forma-do-chef-privado-as-horas-de-sono\/#article","isPartOf":{"@id":"https:\/\/portaltela.pt\/noticias\/2026\/03\/30\/borja-sainz-partilha-detalhes-da-boa-forma-do-chef-privado-as-horas-de-sono\/"},"author":{"name":"Telinha","@id":"https:\/\/portaltela.pt\/#\/schema\/person\/c4278d4a6028830caff9ee44b42d32ed"},"headline":"Borja Sainz partilha detalhes da boa forma, do chef privado \u00e0s horas de sono","datePublished":"2026-03-30T19:02:28+00:00","mainEntityOfPage":{"@id":"https:\/\/portaltela.pt\/noticias\/2026\/03\/30\/borja-sainz-partilha-detalhes-da-boa-forma-do-chef-privado-as-horas-de-sono\/"},"wordCount":211,"image":{"@id":"https:\/\/portaltela.pt\/noticias\/2026\/03\/30\/borja-sainz-partilha-detalhes-da-boa-forma-do-chef-privado-as-horas-de-sono\/#primaryimage"},"thumbnailUrl":"https:\/\/portaltela.pt\/s.01k8rhncp4jt1\/2026\/03\/img_920x518uu2026-03-30-19-52-10-2430166-im-639104971458514293.jpg","keywords":["alimenta\u00e7\u00e3o","FC Porto","futebol","nutri\u00e7\u00e3o","nutri\u00e7\u00e3o desportiva","recupera\u00e7\u00e3o"],"articleSection":["Desporto","Futebol"],"inLanguage":"pt-PT"},{"@type":"WebPage","@id":"https:\/\/portaltela.pt\/noticias\/2026\/03\/30\/borja-sainz-partilha-detalhes-da-boa-forma-do-chef-privado-as-horas-de-sono\/","url":"https:\/\/portaltela.pt\/noticias\/2026\/03\/30\/borja-sainz-partilha-detalhes-da-boa-forma-do-chef-privado-as-horas-de-sono\/","name":"Borja Sainz partilha detalhes da boa forma, do chef privado \u00e0s horas de sono - Portal Tela Portugal","isPartOf":{"@id":"https:\/\/portaltela.pt\/#website"},"primaryImageOfPage":{"@id":"https:\/\/portaltela.pt\/noticias\/2026\/03\/30\/borja-sainz-partilha-detalhes-da-boa-forma-do-chef-privado-as-horas-de-sono\/#primaryimage"},"image":{"@id":"https:\/\/portaltela.pt\/noticias\/2026\/03\/30\/borja-sainz-partilha-detalhes-da-boa-forma-do-chef-privado-as-horas-de-sono\/#primaryimage"},"thumbnailUrl":"https:\/\/portaltela.pt\/s.01k8rhncp4jt1\/2026\/03\/img_920x518uu2026-03-30-19-52-10-2430166-im-639104971458514293.jpg","datePublished":"2026-03-30T19:02:28+00:00","author":{"@id":"https:\/\/portaltela.pt\/#\/schema\/person\/c4278d4a6028830caff9ee44b42d32ed"},"breadcrumb":{"@id":"https:\/\/portaltela.pt\/noticias\/2026\/03\/30\/borja-sainz-partilha-detalhes-da-boa-forma-do-chef-privado-as-horas-de-sono\/#breadcrumb"},"inLanguage":"pt-PT","potentialAction":[{"@type":"ReadAction","target":["https:\/\/portaltela.pt\/noticias\/2026\/03\/30\/borja-sainz-partilha-detalhes-da-boa-forma-do-chef-privado-as-horas-de-sono\/"]}]},{"@type":"ImageObject","inLanguage":"pt-PT","@id":"https:\/\/portaltela.pt\/noticias\/2026\/03\/30\/borja-sainz-partilha-detalhes-da-boa-forma-do-chef-privado-as-horas-de-sono\/#primaryimage","url":"https:\/\/portaltela.pt\/s.01k8rhncp4jt1\/2026\/03\/img_920x518uu2026-03-30-19-52-10-2430166-im-639104971458514293.jpg","contentUrl":"https:\/\/portaltela.pt\/s.01k8rhncp4jt1\/2026\/03\/img_920x518uu2026-03-30-19-52-10-2430166-im-639104971458514293.jpg","width":796,"height":448,"caption":"Borja Sainz em a\u00e7\u00e3o"},{"@type":"BreadcrumbList","@id":"https:\/\/portaltela.pt\/noticias\/2026\/03\/30\/borja-sainz-partilha-detalhes-da-boa-forma-do-chef-privado-as-horas-de-sono\/#breadcrumb","itemListElement":[{"@type":"ListItem","position":1,"name":"In\u00edcio","item":"https:\/\/portaltela.pt\/"},{"@type":"ListItem","position":2,"name":"Borja Sainz partilha detalhes da boa forma, do chef privado \u00e0s horas de sono"}]},{"@type":"WebSite","@id":"https:\/\/portaltela.pt\/#website","url":"https:\/\/portaltela.pt\/","name":"Portal Tela Portugal","description":"","potentialAction":[{"@type":"SearchAction","target":{"@type":"EntryPoint","urlTemplate":"https:\/\/portaltela.pt\/?s={search_term_string}"},"query-input":{"@type":"PropertyValueSpecification","valueRequired":true,"valueName":"search_term_string"}}],"inLanguage":"pt-PT"},{"@type":"Person","@id":"https:\/\/portaltela.pt\/#\/schema\/person\/c4278d4a6028830caff9ee44b42d32ed","name":"Telinha","image":{"@type":"ImageObject","inLanguage":"pt-PT","@id":"https:\/\/portaltela.pt\/s.01k8rhncp4jt1\/2025\/11\/talking-bot-125x125.png","url":"https:\/\/portaltela.pt\/s.01k8rhncp4jt1\/2025\/11\/talking-bot-125x125.png","contentUrl":"https:\/\/portaltela.pt\/s.01k8rhncp4jt1\/2025\/11\/talking-bot-125x125.png","caption":"Telinha"},"sameAs":["https:\/\/portaltela.pt\/"],"url":"https:\/\/portaltela.pt\/por\/367410592786\/"}]}},"_links":{"self":[{"href":"https:\/\/portaltela.pt\/api\/wp\/v2\/posts\/427404","targetHints":{"allow":["GET"]}}],"collection":[{"href":"https:\/\/portaltela.pt\/api\/wp\/v2\/posts"}],"about":[{"href":"https:\/\/portaltela.pt\/api\/wp\/v2\/types\/post"}],"author":[{"embeddable":true,"href":"https:\/\/portaltela.pt\/api\/wp\/v2\/users\/2"}],"replies":[{"embeddable":true,"href":"https:\/\/portaltela.pt\/api\/wp\/v2\/comments?post=427404"}],"version-history":[{"count":0,"href":"https:\/\/portaltela.pt\/api\/wp\/v2\/posts\/427404\/revisions"}],"wp:featuredmedia":[{"embeddable":true,"href":"https:\/\/portaltela.pt\/api\/wp\/v2\/media\/427406"}],"wp:attachment":[{"href":"https:\/\/portaltela.pt\/api\/wp\/v2\/media?parent=427404"}],"wp:term":[{"taxonomy":"category","embeddable":true,"href":"https:\/\/portaltela.pt\/api\/wp\/v2\/categories?post=427404"},{"taxonomy":"post_tag","embeddable":true,"href":"https:\/\/portaltela.pt\/api\/wp\/v2\/tags?post=427404"}],"curies":[{"name":"wp","href":"https:\/\/api.w.org\/{rel}","templated":true}]}}