{"id":427397,"date":"2026-03-30T16:02:21","date_gmt":"2026-03-30T19:02:21","guid":{"rendered":"https:\/\/portaltela.pt\/noticias\/2026\/03\/30\/governo-concede-tolerancia-de-ponto-na-quinta-feira-a-tarde-antes-da-pascoa\/"},"modified":"2026-03-30T16:02:21","modified_gmt":"2026-03-30T19:02:21","slug":"governo-concede-tolerancia-de-ponto-na-quinta-feira-a-tarde-antes-da-pascoa","status":"publish","type":"post","link":"https:\/\/portaltela.pt\/sociedade\/2026\/03\/30\/governo-concede-tolerancia-de-ponto-na-quinta-feira-a-tarde-antes-da-pascoa\/","title":{"rendered":"Governo concede toler\u00e2ncia de ponto na quinta-feira \u00e0 tarde antes da P\u00e1scoa"},"content":{"rendered":"<p>O Governo vai conceder toler\u00e2ncia de ponto na tarde de quinta-feira, com base na pr\u00e1tica habitual de desloca\u00e7\u00e3o de muitos cidad\u00e3os para fora das suas resid\u00eancias na altura da P\u00e1scoa. A medida consta num despacho hoje assinado pelo Primeiro-Ministro.<\/p>\n<p>Segundo o documento, a toler\u00e2ncia de ponto aplica-se apenas na tarde do dia referido, procurando facilitar o deslocamento dos trabalhadores em rela\u00e7\u00e3o ao per\u00edodo festivo. O objetivo \u00e9 reduzir objec\u00e7\u00f5es log\u00edsticas e permitir uma gest\u00e3o mais eficiente de hor\u00e1rios.<\/p>\n<p>O despacho explica ainda que a medida incide sobre funcion\u00e1rias e funcion\u00e1rias de servi\u00e7os p\u00fablicos, bem como nos setores onde exista a pr\u00e1tica de encerramento ou redu\u00e7\u00e3o de atividades na sequ\u00eancia do per\u00edodo pascal. N\u00e3o h\u00e1 indica\u00e7\u00e3o de extens\u00e3o da toler\u00e2ncia para outros dias.<\/p>\n<p>A decis\u00e3o surge no quadro de prepara\u00e7\u00e3o para a P\u00e1scoa, com foco na fluidez de desloca\u00e7\u00f5es e na organiza\u00e7\u00e3o de rotinas laborais durante o per\u00edodo festivo. N\u00e3o foi divulgado impacto financeiro nem crit\u00e9rios de exce\u00e7\u00e3o espec\u00edficos.<\/p>\n<p>Governo n\u00e3o informou condi\u00e7\u00f5es adicionais de compensa\u00e7\u00e3o de horas nem se a toler\u00e2ncia de ponto afetar\u00e1 feriados adjacentes. O Minist\u00e9rio relevante n\u00e3o disponibilizou declara\u00e7\u00f5es adicionais sobre a implementa\u00e7\u00e3o pr\u00e1tica da medida.<\/p>\n","protected":false},"excerpt":{"rendered":"<ul>\n<li>O Governo concede toler\u00e2ncia de ponto na tarde de quinta-feira, antes da P\u00e1scoa.<\/li>\n<li>A medida considera a pr\u00e1tica habitual de desloca\u00e7\u00e3o de pessoas para fora do seu local de resid\u00eancia durante a P\u00e1scoa.<\/li>\n<li>O despacho que define a toler\u00e2ncia de ponto foi assinado pelo primeiro-ministro.<\/li>\n<li>A concess\u00e3o aplica-se \u00e0 tarde de quinta-feira, em prepara\u00e7\u00e3o para o per\u00edodo pascal.<\/li>\n<\/ul>\n","protected":false},"author":2,"featured_media":427400,"comment_status":"closed","ping_status":"closed","sticky":false,"template":"","format":"standard","meta":{"footnotes":""},"categories":[7384,6871],"tags":[168,5455,34,3901,1221,2201],"class_list":["post-427397","post","type-post","status-publish","format-standard","has-post-thumbnail","hentry","category-curiosidades","category-sociedade","tag-administracao-publica","tag-ferias","tag-governo","tag-horarios","tag-servicos-publicos","tag-trabalho"],"yoast_head":"<!-- This site is optimized with the Yoast SEO plugin v27.2 - https:\/\/yoast.com\/product\/yoast-seo-wordpress\/ -->\n<title>Governo concede toler\u00e2ncia de ponto na quinta-feira \u00e0 tarde antes da P\u00e1scoa - Portal Tela Portugal<\/title>\n<meta name=\"robots\" content=\"index, follow, max-snippet:-1, max-image-preview:large, max-video-preview:-1\" \/>\n<meta property=\"og:locale\" content=\"pt_PT\" \/>\n<meta property=\"og:type\" content=\"article\" \/>\n<meta property=\"og:title\" content=\"Governo concede toler\u00e2ncia de ponto na quinta-feira \u00e0 tarde antes da P\u00e1scoa - Portal Tela Portugal\" \/>\n<meta property=\"og:description\" content=\"O Governo concede toler\u00e2ncia de ponto na tarde de quinta-feira, antes da P\u00e1scoa. A medida considera a pr\u00e1tica habitual de desloca\u00e7\u00e3o de pessoas para fora do seu local de resid\u00eancia durante a P\u00e1scoa. O despacho que define a toler\u00e2ncia de ponto foi assinado pelo primeiro-ministro. A concess\u00e3o aplica-se \u00e0 tarde de quinta-feira, em prepara\u00e7\u00e3o para o per\u00edodo pascal.\" \/>\n<meta property=\"og:url\" content=\"https:\/\/portaltela.pt\/noticias\/2026\/03\/30\/governo-concede-tolerancia-de-ponto-na-quinta-feira-a-tarde-antes-da-pascoa\/\" \/>\n<meta property=\"og:site_name\" content=\"Portal Tela Portugal\" \/>\n<meta property=\"article:published_time\" content=\"2026-03-30T19:02:21+00:00\" \/>\n<meta name=\"author\" content=\"Telinha\" \/>\n<meta name=\"twitter:card\" content=\"summary_large_image\" \/>\n<meta name=\"twitter:label1\" content=\"Escrito por\" \/>\n\t<meta name=\"twitter:data1\" content=\"Telinha\" \/>\n\t<meta name=\"twitter:label2\" content=\"Tempo estimado de leitura\" \/>\n\t<meta name=\"twitter:data2\" content=\"1 minuto\" \/>\n<script type=\"application\/ld+json\" class=\"yoast-schema-graph\">{\"@context\":\"https:\/\/schema.org\",\"@graph\":[{\"@type\":\"Article\",\"@id\":\"https:\/\/portaltela.pt\/noticias\/2026\/03\/30\/governo-concede-tolerancia-de-ponto-na-quinta-feira-a-tarde-antes-da-pascoa\/#article\",\"isPartOf\":{\"@id\":\"https:\/\/portaltela.pt\/noticias\/2026\/03\/30\/governo-concede-tolerancia-de-ponto-na-quinta-feira-a-tarde-antes-da-pascoa\/\"},\"author\":{\"name\":\"Telinha\",\"@id\":\"https:\/\/portaltela.pt\/#\/schema\/person\/c4278d4a6028830caff9ee44b42d32ed\"},\"headline\":\"Governo concede toler\u00e2ncia de ponto na quinta-feira \u00e0 tarde antes da P\u00e1scoa\",\"datePublished\":\"2026-03-30T19:02:21+00:00\",\"mainEntityOfPage\":{\"@id\":\"https:\/\/portaltela.pt\/noticias\/2026\/03\/30\/governo-concede-tolerancia-de-ponto-na-quinta-feira-a-tarde-antes-da-pascoa\/\"},\"wordCount\":245,\"image\":{\"@id\":\"https:\/\/portaltela.pt\/noticias\/2026\/03\/30\/governo-concede-tolerancia-de-ponto-na-quinta-feira-a-tarde-antes-da-pascoa\/#primaryimage\"},\"thumbnailUrl\":\"https:\/\/portaltela.pt\/s.01k8rhncp4jt1\/2026\/03\/CACHE_780X1200_ANALOG_WATERMARKED_38007130_523517616163917.jpg\",\"keywords\":[\"administra\u00e7\u00e3o p\u00fablica\",\"f\u00e9rias\",\"governo\",\"hor\u00e1rios\",\"servi\u00e7os p\u00fablicos\",\"trabalho\"],\"articleSection\":[\"Curiosidades\",\"Sociedade\"],\"inLanguage\":\"pt-PT\"},{\"@type\":\"WebPage\",\"@id\":\"https:\/\/portaltela.pt\/noticias\/2026\/03\/30\/governo-concede-tolerancia-de-ponto-na-quinta-feira-a-tarde-antes-da-pascoa\/\",\"url\":\"https:\/\/portaltela.pt\/noticias\/2026\/03\/30\/governo-concede-tolerancia-de-ponto-na-quinta-feira-a-tarde-antes-da-pascoa\/\",\"name\":\"Governo concede toler\u00e2ncia de ponto na quinta-feira \u00e0 tarde antes da P\u00e1scoa - Portal Tela Portugal\",\"isPartOf\":{\"@id\":\"https:\/\/portaltela.pt\/#website\"},\"primaryImageOfPage\":{\"@id\":\"https:\/\/portaltela.pt\/noticias\/2026\/03\/30\/governo-concede-tolerancia-de-ponto-na-quinta-feira-a-tarde-antes-da-pascoa\/#primaryimage\"},\"image\":{\"@id\":\"https:\/\/portaltela.pt\/noticias\/2026\/03\/30\/governo-concede-tolerancia-de-ponto-na-quinta-feira-a-tarde-antes-da-pascoa\/#primaryimage\"},\"thumbnailUrl\":\"https:\/\/portaltela.pt\/s.01k8rhncp4jt1\/2026\/03\/CACHE_780X1200_ANALOG_WATERMARKED_38007130_523517616163917.jpg\",\"datePublished\":\"2026-03-30T19:02:21+00:00\",\"author\":{\"@id\":\"https:\/\/portaltela.pt\/#\/schema\/person\/c4278d4a6028830caff9ee44b42d32ed\"},\"breadcrumb\":{\"@id\":\"https:\/\/portaltela.pt\/noticias\/2026\/03\/30\/governo-concede-tolerancia-de-ponto-na-quinta-feira-a-tarde-antes-da-pascoa\/#breadcrumb\"},\"inLanguage\":\"pt-PT\",\"potentialAction\":[{\"@type\":\"ReadAction\",\"target\":[\"https:\/\/portaltela.pt\/noticias\/2026\/03\/30\/governo-concede-tolerancia-de-ponto-na-quinta-feira-a-tarde-antes-da-pascoa\/\"]}]},{\"@type\":\"ImageObject\",\"inLanguage\":\"pt-PT\",\"@id\":\"https:\/\/portaltela.pt\/noticias\/2026\/03\/30\/governo-concede-tolerancia-de-ponto-na-quinta-feira-a-tarde-antes-da-pascoa\/#primaryimage\",\"url\":\"https:\/\/portaltela.pt\/s.01k8rhncp4jt1\/2026\/03\/CACHE_780X1200_ANALOG_WATERMARKED_38007130_523517616163917.jpg\",\"contentUrl\":\"https:\/\/portaltela.pt\/s.01k8rhncp4jt1\/2026\/03\/CACHE_780X1200_ANALOG_WATERMARKED_38007130_523517616163917.jpg\",\"width\":796,\"height\":448,\"caption\":\"Governo concede toler\u00e2ncia de ponto na quinta-feira \u00e0 tarde antes da P\u00e1scoa\"},{\"@type\":\"BreadcrumbList\",\"@id\":\"https:\/\/portaltela.pt\/noticias\/2026\/03\/30\/governo-concede-tolerancia-de-ponto-na-quinta-feira-a-tarde-antes-da-pascoa\/#breadcrumb\",\"itemListElement\":[{\"@type\":\"ListItem\",\"position\":1,\"name\":\"In\u00edcio\",\"item\":\"https:\/\/portaltela.pt\/\"},{\"@type\":\"ListItem\",\"position\":2,\"name\":\"Governo concede toler\u00e2ncia de ponto na quinta-feira \u00e0 tarde antes da P\u00e1scoa\"}]},{\"@type\":\"WebSite\",\"@id\":\"https:\/\/portaltela.pt\/#website\",\"url\":\"https:\/\/portaltela.pt\/\",\"name\":\"Portal Tela Portugal\",\"description\":\"\",\"potentialAction\":[{\"@type\":\"SearchAction\",\"target\":{\"@type\":\"EntryPoint\",\"urlTemplate\":\"https:\/\/portaltela.pt\/?s={search_term_string}\"},\"query-input\":{\"@type\":\"PropertyValueSpecification\",\"valueRequired\":true,\"valueName\":\"search_term_string\"}}],\"inLanguage\":\"pt-PT\"},{\"@type\":\"Person\",\"@id\":\"https:\/\/portaltela.pt\/#\/schema\/person\/c4278d4a6028830caff9ee44b42d32ed\",\"name\":\"Telinha\",\"image\":{\"@type\":\"ImageObject\",\"inLanguage\":\"pt-PT\",\"@id\":\"https:\/\/portaltela.pt\/s.01k8rhncp4jt1\/2025\/11\/talking-bot-125x125.png\",\"url\":\"https:\/\/portaltela.pt\/s.01k8rhncp4jt1\/2025\/11\/talking-bot-125x125.png\",\"contentUrl\":\"https:\/\/portaltela.pt\/s.01k8rhncp4jt1\/2025\/11\/talking-bot-125x125.png\",\"caption\":\"Telinha\"},\"sameAs\":[\"https:\/\/portaltela.pt\/\"],\"url\":\"https:\/\/portaltela.pt\/por\/367410592786\/\"}]}<\/script>\n<!-- \/ Yoast SEO plugin. -->","yoast_head_json":{"title":"Governo concede toler\u00e2ncia de ponto na quinta-feira \u00e0 tarde antes da P\u00e1scoa - Portal Tela Portugal","robots":{"index":"index","follow":"follow","max-snippet":"max-snippet:-1","max-image-preview":"max-image-preview:large","max-video-preview":"max-video-preview:-1"},"og_locale":"pt_PT","og_type":"article","og_title":"Governo concede toler\u00e2ncia de ponto na quinta-feira \u00e0 tarde antes da P\u00e1scoa - Portal Tela Portugal","og_description":"O Governo concede toler\u00e2ncia de ponto na tarde de quinta-feira, antes da P\u00e1scoa. A medida considera a pr\u00e1tica habitual de desloca\u00e7\u00e3o de pessoas para fora do seu local de resid\u00eancia durante a P\u00e1scoa. O despacho que define a toler\u00e2ncia de ponto foi assinado pelo primeiro-ministro. A concess\u00e3o aplica-se \u00e0 tarde de quinta-feira, em prepara\u00e7\u00e3o para o per\u00edodo pascal.","og_url":"https:\/\/portaltela.pt\/noticias\/2026\/03\/30\/governo-concede-tolerancia-de-ponto-na-quinta-feira-a-tarde-antes-da-pascoa\/","og_site_name":"Portal Tela Portugal","article_published_time":"2026-03-30T19:02:21+00:00","author":"Telinha","twitter_card":"summary_large_image","twitter_misc":{"Escrito por":"Telinha","Tempo estimado de leitura":"1 minuto"},"schema":{"@context":"https:\/\/schema.org","@graph":[{"@type":"Article","@id":"https:\/\/portaltela.pt\/noticias\/2026\/03\/30\/governo-concede-tolerancia-de-ponto-na-quinta-feira-a-tarde-antes-da-pascoa\/#article","isPartOf":{"@id":"https:\/\/portaltela.pt\/noticias\/2026\/03\/30\/governo-concede-tolerancia-de-ponto-na-quinta-feira-a-tarde-antes-da-pascoa\/"},"author":{"name":"Telinha","@id":"https:\/\/portaltela.pt\/#\/schema\/person\/c4278d4a6028830caff9ee44b42d32ed"},"headline":"Governo concede toler\u00e2ncia de ponto na quinta-feira \u00e0 tarde antes da P\u00e1scoa","datePublished":"2026-03-30T19:02:21+00:00","mainEntityOfPage":{"@id":"https:\/\/portaltela.pt\/noticias\/2026\/03\/30\/governo-concede-tolerancia-de-ponto-na-quinta-feira-a-tarde-antes-da-pascoa\/"},"wordCount":245,"image":{"@id":"https:\/\/portaltela.pt\/noticias\/2026\/03\/30\/governo-concede-tolerancia-de-ponto-na-quinta-feira-a-tarde-antes-da-pascoa\/#primaryimage"},"thumbnailUrl":"https:\/\/portaltela.pt\/s.01k8rhncp4jt1\/2026\/03\/CACHE_780X1200_ANALOG_WATERMARKED_38007130_523517616163917.jpg","keywords":["administra\u00e7\u00e3o p\u00fablica","f\u00e9rias","governo","hor\u00e1rios","servi\u00e7os p\u00fablicos","trabalho"],"articleSection":["Curiosidades","Sociedade"],"inLanguage":"pt-PT"},{"@type":"WebPage","@id":"https:\/\/portaltela.pt\/noticias\/2026\/03\/30\/governo-concede-tolerancia-de-ponto-na-quinta-feira-a-tarde-antes-da-pascoa\/","url":"https:\/\/portaltela.pt\/noticias\/2026\/03\/30\/governo-concede-tolerancia-de-ponto-na-quinta-feira-a-tarde-antes-da-pascoa\/","name":"Governo concede toler\u00e2ncia de ponto na quinta-feira \u00e0 tarde antes da P\u00e1scoa - Portal Tela Portugal","isPartOf":{"@id":"https:\/\/portaltela.pt\/#website"},"primaryImageOfPage":{"@id":"https:\/\/portaltela.pt\/noticias\/2026\/03\/30\/governo-concede-tolerancia-de-ponto-na-quinta-feira-a-tarde-antes-da-pascoa\/#primaryimage"},"image":{"@id":"https:\/\/portaltela.pt\/noticias\/2026\/03\/30\/governo-concede-tolerancia-de-ponto-na-quinta-feira-a-tarde-antes-da-pascoa\/#primaryimage"},"thumbnailUrl":"https:\/\/portaltela.pt\/s.01k8rhncp4jt1\/2026\/03\/CACHE_780X1200_ANALOG_WATERMARKED_38007130_523517616163917.jpg","datePublished":"2026-03-30T19:02:21+00:00","author":{"@id":"https:\/\/portaltela.pt\/#\/schema\/person\/c4278d4a6028830caff9ee44b42d32ed"},"breadcrumb":{"@id":"https:\/\/portaltela.pt\/noticias\/2026\/03\/30\/governo-concede-tolerancia-de-ponto-na-quinta-feira-a-tarde-antes-da-pascoa\/#breadcrumb"},"inLanguage":"pt-PT","potentialAction":[{"@type":"ReadAction","target":["https:\/\/portaltela.pt\/noticias\/2026\/03\/30\/governo-concede-tolerancia-de-ponto-na-quinta-feira-a-tarde-antes-da-pascoa\/"]}]},{"@type":"ImageObject","inLanguage":"pt-PT","@id":"https:\/\/portaltela.pt\/noticias\/2026\/03\/30\/governo-concede-tolerancia-de-ponto-na-quinta-feira-a-tarde-antes-da-pascoa\/#primaryimage","url":"https:\/\/portaltela.pt\/s.01k8rhncp4jt1\/2026\/03\/CACHE_780X1200_ANALOG_WATERMARKED_38007130_523517616163917.jpg","contentUrl":"https:\/\/portaltela.pt\/s.01k8rhncp4jt1\/2026\/03\/CACHE_780X1200_ANALOG_WATERMARKED_38007130_523517616163917.jpg","width":796,"height":448,"caption":"Governo concede toler\u00e2ncia de ponto na quinta-feira \u00e0 tarde antes da P\u00e1scoa"},{"@type":"BreadcrumbList","@id":"https:\/\/portaltela.pt\/noticias\/2026\/03\/30\/governo-concede-tolerancia-de-ponto-na-quinta-feira-a-tarde-antes-da-pascoa\/#breadcrumb","itemListElement":[{"@type":"ListItem","position":1,"name":"In\u00edcio","item":"https:\/\/portaltela.pt\/"},{"@type":"ListItem","position":2,"name":"Governo concede toler\u00e2ncia de ponto na quinta-feira \u00e0 tarde antes da P\u00e1scoa"}]},{"@type":"WebSite","@id":"https:\/\/portaltela.pt\/#website","url":"https:\/\/portaltela.pt\/","name":"Portal Tela Portugal","description":"","potentialAction":[{"@type":"SearchAction","target":{"@type":"EntryPoint","urlTemplate":"https:\/\/portaltela.pt\/?s={search_term_string}"},"query-input":{"@type":"PropertyValueSpecification","valueRequired":true,"valueName":"search_term_string"}}],"inLanguage":"pt-PT"},{"@type":"Person","@id":"https:\/\/portaltela.pt\/#\/schema\/person\/c4278d4a6028830caff9ee44b42d32ed","name":"Telinha","image":{"@type":"ImageObject","inLanguage":"pt-PT","@id":"https:\/\/portaltela.pt\/s.01k8rhncp4jt1\/2025\/11\/talking-bot-125x125.png","url":"https:\/\/portaltela.pt\/s.01k8rhncp4jt1\/2025\/11\/talking-bot-125x125.png","contentUrl":"https:\/\/portaltela.pt\/s.01k8rhncp4jt1\/2025\/11\/talking-bot-125x125.png","caption":"Telinha"},"sameAs":["https:\/\/portaltela.pt\/"],"url":"https:\/\/portaltela.pt\/por\/367410592786\/"}]}},"_links":{"self":[{"href":"https:\/\/portaltela.pt\/api\/wp\/v2\/posts\/427397","targetHints":{"allow":["GET"]}}],"collection":[{"href":"https:\/\/portaltela.pt\/api\/wp\/v2\/posts"}],"about":[{"href":"https:\/\/portaltela.pt\/api\/wp\/v2\/types\/post"}],"author":[{"embeddable":true,"href":"https:\/\/portaltela.pt\/api\/wp\/v2\/users\/2"}],"replies":[{"embeddable":true,"href":"https:\/\/portaltela.pt\/api\/wp\/v2\/comments?post=427397"}],"version-history":[{"count":0,"href":"https:\/\/portaltela.pt\/api\/wp\/v2\/posts\/427397\/revisions"}],"wp:featuredmedia":[{"embeddable":true,"href":"https:\/\/portaltela.pt\/api\/wp\/v2\/media\/427400"}],"wp:attachment":[{"href":"https:\/\/portaltela.pt\/api\/wp\/v2\/media?parent=427397"}],"wp:term":[{"taxonomy":"category","embeddable":true,"href":"https:\/\/portaltela.pt\/api\/wp\/v2\/categories?post=427397"},{"taxonomy":"post_tag","embeddable":true,"href":"https:\/\/portaltela.pt\/api\/wp\/v2\/tags?post=427397"}],"curies":[{"name":"wp","href":"https:\/\/api.w.org\/{rel}","templated":true}]}}