{"id":427393,"date":"2026-03-30T16:02:14","date_gmt":"2026-03-30T19:02:14","guid":{"rendered":"https:\/\/portaltela.pt\/noticias\/2026\/03\/30\/israel-aprova-lei-com-pena-de-morte-para-palestinianos-em-ataques-letais\/"},"modified":"2026-03-30T16:02:14","modified_gmt":"2026-03-30T19:02:14","slug":"israel-aprova-lei-com-pena-de-morte-para-palestinianos-em-ataques-letais","status":"publish","type":"post","link":"https:\/\/portaltela.pt\/noticias\/internacional\/2026\/03\/30\/israel-aprova-lei-com-pena-de-morte-para-palestinianos-em-ataques-letais\/","title":{"rendered":"Israel aprova lei com pena de morte para palestinianos em ataques letais"},"content":{"rendered":"<p>O Parlamento de Israel aprovou uma lei que estabelece a pena de morte como senten\u00e7a padr\u00e3o para palestinianos condenados por tribunais militares por ataques letais. A aprova\u00e7\u00e3o ocorreu na segunda-feira, no Knesset, consolidando uma das promessas de aliados de extremo-direita do primeiro-ministro Benjamin Netanyahu. A legisla\u00e7\u00e3o altera o C\u00f3digo Penal para incluir homic\u00eddio por motivos ideol\u00f3gicos como ato de terrorismo.<\/p>\n<p>A nova lei determina que qualquer pessoa condenada por homic\u00eddio cometido com motiva\u00e7\u00e3o nacionalista pode receber a pena capital. Aplic\u00e1vel a palestinianos, a norma n\u00e3o se aplica a israelitas que ataquem palestinianos. A medida tem efeito retroativo para ataques ocorridos a partir de 7 de Outubro de 2023 e prev\u00ea enforcamento como m\u00e9todo de execu\u00e7\u00e3o.<\/p>\n<p>Condi\u00e7\u00f5es de deten\u00e7\u00e3o e processo tamb\u00e9m foram definidas: condenados devem cumprir isolamento numa instala\u00e7\u00e3o separada, sem visitas, com consultas jur\u00eddicas apenas por videoconfer\u00eancia, e as execu\u00e7\u00f5es devem ocorrer no prazo de 90 dias ap\u00f3s a senten\u00e7a.<\/p>\n<h3>Rea\u00e7\u00e3o internacional<\/h3>\n<p>V\u00e1rios governos europeus condenaram a lei, nomeadamente Alemanha, Fran\u00e7a, It\u00e1lia e Reino Unido, que expressaram preocupa\u00e7\u00e3o com o car\u00e1ter discriminat\u00f3rio da reforma e com o alargamento do uso da pena de morte em Israel. Consideram que a medida viola princ\u00edpios democr\u00e1ticos e podem aumentar tens\u00f5es regionais.<\/p>\n<p>Organiza\u00e7\u00f5es de direitos humanos tamb\u00e9m criticaram o texto, argumentando que a pena de morte \u00e9 desumana e sem evid\u00eancias de efeito dissuasor. Defendem que a mudan\u00e7a prejudica o quadro legal israelita e os compromissos com direitos civis.<\/p>\n<h3>Contexto hist\u00f3rico e futuro<\/h3>\n<p>Israel tem usado a pena de morte com pouca frequ\u00eancia, tendo como \u00faltima refer\u00eancia a execu\u00e7\u00f5es de crimes de guerra em 1962. A aprova\u00e7\u00e3o desta lei ocorre num cen\u00e1rio de forte conten\u00e7\u00e3o pol\u00edtica interna e de alian\u00e7as pol\u00edticas dentro do governo, que apoiam medidas de seguran\u00e7a mais r\u00edgidas. Resta saber como a comunidade internacional e o p\u00fablico israelita v\u00e3o reagir nos pr\u00f3ximos meses.<\/p>\n","protected":false},"excerpt":{"rendered":"<ul>\n<li>O parlamento de Israel aprovou uma lei que estabelece a pena de morte como senten\u00e7a padr\u00e3o para palestinianos condenados por tribunais militares por ataques letais.<\/li>\n<li>A norma, apresentada pelo partido ultranacionalista Poder Judaico e defendida pelo ministro da Seguran\u00e7a Interna, Itamar Ben-Gvir, aplica-se a homic\u00eddios por motivos nacionalistas cometidos por palestinianos.<\/li>\n<li>A lei n\u00e3o se aplica a israelitas que mate palestinianos e \u00e9 retroativa aos ataques de 7 de outubro de 2023.<\/li>\n<li>Consta que condenados ser\u00e3o mantidos numa instala\u00e7\u00e3o separada, sem visitas, com consultas jur\u00eddicas apenas por videoconfer\u00eancia, e que as execu\u00e7\u00f5es ocorrer\u00e3o no prazo de 90 dias ap\u00f3s a senten\u00e7a, por enforcamento.<\/li>\n<li>Alemanha, Fran\u00e7a, It\u00e1lia e Reino Unido, entre outros, criticaram a medida, descrevendo-a como discriminat\u00f3ria e pedindo que seja abandonada.<\/li>\n<\/ul>\n","protected":false},"author":2,"featured_media":427395,"comment_status":"closed","ping_status":"closed","sticky":false,"template":"","format":"standard","meta":{"footnotes":""},"categories":[6814,4],"tags":[2198,5318,2633,3708,2030,4989],"class_list":["post-427393","post","type-post","status-publish","format-standard","has-post-thumbnail","hentry","category-geopolitica","category-internacional","tag-conflitos-internacionais","tag-direitos-civis","tag-direitos-humanos","tag-israel","tag-palestina","tag-terrorismo"],"yoast_head":"<!-- This site is optimized with the Yoast SEO plugin v27.2 - https:\/\/yoast.com\/product\/yoast-seo-wordpress\/ -->\n<title>Israel aprova lei com pena de morte para palestinianos em ataques letais - Portal Tela Portugal<\/title>\n<meta name=\"robots\" content=\"index, follow, max-snippet:-1, max-image-preview:large, max-video-preview:-1\" \/>\n<meta property=\"og:locale\" content=\"pt_PT\" \/>\n<meta property=\"og:type\" content=\"article\" \/>\n<meta property=\"og:title\" content=\"Israel aprova lei com pena de morte para palestinianos em ataques letais - Portal Tela Portugal\" \/>\n<meta property=\"og:description\" content=\"O parlamento de Israel aprovou uma lei que estabelece a pena de morte como senten\u00e7a padr\u00e3o para palestinianos condenados por tribunais militares por ataques letais. A norma, apresentada pelo partido ultranacionalista Poder Judaico e defendida pelo ministro da Seguran\u00e7a Interna, Itamar Ben-Gvir, aplica-se a homic\u00eddios por motivos nacionalistas cometidos por palestinianos. A lei n\u00e3o se aplica a israelitas que mate palestinianos e \u00e9 retroativa aos ataques de 7 de outubro de 2023. Consta que condenados ser\u00e3o mantidos numa instala\u00e7\u00e3o separada, sem visitas, com consultas jur\u00eddicas apenas por videoconfer\u00eancia, e que as execu\u00e7\u00f5es ocorrer\u00e3o no prazo de 90 dias ap\u00f3s a senten\u00e7a, por enforcamento. Alemanha, Fran\u00e7a, It\u00e1lia e Reino Unido, entre outros, criticaram a medida, descrevendo-a como discriminat\u00f3ria e pedindo que seja abandonada.\" \/>\n<meta property=\"og:url\" content=\"https:\/\/portaltela.pt\/noticias\/2026\/03\/30\/israel-aprova-lei-com-pena-de-morte-para-palestinianos-em-ataques-letais\/\" \/>\n<meta property=\"og:site_name\" content=\"Portal Tela Portugal\" \/>\n<meta property=\"article:published_time\" content=\"2026-03-30T19:02:14+00:00\" \/>\n<meta name=\"author\" content=\"Telinha\" \/>\n<meta name=\"twitter:card\" content=\"summary_large_image\" \/>\n<meta name=\"twitter:label1\" content=\"Escrito por\" \/>\n\t<meta name=\"twitter:data1\" content=\"Telinha\" \/>\n\t<meta name=\"twitter:label2\" content=\"Tempo estimado de leitura\" \/>\n\t<meta name=\"twitter:data2\" content=\"2 minutos\" \/>\n<script type=\"application\/ld+json\" class=\"yoast-schema-graph\">{\"@context\":\"https:\/\/schema.org\",\"@graph\":[{\"@type\":\"Article\",\"@id\":\"https:\/\/portaltela.pt\/noticias\/2026\/03\/30\/israel-aprova-lei-com-pena-de-morte-para-palestinianos-em-ataques-letais\/#article\",\"isPartOf\":{\"@id\":\"https:\/\/portaltela.pt\/noticias\/2026\/03\/30\/israel-aprova-lei-com-pena-de-morte-para-palestinianos-em-ataques-letais\/\"},\"author\":{\"name\":\"Telinha\",\"@id\":\"https:\/\/portaltela.pt\/#\/schema\/person\/c4278d4a6028830caff9ee44b42d32ed\"},\"headline\":\"Israel aprova lei com pena de morte para palestinianos em ataques letais\",\"datePublished\":\"2026-03-30T19:02:14+00:00\",\"mainEntityOfPage\":{\"@id\":\"https:\/\/portaltela.pt\/noticias\/2026\/03\/30\/israel-aprova-lei-com-pena-de-morte-para-palestinianos-em-ataques-letais\/\"},\"wordCount\":361,\"image\":{\"@id\":\"https:\/\/portaltela.pt\/noticias\/2026\/03\/30\/israel-aprova-lei-com-pena-de-morte-para-palestinianos-em-ataques-letais\/#primaryimage\"},\"thumbnailUrl\":\"https:\/\/portaltela.pt\/s.01k8rhncp4jt1\/2026\/03\/2078081.jpg\",\"keywords\":[\"conflitos internacionais\",\"direitos civis\",\"direitos humanos\",\"Israel\",\"Palestina\",\"terrorismo\"],\"articleSection\":[\"Geopol\u00edtica\",\"Internacional\"],\"inLanguage\":\"pt-PT\"},{\"@type\":\"WebPage\",\"@id\":\"https:\/\/portaltela.pt\/noticias\/2026\/03\/30\/israel-aprova-lei-com-pena-de-morte-para-palestinianos-em-ataques-letais\/\",\"url\":\"https:\/\/portaltela.pt\/noticias\/2026\/03\/30\/israel-aprova-lei-com-pena-de-morte-para-palestinianos-em-ataques-letais\/\",\"name\":\"Israel aprova lei com pena de morte para palestinianos em ataques letais - Portal Tela Portugal\",\"isPartOf\":{\"@id\":\"https:\/\/portaltela.pt\/#website\"},\"primaryImageOfPage\":{\"@id\":\"https:\/\/portaltela.pt\/noticias\/2026\/03\/30\/israel-aprova-lei-com-pena-de-morte-para-palestinianos-em-ataques-letais\/#primaryimage\"},\"image\":{\"@id\":\"https:\/\/portaltela.pt\/noticias\/2026\/03\/30\/israel-aprova-lei-com-pena-de-morte-para-palestinianos-em-ataques-letais\/#primaryimage\"},\"thumbnailUrl\":\"https:\/\/portaltela.pt\/s.01k8rhncp4jt1\/2026\/03\/2078081.jpg\",\"datePublished\":\"2026-03-30T19:02:14+00:00\",\"author\":{\"@id\":\"https:\/\/portaltela.pt\/#\/schema\/person\/c4278d4a6028830caff9ee44b42d32ed\"},\"breadcrumb\":{\"@id\":\"https:\/\/portaltela.pt\/noticias\/2026\/03\/30\/israel-aprova-lei-com-pena-de-morte-para-palestinianos-em-ataques-letais\/#breadcrumb\"},\"inLanguage\":\"pt-PT\",\"potentialAction\":[{\"@type\":\"ReadAction\",\"target\":[\"https:\/\/portaltela.pt\/noticias\/2026\/03\/30\/israel-aprova-lei-com-pena-de-morte-para-palestinianos-em-ataques-letais\/\"]}]},{\"@type\":\"ImageObject\",\"inLanguage\":\"pt-PT\",\"@id\":\"https:\/\/portaltela.pt\/noticias\/2026\/03\/30\/israel-aprova-lei-com-pena-de-morte-para-palestinianos-em-ataques-letais\/#primaryimage\",\"url\":\"https:\/\/portaltela.pt\/s.01k8rhncp4jt1\/2026\/03\/2078081.jpg\",\"contentUrl\":\"https:\/\/portaltela.pt\/s.01k8rhncp4jt1\/2026\/03\/2078081.jpg\",\"width\":796,\"height\":448,\"caption\":\"Netanyahu e Ben-Gvir cumprimentam-se no Knesset, o Parlamento de Israel\"},{\"@type\":\"BreadcrumbList\",\"@id\":\"https:\/\/portaltela.pt\/noticias\/2026\/03\/30\/israel-aprova-lei-com-pena-de-morte-para-palestinianos-em-ataques-letais\/#breadcrumb\",\"itemListElement\":[{\"@type\":\"ListItem\",\"position\":1,\"name\":\"In\u00edcio\",\"item\":\"https:\/\/portaltela.pt\/\"},{\"@type\":\"ListItem\",\"position\":2,\"name\":\"Israel aprova lei com pena de morte para palestinianos em ataques letais\"}]},{\"@type\":\"WebSite\",\"@id\":\"https:\/\/portaltela.pt\/#website\",\"url\":\"https:\/\/portaltela.pt\/\",\"name\":\"Portal Tela Portugal\",\"description\":\"\",\"potentialAction\":[{\"@type\":\"SearchAction\",\"target\":{\"@type\":\"EntryPoint\",\"urlTemplate\":\"https:\/\/portaltela.pt\/?s={search_term_string}\"},\"query-input\":{\"@type\":\"PropertyValueSpecification\",\"valueRequired\":true,\"valueName\":\"search_term_string\"}}],\"inLanguage\":\"pt-PT\"},{\"@type\":\"Person\",\"@id\":\"https:\/\/portaltela.pt\/#\/schema\/person\/c4278d4a6028830caff9ee44b42d32ed\",\"name\":\"Telinha\",\"image\":{\"@type\":\"ImageObject\",\"inLanguage\":\"pt-PT\",\"@id\":\"https:\/\/portaltela.pt\/s.01k8rhncp4jt1\/2025\/11\/talking-bot-125x125.png\",\"url\":\"https:\/\/portaltela.pt\/s.01k8rhncp4jt1\/2025\/11\/talking-bot-125x125.png\",\"contentUrl\":\"https:\/\/portaltela.pt\/s.01k8rhncp4jt1\/2025\/11\/talking-bot-125x125.png\",\"caption\":\"Telinha\"},\"sameAs\":[\"https:\/\/portaltela.pt\/\"],\"url\":\"https:\/\/portaltela.pt\/por\/367410592786\/\"}]}<\/script>\n<!-- \/ Yoast SEO plugin. -->","yoast_head_json":{"title":"Israel aprova lei com pena de morte para palestinianos em ataques letais - Portal Tela Portugal","robots":{"index":"index","follow":"follow","max-snippet":"max-snippet:-1","max-image-preview":"max-image-preview:large","max-video-preview":"max-video-preview:-1"},"og_locale":"pt_PT","og_type":"article","og_title":"Israel aprova lei com pena de morte para palestinianos em ataques letais - Portal Tela Portugal","og_description":"O parlamento de Israel aprovou uma lei que estabelece a pena de morte como senten\u00e7a padr\u00e3o para palestinianos condenados por tribunais militares por ataques letais. A norma, apresentada pelo partido ultranacionalista Poder Judaico e defendida pelo ministro da Seguran\u00e7a Interna, Itamar Ben-Gvir, aplica-se a homic\u00eddios por motivos nacionalistas cometidos por palestinianos. A lei n\u00e3o se aplica a israelitas que mate palestinianos e \u00e9 retroativa aos ataques de 7 de outubro de 2023. Consta que condenados ser\u00e3o mantidos numa instala\u00e7\u00e3o separada, sem visitas, com consultas jur\u00eddicas apenas por videoconfer\u00eancia, e que as execu\u00e7\u00f5es ocorrer\u00e3o no prazo de 90 dias ap\u00f3s a senten\u00e7a, por enforcamento. Alemanha, Fran\u00e7a, It\u00e1lia e Reino Unido, entre outros, criticaram a medida, descrevendo-a como discriminat\u00f3ria e pedindo que seja abandonada.","og_url":"https:\/\/portaltela.pt\/noticias\/2026\/03\/30\/israel-aprova-lei-com-pena-de-morte-para-palestinianos-em-ataques-letais\/","og_site_name":"Portal Tela Portugal","article_published_time":"2026-03-30T19:02:14+00:00","author":"Telinha","twitter_card":"summary_large_image","twitter_misc":{"Escrito por":"Telinha","Tempo estimado de leitura":"2 minutos"},"schema":{"@context":"https:\/\/schema.org","@graph":[{"@type":"Article","@id":"https:\/\/portaltela.pt\/noticias\/2026\/03\/30\/israel-aprova-lei-com-pena-de-morte-para-palestinianos-em-ataques-letais\/#article","isPartOf":{"@id":"https:\/\/portaltela.pt\/noticias\/2026\/03\/30\/israel-aprova-lei-com-pena-de-morte-para-palestinianos-em-ataques-letais\/"},"author":{"name":"Telinha","@id":"https:\/\/portaltela.pt\/#\/schema\/person\/c4278d4a6028830caff9ee44b42d32ed"},"headline":"Israel aprova lei com pena de morte para palestinianos em ataques letais","datePublished":"2026-03-30T19:02:14+00:00","mainEntityOfPage":{"@id":"https:\/\/portaltela.pt\/noticias\/2026\/03\/30\/israel-aprova-lei-com-pena-de-morte-para-palestinianos-em-ataques-letais\/"},"wordCount":361,"image":{"@id":"https:\/\/portaltela.pt\/noticias\/2026\/03\/30\/israel-aprova-lei-com-pena-de-morte-para-palestinianos-em-ataques-letais\/#primaryimage"},"thumbnailUrl":"https:\/\/portaltela.pt\/s.01k8rhncp4jt1\/2026\/03\/2078081.jpg","keywords":["conflitos internacionais","direitos civis","direitos humanos","Israel","Palestina","terrorismo"],"articleSection":["Geopol\u00edtica","Internacional"],"inLanguage":"pt-PT"},{"@type":"WebPage","@id":"https:\/\/portaltela.pt\/noticias\/2026\/03\/30\/israel-aprova-lei-com-pena-de-morte-para-palestinianos-em-ataques-letais\/","url":"https:\/\/portaltela.pt\/noticias\/2026\/03\/30\/israel-aprova-lei-com-pena-de-morte-para-palestinianos-em-ataques-letais\/","name":"Israel aprova lei com pena de morte para palestinianos em ataques letais - Portal Tela Portugal","isPartOf":{"@id":"https:\/\/portaltela.pt\/#website"},"primaryImageOfPage":{"@id":"https:\/\/portaltela.pt\/noticias\/2026\/03\/30\/israel-aprova-lei-com-pena-de-morte-para-palestinianos-em-ataques-letais\/#primaryimage"},"image":{"@id":"https:\/\/portaltela.pt\/noticias\/2026\/03\/30\/israel-aprova-lei-com-pena-de-morte-para-palestinianos-em-ataques-letais\/#primaryimage"},"thumbnailUrl":"https:\/\/portaltela.pt\/s.01k8rhncp4jt1\/2026\/03\/2078081.jpg","datePublished":"2026-03-30T19:02:14+00:00","author":{"@id":"https:\/\/portaltela.pt\/#\/schema\/person\/c4278d4a6028830caff9ee44b42d32ed"},"breadcrumb":{"@id":"https:\/\/portaltela.pt\/noticias\/2026\/03\/30\/israel-aprova-lei-com-pena-de-morte-para-palestinianos-em-ataques-letais\/#breadcrumb"},"inLanguage":"pt-PT","potentialAction":[{"@type":"ReadAction","target":["https:\/\/portaltela.pt\/noticias\/2026\/03\/30\/israel-aprova-lei-com-pena-de-morte-para-palestinianos-em-ataques-letais\/"]}]},{"@type":"ImageObject","inLanguage":"pt-PT","@id":"https:\/\/portaltela.pt\/noticias\/2026\/03\/30\/israel-aprova-lei-com-pena-de-morte-para-palestinianos-em-ataques-letais\/#primaryimage","url":"https:\/\/portaltela.pt\/s.01k8rhncp4jt1\/2026\/03\/2078081.jpg","contentUrl":"https:\/\/portaltela.pt\/s.01k8rhncp4jt1\/2026\/03\/2078081.jpg","width":796,"height":448,"caption":"Netanyahu e Ben-Gvir cumprimentam-se no Knesset, o Parlamento de Israel"},{"@type":"BreadcrumbList","@id":"https:\/\/portaltela.pt\/noticias\/2026\/03\/30\/israel-aprova-lei-com-pena-de-morte-para-palestinianos-em-ataques-letais\/#breadcrumb","itemListElement":[{"@type":"ListItem","position":1,"name":"In\u00edcio","item":"https:\/\/portaltela.pt\/"},{"@type":"ListItem","position":2,"name":"Israel aprova lei com pena de morte para palestinianos em ataques letais"}]},{"@type":"WebSite","@id":"https:\/\/portaltela.pt\/#website","url":"https:\/\/portaltela.pt\/","name":"Portal Tela Portugal","description":"","potentialAction":[{"@type":"SearchAction","target":{"@type":"EntryPoint","urlTemplate":"https:\/\/portaltela.pt\/?s={search_term_string}"},"query-input":{"@type":"PropertyValueSpecification","valueRequired":true,"valueName":"search_term_string"}}],"inLanguage":"pt-PT"},{"@type":"Person","@id":"https:\/\/portaltela.pt\/#\/schema\/person\/c4278d4a6028830caff9ee44b42d32ed","name":"Telinha","image":{"@type":"ImageObject","inLanguage":"pt-PT","@id":"https:\/\/portaltela.pt\/s.01k8rhncp4jt1\/2025\/11\/talking-bot-125x125.png","url":"https:\/\/portaltela.pt\/s.01k8rhncp4jt1\/2025\/11\/talking-bot-125x125.png","contentUrl":"https:\/\/portaltela.pt\/s.01k8rhncp4jt1\/2025\/11\/talking-bot-125x125.png","caption":"Telinha"},"sameAs":["https:\/\/portaltela.pt\/"],"url":"https:\/\/portaltela.pt\/por\/367410592786\/"}]}},"_links":{"self":[{"href":"https:\/\/portaltela.pt\/api\/wp\/v2\/posts\/427393","targetHints":{"allow":["GET"]}}],"collection":[{"href":"https:\/\/portaltela.pt\/api\/wp\/v2\/posts"}],"about":[{"href":"https:\/\/portaltela.pt\/api\/wp\/v2\/types\/post"}],"author":[{"embeddable":true,"href":"https:\/\/portaltela.pt\/api\/wp\/v2\/users\/2"}],"replies":[{"embeddable":true,"href":"https:\/\/portaltela.pt\/api\/wp\/v2\/comments?post=427393"}],"version-history":[{"count":0,"href":"https:\/\/portaltela.pt\/api\/wp\/v2\/posts\/427393\/revisions"}],"wp:featuredmedia":[{"embeddable":true,"href":"https:\/\/portaltela.pt\/api\/wp\/v2\/media\/427395"}],"wp:attachment":[{"href":"https:\/\/portaltela.pt\/api\/wp\/v2\/media?parent=427393"}],"wp:term":[{"taxonomy":"category","embeddable":true,"href":"https:\/\/portaltela.pt\/api\/wp\/v2\/categories?post=427393"},{"taxonomy":"post_tag","embeddable":true,"href":"https:\/\/portaltela.pt\/api\/wp\/v2\/tags?post=427393"}],"curies":[{"name":"wp","href":"https:\/\/api.w.org\/{rel}","templated":true}]}}