{"id":427384,"date":"2026-03-30T15:47:21","date_gmt":"2026-03-30T18:47:21","guid":{"rendered":"https:\/\/portaltela.pt\/noticias\/2026\/03\/30\/saramago-passa-a-opcional-aumentando-opcoes-de-leitura-aos-alunos\/"},"modified":"2026-03-30T15:47:21","modified_gmt":"2026-03-30T18:47:21","slug":"saramago-passa-a-opcional-aumentando-opcoes-de-leitura-aos-alunos","status":"publish","type":"post","link":"https:\/\/portaltela.pt\/sociedade\/2026\/03\/30\/saramago-passa-a-opcional-aumentando-opcoes-de-leitura-aos-alunos\/","title":{"rendered":"Saramago passa a opcional, aumentando op\u00e7\u00f5es de leitura aos alunos"},"content":{"rendered":"<p>A leitura de uma obra de Jos\u00e9 Saramago pode deixar de ser obrigat\u00f3ria no 12.\u00ba ano e tornar-se opcional, no \u00e2mbito da revis\u00e3o das Aprendizagens Essenciais em consulta p\u00fablica at\u00e9 28 de abril. A medida visa diversificar as op\u00e7\u00f5es de leitura.<\/p>\n<p>O Minist\u00e9rio da Educa\u00e7\u00e3o, Ci\u00eancia e Inova\u00e7\u00e3o coordena a revis\u00e3o, que dever\u00e1 entrar em vigor no ano letivo 2027\/2028. O objetivo \u00e9 ampliar o leque de escolhas para o ensino de Portugu\u00eas, mantendo a refer\u00eancia a Saramago como autor emblem\u00e1tico.<\/p>\n<p>A Funda\u00e7\u00e3o Jos\u00e9 Saramago questiona a mudan\u00e7a, em comunicado, apontando d\u00favidas sobre o impacto no curr\u00edculo e na leitura dos alunos. A proposta tamb\u00e9m \u00e9 acompanhada por outros participantes do setor educativo.<\/p>\n<h3>Rea\u00e7\u00e3o e perspetivas<\/h3>\n<p>O presidente da Associa\u00e7\u00e3o de Professores de Portugu\u00eas v\u00ea a altera\u00e7\u00e3o como menos controv\u00e9rsia do que parecia, destacando que muitos docentes devem manter Saramago entre as leituras dispon\u00edveis. A mudan\u00e7a n\u00e3o impede a leitura de t\u00edtulos do autor.<\/p>\n<p>A proposta prev\u00ea a substitui\u00e7\u00e3o de leituras atuais por outras op\u00e7\u00f5es, como A Morte de Ricardo Reis ou Memorial do Convento, com a possibilidade de incluir Um Deus Passeando pela Brisa da Tarde, de M\u00e1rio de Carvalho. Ces\u00e1rio Verde passa a integrar o 11.\u00ba ano, e surgem op\u00e7\u00f5es de teatro.<\/p>\n<h3>Detalhes da proposta<\/h3>\n<p>Para o 12.\u00ba ano, h\u00e1 a hip\u00f3tese de escolher entre duas obras de Saramago ou outra leitura correspondente, com contratos de leitura entre aluno e professor. Os contratos visam ampliar atividades como apresenta\u00e7\u00f5es orais, portf\u00f3lios, v\u00eddeos ou banda desenhada, estimulando uma leitura mais frequente.<\/p>\n","protected":false},"excerpt":{"rendered":"<ul>\n<li>A leitura de uma obra de Jos\u00e9 Saramago pode tornar-se opcional no 12.\u00ba ano de Portugu\u00eas, conforme a proposta de revis\u00e3o das Aprendizagens Essenciais em consulta p\u00fablica at\u00e9 28 de abril.<\/li>\n<li>As novas Aprendizagens Essenciais devem entrar em vigor no ano letivo de 2027\/2028, com o ministro a afirmar que a proposta \u00e9 preliminar e tecnicamente orientada.<\/li>\n<li>A Funda\u00e7\u00e3o Jos\u00e9 Saramago questiona a altera\u00e7\u00e3o, em comunicado.<\/li>\n<li>A leitura obrigat\u00f3ria de Memorial do Convento ou Ano da Morte de Ricardo Reis pode dar lugar a outras obras, como Um Deus passeando pela brisa da tarde, de M\u00e1rio de Carvalho; Ces\u00e1rio Verde passa a 11.\u00ba ano; e pode haver escolha entre seis pe\u00e7as de teatro.<\/li>\n<li>O objetivo \u00e9 aumentar o h\u00e1bito de leitura entre os alunos, atrav\u00e9s de contratos de leitura entre aluno e professor, com v\u00e1rias op\u00e7\u00f5es que permitem desenvolver apresenta\u00e7\u00f5es, portf\u00f3lios, v\u00eddeos ou banda desenhada.<\/li>\n<\/ul>\n","protected":false},"author":2,"featured_media":427390,"comment_status":"closed","ping_status":"closed","sticky":false,"template":"","format":"standard","meta":{"footnotes":""},"categories":[1,6871],"tags":[145,163,2443,92,106,5200],"class_list":["post-427384","post","type-post","status-publish","format-standard","has-post-thumbnail","hentry","category-noticias","category-sociedade","tag-cultura","tag-educacao","tag-educacao-publica","tag-ensino","tag-literatura","tag-literatura-comparada"],"yoast_head":"<!-- This site is optimized with the Yoast SEO plugin v27.2 - https:\/\/yoast.com\/product\/yoast-seo-wordpress\/ -->\n<title>Saramago passa a opcional, aumentando op\u00e7\u00f5es de leitura aos alunos - Portal Tela Portugal<\/title>\n<meta name=\"robots\" content=\"index, follow, max-snippet:-1, max-image-preview:large, max-video-preview:-1\" \/>\n<meta property=\"og:locale\" content=\"pt_PT\" \/>\n<meta property=\"og:type\" content=\"article\" \/>\n<meta property=\"og:title\" content=\"Saramago passa a opcional, aumentando op\u00e7\u00f5es de leitura aos alunos - Portal Tela Portugal\" \/>\n<meta property=\"og:description\" content=\"A leitura de uma obra de Jos\u00e9 Saramago pode tornar-se opcional no 12.\u00ba ano de Portugu\u00eas, conforme a proposta de revis\u00e3o das Aprendizagens Essenciais em consulta p\u00fablica at\u00e9 28 de abril. As novas Aprendizagens Essenciais devem entrar em vigor no ano letivo de 2027\/2028, com o ministro a afirmar que a proposta \u00e9 preliminar e tecnicamente orientada. A Funda\u00e7\u00e3o Jos\u00e9 Saramago questiona a altera\u00e7\u00e3o, em comunicado. A leitura obrigat\u00f3ria de Memorial do Convento ou Ano da Morte de Ricardo Reis pode dar lugar a outras obras, como Um Deus passeando pela brisa da tarde, de M\u00e1rio de Carvalho; Ces\u00e1rio Verde passa a 11.\u00ba ano; e pode haver escolha entre seis pe\u00e7as de teatro. O objetivo \u00e9 aumentar o h\u00e1bito de leitura entre os alunos, atrav\u00e9s de contratos de leitura entre aluno e professor, com v\u00e1rias op\u00e7\u00f5es que permitem desenvolver apresenta\u00e7\u00f5es, portf\u00f3lios, v\u00eddeos ou banda desenhada.\" \/>\n<meta property=\"og:url\" content=\"https:\/\/portaltela.pt\/noticias\/2026\/03\/30\/saramago-passa-a-opcional-aumentando-opcoes-de-leitura-aos-alunos\/\" \/>\n<meta property=\"og:site_name\" content=\"Portal Tela Portugal\" \/>\n<meta property=\"article:published_time\" content=\"2026-03-30T18:47:21+00:00\" \/>\n<meta name=\"author\" content=\"Telinha\" \/>\n<meta name=\"twitter:card\" content=\"summary_large_image\" \/>\n<meta name=\"twitter:label1\" content=\"Escrito por\" \/>\n\t<meta name=\"twitter:data1\" content=\"Telinha\" \/>\n\t<meta name=\"twitter:label2\" content=\"Tempo estimado de leitura\" \/>\n\t<meta name=\"twitter:data2\" content=\"1 minuto\" \/>\n<script type=\"application\/ld+json\" class=\"yoast-schema-graph\">{\"@context\":\"https:\/\/schema.org\",\"@graph\":[{\"@type\":\"Article\",\"@id\":\"https:\/\/portaltela.pt\/noticias\/2026\/03\/30\/saramago-passa-a-opcional-aumentando-opcoes-de-leitura-aos-alunos\/#article\",\"isPartOf\":{\"@id\":\"https:\/\/portaltela.pt\/noticias\/2026\/03\/30\/saramago-passa-a-opcional-aumentando-opcoes-de-leitura-aos-alunos\/\"},\"author\":{\"name\":\"Telinha\",\"@id\":\"https:\/\/portaltela.pt\/#\/schema\/person\/c4278d4a6028830caff9ee44b42d32ed\"},\"headline\":\"Saramago passa a opcional, aumentando op\u00e7\u00f5es de leitura aos alunos\",\"datePublished\":\"2026-03-30T18:47:21+00:00\",\"mainEntityOfPage\":{\"@id\":\"https:\/\/portaltela.pt\/noticias\/2026\/03\/30\/saramago-passa-a-opcional-aumentando-opcoes-de-leitura-aos-alunos\/\"},\"wordCount\":290,\"image\":{\"@id\":\"https:\/\/portaltela.pt\/noticias\/2026\/03\/30\/saramago-passa-a-opcional-aumentando-opcoes-de-leitura-aos-alunos\/#primaryimage\"},\"thumbnailUrl\":\"https:\/\/portaltela.pt\/s.01k8rhncp4jt1\/2026\/03\/image-1837.jpg\",\"keywords\":[\"cultura\",\"educa\u00e7\u00e3o\",\"educa\u00e7\u00e3o p\u00fablica\",\"ensino\",\"literatura\",\"Literatura Comparada\"],\"articleSection\":[\"Not\u00edcias\",\"Sociedade\"],\"inLanguage\":\"pt-PT\"},{\"@type\":\"WebPage\",\"@id\":\"https:\/\/portaltela.pt\/noticias\/2026\/03\/30\/saramago-passa-a-opcional-aumentando-opcoes-de-leitura-aos-alunos\/\",\"url\":\"https:\/\/portaltela.pt\/noticias\/2026\/03\/30\/saramago-passa-a-opcional-aumentando-opcoes-de-leitura-aos-alunos\/\",\"name\":\"Saramago passa a opcional, aumentando op\u00e7\u00f5es de leitura aos alunos - Portal Tela Portugal\",\"isPartOf\":{\"@id\":\"https:\/\/portaltela.pt\/#website\"},\"primaryImageOfPage\":{\"@id\":\"https:\/\/portaltela.pt\/noticias\/2026\/03\/30\/saramago-passa-a-opcional-aumentando-opcoes-de-leitura-aos-alunos\/#primaryimage\"},\"image\":{\"@id\":\"https:\/\/portaltela.pt\/noticias\/2026\/03\/30\/saramago-passa-a-opcional-aumentando-opcoes-de-leitura-aos-alunos\/#primaryimage\"},\"thumbnailUrl\":\"https:\/\/portaltela.pt\/s.01k8rhncp4jt1\/2026\/03\/image-1837.jpg\",\"datePublished\":\"2026-03-30T18:47:21+00:00\",\"author\":{\"@id\":\"https:\/\/portaltela.pt\/#\/schema\/person\/c4278d4a6028830caff9ee44b42d32ed\"},\"breadcrumb\":{\"@id\":\"https:\/\/portaltela.pt\/noticias\/2026\/03\/30\/saramago-passa-a-opcional-aumentando-opcoes-de-leitura-aos-alunos\/#breadcrumb\"},\"inLanguage\":\"pt-PT\",\"potentialAction\":[{\"@type\":\"ReadAction\",\"target\":[\"https:\/\/portaltela.pt\/noticias\/2026\/03\/30\/saramago-passa-a-opcional-aumentando-opcoes-de-leitura-aos-alunos\/\"]}]},{\"@type\":\"ImageObject\",\"inLanguage\":\"pt-PT\",\"@id\":\"https:\/\/portaltela.pt\/noticias\/2026\/03\/30\/saramago-passa-a-opcional-aumentando-opcoes-de-leitura-aos-alunos\/#primaryimage\",\"url\":\"https:\/\/portaltela.pt\/s.01k8rhncp4jt1\/2026\/03\/image-1837.jpg\",\"contentUrl\":\"https:\/\/portaltela.pt\/s.01k8rhncp4jt1\/2026\/03\/image-1837.jpg\",\"width\":796,\"height\":448,\"caption\":\"Alunos do Secund\u00e1rio deviam ler 60 minutos por dia\"},{\"@type\":\"BreadcrumbList\",\"@id\":\"https:\/\/portaltela.pt\/noticias\/2026\/03\/30\/saramago-passa-a-opcional-aumentando-opcoes-de-leitura-aos-alunos\/#breadcrumb\",\"itemListElement\":[{\"@type\":\"ListItem\",\"position\":1,\"name\":\"In\u00edcio\",\"item\":\"https:\/\/portaltela.pt\/\"},{\"@type\":\"ListItem\",\"position\":2,\"name\":\"Saramago passa a opcional, aumentando op\u00e7\u00f5es de leitura aos alunos\"}]},{\"@type\":\"WebSite\",\"@id\":\"https:\/\/portaltela.pt\/#website\",\"url\":\"https:\/\/portaltela.pt\/\",\"name\":\"Portal Tela Portugal\",\"description\":\"\",\"potentialAction\":[{\"@type\":\"SearchAction\",\"target\":{\"@type\":\"EntryPoint\",\"urlTemplate\":\"https:\/\/portaltela.pt\/?s={search_term_string}\"},\"query-input\":{\"@type\":\"PropertyValueSpecification\",\"valueRequired\":true,\"valueName\":\"search_term_string\"}}],\"inLanguage\":\"pt-PT\"},{\"@type\":\"Person\",\"@id\":\"https:\/\/portaltela.pt\/#\/schema\/person\/c4278d4a6028830caff9ee44b42d32ed\",\"name\":\"Telinha\",\"image\":{\"@type\":\"ImageObject\",\"inLanguage\":\"pt-PT\",\"@id\":\"https:\/\/portaltela.pt\/s.01k8rhncp4jt1\/2025\/11\/talking-bot-125x125.png\",\"url\":\"https:\/\/portaltela.pt\/s.01k8rhncp4jt1\/2025\/11\/talking-bot-125x125.png\",\"contentUrl\":\"https:\/\/portaltela.pt\/s.01k8rhncp4jt1\/2025\/11\/talking-bot-125x125.png\",\"caption\":\"Telinha\"},\"sameAs\":[\"https:\/\/portaltela.pt\/\"],\"url\":\"https:\/\/portaltela.pt\/por\/367410592786\/\"}]}<\/script>\n<!-- \/ Yoast SEO plugin. -->","yoast_head_json":{"title":"Saramago passa a opcional, aumentando op\u00e7\u00f5es de leitura aos alunos - Portal Tela Portugal","robots":{"index":"index","follow":"follow","max-snippet":"max-snippet:-1","max-image-preview":"max-image-preview:large","max-video-preview":"max-video-preview:-1"},"og_locale":"pt_PT","og_type":"article","og_title":"Saramago passa a opcional, aumentando op\u00e7\u00f5es de leitura aos alunos - Portal Tela Portugal","og_description":"A leitura de uma obra de Jos\u00e9 Saramago pode tornar-se opcional no 12.\u00ba ano de Portugu\u00eas, conforme a proposta de revis\u00e3o das Aprendizagens Essenciais em consulta p\u00fablica at\u00e9 28 de abril. As novas Aprendizagens Essenciais devem entrar em vigor no ano letivo de 2027\/2028, com o ministro a afirmar que a proposta \u00e9 preliminar e tecnicamente orientada. A Funda\u00e7\u00e3o Jos\u00e9 Saramago questiona a altera\u00e7\u00e3o, em comunicado. A leitura obrigat\u00f3ria de Memorial do Convento ou Ano da Morte de Ricardo Reis pode dar lugar a outras obras, como Um Deus passeando pela brisa da tarde, de M\u00e1rio de Carvalho; Ces\u00e1rio Verde passa a 11.\u00ba ano; e pode haver escolha entre seis pe\u00e7as de teatro. O objetivo \u00e9 aumentar o h\u00e1bito de leitura entre os alunos, atrav\u00e9s de contratos de leitura entre aluno e professor, com v\u00e1rias op\u00e7\u00f5es que permitem desenvolver apresenta\u00e7\u00f5es, portf\u00f3lios, v\u00eddeos ou banda desenhada.","og_url":"https:\/\/portaltela.pt\/noticias\/2026\/03\/30\/saramago-passa-a-opcional-aumentando-opcoes-de-leitura-aos-alunos\/","og_site_name":"Portal Tela Portugal","article_published_time":"2026-03-30T18:47:21+00:00","author":"Telinha","twitter_card":"summary_large_image","twitter_misc":{"Escrito por":"Telinha","Tempo estimado de leitura":"1 minuto"},"schema":{"@context":"https:\/\/schema.org","@graph":[{"@type":"Article","@id":"https:\/\/portaltela.pt\/noticias\/2026\/03\/30\/saramago-passa-a-opcional-aumentando-opcoes-de-leitura-aos-alunos\/#article","isPartOf":{"@id":"https:\/\/portaltela.pt\/noticias\/2026\/03\/30\/saramago-passa-a-opcional-aumentando-opcoes-de-leitura-aos-alunos\/"},"author":{"name":"Telinha","@id":"https:\/\/portaltela.pt\/#\/schema\/person\/c4278d4a6028830caff9ee44b42d32ed"},"headline":"Saramago passa a opcional, aumentando op\u00e7\u00f5es de leitura aos alunos","datePublished":"2026-03-30T18:47:21+00:00","mainEntityOfPage":{"@id":"https:\/\/portaltela.pt\/noticias\/2026\/03\/30\/saramago-passa-a-opcional-aumentando-opcoes-de-leitura-aos-alunos\/"},"wordCount":290,"image":{"@id":"https:\/\/portaltela.pt\/noticias\/2026\/03\/30\/saramago-passa-a-opcional-aumentando-opcoes-de-leitura-aos-alunos\/#primaryimage"},"thumbnailUrl":"https:\/\/portaltela.pt\/s.01k8rhncp4jt1\/2026\/03\/image-1837.jpg","keywords":["cultura","educa\u00e7\u00e3o","educa\u00e7\u00e3o p\u00fablica","ensino","literatura","Literatura Comparada"],"articleSection":["Not\u00edcias","Sociedade"],"inLanguage":"pt-PT"},{"@type":"WebPage","@id":"https:\/\/portaltela.pt\/noticias\/2026\/03\/30\/saramago-passa-a-opcional-aumentando-opcoes-de-leitura-aos-alunos\/","url":"https:\/\/portaltela.pt\/noticias\/2026\/03\/30\/saramago-passa-a-opcional-aumentando-opcoes-de-leitura-aos-alunos\/","name":"Saramago passa a opcional, aumentando op\u00e7\u00f5es de leitura aos alunos - Portal Tela Portugal","isPartOf":{"@id":"https:\/\/portaltela.pt\/#website"},"primaryImageOfPage":{"@id":"https:\/\/portaltela.pt\/noticias\/2026\/03\/30\/saramago-passa-a-opcional-aumentando-opcoes-de-leitura-aos-alunos\/#primaryimage"},"image":{"@id":"https:\/\/portaltela.pt\/noticias\/2026\/03\/30\/saramago-passa-a-opcional-aumentando-opcoes-de-leitura-aos-alunos\/#primaryimage"},"thumbnailUrl":"https:\/\/portaltela.pt\/s.01k8rhncp4jt1\/2026\/03\/image-1837.jpg","datePublished":"2026-03-30T18:47:21+00:00","author":{"@id":"https:\/\/portaltela.pt\/#\/schema\/person\/c4278d4a6028830caff9ee44b42d32ed"},"breadcrumb":{"@id":"https:\/\/portaltela.pt\/noticias\/2026\/03\/30\/saramago-passa-a-opcional-aumentando-opcoes-de-leitura-aos-alunos\/#breadcrumb"},"inLanguage":"pt-PT","potentialAction":[{"@type":"ReadAction","target":["https:\/\/portaltela.pt\/noticias\/2026\/03\/30\/saramago-passa-a-opcional-aumentando-opcoes-de-leitura-aos-alunos\/"]}]},{"@type":"ImageObject","inLanguage":"pt-PT","@id":"https:\/\/portaltela.pt\/noticias\/2026\/03\/30\/saramago-passa-a-opcional-aumentando-opcoes-de-leitura-aos-alunos\/#primaryimage","url":"https:\/\/portaltela.pt\/s.01k8rhncp4jt1\/2026\/03\/image-1837.jpg","contentUrl":"https:\/\/portaltela.pt\/s.01k8rhncp4jt1\/2026\/03\/image-1837.jpg","width":796,"height":448,"caption":"Alunos do Secund\u00e1rio deviam ler 60 minutos por dia"},{"@type":"BreadcrumbList","@id":"https:\/\/portaltela.pt\/noticias\/2026\/03\/30\/saramago-passa-a-opcional-aumentando-opcoes-de-leitura-aos-alunos\/#breadcrumb","itemListElement":[{"@type":"ListItem","position":1,"name":"In\u00edcio","item":"https:\/\/portaltela.pt\/"},{"@type":"ListItem","position":2,"name":"Saramago passa a opcional, aumentando op\u00e7\u00f5es de leitura aos alunos"}]},{"@type":"WebSite","@id":"https:\/\/portaltela.pt\/#website","url":"https:\/\/portaltela.pt\/","name":"Portal Tela Portugal","description":"","potentialAction":[{"@type":"SearchAction","target":{"@type":"EntryPoint","urlTemplate":"https:\/\/portaltela.pt\/?s={search_term_string}"},"query-input":{"@type":"PropertyValueSpecification","valueRequired":true,"valueName":"search_term_string"}}],"inLanguage":"pt-PT"},{"@type":"Person","@id":"https:\/\/portaltela.pt\/#\/schema\/person\/c4278d4a6028830caff9ee44b42d32ed","name":"Telinha","image":{"@type":"ImageObject","inLanguage":"pt-PT","@id":"https:\/\/portaltela.pt\/s.01k8rhncp4jt1\/2025\/11\/talking-bot-125x125.png","url":"https:\/\/portaltela.pt\/s.01k8rhncp4jt1\/2025\/11\/talking-bot-125x125.png","contentUrl":"https:\/\/portaltela.pt\/s.01k8rhncp4jt1\/2025\/11\/talking-bot-125x125.png","caption":"Telinha"},"sameAs":["https:\/\/portaltela.pt\/"],"url":"https:\/\/portaltela.pt\/por\/367410592786\/"}]}},"_links":{"self":[{"href":"https:\/\/portaltela.pt\/api\/wp\/v2\/posts\/427384","targetHints":{"allow":["GET"]}}],"collection":[{"href":"https:\/\/portaltela.pt\/api\/wp\/v2\/posts"}],"about":[{"href":"https:\/\/portaltela.pt\/api\/wp\/v2\/types\/post"}],"author":[{"embeddable":true,"href":"https:\/\/portaltela.pt\/api\/wp\/v2\/users\/2"}],"replies":[{"embeddable":true,"href":"https:\/\/portaltela.pt\/api\/wp\/v2\/comments?post=427384"}],"version-history":[{"count":0,"href":"https:\/\/portaltela.pt\/api\/wp\/v2\/posts\/427384\/revisions"}],"wp:featuredmedia":[{"embeddable":true,"href":"https:\/\/portaltela.pt\/api\/wp\/v2\/media\/427390"}],"wp:attachment":[{"href":"https:\/\/portaltela.pt\/api\/wp\/v2\/media?parent=427384"}],"wp:term":[{"taxonomy":"category","embeddable":true,"href":"https:\/\/portaltela.pt\/api\/wp\/v2\/categories?post=427384"},{"taxonomy":"post_tag","embeddable":true,"href":"https:\/\/portaltela.pt\/api\/wp\/v2\/tags?post=427384"}],"curies":[{"name":"wp","href":"https:\/\/api.w.org\/{rel}","templated":true}]}}