{"id":427382,"date":"2026-03-30T15:47:18","date_gmt":"2026-03-30T18:47:18","guid":{"rendered":"https:\/\/portaltela.pt\/noticias\/2026\/03\/30\/salah-desaconselhado-a-transferir-se-para-a-mls-referencia-a-messi\/"},"modified":"2026-03-30T15:47:18","modified_gmt":"2026-03-30T18:47:18","slug":"salah-desaconselhado-a-transferir-se-para-a-mls-referencia-a-messi","status":"publish","type":"post","link":"https:\/\/portaltela.pt\/desporto\/futebol\/2026\/03\/30\/salah-desaconselhado-a-transferir-se-para-a-mls-referencia-a-messi\/","title":{"rendered":"Salah desaconselhado a transferir-se para a MLS, refer\u00eancia a Messi"},"content":{"rendered":"<p>Mohamed Salah, que anunciou recentemente a sa\u00edda do Liverpool, est\u00e1 a ver o seu futuro ser tema de v\u00e1rias especula\u00e7\u00f5es, incluindo possibilidades na Europa, na MLS e na liga saudita. O extremo eg\u00edpcio ainda n\u00e3o tomou uma decis\u00e3o definitiva.<\/p>\n<p>Ibrahim Hassan, diretor da selecci\u00f3n do Egito, afirmou que prefere ver Salah a manter-se num campeonato competitivo da Europa. Entre as hip\u00f3teses mencionadas est\u00e3o clubes como Paris Saint-Germain, Bayern de Munique e forma\u00e7\u00f5es da Serie A, sem confirmar propostas formais.<\/p>\n<p>O respons\u00e1vel eg\u00edpcio indicou que uma transfer\u00eancia para a MLS seria desfavor\u00e1vel, pois o jogador ficaria menos vis\u00edvel. Caso Salah opte por sair da Europa, Hassan sugeriu a liga saudita como op\u00e7\u00e3o vi\u00e1vel, sobretudo para manter o jogador sob holofotes com nomes como Cristiano Ronaldo.<\/p>\n<p>Don Garber, comiss\u00e1rio da MLS, j\u00e1 manifestou publicamente o interesse em ver Salah na liga norte-americana. No entanto, at\u00e9 ao momento n\u00e3o h\u00e1 qualquer indica\u00e7\u00e3o de abordagem oficial por parte de clubes da MLS.<\/p>\n<p>A sa\u00edda de Salah do Liverpool ocorreu h\u00e1 pouco tempo, abrindo o leque de destinos em que o jogador poder\u00e1 atuar na pr\u00f3xima temporada. Os pr\u00f3ximos meses dever\u00e3o trazer mais detalhes sobre o caminho escolhido pelo capit\u00e3o da sele\u00e7\u00e3o eg\u00edpcia.<\/p>\n","protected":false},"excerpt":{"rendered":"<ul>\n<li>Mohamed Salah anunciou a sa\u00edda do Liverpool; o jogador ainda n\u00e3o definiu o destino e surge interesse de v\u00e1rias ligas.<\/li>\n<li>Ibrahim Hassan, diretor da sele\u00e7\u00e3o do Egito, preferia que Salah ficasse na Europa ou seguisse para a Liga Saudita, afastando a MLS.<\/li>\n<li>Hassan citou poss\u00edveis propostas do Paris Saint-Germain, Bayern de Munique e clubes da S\u00e9rie A italiana; a MLS seria uma op\u00e7\u00e3o menos favor\u00e1vel pela visibilidade.<\/li>\n<li>Caso saia da Europa, o dirigente sugeriu a liga saudita como boa op\u00e7\u00e3o, destacando exemplos como Cristiano Ronaldo.<\/li>\n<li>O comiss\u00e1rio da MLS, Don Garber, afirmou que adoraria ver Salah na liga, mesmo sem qualquer negocia\u00e7\u00e3o anunciada at\u00e9 ao momento.<\/li>\n<\/ul>\n","protected":false},"author":2,"featured_media":427385,"comment_status":"closed","ping_status":"closed","sticky":false,"template":"","format":"standard","meta":{"footnotes":""},"categories":[21,24],"tags":[1720,1947,32,1982,2057,2062],"class_list":["post-427382","post","type-post","status-publish","format-standard","has-post-thumbnail","hentry","category-desporto","category-futebol","tag-bayern-munique","tag-cristiano-ronaldo","tag-futebol","tag-paris-saint-germain","tag-selecao-nacional","tag-serie-a"],"yoast_head":"<!-- This site is optimized with the Yoast SEO plugin v27.2 - https:\/\/yoast.com\/product\/yoast-seo-wordpress\/ -->\n<title>Salah desaconselhado a transferir-se para a MLS, refer\u00eancia a Messi - Portal Tela Portugal<\/title>\n<meta name=\"robots\" content=\"index, follow, max-snippet:-1, max-image-preview:large, max-video-preview:-1\" \/>\n<meta property=\"og:locale\" content=\"pt_PT\" \/>\n<meta property=\"og:type\" content=\"article\" \/>\n<meta property=\"og:title\" content=\"Salah desaconselhado a transferir-se para a MLS, refer\u00eancia a Messi - Portal Tela Portugal\" \/>\n<meta property=\"og:description\" content=\"Mohamed Salah anunciou a sa\u00edda do Liverpool; o jogador ainda n\u00e3o definiu o destino e surge interesse de v\u00e1rias ligas. Ibrahim Hassan, diretor da sele\u00e7\u00e3o do Egito, preferia que Salah ficasse na Europa ou seguisse para a Liga Saudita, afastando a MLS. Hassan citou poss\u00edveis propostas do Paris Saint-Germain, Bayern de Munique e clubes da S\u00e9rie A italiana; a MLS seria uma op\u00e7\u00e3o menos favor\u00e1vel pela visibilidade. Caso saia da Europa, o dirigente sugeriu a liga saudita como boa op\u00e7\u00e3o, destacando exemplos como Cristiano Ronaldo. O comiss\u00e1rio da MLS, Don Garber, afirmou que adoraria ver Salah na liga, mesmo sem qualquer negocia\u00e7\u00e3o anunciada at\u00e9 ao momento.\" \/>\n<meta property=\"og:url\" content=\"https:\/\/portaltela.pt\/noticias\/2026\/03\/30\/salah-desaconselhado-a-transferir-se-para-a-mls-referencia-a-messi\/\" \/>\n<meta property=\"og:site_name\" content=\"Portal Tela Portugal\" \/>\n<meta property=\"article:published_time\" content=\"2026-03-30T18:47:18+00:00\" \/>\n<meta name=\"author\" content=\"Telinha\" \/>\n<meta name=\"twitter:card\" content=\"summary_large_image\" \/>\n<meta name=\"twitter:label1\" content=\"Escrito por\" \/>\n\t<meta name=\"twitter:data1\" content=\"Telinha\" \/>\n\t<meta name=\"twitter:label2\" content=\"Tempo estimado de leitura\" \/>\n\t<meta name=\"twitter:data2\" content=\"1 minuto\" \/>\n<script type=\"application\/ld+json\" class=\"yoast-schema-graph\">{\"@context\":\"https:\/\/schema.org\",\"@graph\":[{\"@type\":\"Article\",\"@id\":\"https:\/\/portaltela.pt\/noticias\/2026\/03\/30\/salah-desaconselhado-a-transferir-se-para-a-mls-referencia-a-messi\/#article\",\"isPartOf\":{\"@id\":\"https:\/\/portaltela.pt\/noticias\/2026\/03\/30\/salah-desaconselhado-a-transferir-se-para-a-mls-referencia-a-messi\/\"},\"author\":{\"name\":\"Telinha\",\"@id\":\"https:\/\/portaltela.pt\/#\/schema\/person\/c4278d4a6028830caff9ee44b42d32ed\"},\"headline\":\"Salah desaconselhado a transferir-se para a MLS, refer\u00eancia a Messi\",\"datePublished\":\"2026-03-30T18:47:18+00:00\",\"mainEntityOfPage\":{\"@id\":\"https:\/\/portaltela.pt\/noticias\/2026\/03\/30\/salah-desaconselhado-a-transferir-se-para-a-mls-referencia-a-messi\/\"},\"wordCount\":236,\"image\":{\"@id\":\"https:\/\/portaltela.pt\/noticias\/2026\/03\/30\/salah-desaconselhado-a-transferir-se-para-a-mls-referencia-a-messi\/#primaryimage\"},\"thumbnailUrl\":\"https:\/\/portaltela.pt\/s.01k8rhncp4jt1\/2026\/03\/img_920x518uu2026-03-30-19-32-03-2430150-im-639104959375478998.jpg\",\"keywords\":[\"Bayern Munique\",\"Cristiano Ronaldo\",\"futebol\",\"Paris Saint-Germain\",\"Sele\u00e7\u00e3o Nacional\",\"S\u00e9rie A\"],\"articleSection\":[\"Desporto\",\"Futebol\"],\"inLanguage\":\"pt-PT\"},{\"@type\":\"WebPage\",\"@id\":\"https:\/\/portaltela.pt\/noticias\/2026\/03\/30\/salah-desaconselhado-a-transferir-se-para-a-mls-referencia-a-messi\/\",\"url\":\"https:\/\/portaltela.pt\/noticias\/2026\/03\/30\/salah-desaconselhado-a-transferir-se-para-a-mls-referencia-a-messi\/\",\"name\":\"Salah desaconselhado a transferir-se para a MLS, refer\u00eancia a Messi - Portal Tela Portugal\",\"isPartOf\":{\"@id\":\"https:\/\/portaltela.pt\/#website\"},\"primaryImageOfPage\":{\"@id\":\"https:\/\/portaltela.pt\/noticias\/2026\/03\/30\/salah-desaconselhado-a-transferir-se-para-a-mls-referencia-a-messi\/#primaryimage\"},\"image\":{\"@id\":\"https:\/\/portaltela.pt\/noticias\/2026\/03\/30\/salah-desaconselhado-a-transferir-se-para-a-mls-referencia-a-messi\/#primaryimage\"},\"thumbnailUrl\":\"https:\/\/portaltela.pt\/s.01k8rhncp4jt1\/2026\/03\/img_920x518uu2026-03-30-19-32-03-2430150-im-639104959375478998.jpg\",\"datePublished\":\"2026-03-30T18:47:18+00:00\",\"author\":{\"@id\":\"https:\/\/portaltela.pt\/#\/schema\/person\/c4278d4a6028830caff9ee44b42d32ed\"},\"breadcrumb\":{\"@id\":\"https:\/\/portaltela.pt\/noticias\/2026\/03\/30\/salah-desaconselhado-a-transferir-se-para-a-mls-referencia-a-messi\/#breadcrumb\"},\"inLanguage\":\"pt-PT\",\"potentialAction\":[{\"@type\":\"ReadAction\",\"target\":[\"https:\/\/portaltela.pt\/noticias\/2026\/03\/30\/salah-desaconselhado-a-transferir-se-para-a-mls-referencia-a-messi\/\"]}]},{\"@type\":\"ImageObject\",\"inLanguage\":\"pt-PT\",\"@id\":\"https:\/\/portaltela.pt\/noticias\/2026\/03\/30\/salah-desaconselhado-a-transferir-se-para-a-mls-referencia-a-messi\/#primaryimage\",\"url\":\"https:\/\/portaltela.pt\/s.01k8rhncp4jt1\/2026\/03\/img_920x518uu2026-03-30-19-32-03-2430150-im-639104959375478998.jpg\",\"contentUrl\":\"https:\/\/portaltela.pt\/s.01k8rhncp4jt1\/2026\/03\/img_920x518uu2026-03-30-19-32-03-2430150-im-639104959375478998.jpg\",\"width\":796,\"height\":448,\"caption\":\"Mohamed Salah\"},{\"@type\":\"BreadcrumbList\",\"@id\":\"https:\/\/portaltela.pt\/noticias\/2026\/03\/30\/salah-desaconselhado-a-transferir-se-para-a-mls-referencia-a-messi\/#breadcrumb\",\"itemListElement\":[{\"@type\":\"ListItem\",\"position\":1,\"name\":\"In\u00edcio\",\"item\":\"https:\/\/portaltela.pt\/\"},{\"@type\":\"ListItem\",\"position\":2,\"name\":\"Salah desaconselhado a transferir-se para a MLS, refer\u00eancia a Messi\"}]},{\"@type\":\"WebSite\",\"@id\":\"https:\/\/portaltela.pt\/#website\",\"url\":\"https:\/\/portaltela.pt\/\",\"name\":\"Portal Tela Portugal\",\"description\":\"\",\"potentialAction\":[{\"@type\":\"SearchAction\",\"target\":{\"@type\":\"EntryPoint\",\"urlTemplate\":\"https:\/\/portaltela.pt\/?s={search_term_string}\"},\"query-input\":{\"@type\":\"PropertyValueSpecification\",\"valueRequired\":true,\"valueName\":\"search_term_string\"}}],\"inLanguage\":\"pt-PT\"},{\"@type\":\"Person\",\"@id\":\"https:\/\/portaltela.pt\/#\/schema\/person\/c4278d4a6028830caff9ee44b42d32ed\",\"name\":\"Telinha\",\"image\":{\"@type\":\"ImageObject\",\"inLanguage\":\"pt-PT\",\"@id\":\"https:\/\/portaltela.pt\/s.01k8rhncp4jt1\/2025\/11\/talking-bot-125x125.png\",\"url\":\"https:\/\/portaltela.pt\/s.01k8rhncp4jt1\/2025\/11\/talking-bot-125x125.png\",\"contentUrl\":\"https:\/\/portaltela.pt\/s.01k8rhncp4jt1\/2025\/11\/talking-bot-125x125.png\",\"caption\":\"Telinha\"},\"sameAs\":[\"https:\/\/portaltela.pt\/\"],\"url\":\"https:\/\/portaltela.pt\/por\/367410592786\/\"}]}<\/script>\n<!-- \/ Yoast SEO plugin. -->","yoast_head_json":{"title":"Salah desaconselhado a transferir-se para a MLS, refer\u00eancia a Messi - Portal Tela Portugal","robots":{"index":"index","follow":"follow","max-snippet":"max-snippet:-1","max-image-preview":"max-image-preview:large","max-video-preview":"max-video-preview:-1"},"og_locale":"pt_PT","og_type":"article","og_title":"Salah desaconselhado a transferir-se para a MLS, refer\u00eancia a Messi - Portal Tela Portugal","og_description":"Mohamed Salah anunciou a sa\u00edda do Liverpool; o jogador ainda n\u00e3o definiu o destino e surge interesse de v\u00e1rias ligas. Ibrahim Hassan, diretor da sele\u00e7\u00e3o do Egito, preferia que Salah ficasse na Europa ou seguisse para a Liga Saudita, afastando a MLS. Hassan citou poss\u00edveis propostas do Paris Saint-Germain, Bayern de Munique e clubes da S\u00e9rie A italiana; a MLS seria uma op\u00e7\u00e3o menos favor\u00e1vel pela visibilidade. Caso saia da Europa, o dirigente sugeriu a liga saudita como boa op\u00e7\u00e3o, destacando exemplos como Cristiano Ronaldo. O comiss\u00e1rio da MLS, Don Garber, afirmou que adoraria ver Salah na liga, mesmo sem qualquer negocia\u00e7\u00e3o anunciada at\u00e9 ao momento.","og_url":"https:\/\/portaltela.pt\/noticias\/2026\/03\/30\/salah-desaconselhado-a-transferir-se-para-a-mls-referencia-a-messi\/","og_site_name":"Portal Tela Portugal","article_published_time":"2026-03-30T18:47:18+00:00","author":"Telinha","twitter_card":"summary_large_image","twitter_misc":{"Escrito por":"Telinha","Tempo estimado de leitura":"1 minuto"},"schema":{"@context":"https:\/\/schema.org","@graph":[{"@type":"Article","@id":"https:\/\/portaltela.pt\/noticias\/2026\/03\/30\/salah-desaconselhado-a-transferir-se-para-a-mls-referencia-a-messi\/#article","isPartOf":{"@id":"https:\/\/portaltela.pt\/noticias\/2026\/03\/30\/salah-desaconselhado-a-transferir-se-para-a-mls-referencia-a-messi\/"},"author":{"name":"Telinha","@id":"https:\/\/portaltela.pt\/#\/schema\/person\/c4278d4a6028830caff9ee44b42d32ed"},"headline":"Salah desaconselhado a transferir-se para a MLS, refer\u00eancia a Messi","datePublished":"2026-03-30T18:47:18+00:00","mainEntityOfPage":{"@id":"https:\/\/portaltela.pt\/noticias\/2026\/03\/30\/salah-desaconselhado-a-transferir-se-para-a-mls-referencia-a-messi\/"},"wordCount":236,"image":{"@id":"https:\/\/portaltela.pt\/noticias\/2026\/03\/30\/salah-desaconselhado-a-transferir-se-para-a-mls-referencia-a-messi\/#primaryimage"},"thumbnailUrl":"https:\/\/portaltela.pt\/s.01k8rhncp4jt1\/2026\/03\/img_920x518uu2026-03-30-19-32-03-2430150-im-639104959375478998.jpg","keywords":["Bayern Munique","Cristiano Ronaldo","futebol","Paris Saint-Germain","Sele\u00e7\u00e3o Nacional","S\u00e9rie A"],"articleSection":["Desporto","Futebol"],"inLanguage":"pt-PT"},{"@type":"WebPage","@id":"https:\/\/portaltela.pt\/noticias\/2026\/03\/30\/salah-desaconselhado-a-transferir-se-para-a-mls-referencia-a-messi\/","url":"https:\/\/portaltela.pt\/noticias\/2026\/03\/30\/salah-desaconselhado-a-transferir-se-para-a-mls-referencia-a-messi\/","name":"Salah desaconselhado a transferir-se para a MLS, refer\u00eancia a Messi - Portal Tela Portugal","isPartOf":{"@id":"https:\/\/portaltela.pt\/#website"},"primaryImageOfPage":{"@id":"https:\/\/portaltela.pt\/noticias\/2026\/03\/30\/salah-desaconselhado-a-transferir-se-para-a-mls-referencia-a-messi\/#primaryimage"},"image":{"@id":"https:\/\/portaltela.pt\/noticias\/2026\/03\/30\/salah-desaconselhado-a-transferir-se-para-a-mls-referencia-a-messi\/#primaryimage"},"thumbnailUrl":"https:\/\/portaltela.pt\/s.01k8rhncp4jt1\/2026\/03\/img_920x518uu2026-03-30-19-32-03-2430150-im-639104959375478998.jpg","datePublished":"2026-03-30T18:47:18+00:00","author":{"@id":"https:\/\/portaltela.pt\/#\/schema\/person\/c4278d4a6028830caff9ee44b42d32ed"},"breadcrumb":{"@id":"https:\/\/portaltela.pt\/noticias\/2026\/03\/30\/salah-desaconselhado-a-transferir-se-para-a-mls-referencia-a-messi\/#breadcrumb"},"inLanguage":"pt-PT","potentialAction":[{"@type":"ReadAction","target":["https:\/\/portaltela.pt\/noticias\/2026\/03\/30\/salah-desaconselhado-a-transferir-se-para-a-mls-referencia-a-messi\/"]}]},{"@type":"ImageObject","inLanguage":"pt-PT","@id":"https:\/\/portaltela.pt\/noticias\/2026\/03\/30\/salah-desaconselhado-a-transferir-se-para-a-mls-referencia-a-messi\/#primaryimage","url":"https:\/\/portaltela.pt\/s.01k8rhncp4jt1\/2026\/03\/img_920x518uu2026-03-30-19-32-03-2430150-im-639104959375478998.jpg","contentUrl":"https:\/\/portaltela.pt\/s.01k8rhncp4jt1\/2026\/03\/img_920x518uu2026-03-30-19-32-03-2430150-im-639104959375478998.jpg","width":796,"height":448,"caption":"Mohamed Salah"},{"@type":"BreadcrumbList","@id":"https:\/\/portaltela.pt\/noticias\/2026\/03\/30\/salah-desaconselhado-a-transferir-se-para-a-mls-referencia-a-messi\/#breadcrumb","itemListElement":[{"@type":"ListItem","position":1,"name":"In\u00edcio","item":"https:\/\/portaltela.pt\/"},{"@type":"ListItem","position":2,"name":"Salah desaconselhado a transferir-se para a MLS, refer\u00eancia a Messi"}]},{"@type":"WebSite","@id":"https:\/\/portaltela.pt\/#website","url":"https:\/\/portaltela.pt\/","name":"Portal Tela Portugal","description":"","potentialAction":[{"@type":"SearchAction","target":{"@type":"EntryPoint","urlTemplate":"https:\/\/portaltela.pt\/?s={search_term_string}"},"query-input":{"@type":"PropertyValueSpecification","valueRequired":true,"valueName":"search_term_string"}}],"inLanguage":"pt-PT"},{"@type":"Person","@id":"https:\/\/portaltela.pt\/#\/schema\/person\/c4278d4a6028830caff9ee44b42d32ed","name":"Telinha","image":{"@type":"ImageObject","inLanguage":"pt-PT","@id":"https:\/\/portaltela.pt\/s.01k8rhncp4jt1\/2025\/11\/talking-bot-125x125.png","url":"https:\/\/portaltela.pt\/s.01k8rhncp4jt1\/2025\/11\/talking-bot-125x125.png","contentUrl":"https:\/\/portaltela.pt\/s.01k8rhncp4jt1\/2025\/11\/talking-bot-125x125.png","caption":"Telinha"},"sameAs":["https:\/\/portaltela.pt\/"],"url":"https:\/\/portaltela.pt\/por\/367410592786\/"}]}},"_links":{"self":[{"href":"https:\/\/portaltela.pt\/api\/wp\/v2\/posts\/427382","targetHints":{"allow":["GET"]}}],"collection":[{"href":"https:\/\/portaltela.pt\/api\/wp\/v2\/posts"}],"about":[{"href":"https:\/\/portaltela.pt\/api\/wp\/v2\/types\/post"}],"author":[{"embeddable":true,"href":"https:\/\/portaltela.pt\/api\/wp\/v2\/users\/2"}],"replies":[{"embeddable":true,"href":"https:\/\/portaltela.pt\/api\/wp\/v2\/comments?post=427382"}],"version-history":[{"count":0,"href":"https:\/\/portaltela.pt\/api\/wp\/v2\/posts\/427382\/revisions"}],"wp:featuredmedia":[{"embeddable":true,"href":"https:\/\/portaltela.pt\/api\/wp\/v2\/media\/427385"}],"wp:attachment":[{"href":"https:\/\/portaltela.pt\/api\/wp\/v2\/media?parent=427382"}],"wp:term":[{"taxonomy":"category","embeddable":true,"href":"https:\/\/portaltela.pt\/api\/wp\/v2\/categories?post=427382"},{"taxonomy":"post_tag","embeddable":true,"href":"https:\/\/portaltela.pt\/api\/wp\/v2\/tags?post=427382"}],"curies":[{"name":"wp","href":"https:\/\/api.w.org\/{rel}","templated":true}]}}