{"id":427380,"date":"2026-03-30T15:47:14","date_gmt":"2026-03-30T18:47:14","guid":{"rendered":"https:\/\/portaltela.pt\/noticias\/2026\/03\/30\/hamilton-critica-fia-apos-acidente-de-bearman-dizendo-nao-ter-voz-nem-voto\/"},"modified":"2026-03-30T15:47:14","modified_gmt":"2026-03-30T18:47:14","slug":"hamilton-critica-fia-apos-acidente-de-bearman-dizendo-nao-ter-voz-nem-voto","status":"publish","type":"post","link":"https:\/\/portaltela.pt\/desporto\/futebol\/2026\/03\/30\/hamilton-critica-fia-apos-acidente-de-bearman-dizendo-nao-ter-voz-nem-voto\/","title":{"rendered":"Hamilton critica FIA ap\u00f3s acidente de Bearman, dizendo n\u00e3o ter voz nem voto"},"content":{"rendered":"<p>Ap\u00f3s o Grande Pr\u00e9mio do Jap\u00e3o, Oliver Bearman (Haas) esteve envolvido num acidente que suscitou cr\u00edticas sobre os regulamentos do Mundial de F\u00f3rmula 1. A situa\u00e7\u00e3o trouxe novamente \u00e0 tona a perce\u00e7\u00e3o de inseguran\u00e7a em torno das mudan\u00e7as em curso.<\/p>\n<p>Lewis Hamilton, piloto mais antigo em atividade, criticou a Federa\u00e7\u00e3o Internacional do Autom\u00f3vel (FIA) por n\u00e3o disponibilizar voz nem voto aos pilotos nas decis\u00f5es que afetam a competi\u00e7\u00e3o, afirmando que estes n\u00e3o integram o comit\u00e9 decisor nem possuem poder de decis\u00e3o.<\/p>\n<p>O coment\u00e1rio de Hamilton surge numa sequ\u00eancia de descontentamento associado aos novos regulamentos do Mundial, que j\u00e1 tinham gerado controv\u00e9rsia antes do Jap\u00e3o. O piloto da Ferrari refor\u00e7ou a preocupa\u00e7\u00e3o em ser uma voz ativa no desporto.<\/p>\n<p>Carlos Sainz j\u00e1 tinha apontado cr\u00edticas ao funcionamento da FIA, salientando a necessidade de os pilotos serem ouvidos. O desgate com o modelo atual de gest\u00e3o energ\u00e9tica tamb\u00e9m j\u00e1 tinha sido alvo de protestos por parte de outros pilotos.<\/p>\n<p>A FIA informou que vai tomar medidas para o ciclo de regresso a Miami, ap\u00f3s o acidente de Bearman, com o objetivo de refor\u00e7ar a seguran\u00e7a e a efic\u00e1cia das decis\u00f5es regulamentares em vigor. O objetivo \u00e9 clarificar procedimentos e impactos dos novos regulamentos.<\/p>\n","protected":false},"excerpt":{"rendered":"<ul>\n<li>Lewis Hamilton afirmou que os pilotos \u201cn\u00e3o t\u00eam voz nem voto\u201d na F\u00f3rmula 1, reagindo ao acidente de Oliver Bearman no Grande Pr\u00e9mio do Jap\u00e3o.<\/li>\n<li>O piloto apoia a mensagem de Carlos Sainz, que j\u00e1 havia pedido para serem ouvidos pela FIA.<\/li>\n<li>Hamilton disse que n\u00e3o tem poder nem faz parte do comit\u00e9 e n\u00e3o tem direito a voto, mas quer tornar-se numa voz ativa no desporto.<\/li>\n<li>O campe\u00e3o mundial de sete vezes j\u00e1 tinha criticado a FIA, apontando a complexidade dos sistemas de gest\u00e3o de energia que lhe custaram tempo na qualifica\u00e7\u00e3o no Jap\u00e3o.<\/li>\n<li>A FIA prometeu tomar medidas para Miami, ap\u00f3s o acidente de Bearman, colocando em causa a seguran\u00e7a e efic\u00e1cia das atuais decis\u00f5es regulamentares.<\/li>\n<\/ul>\n","protected":false},"author":2,"featured_media":427383,"comment_status":"closed","ping_status":"closed","sticky":false,"template":"","format":"standard","meta":{"footnotes":""},"categories":[21,24],"tags":[152,5060,3833,5972,4536],"class_list":["post-427380","post","type-post","status-publish","format-standard","has-post-thumbnail","hentry","category-desporto","category-futebol","tag-desporto","tag-desporto-motorizados","tag-f1","tag-pilotos","tag-seguranca"],"yoast_head":"<!-- This site is optimized with the Yoast SEO plugin v27.2 - https:\/\/yoast.com\/product\/yoast-seo-wordpress\/ -->\n<title>Hamilton critica FIA ap\u00f3s acidente de Bearman, dizendo n\u00e3o ter voz nem voto - Portal Tela Portugal<\/title>\n<meta name=\"robots\" content=\"index, follow, max-snippet:-1, max-image-preview:large, max-video-preview:-1\" \/>\n<meta property=\"og:locale\" content=\"pt_PT\" \/>\n<meta property=\"og:type\" content=\"article\" \/>\n<meta property=\"og:title\" content=\"Hamilton critica FIA ap\u00f3s acidente de Bearman, dizendo n\u00e3o ter voz nem voto - Portal Tela Portugal\" \/>\n<meta property=\"og:description\" content=\"Lewis Hamilton afirmou que os pilotos \u201cn\u00e3o t\u00eam voz nem voto\u201d na F\u00f3rmula 1, reagindo ao acidente de Oliver Bearman no Grande Pr\u00e9mio do Jap\u00e3o. O piloto apoia a mensagem de Carlos Sainz, que j\u00e1 havia pedido para serem ouvidos pela FIA. Hamilton disse que n\u00e3o tem poder nem faz parte do comit\u00e9 e n\u00e3o tem direito a voto, mas quer tornar-se numa voz ativa no desporto. O campe\u00e3o mundial de sete vezes j\u00e1 tinha criticado a FIA, apontando a complexidade dos sistemas de gest\u00e3o de energia que lhe custaram tempo na qualifica\u00e7\u00e3o no Jap\u00e3o. A FIA prometeu tomar medidas para Miami, ap\u00f3s o acidente de Bearman, colocando em causa a seguran\u00e7a e efic\u00e1cia das atuais decis\u00f5es regulamentares.\" \/>\n<meta property=\"og:url\" content=\"https:\/\/portaltela.pt\/noticias\/2026\/03\/30\/hamilton-critica-fia-apos-acidente-de-bearman-dizendo-nao-ter-voz-nem-voto\/\" \/>\n<meta property=\"og:site_name\" content=\"Portal Tela Portugal\" \/>\n<meta property=\"article:published_time\" content=\"2026-03-30T18:47:14+00:00\" \/>\n<meta name=\"author\" content=\"Telinha\" \/>\n<meta name=\"twitter:card\" content=\"summary_large_image\" \/>\n<meta name=\"twitter:label1\" content=\"Escrito por\" \/>\n\t<meta name=\"twitter:data1\" content=\"Telinha\" \/>\n\t<meta name=\"twitter:label2\" content=\"Tempo estimado de leitura\" \/>\n\t<meta name=\"twitter:data2\" content=\"1 minuto\" \/>\n<script type=\"application\/ld+json\" class=\"yoast-schema-graph\">{\"@context\":\"https:\/\/schema.org\",\"@graph\":[{\"@type\":\"Article\",\"@id\":\"https:\/\/portaltela.pt\/noticias\/2026\/03\/30\/hamilton-critica-fia-apos-acidente-de-bearman-dizendo-nao-ter-voz-nem-voto\/#article\",\"isPartOf\":{\"@id\":\"https:\/\/portaltela.pt\/noticias\/2026\/03\/30\/hamilton-critica-fia-apos-acidente-de-bearman-dizendo-nao-ter-voz-nem-voto\/\"},\"author\":{\"name\":\"Telinha\",\"@id\":\"https:\/\/portaltela.pt\/#\/schema\/person\/c4278d4a6028830caff9ee44b42d32ed\"},\"headline\":\"Hamilton critica FIA ap\u00f3s acidente de Bearman, dizendo n\u00e3o ter voz nem voto\",\"datePublished\":\"2026-03-30T18:47:14+00:00\",\"mainEntityOfPage\":{\"@id\":\"https:\/\/portaltela.pt\/noticias\/2026\/03\/30\/hamilton-critica-fia-apos-acidente-de-bearman-dizendo-nao-ter-voz-nem-voto\/\"},\"wordCount\":244,\"image\":{\"@id\":\"https:\/\/portaltela.pt\/noticias\/2026\/03\/30\/hamilton-critica-fia-apos-acidente-de-bearman-dizendo-nao-ter-voz-nem-voto\/#primaryimage\"},\"thumbnailUrl\":\"https:\/\/portaltela.pt\/s.01k8rhncp4jt1\/2026\/03\/img_920x518uu2026-03-30-19-35-13-2430152.jpg\",\"keywords\":[\"desporto\",\"Desporto Motorizados\",\"F1\",\"pilotos\",\"seguran\u00e7a\"],\"articleSection\":[\"Desporto\",\"Futebol\"],\"inLanguage\":\"pt-PT\"},{\"@type\":\"WebPage\",\"@id\":\"https:\/\/portaltela.pt\/noticias\/2026\/03\/30\/hamilton-critica-fia-apos-acidente-de-bearman-dizendo-nao-ter-voz-nem-voto\/\",\"url\":\"https:\/\/portaltela.pt\/noticias\/2026\/03\/30\/hamilton-critica-fia-apos-acidente-de-bearman-dizendo-nao-ter-voz-nem-voto\/\",\"name\":\"Hamilton critica FIA ap\u00f3s acidente de Bearman, dizendo n\u00e3o ter voz nem voto - Portal Tela Portugal\",\"isPartOf\":{\"@id\":\"https:\/\/portaltela.pt\/#website\"},\"primaryImageOfPage\":{\"@id\":\"https:\/\/portaltela.pt\/noticias\/2026\/03\/30\/hamilton-critica-fia-apos-acidente-de-bearman-dizendo-nao-ter-voz-nem-voto\/#primaryimage\"},\"image\":{\"@id\":\"https:\/\/portaltela.pt\/noticias\/2026\/03\/30\/hamilton-critica-fia-apos-acidente-de-bearman-dizendo-nao-ter-voz-nem-voto\/#primaryimage\"},\"thumbnailUrl\":\"https:\/\/portaltela.pt\/s.01k8rhncp4jt1\/2026\/03\/img_920x518uu2026-03-30-19-35-13-2430152.jpg\",\"datePublished\":\"2026-03-30T18:47:14+00:00\",\"author\":{\"@id\":\"https:\/\/portaltela.pt\/#\/schema\/person\/c4278d4a6028830caff9ee44b42d32ed\"},\"breadcrumb\":{\"@id\":\"https:\/\/portaltela.pt\/noticias\/2026\/03\/30\/hamilton-critica-fia-apos-acidente-de-bearman-dizendo-nao-ter-voz-nem-voto\/#breadcrumb\"},\"inLanguage\":\"pt-PT\",\"potentialAction\":[{\"@type\":\"ReadAction\",\"target\":[\"https:\/\/portaltela.pt\/noticias\/2026\/03\/30\/hamilton-critica-fia-apos-acidente-de-bearman-dizendo-nao-ter-voz-nem-voto\/\"]}]},{\"@type\":\"ImageObject\",\"inLanguage\":\"pt-PT\",\"@id\":\"https:\/\/portaltela.pt\/noticias\/2026\/03\/30\/hamilton-critica-fia-apos-acidente-de-bearman-dizendo-nao-ter-voz-nem-voto\/#primaryimage\",\"url\":\"https:\/\/portaltela.pt\/s.01k8rhncp4jt1\/2026\/03\/img_920x518uu2026-03-30-19-35-13-2430152.jpg\",\"contentUrl\":\"https:\/\/portaltela.pt\/s.01k8rhncp4jt1\/2026\/03\/img_920x518uu2026-03-30-19-35-13-2430152.jpg\",\"width\":796,\"height\":448,\"caption\":\"Hamilton critica FIA ap\u00f3s acidente de Bearman\"},{\"@type\":\"BreadcrumbList\",\"@id\":\"https:\/\/portaltela.pt\/noticias\/2026\/03\/30\/hamilton-critica-fia-apos-acidente-de-bearman-dizendo-nao-ter-voz-nem-voto\/#breadcrumb\",\"itemListElement\":[{\"@type\":\"ListItem\",\"position\":1,\"name\":\"In\u00edcio\",\"item\":\"https:\/\/portaltela.pt\/\"},{\"@type\":\"ListItem\",\"position\":2,\"name\":\"Hamilton critica FIA ap\u00f3s acidente de Bearman, dizendo n\u00e3o ter voz nem voto\"}]},{\"@type\":\"WebSite\",\"@id\":\"https:\/\/portaltela.pt\/#website\",\"url\":\"https:\/\/portaltela.pt\/\",\"name\":\"Portal Tela Portugal\",\"description\":\"\",\"potentialAction\":[{\"@type\":\"SearchAction\",\"target\":{\"@type\":\"EntryPoint\",\"urlTemplate\":\"https:\/\/portaltela.pt\/?s={search_term_string}\"},\"query-input\":{\"@type\":\"PropertyValueSpecification\",\"valueRequired\":true,\"valueName\":\"search_term_string\"}}],\"inLanguage\":\"pt-PT\"},{\"@type\":\"Person\",\"@id\":\"https:\/\/portaltela.pt\/#\/schema\/person\/c4278d4a6028830caff9ee44b42d32ed\",\"name\":\"Telinha\",\"image\":{\"@type\":\"ImageObject\",\"inLanguage\":\"pt-PT\",\"@id\":\"https:\/\/portaltela.pt\/s.01k8rhncp4jt1\/2025\/11\/talking-bot-125x125.png\",\"url\":\"https:\/\/portaltela.pt\/s.01k8rhncp4jt1\/2025\/11\/talking-bot-125x125.png\",\"contentUrl\":\"https:\/\/portaltela.pt\/s.01k8rhncp4jt1\/2025\/11\/talking-bot-125x125.png\",\"caption\":\"Telinha\"},\"sameAs\":[\"https:\/\/portaltela.pt\/\"],\"url\":\"https:\/\/portaltela.pt\/por\/367410592786\/\"}]}<\/script>\n<!-- \/ Yoast SEO plugin. -->","yoast_head_json":{"title":"Hamilton critica FIA ap\u00f3s acidente de Bearman, dizendo n\u00e3o ter voz nem voto - Portal Tela Portugal","robots":{"index":"index","follow":"follow","max-snippet":"max-snippet:-1","max-image-preview":"max-image-preview:large","max-video-preview":"max-video-preview:-1"},"og_locale":"pt_PT","og_type":"article","og_title":"Hamilton critica FIA ap\u00f3s acidente de Bearman, dizendo n\u00e3o ter voz nem voto - Portal Tela Portugal","og_description":"Lewis Hamilton afirmou que os pilotos \u201cn\u00e3o t\u00eam voz nem voto\u201d na F\u00f3rmula 1, reagindo ao acidente de Oliver Bearman no Grande Pr\u00e9mio do Jap\u00e3o. O piloto apoia a mensagem de Carlos Sainz, que j\u00e1 havia pedido para serem ouvidos pela FIA. Hamilton disse que n\u00e3o tem poder nem faz parte do comit\u00e9 e n\u00e3o tem direito a voto, mas quer tornar-se numa voz ativa no desporto. O campe\u00e3o mundial de sete vezes j\u00e1 tinha criticado a FIA, apontando a complexidade dos sistemas de gest\u00e3o de energia que lhe custaram tempo na qualifica\u00e7\u00e3o no Jap\u00e3o. A FIA prometeu tomar medidas para Miami, ap\u00f3s o acidente de Bearman, colocando em causa a seguran\u00e7a e efic\u00e1cia das atuais decis\u00f5es regulamentares.","og_url":"https:\/\/portaltela.pt\/noticias\/2026\/03\/30\/hamilton-critica-fia-apos-acidente-de-bearman-dizendo-nao-ter-voz-nem-voto\/","og_site_name":"Portal Tela Portugal","article_published_time":"2026-03-30T18:47:14+00:00","author":"Telinha","twitter_card":"summary_large_image","twitter_misc":{"Escrito por":"Telinha","Tempo estimado de leitura":"1 minuto"},"schema":{"@context":"https:\/\/schema.org","@graph":[{"@type":"Article","@id":"https:\/\/portaltela.pt\/noticias\/2026\/03\/30\/hamilton-critica-fia-apos-acidente-de-bearman-dizendo-nao-ter-voz-nem-voto\/#article","isPartOf":{"@id":"https:\/\/portaltela.pt\/noticias\/2026\/03\/30\/hamilton-critica-fia-apos-acidente-de-bearman-dizendo-nao-ter-voz-nem-voto\/"},"author":{"name":"Telinha","@id":"https:\/\/portaltela.pt\/#\/schema\/person\/c4278d4a6028830caff9ee44b42d32ed"},"headline":"Hamilton critica FIA ap\u00f3s acidente de Bearman, dizendo n\u00e3o ter voz nem voto","datePublished":"2026-03-30T18:47:14+00:00","mainEntityOfPage":{"@id":"https:\/\/portaltela.pt\/noticias\/2026\/03\/30\/hamilton-critica-fia-apos-acidente-de-bearman-dizendo-nao-ter-voz-nem-voto\/"},"wordCount":244,"image":{"@id":"https:\/\/portaltela.pt\/noticias\/2026\/03\/30\/hamilton-critica-fia-apos-acidente-de-bearman-dizendo-nao-ter-voz-nem-voto\/#primaryimage"},"thumbnailUrl":"https:\/\/portaltela.pt\/s.01k8rhncp4jt1\/2026\/03\/img_920x518uu2026-03-30-19-35-13-2430152.jpg","keywords":["desporto","Desporto Motorizados","F1","pilotos","seguran\u00e7a"],"articleSection":["Desporto","Futebol"],"inLanguage":"pt-PT"},{"@type":"WebPage","@id":"https:\/\/portaltela.pt\/noticias\/2026\/03\/30\/hamilton-critica-fia-apos-acidente-de-bearman-dizendo-nao-ter-voz-nem-voto\/","url":"https:\/\/portaltela.pt\/noticias\/2026\/03\/30\/hamilton-critica-fia-apos-acidente-de-bearman-dizendo-nao-ter-voz-nem-voto\/","name":"Hamilton critica FIA ap\u00f3s acidente de Bearman, dizendo n\u00e3o ter voz nem voto - Portal Tela Portugal","isPartOf":{"@id":"https:\/\/portaltela.pt\/#website"},"primaryImageOfPage":{"@id":"https:\/\/portaltela.pt\/noticias\/2026\/03\/30\/hamilton-critica-fia-apos-acidente-de-bearman-dizendo-nao-ter-voz-nem-voto\/#primaryimage"},"image":{"@id":"https:\/\/portaltela.pt\/noticias\/2026\/03\/30\/hamilton-critica-fia-apos-acidente-de-bearman-dizendo-nao-ter-voz-nem-voto\/#primaryimage"},"thumbnailUrl":"https:\/\/portaltela.pt\/s.01k8rhncp4jt1\/2026\/03\/img_920x518uu2026-03-30-19-35-13-2430152.jpg","datePublished":"2026-03-30T18:47:14+00:00","author":{"@id":"https:\/\/portaltela.pt\/#\/schema\/person\/c4278d4a6028830caff9ee44b42d32ed"},"breadcrumb":{"@id":"https:\/\/portaltela.pt\/noticias\/2026\/03\/30\/hamilton-critica-fia-apos-acidente-de-bearman-dizendo-nao-ter-voz-nem-voto\/#breadcrumb"},"inLanguage":"pt-PT","potentialAction":[{"@type":"ReadAction","target":["https:\/\/portaltela.pt\/noticias\/2026\/03\/30\/hamilton-critica-fia-apos-acidente-de-bearman-dizendo-nao-ter-voz-nem-voto\/"]}]},{"@type":"ImageObject","inLanguage":"pt-PT","@id":"https:\/\/portaltela.pt\/noticias\/2026\/03\/30\/hamilton-critica-fia-apos-acidente-de-bearman-dizendo-nao-ter-voz-nem-voto\/#primaryimage","url":"https:\/\/portaltela.pt\/s.01k8rhncp4jt1\/2026\/03\/img_920x518uu2026-03-30-19-35-13-2430152.jpg","contentUrl":"https:\/\/portaltela.pt\/s.01k8rhncp4jt1\/2026\/03\/img_920x518uu2026-03-30-19-35-13-2430152.jpg","width":796,"height":448,"caption":"Hamilton critica FIA ap\u00f3s acidente de Bearman"},{"@type":"BreadcrumbList","@id":"https:\/\/portaltela.pt\/noticias\/2026\/03\/30\/hamilton-critica-fia-apos-acidente-de-bearman-dizendo-nao-ter-voz-nem-voto\/#breadcrumb","itemListElement":[{"@type":"ListItem","position":1,"name":"In\u00edcio","item":"https:\/\/portaltela.pt\/"},{"@type":"ListItem","position":2,"name":"Hamilton critica FIA ap\u00f3s acidente de Bearman, dizendo n\u00e3o ter voz nem voto"}]},{"@type":"WebSite","@id":"https:\/\/portaltela.pt\/#website","url":"https:\/\/portaltela.pt\/","name":"Portal Tela Portugal","description":"","potentialAction":[{"@type":"SearchAction","target":{"@type":"EntryPoint","urlTemplate":"https:\/\/portaltela.pt\/?s={search_term_string}"},"query-input":{"@type":"PropertyValueSpecification","valueRequired":true,"valueName":"search_term_string"}}],"inLanguage":"pt-PT"},{"@type":"Person","@id":"https:\/\/portaltela.pt\/#\/schema\/person\/c4278d4a6028830caff9ee44b42d32ed","name":"Telinha","image":{"@type":"ImageObject","inLanguage":"pt-PT","@id":"https:\/\/portaltela.pt\/s.01k8rhncp4jt1\/2025\/11\/talking-bot-125x125.png","url":"https:\/\/portaltela.pt\/s.01k8rhncp4jt1\/2025\/11\/talking-bot-125x125.png","contentUrl":"https:\/\/portaltela.pt\/s.01k8rhncp4jt1\/2025\/11\/talking-bot-125x125.png","caption":"Telinha"},"sameAs":["https:\/\/portaltela.pt\/"],"url":"https:\/\/portaltela.pt\/por\/367410592786\/"}]}},"_links":{"self":[{"href":"https:\/\/portaltela.pt\/api\/wp\/v2\/posts\/427380","targetHints":{"allow":["GET"]}}],"collection":[{"href":"https:\/\/portaltela.pt\/api\/wp\/v2\/posts"}],"about":[{"href":"https:\/\/portaltela.pt\/api\/wp\/v2\/types\/post"}],"author":[{"embeddable":true,"href":"https:\/\/portaltela.pt\/api\/wp\/v2\/users\/2"}],"replies":[{"embeddable":true,"href":"https:\/\/portaltela.pt\/api\/wp\/v2\/comments?post=427380"}],"version-history":[{"count":0,"href":"https:\/\/portaltela.pt\/api\/wp\/v2\/posts\/427380\/revisions"}],"wp:featuredmedia":[{"embeddable":true,"href":"https:\/\/portaltela.pt\/api\/wp\/v2\/media\/427383"}],"wp:attachment":[{"href":"https:\/\/portaltela.pt\/api\/wp\/v2\/media?parent=427380"}],"wp:term":[{"taxonomy":"category","embeddable":true,"href":"https:\/\/portaltela.pt\/api\/wp\/v2\/categories?post=427380"},{"taxonomy":"post_tag","embeddable":true,"href":"https:\/\/portaltela.pt\/api\/wp\/v2\/tags?post=427380"}],"curies":[{"name":"wp","href":"https:\/\/api.w.org\/{rel}","templated":true}]}}