{"id":427375,"date":"2026-03-30T15:47:03","date_gmt":"2026-03-30T18:47:03","guid":{"rendered":"https:\/\/portaltela.pt\/noticias\/2026\/03\/30\/ancelotti-elogia-modric-unico-no-planeta\/"},"modified":"2026-03-30T15:47:03","modified_gmt":"2026-03-30T18:47:03","slug":"ancelotti-elogia-modric-unico-no-planeta","status":"publish","type":"post","link":"https:\/\/portaltela.pt\/desporto\/futebol\/2026\/03\/30\/ancelotti-elogia-modric-unico-no-planeta\/","title":{"rendered":"Ancelotti elogia Modric, \u00fanico no planeta"},"content":{"rendered":"<p>O treinador italiano Carlo Ancelotti, atual selecionador do Brasil, elogiou Luka Modric na v\u00e9spera do confronto entre Brasil e Cro\u00e1cia. Ancelotti afirmou que Modric \u00e9 capaz de jogar em qualquer posi\u00e7\u00e3o e \u00e9 um m\u00e9dio completo.<\/p>\n<p>Al\u00e9m disso, o t\u00e9cnico destacou que Modric \u00e9 um dos melhores jogadores que j\u00e1 treinou, reconhecendo nele um profissional exemplar. O elogio sublinha a longa rela\u00e7\u00e3o entre ambos, constru\u00edda ao longo de v\u00e1rias temporadas.<\/p>\n<p>A entrevista ocorreu na antec\u00e2mara do duelo entre as duas sele\u00e7\u00f5es, com foco na qualidade e versatilidade do atleta croata. Ancelotti refor\u00e7ou que Modric se distingue pela consist\u00eancia e pela intelig\u00eancia t\u00e1tica.<\/p>\n","protected":false},"excerpt":{"rendered":"<ul>\n<li>Carlo Ancelotti, selecionador do Brasil, elogia Luka Modric e afirma que ele pode atuar em qualquer posi\u00e7\u00e3o do campo, sendo um m\u00e9dio completo.<\/li>\n<li>O treinador diz que Modric \u00e9 um dos melhores jogadores que j\u00e1 treinou, descrevendo-o como um profissional espetacular.<\/li>\n<li>Ancelotti refor\u00e7a que Modric \u00e9 \u00fanico e que n\u00e3o existe outro jogador igual no planeta.<\/li>\n<li>As declara\u00e7\u00f5es surgem na antev\u00e9spera do duelo entre Brasil e Cro\u00e1cia.<\/li>\n<\/ul>\n","protected":false},"author":2,"featured_media":427377,"comment_status":"closed","ping_status":"closed","sticky":false,"template":"","format":"standard","meta":{"footnotes":""},"categories":[21,24],"tags":[3487,32,3338,2577,2057,2477],"class_list":["post-427375","post","type-post","status-publish","format-standard","has-post-thumbnail","hentry","category-desporto","category-futebol","tag-croacia","tag-futebol","tag-futebol-internacional","tag-luka-modric","tag-selecao-nacional","tag-treinadores"],"yoast_head":"<!-- This site is optimized with the Yoast SEO plugin v27.2 - https:\/\/yoast.com\/product\/yoast-seo-wordpress\/ -->\n<title>Ancelotti elogia Modric, \u00fanico no planeta - Portal Tela Portugal<\/title>\n<meta name=\"robots\" content=\"index, follow, max-snippet:-1, max-image-preview:large, max-video-preview:-1\" \/>\n<meta property=\"og:locale\" content=\"pt_PT\" \/>\n<meta property=\"og:type\" content=\"article\" \/>\n<meta property=\"og:title\" content=\"Ancelotti elogia Modric, \u00fanico no planeta - Portal Tela Portugal\" \/>\n<meta property=\"og:description\" content=\"Carlo Ancelotti, selecionador do Brasil, elogia Luka Modric e afirma que ele pode atuar em qualquer posi\u00e7\u00e3o do campo, sendo um m\u00e9dio completo. O treinador diz que Modric \u00e9 um dos melhores jogadores que j\u00e1 treinou, descrevendo-o como um profissional espetacular. Ancelotti refor\u00e7a que Modric \u00e9 \u00fanico e que n\u00e3o existe outro jogador igual no planeta. As declara\u00e7\u00f5es surgem na antev\u00e9spera do duelo entre Brasil e Cro\u00e1cia.\" \/>\n<meta property=\"og:url\" content=\"https:\/\/portaltela.pt\/noticias\/2026\/03\/30\/ancelotti-elogia-modric-unico-no-planeta\/\" \/>\n<meta property=\"og:site_name\" content=\"Portal Tela Portugal\" \/>\n<meta property=\"article:published_time\" content=\"2026-03-30T18:47:03+00:00\" \/>\n<meta name=\"author\" content=\"Telinha\" \/>\n<meta name=\"twitter:card\" content=\"summary_large_image\" \/>\n<meta name=\"twitter:label1\" content=\"Escrito por\" \/>\n\t<meta name=\"twitter:data1\" content=\"Telinha\" \/>\n\t<meta name=\"twitter:label2\" content=\"Tempo estimado de leitura\" \/>\n\t<meta name=\"twitter:data2\" content=\"1 minuto\" \/>\n<script type=\"application\/ld+json\" class=\"yoast-schema-graph\">{\"@context\":\"https:\/\/schema.org\",\"@graph\":[{\"@type\":\"Article\",\"@id\":\"https:\/\/portaltela.pt\/noticias\/2026\/03\/30\/ancelotti-elogia-modric-unico-no-planeta\/#article\",\"isPartOf\":{\"@id\":\"https:\/\/portaltela.pt\/noticias\/2026\/03\/30\/ancelotti-elogia-modric-unico-no-planeta\/\"},\"author\":{\"name\":\"Telinha\",\"@id\":\"https:\/\/portaltela.pt\/#\/schema\/person\/c4278d4a6028830caff9ee44b42d32ed\"},\"headline\":\"Ancelotti elogia Modric, \u00fanico no planeta\",\"datePublished\":\"2026-03-30T18:47:03+00:00\",\"mainEntityOfPage\":{\"@id\":\"https:\/\/portaltela.pt\/noticias\/2026\/03\/30\/ancelotti-elogia-modric-unico-no-planeta\/\"},\"wordCount\":120,\"image\":{\"@id\":\"https:\/\/portaltela.pt\/noticias\/2026\/03\/30\/ancelotti-elogia-modric-unico-no-planeta\/#primaryimage\"},\"thumbnailUrl\":\"https:\/\/portaltela.pt\/s.01k8rhncp4jt1\/2026\/03\/img_920x518uu2026-03-30-19-30-57-2430149.jpg\",\"keywords\":[\"Cro\u00e1cia\",\"futebol\",\"futebol internacional\",\"Luka Modric\",\"Sele\u00e7\u00e3o Nacional\",\"treinadores\"],\"articleSection\":[\"Desporto\",\"Futebol\"],\"inLanguage\":\"pt-PT\"},{\"@type\":\"WebPage\",\"@id\":\"https:\/\/portaltela.pt\/noticias\/2026\/03\/30\/ancelotti-elogia-modric-unico-no-planeta\/\",\"url\":\"https:\/\/portaltela.pt\/noticias\/2026\/03\/30\/ancelotti-elogia-modric-unico-no-planeta\/\",\"name\":\"Ancelotti elogia Modric, \u00fanico no planeta - Portal Tela Portugal\",\"isPartOf\":{\"@id\":\"https:\/\/portaltela.pt\/#website\"},\"primaryImageOfPage\":{\"@id\":\"https:\/\/portaltela.pt\/noticias\/2026\/03\/30\/ancelotti-elogia-modric-unico-no-planeta\/#primaryimage\"},\"image\":{\"@id\":\"https:\/\/portaltela.pt\/noticias\/2026\/03\/30\/ancelotti-elogia-modric-unico-no-planeta\/#primaryimage\"},\"thumbnailUrl\":\"https:\/\/portaltela.pt\/s.01k8rhncp4jt1\/2026\/03\/img_920x518uu2026-03-30-19-30-57-2430149.jpg\",\"datePublished\":\"2026-03-30T18:47:03+00:00\",\"author\":{\"@id\":\"https:\/\/portaltela.pt\/#\/schema\/person\/c4278d4a6028830caff9ee44b42d32ed\"},\"breadcrumb\":{\"@id\":\"https:\/\/portaltela.pt\/noticias\/2026\/03\/30\/ancelotti-elogia-modric-unico-no-planeta\/#breadcrumb\"},\"inLanguage\":\"pt-PT\",\"potentialAction\":[{\"@type\":\"ReadAction\",\"target\":[\"https:\/\/portaltela.pt\/noticias\/2026\/03\/30\/ancelotti-elogia-modric-unico-no-planeta\/\"]}]},{\"@type\":\"ImageObject\",\"inLanguage\":\"pt-PT\",\"@id\":\"https:\/\/portaltela.pt\/noticias\/2026\/03\/30\/ancelotti-elogia-modric-unico-no-planeta\/#primaryimage\",\"url\":\"https:\/\/portaltela.pt\/s.01k8rhncp4jt1\/2026\/03\/img_920x518uu2026-03-30-19-30-57-2430149.jpg\",\"contentUrl\":\"https:\/\/portaltela.pt\/s.01k8rhncp4jt1\/2026\/03\/img_920x518uu2026-03-30-19-30-57-2430149.jpg\",\"width\":796,\"height\":448,\"caption\":\"Uma dupla que se conhece bem\"},{\"@type\":\"BreadcrumbList\",\"@id\":\"https:\/\/portaltela.pt\/noticias\/2026\/03\/30\/ancelotti-elogia-modric-unico-no-planeta\/#breadcrumb\",\"itemListElement\":[{\"@type\":\"ListItem\",\"position\":1,\"name\":\"In\u00edcio\",\"item\":\"https:\/\/portaltela.pt\/\"},{\"@type\":\"ListItem\",\"position\":2,\"name\":\"Ancelotti elogia Modric, \u00fanico no planeta\"}]},{\"@type\":\"WebSite\",\"@id\":\"https:\/\/portaltela.pt\/#website\",\"url\":\"https:\/\/portaltela.pt\/\",\"name\":\"Portal Tela Portugal\",\"description\":\"\",\"potentialAction\":[{\"@type\":\"SearchAction\",\"target\":{\"@type\":\"EntryPoint\",\"urlTemplate\":\"https:\/\/portaltela.pt\/?s={search_term_string}\"},\"query-input\":{\"@type\":\"PropertyValueSpecification\",\"valueRequired\":true,\"valueName\":\"search_term_string\"}}],\"inLanguage\":\"pt-PT\"},{\"@type\":\"Person\",\"@id\":\"https:\/\/portaltela.pt\/#\/schema\/person\/c4278d4a6028830caff9ee44b42d32ed\",\"name\":\"Telinha\",\"image\":{\"@type\":\"ImageObject\",\"inLanguage\":\"pt-PT\",\"@id\":\"https:\/\/portaltela.pt\/s.01k8rhncp4jt1\/2025\/11\/talking-bot-125x125.png\",\"url\":\"https:\/\/portaltela.pt\/s.01k8rhncp4jt1\/2025\/11\/talking-bot-125x125.png\",\"contentUrl\":\"https:\/\/portaltela.pt\/s.01k8rhncp4jt1\/2025\/11\/talking-bot-125x125.png\",\"caption\":\"Telinha\"},\"sameAs\":[\"https:\/\/portaltela.pt\/\"],\"url\":\"https:\/\/portaltela.pt\/por\/367410592786\/\"}]}<\/script>\n<!-- \/ Yoast SEO plugin. -->","yoast_head_json":{"title":"Ancelotti elogia Modric, \u00fanico no planeta - Portal Tela Portugal","robots":{"index":"index","follow":"follow","max-snippet":"max-snippet:-1","max-image-preview":"max-image-preview:large","max-video-preview":"max-video-preview:-1"},"og_locale":"pt_PT","og_type":"article","og_title":"Ancelotti elogia Modric, \u00fanico no planeta - Portal Tela Portugal","og_description":"Carlo Ancelotti, selecionador do Brasil, elogia Luka Modric e afirma que ele pode atuar em qualquer posi\u00e7\u00e3o do campo, sendo um m\u00e9dio completo. O treinador diz que Modric \u00e9 um dos melhores jogadores que j\u00e1 treinou, descrevendo-o como um profissional espetacular. Ancelotti refor\u00e7a que Modric \u00e9 \u00fanico e que n\u00e3o existe outro jogador igual no planeta. As declara\u00e7\u00f5es surgem na antev\u00e9spera do duelo entre Brasil e Cro\u00e1cia.","og_url":"https:\/\/portaltela.pt\/noticias\/2026\/03\/30\/ancelotti-elogia-modric-unico-no-planeta\/","og_site_name":"Portal Tela Portugal","article_published_time":"2026-03-30T18:47:03+00:00","author":"Telinha","twitter_card":"summary_large_image","twitter_misc":{"Escrito por":"Telinha","Tempo estimado de leitura":"1 minuto"},"schema":{"@context":"https:\/\/schema.org","@graph":[{"@type":"Article","@id":"https:\/\/portaltela.pt\/noticias\/2026\/03\/30\/ancelotti-elogia-modric-unico-no-planeta\/#article","isPartOf":{"@id":"https:\/\/portaltela.pt\/noticias\/2026\/03\/30\/ancelotti-elogia-modric-unico-no-planeta\/"},"author":{"name":"Telinha","@id":"https:\/\/portaltela.pt\/#\/schema\/person\/c4278d4a6028830caff9ee44b42d32ed"},"headline":"Ancelotti elogia Modric, \u00fanico no planeta","datePublished":"2026-03-30T18:47:03+00:00","mainEntityOfPage":{"@id":"https:\/\/portaltela.pt\/noticias\/2026\/03\/30\/ancelotti-elogia-modric-unico-no-planeta\/"},"wordCount":120,"image":{"@id":"https:\/\/portaltela.pt\/noticias\/2026\/03\/30\/ancelotti-elogia-modric-unico-no-planeta\/#primaryimage"},"thumbnailUrl":"https:\/\/portaltela.pt\/s.01k8rhncp4jt1\/2026\/03\/img_920x518uu2026-03-30-19-30-57-2430149.jpg","keywords":["Cro\u00e1cia","futebol","futebol internacional","Luka Modric","Sele\u00e7\u00e3o Nacional","treinadores"],"articleSection":["Desporto","Futebol"],"inLanguage":"pt-PT"},{"@type":"WebPage","@id":"https:\/\/portaltela.pt\/noticias\/2026\/03\/30\/ancelotti-elogia-modric-unico-no-planeta\/","url":"https:\/\/portaltela.pt\/noticias\/2026\/03\/30\/ancelotti-elogia-modric-unico-no-planeta\/","name":"Ancelotti elogia Modric, \u00fanico no planeta - Portal Tela Portugal","isPartOf":{"@id":"https:\/\/portaltela.pt\/#website"},"primaryImageOfPage":{"@id":"https:\/\/portaltela.pt\/noticias\/2026\/03\/30\/ancelotti-elogia-modric-unico-no-planeta\/#primaryimage"},"image":{"@id":"https:\/\/portaltela.pt\/noticias\/2026\/03\/30\/ancelotti-elogia-modric-unico-no-planeta\/#primaryimage"},"thumbnailUrl":"https:\/\/portaltela.pt\/s.01k8rhncp4jt1\/2026\/03\/img_920x518uu2026-03-30-19-30-57-2430149.jpg","datePublished":"2026-03-30T18:47:03+00:00","author":{"@id":"https:\/\/portaltela.pt\/#\/schema\/person\/c4278d4a6028830caff9ee44b42d32ed"},"breadcrumb":{"@id":"https:\/\/portaltela.pt\/noticias\/2026\/03\/30\/ancelotti-elogia-modric-unico-no-planeta\/#breadcrumb"},"inLanguage":"pt-PT","potentialAction":[{"@type":"ReadAction","target":["https:\/\/portaltela.pt\/noticias\/2026\/03\/30\/ancelotti-elogia-modric-unico-no-planeta\/"]}]},{"@type":"ImageObject","inLanguage":"pt-PT","@id":"https:\/\/portaltela.pt\/noticias\/2026\/03\/30\/ancelotti-elogia-modric-unico-no-planeta\/#primaryimage","url":"https:\/\/portaltela.pt\/s.01k8rhncp4jt1\/2026\/03\/img_920x518uu2026-03-30-19-30-57-2430149.jpg","contentUrl":"https:\/\/portaltela.pt\/s.01k8rhncp4jt1\/2026\/03\/img_920x518uu2026-03-30-19-30-57-2430149.jpg","width":796,"height":448,"caption":"Uma dupla que se conhece bem"},{"@type":"BreadcrumbList","@id":"https:\/\/portaltela.pt\/noticias\/2026\/03\/30\/ancelotti-elogia-modric-unico-no-planeta\/#breadcrumb","itemListElement":[{"@type":"ListItem","position":1,"name":"In\u00edcio","item":"https:\/\/portaltela.pt\/"},{"@type":"ListItem","position":2,"name":"Ancelotti elogia Modric, \u00fanico no planeta"}]},{"@type":"WebSite","@id":"https:\/\/portaltela.pt\/#website","url":"https:\/\/portaltela.pt\/","name":"Portal Tela Portugal","description":"","potentialAction":[{"@type":"SearchAction","target":{"@type":"EntryPoint","urlTemplate":"https:\/\/portaltela.pt\/?s={search_term_string}"},"query-input":{"@type":"PropertyValueSpecification","valueRequired":true,"valueName":"search_term_string"}}],"inLanguage":"pt-PT"},{"@type":"Person","@id":"https:\/\/portaltela.pt\/#\/schema\/person\/c4278d4a6028830caff9ee44b42d32ed","name":"Telinha","image":{"@type":"ImageObject","inLanguage":"pt-PT","@id":"https:\/\/portaltela.pt\/s.01k8rhncp4jt1\/2025\/11\/talking-bot-125x125.png","url":"https:\/\/portaltela.pt\/s.01k8rhncp4jt1\/2025\/11\/talking-bot-125x125.png","contentUrl":"https:\/\/portaltela.pt\/s.01k8rhncp4jt1\/2025\/11\/talking-bot-125x125.png","caption":"Telinha"},"sameAs":["https:\/\/portaltela.pt\/"],"url":"https:\/\/portaltela.pt\/por\/367410592786\/"}]}},"_links":{"self":[{"href":"https:\/\/portaltela.pt\/api\/wp\/v2\/posts\/427375","targetHints":{"allow":["GET"]}}],"collection":[{"href":"https:\/\/portaltela.pt\/api\/wp\/v2\/posts"}],"about":[{"href":"https:\/\/portaltela.pt\/api\/wp\/v2\/types\/post"}],"author":[{"embeddable":true,"href":"https:\/\/portaltela.pt\/api\/wp\/v2\/users\/2"}],"replies":[{"embeddable":true,"href":"https:\/\/portaltela.pt\/api\/wp\/v2\/comments?post=427375"}],"version-history":[{"count":0,"href":"https:\/\/portaltela.pt\/api\/wp\/v2\/posts\/427375\/revisions"}],"wp:featuredmedia":[{"embeddable":true,"href":"https:\/\/portaltela.pt\/api\/wp\/v2\/media\/427377"}],"wp:attachment":[{"href":"https:\/\/portaltela.pt\/api\/wp\/v2\/media?parent=427375"}],"wp:term":[{"taxonomy":"category","embeddable":true,"href":"https:\/\/portaltela.pt\/api\/wp\/v2\/categories?post=427375"},{"taxonomy":"post_tag","embeddable":true,"href":"https:\/\/portaltela.pt\/api\/wp\/v2\/tags?post=427375"}],"curies":[{"name":"wp","href":"https:\/\/api.w.org\/{rel}","templated":true}]}}