{"id":427372,"date":"2026-03-30T15:32:16","date_gmt":"2026-03-30T18:32:16","guid":{"rendered":"https:\/\/portaltela.pt\/noticias\/2026\/03\/30\/insulto-racista-alegado-a-lucas-franca-chega-ao-conselho-de-disciplina\/"},"modified":"2026-03-30T15:32:16","modified_gmt":"2026-03-30T18:32:16","slug":"insulto-racista-alegado-a-lucas-franca-chega-ao-conselho-de-disciplina","status":"publish","type":"post","link":"https:\/\/portaltela.pt\/desporto\/futebol\/2026\/03\/30\/insulto-racista-alegado-a-lucas-franca-chega-ao-conselho-de-disciplina\/","title":{"rendered":"Insulto racista alegado a Lucas Fran\u00e7a chega ao Conselho de Disciplina"},"content":{"rendered":"<p>O alegado insulto racista dirigido ao jogador do Benfica Lucas Fran\u00e7a j\u00e1 est\u00e1 nas m\u00e3os do Conselho de Disciplina da Federa\u00e7\u00e3o Portuguesa de Voleibol. O incidente ocorreu no quarto set do segundo jogo dos quartos de final do playoff entre Sp. Espinho e Benfica, na Nave de Espinho. Fran\u00e7a alegou ter ouvido agress\u00f5es racistas de um adepto durante a partida, que terminou com a vit\u00f3ria encarnada por 3-1.<\/p>\n<p>Na altura, o \u00e1rbitro interrompeu o encontro para avaliar a den\u00fancia, e o jogador franc\u00eas interrompeu temporariamente o jogo. O Benfica confirmou a ocorr\u00eancia do incidente e destacou o compromisso com o respeito, a dignidade e os valores do desporto.<\/p>\n<p>O clube do Espinho est\u00e1 tamb\u00e9m a investigar o epis\u00f3dio. O respons\u00e1vel pela equipa, Bernardo Gomes de Almeida, esteve presente no local para perceber a situa\u00e7\u00e3o e tentar resolv\u00ea-la. O campe\u00e3o Olio, apelidado pelos adeptos, n\u00e3o se pronunciou publicamente sobre o incidente \u00e0 altura.<\/p>\n<p>A decis\u00e3o do Conselho de Disciplina pode implicar san\u00e7\u00f5es, incluindo multa ou jogos \u00e0 porta fechada, aplic\u00e1veis ao clube infrator. O Espinho\/Benfica disputam as meias-finais do playoff, em que v\u00e3o defrontar o Leix\u00f5es, ap\u00f3s a vit\u00f3ria das \u00e1guias.<\/p>\n","protected":false},"excerpt":{"rendered":"<ul>\n<li>O alegado insulto racista contra o central do Benfica, Lucas Fran\u00e7a, ocorreu no quarto set do segundo jogo dos quartos de final do playoff entre Espinho e Benfica, levando o atleta a interromper a partida.<\/li>\n<li>O caso j\u00e1 est\u00e1 sob a al\u00e7ada do Conselho de Disciplina da Federa\u00e7\u00e3o Portuguesa de Voleibol.<\/li>\n<li>O clube do adepto infrator pode sofrer multa e jogos \u00e0 porta fechada.<\/li>\n<li>O Benfica venceu o jogo por 3-1 e apura-se para as meias\u2011finais, onde defronta o Leix\u00f5es.<\/li>\n<li>Rea\u00e7\u00f5es: o Benfica lamentou o incidente e vincou o compromisso com o respeito; Lucas Fran\u00e7a afirmou que quem fez sabe o que fez; Marcel Matz emocionou\u2011se ao falar do assunto.<\/li>\n<\/ul>\n","protected":false},"author":2,"featured_media":427373,"comment_status":"closed","ping_status":"closed","sticky":false,"template":"","format":"standard","meta":{"footnotes":""},"categories":[21,24],"tags":[1946,6698,1839,5886,6032,181],"class_list":["post-427372","post","type-post","status-publish","format-standard","has-post-thumbnail","hentry","category-desporto","category-futebol","tag-benfica","tag-conselho-de-disciplina","tag-espinho","tag-insultos","tag-racismo","tag-voleibol"],"yoast_head":"<!-- This site is optimized with the Yoast SEO plugin v27.2 - https:\/\/yoast.com\/product\/yoast-seo-wordpress\/ -->\n<title>Insulto racista alegado a Lucas Fran\u00e7a chega ao Conselho de Disciplina - Portal Tela Portugal<\/title>\n<meta name=\"robots\" content=\"index, follow, max-snippet:-1, max-image-preview:large, max-video-preview:-1\" \/>\n<meta property=\"og:locale\" content=\"pt_PT\" \/>\n<meta property=\"og:type\" content=\"article\" \/>\n<meta property=\"og:title\" content=\"Insulto racista alegado a Lucas Fran\u00e7a chega ao Conselho de Disciplina - Portal Tela Portugal\" \/>\n<meta property=\"og:description\" content=\"O alegado insulto racista contra o central do Benfica, Lucas Fran\u00e7a, ocorreu no quarto set do segundo jogo dos quartos de final do playoff entre Espinho e Benfica, levando o atleta a interromper a partida. O caso j\u00e1 est\u00e1 sob a al\u00e7ada do Conselho de Disciplina da Federa\u00e7\u00e3o Portuguesa de Voleibol. O clube do adepto infrator pode sofrer multa e jogos \u00e0 porta fechada. O Benfica venceu o jogo por 3-1 e apura-se para as meias\u2011finais, onde defronta o Leix\u00f5es. Rea\u00e7\u00f5es: o Benfica lamentou o incidente e vincou o compromisso com o respeito; Lucas Fran\u00e7a afirmou que quem fez sabe o que fez; Marcel Matz emocionou\u2011se ao falar do assunto.\" \/>\n<meta property=\"og:url\" content=\"https:\/\/portaltela.pt\/noticias\/2026\/03\/30\/insulto-racista-alegado-a-lucas-franca-chega-ao-conselho-de-disciplina\/\" \/>\n<meta property=\"og:site_name\" content=\"Portal Tela Portugal\" \/>\n<meta property=\"article:published_time\" content=\"2026-03-30T18:32:16+00:00\" \/>\n<meta name=\"author\" content=\"Telinha\" \/>\n<meta name=\"twitter:card\" content=\"summary_large_image\" \/>\n<meta name=\"twitter:label1\" content=\"Escrito por\" \/>\n\t<meta name=\"twitter:data1\" content=\"Telinha\" \/>\n\t<meta name=\"twitter:label2\" content=\"Tempo estimado de leitura\" \/>\n\t<meta name=\"twitter:data2\" content=\"1 minuto\" \/>\n<script type=\"application\/ld+json\" class=\"yoast-schema-graph\">{\"@context\":\"https:\/\/schema.org\",\"@graph\":[{\"@type\":\"Article\",\"@id\":\"https:\/\/portaltela.pt\/noticias\/2026\/03\/30\/insulto-racista-alegado-a-lucas-franca-chega-ao-conselho-de-disciplina\/#article\",\"isPartOf\":{\"@id\":\"https:\/\/portaltela.pt\/noticias\/2026\/03\/30\/insulto-racista-alegado-a-lucas-franca-chega-ao-conselho-de-disciplina\/\"},\"author\":{\"name\":\"Telinha\",\"@id\":\"https:\/\/portaltela.pt\/#\/schema\/person\/c4278d4a6028830caff9ee44b42d32ed\"},\"headline\":\"Insulto racista alegado a Lucas Fran\u00e7a chega ao Conselho de Disciplina\",\"datePublished\":\"2026-03-30T18:32:16+00:00\",\"mainEntityOfPage\":{\"@id\":\"https:\/\/portaltela.pt\/noticias\/2026\/03\/30\/insulto-racista-alegado-a-lucas-franca-chega-ao-conselho-de-disciplina\/\"},\"wordCount\":224,\"image\":{\"@id\":\"https:\/\/portaltela.pt\/noticias\/2026\/03\/30\/insulto-racista-alegado-a-lucas-franca-chega-ao-conselho-de-disciplina\/#primaryimage\"},\"thumbnailUrl\":\"https:\/\/portaltela.pt\/s.01k8rhncp4jt1\/2026\/03\/img_920x518uu2026-03-30-19-17-22-2430145.jpg\",\"keywords\":[\"Benfica\",\"Conselho de Disciplina\",\"Espinho\",\"insultos\",\"racismo\",\"voleibol\"],\"articleSection\":[\"Desporto\",\"Futebol\"],\"inLanguage\":\"pt-PT\"},{\"@type\":\"WebPage\",\"@id\":\"https:\/\/portaltela.pt\/noticias\/2026\/03\/30\/insulto-racista-alegado-a-lucas-franca-chega-ao-conselho-de-disciplina\/\",\"url\":\"https:\/\/portaltela.pt\/noticias\/2026\/03\/30\/insulto-racista-alegado-a-lucas-franca-chega-ao-conselho-de-disciplina\/\",\"name\":\"Insulto racista alegado a Lucas Fran\u00e7a chega ao Conselho de Disciplina - Portal Tela Portugal\",\"isPartOf\":{\"@id\":\"https:\/\/portaltela.pt\/#website\"},\"primaryImageOfPage\":{\"@id\":\"https:\/\/portaltela.pt\/noticias\/2026\/03\/30\/insulto-racista-alegado-a-lucas-franca-chega-ao-conselho-de-disciplina\/#primaryimage\"},\"image\":{\"@id\":\"https:\/\/portaltela.pt\/noticias\/2026\/03\/30\/insulto-racista-alegado-a-lucas-franca-chega-ao-conselho-de-disciplina\/#primaryimage\"},\"thumbnailUrl\":\"https:\/\/portaltela.pt\/s.01k8rhncp4jt1\/2026\/03\/img_920x518uu2026-03-30-19-17-22-2430145.jpg\",\"datePublished\":\"2026-03-30T18:32:16+00:00\",\"author\":{\"@id\":\"https:\/\/portaltela.pt\/#\/schema\/person\/c4278d4a6028830caff9ee44b42d32ed\"},\"breadcrumb\":{\"@id\":\"https:\/\/portaltela.pt\/noticias\/2026\/03\/30\/insulto-racista-alegado-a-lucas-franca-chega-ao-conselho-de-disciplina\/#breadcrumb\"},\"inLanguage\":\"pt-PT\",\"potentialAction\":[{\"@type\":\"ReadAction\",\"target\":[\"https:\/\/portaltela.pt\/noticias\/2026\/03\/30\/insulto-racista-alegado-a-lucas-franca-chega-ao-conselho-de-disciplina\/\"]}]},{\"@type\":\"ImageObject\",\"inLanguage\":\"pt-PT\",\"@id\":\"https:\/\/portaltela.pt\/noticias\/2026\/03\/30\/insulto-racista-alegado-a-lucas-franca-chega-ao-conselho-de-disciplina\/#primaryimage\",\"url\":\"https:\/\/portaltela.pt\/s.01k8rhncp4jt1\/2026\/03\/img_920x518uu2026-03-30-19-17-22-2430145.jpg\",\"contentUrl\":\"https:\/\/portaltela.pt\/s.01k8rhncp4jt1\/2026\/03\/img_920x518uu2026-03-30-19-17-22-2430145.jpg\",\"width\":796,\"height\":448,\"caption\":\"Lucas Fran\u00e7a queixou-se de ser insultado\"},{\"@type\":\"BreadcrumbList\",\"@id\":\"https:\/\/portaltela.pt\/noticias\/2026\/03\/30\/insulto-racista-alegado-a-lucas-franca-chega-ao-conselho-de-disciplina\/#breadcrumb\",\"itemListElement\":[{\"@type\":\"ListItem\",\"position\":1,\"name\":\"In\u00edcio\",\"item\":\"https:\/\/portaltela.pt\/\"},{\"@type\":\"ListItem\",\"position\":2,\"name\":\"Insulto racista alegado a Lucas Fran\u00e7a chega ao Conselho de Disciplina\"}]},{\"@type\":\"WebSite\",\"@id\":\"https:\/\/portaltela.pt\/#website\",\"url\":\"https:\/\/portaltela.pt\/\",\"name\":\"Portal Tela Portugal\",\"description\":\"\",\"potentialAction\":[{\"@type\":\"SearchAction\",\"target\":{\"@type\":\"EntryPoint\",\"urlTemplate\":\"https:\/\/portaltela.pt\/?s={search_term_string}\"},\"query-input\":{\"@type\":\"PropertyValueSpecification\",\"valueRequired\":true,\"valueName\":\"search_term_string\"}}],\"inLanguage\":\"pt-PT\"},{\"@type\":\"Person\",\"@id\":\"https:\/\/portaltela.pt\/#\/schema\/person\/c4278d4a6028830caff9ee44b42d32ed\",\"name\":\"Telinha\",\"image\":{\"@type\":\"ImageObject\",\"inLanguage\":\"pt-PT\",\"@id\":\"https:\/\/portaltela.pt\/s.01k8rhncp4jt1\/2025\/11\/talking-bot-125x125.png\",\"url\":\"https:\/\/portaltela.pt\/s.01k8rhncp4jt1\/2025\/11\/talking-bot-125x125.png\",\"contentUrl\":\"https:\/\/portaltela.pt\/s.01k8rhncp4jt1\/2025\/11\/talking-bot-125x125.png\",\"caption\":\"Telinha\"},\"sameAs\":[\"https:\/\/portaltela.pt\/\"],\"url\":\"https:\/\/portaltela.pt\/por\/367410592786\/\"}]}<\/script>\n<!-- \/ Yoast SEO plugin. -->","yoast_head_json":{"title":"Insulto racista alegado a Lucas Fran\u00e7a chega ao Conselho de Disciplina - Portal Tela Portugal","robots":{"index":"index","follow":"follow","max-snippet":"max-snippet:-1","max-image-preview":"max-image-preview:large","max-video-preview":"max-video-preview:-1"},"og_locale":"pt_PT","og_type":"article","og_title":"Insulto racista alegado a Lucas Fran\u00e7a chega ao Conselho de Disciplina - Portal Tela Portugal","og_description":"O alegado insulto racista contra o central do Benfica, Lucas Fran\u00e7a, ocorreu no quarto set do segundo jogo dos quartos de final do playoff entre Espinho e Benfica, levando o atleta a interromper a partida. O caso j\u00e1 est\u00e1 sob a al\u00e7ada do Conselho de Disciplina da Federa\u00e7\u00e3o Portuguesa de Voleibol. O clube do adepto infrator pode sofrer multa e jogos \u00e0 porta fechada. O Benfica venceu o jogo por 3-1 e apura-se para as meias\u2011finais, onde defronta o Leix\u00f5es. Rea\u00e7\u00f5es: o Benfica lamentou o incidente e vincou o compromisso com o respeito; Lucas Fran\u00e7a afirmou que quem fez sabe o que fez; Marcel Matz emocionou\u2011se ao falar do assunto.","og_url":"https:\/\/portaltela.pt\/noticias\/2026\/03\/30\/insulto-racista-alegado-a-lucas-franca-chega-ao-conselho-de-disciplina\/","og_site_name":"Portal Tela Portugal","article_published_time":"2026-03-30T18:32:16+00:00","author":"Telinha","twitter_card":"summary_large_image","twitter_misc":{"Escrito por":"Telinha","Tempo estimado de leitura":"1 minuto"},"schema":{"@context":"https:\/\/schema.org","@graph":[{"@type":"Article","@id":"https:\/\/portaltela.pt\/noticias\/2026\/03\/30\/insulto-racista-alegado-a-lucas-franca-chega-ao-conselho-de-disciplina\/#article","isPartOf":{"@id":"https:\/\/portaltela.pt\/noticias\/2026\/03\/30\/insulto-racista-alegado-a-lucas-franca-chega-ao-conselho-de-disciplina\/"},"author":{"name":"Telinha","@id":"https:\/\/portaltela.pt\/#\/schema\/person\/c4278d4a6028830caff9ee44b42d32ed"},"headline":"Insulto racista alegado a Lucas Fran\u00e7a chega ao Conselho de Disciplina","datePublished":"2026-03-30T18:32:16+00:00","mainEntityOfPage":{"@id":"https:\/\/portaltela.pt\/noticias\/2026\/03\/30\/insulto-racista-alegado-a-lucas-franca-chega-ao-conselho-de-disciplina\/"},"wordCount":224,"image":{"@id":"https:\/\/portaltela.pt\/noticias\/2026\/03\/30\/insulto-racista-alegado-a-lucas-franca-chega-ao-conselho-de-disciplina\/#primaryimage"},"thumbnailUrl":"https:\/\/portaltela.pt\/s.01k8rhncp4jt1\/2026\/03\/img_920x518uu2026-03-30-19-17-22-2430145.jpg","keywords":["Benfica","Conselho de Disciplina","Espinho","insultos","racismo","voleibol"],"articleSection":["Desporto","Futebol"],"inLanguage":"pt-PT"},{"@type":"WebPage","@id":"https:\/\/portaltela.pt\/noticias\/2026\/03\/30\/insulto-racista-alegado-a-lucas-franca-chega-ao-conselho-de-disciplina\/","url":"https:\/\/portaltela.pt\/noticias\/2026\/03\/30\/insulto-racista-alegado-a-lucas-franca-chega-ao-conselho-de-disciplina\/","name":"Insulto racista alegado a Lucas Fran\u00e7a chega ao Conselho de Disciplina - Portal Tela Portugal","isPartOf":{"@id":"https:\/\/portaltela.pt\/#website"},"primaryImageOfPage":{"@id":"https:\/\/portaltela.pt\/noticias\/2026\/03\/30\/insulto-racista-alegado-a-lucas-franca-chega-ao-conselho-de-disciplina\/#primaryimage"},"image":{"@id":"https:\/\/portaltela.pt\/noticias\/2026\/03\/30\/insulto-racista-alegado-a-lucas-franca-chega-ao-conselho-de-disciplina\/#primaryimage"},"thumbnailUrl":"https:\/\/portaltela.pt\/s.01k8rhncp4jt1\/2026\/03\/img_920x518uu2026-03-30-19-17-22-2430145.jpg","datePublished":"2026-03-30T18:32:16+00:00","author":{"@id":"https:\/\/portaltela.pt\/#\/schema\/person\/c4278d4a6028830caff9ee44b42d32ed"},"breadcrumb":{"@id":"https:\/\/portaltela.pt\/noticias\/2026\/03\/30\/insulto-racista-alegado-a-lucas-franca-chega-ao-conselho-de-disciplina\/#breadcrumb"},"inLanguage":"pt-PT","potentialAction":[{"@type":"ReadAction","target":["https:\/\/portaltela.pt\/noticias\/2026\/03\/30\/insulto-racista-alegado-a-lucas-franca-chega-ao-conselho-de-disciplina\/"]}]},{"@type":"ImageObject","inLanguage":"pt-PT","@id":"https:\/\/portaltela.pt\/noticias\/2026\/03\/30\/insulto-racista-alegado-a-lucas-franca-chega-ao-conselho-de-disciplina\/#primaryimage","url":"https:\/\/portaltela.pt\/s.01k8rhncp4jt1\/2026\/03\/img_920x518uu2026-03-30-19-17-22-2430145.jpg","contentUrl":"https:\/\/portaltela.pt\/s.01k8rhncp4jt1\/2026\/03\/img_920x518uu2026-03-30-19-17-22-2430145.jpg","width":796,"height":448,"caption":"Lucas Fran\u00e7a queixou-se de ser insultado"},{"@type":"BreadcrumbList","@id":"https:\/\/portaltela.pt\/noticias\/2026\/03\/30\/insulto-racista-alegado-a-lucas-franca-chega-ao-conselho-de-disciplina\/#breadcrumb","itemListElement":[{"@type":"ListItem","position":1,"name":"In\u00edcio","item":"https:\/\/portaltela.pt\/"},{"@type":"ListItem","position":2,"name":"Insulto racista alegado a Lucas Fran\u00e7a chega ao Conselho de Disciplina"}]},{"@type":"WebSite","@id":"https:\/\/portaltela.pt\/#website","url":"https:\/\/portaltela.pt\/","name":"Portal Tela Portugal","description":"","potentialAction":[{"@type":"SearchAction","target":{"@type":"EntryPoint","urlTemplate":"https:\/\/portaltela.pt\/?s={search_term_string}"},"query-input":{"@type":"PropertyValueSpecification","valueRequired":true,"valueName":"search_term_string"}}],"inLanguage":"pt-PT"},{"@type":"Person","@id":"https:\/\/portaltela.pt\/#\/schema\/person\/c4278d4a6028830caff9ee44b42d32ed","name":"Telinha","image":{"@type":"ImageObject","inLanguage":"pt-PT","@id":"https:\/\/portaltela.pt\/s.01k8rhncp4jt1\/2025\/11\/talking-bot-125x125.png","url":"https:\/\/portaltela.pt\/s.01k8rhncp4jt1\/2025\/11\/talking-bot-125x125.png","contentUrl":"https:\/\/portaltela.pt\/s.01k8rhncp4jt1\/2025\/11\/talking-bot-125x125.png","caption":"Telinha"},"sameAs":["https:\/\/portaltela.pt\/"],"url":"https:\/\/portaltela.pt\/por\/367410592786\/"}]}},"_links":{"self":[{"href":"https:\/\/portaltela.pt\/api\/wp\/v2\/posts\/427372","targetHints":{"allow":["GET"]}}],"collection":[{"href":"https:\/\/portaltela.pt\/api\/wp\/v2\/posts"}],"about":[{"href":"https:\/\/portaltela.pt\/api\/wp\/v2\/types\/post"}],"author":[{"embeddable":true,"href":"https:\/\/portaltela.pt\/api\/wp\/v2\/users\/2"}],"replies":[{"embeddable":true,"href":"https:\/\/portaltela.pt\/api\/wp\/v2\/comments?post=427372"}],"version-history":[{"count":0,"href":"https:\/\/portaltela.pt\/api\/wp\/v2\/posts\/427372\/revisions"}],"wp:featuredmedia":[{"embeddable":true,"href":"https:\/\/portaltela.pt\/api\/wp\/v2\/media\/427373"}],"wp:attachment":[{"href":"https:\/\/portaltela.pt\/api\/wp\/v2\/media?parent=427372"}],"wp:term":[{"taxonomy":"category","embeddable":true,"href":"https:\/\/portaltela.pt\/api\/wp\/v2\/categories?post=427372"},{"taxonomy":"post_tag","embeddable":true,"href":"https:\/\/portaltela.pt\/api\/wp\/v2\/tags?post=427372"}],"curies":[{"name":"wp","href":"https:\/\/api.w.org\/{rel}","templated":true}]}}