{"id":427368,"date":"2026-03-30T15:32:09","date_gmt":"2026-03-30T18:32:09","guid":{"rendered":"https:\/\/portaltela.pt\/noticias\/2026\/03\/30\/arabia-saudita-chama-por-eder-militao\/"},"modified":"2026-03-30T15:32:09","modified_gmt":"2026-03-30T18:32:09","slug":"arabia-saudita-chama-por-eder-militao","status":"publish","type":"post","link":"https:\/\/portaltela.pt\/desporto\/futebol\/2026\/03\/30\/arabia-saudita-chama-por-eder-militao\/","title":{"rendered":"Ar\u00e1bia Saudita chama por \u00c9der Milit\u00e3o"},"content":{"rendered":"<p>\u00c9der Milit\u00e3o, defesa do Real Madrid, est\u00e1 a sair de uma longa paragem por les\u00e3o iniciada em dezembro. O regresso aos treinos aproxima-se, com o jogador a trabalhar para voltar \u00e0 a\u00e7\u00e3o com a equipa.<\/p>\n<p>Segundo o El Chiringuito TV, clubes sauditas questionaram o Madrid acerca da possibilidade de uma transfer\u00eancia no final da \u00e9poca. O interesse aparece num momento em que Milit\u00e3o se aproxima do regresso.<\/p>\n<p>O regresso aos relvados est\u00e1 perto de acontecer, com a indica\u00e7\u00e3o cl\u00ednica a chegar em breve. O Real Madrid, liderado por Florentino P\u00e9rez, mant\u00e9m posi\u00e7\u00e3o firme e n\u00e3o aponta para venda no final da \u00e9poca 2025\/26.<\/p>\n<h3>Interesse dos clubes sauditas e posi\u00e7\u00e3o do Real Madrid<\/h3>\n<p>Os clubes da Ar\u00e1bia Saudita t\u00eam monitorizado Milit\u00e3o h\u00e1 algum tempo, ampliando o escrut\u00ednio \u00e0 medida que o regresso se aproxima.<\/p>\n<p>O Real Madrid n\u00e3o manifesta abertura a neg\u00f3cios nesse momento, mantendo a prioridade de reter o jogador para o pr\u00f3ximo per\u00edodo competitivo.<\/p>\n","protected":false},"excerpt":{"rendered":"<ul>\n<li>\u00c9der Milit\u00e3o est\u00e1 a registar-se como recupera\u00e7\u00e3o r\u00e1pida da les\u00e3o de dezembro e deve regressar em breve aos treinos.<\/li>\n<li>O defesa brasileiro do Real Madrid tem despertado o interesse de clubes da Ar\u00e1bia Saudita.<\/li>\n<li>O El Chiringuito TV indica que os sauditas questionam os merengues sobre a possibilidade de transfer\u00eancia no final da \u00e9poca.<\/li>\n<li>O regresso aos relvados est\u00e1 condicionado \u00e0 autoriza\u00e7\u00e3o do corpo cl\u00ednico do Real Madrid.<\/li>\n<li>A dire\u00e7\u00e3o do Real Madrid, liderada por Florentino P\u00e9rez, mant\u00e9m posi\u00e7\u00e3o firme e n\u00e3o parece interessada em perder o jogador no final da \u00e9poca 2025\/26.<\/li>\n<\/ul>\n","protected":false},"author":2,"featured_media":427371,"comment_status":"closed","ping_status":"closed","sticky":false,"template":"","format":"standard","meta":{"footnotes":""},"categories":[21,24],"tags":[1016,32,2432,2538,2714,1633],"class_list":["post-427368","post","type-post","status-publish","format-standard","has-post-thumbnail","hentry","category-desporto","category-futebol","tag-arabia-saudita","tag-futebol","tag-interesses-internacionais","tag-lesoes","tag-real-madrid","tag-transferencias-internacionais"],"yoast_head":"<!-- This site is optimized with the Yoast SEO plugin v27.2 - https:\/\/yoast.com\/product\/yoast-seo-wordpress\/ -->\n<title>Ar\u00e1bia Saudita chama por \u00c9der Milit\u00e3o - Portal Tela Portugal<\/title>\n<meta name=\"robots\" content=\"index, follow, max-snippet:-1, max-image-preview:large, max-video-preview:-1\" \/>\n<meta property=\"og:locale\" content=\"pt_PT\" \/>\n<meta property=\"og:type\" content=\"article\" \/>\n<meta property=\"og:title\" content=\"Ar\u00e1bia Saudita chama por \u00c9der Milit\u00e3o - Portal Tela Portugal\" \/>\n<meta property=\"og:description\" content=\"\u00c9der Milit\u00e3o est\u00e1 a registar-se como recupera\u00e7\u00e3o r\u00e1pida da les\u00e3o de dezembro e deve regressar em breve aos treinos. O defesa brasileiro do Real Madrid tem despertado o interesse de clubes da Ar\u00e1bia Saudita. O El Chiringuito TV indica que os sauditas questionam os merengues sobre a possibilidade de transfer\u00eancia no final da \u00e9poca. O regresso aos relvados est\u00e1 condicionado \u00e0 autoriza\u00e7\u00e3o do corpo cl\u00ednico do Real Madrid. A dire\u00e7\u00e3o do Real Madrid, liderada por Florentino P\u00e9rez, mant\u00e9m posi\u00e7\u00e3o firme e n\u00e3o parece interessada em perder o jogador no final da \u00e9poca 2025\/26.\" \/>\n<meta property=\"og:url\" content=\"https:\/\/portaltela.pt\/noticias\/2026\/03\/30\/arabia-saudita-chama-por-eder-militao\/\" \/>\n<meta property=\"og:site_name\" content=\"Portal Tela Portugal\" \/>\n<meta property=\"article:published_time\" content=\"2026-03-30T18:32:09+00:00\" \/>\n<meta name=\"author\" content=\"Telinha\" \/>\n<meta name=\"twitter:card\" content=\"summary_large_image\" \/>\n<meta name=\"twitter:label1\" content=\"Escrito por\" \/>\n\t<meta name=\"twitter:data1\" content=\"Telinha\" \/>\n\t<meta name=\"twitter:label2\" content=\"Tempo estimado de leitura\" \/>\n\t<meta name=\"twitter:data2\" content=\"1 minuto\" \/>\n<script type=\"application\/ld+json\" class=\"yoast-schema-graph\">{\"@context\":\"https:\/\/schema.org\",\"@graph\":[{\"@type\":\"Article\",\"@id\":\"https:\/\/portaltela.pt\/noticias\/2026\/03\/30\/arabia-saudita-chama-por-eder-militao\/#article\",\"isPartOf\":{\"@id\":\"https:\/\/portaltela.pt\/noticias\/2026\/03\/30\/arabia-saudita-chama-por-eder-militao\/\"},\"author\":{\"name\":\"Telinha\",\"@id\":\"https:\/\/portaltela.pt\/#\/schema\/person\/c4278d4a6028830caff9ee44b42d32ed\"},\"headline\":\"Ar\u00e1bia Saudita chama por \u00c9der Milit\u00e3o\",\"datePublished\":\"2026-03-30T18:32:09+00:00\",\"mainEntityOfPage\":{\"@id\":\"https:\/\/portaltela.pt\/noticias\/2026\/03\/30\/arabia-saudita-chama-por-eder-militao\/\"},\"wordCount\":180,\"image\":{\"@id\":\"https:\/\/portaltela.pt\/noticias\/2026\/03\/30\/arabia-saudita-chama-por-eder-militao\/#primaryimage\"},\"thumbnailUrl\":\"https:\/\/portaltela.pt\/s.01k8rhncp4jt1\/2026\/03\/img_920x518uu2026-03-30-19-19-59-2430146.jpg\",\"keywords\":[\"Ar\u00e1bia Saudita\",\"futebol\",\"interesses internacionais\",\"les\u00f5es\",\"Real Madrid\",\"transfer\u00eancias internacionais\"],\"articleSection\":[\"Desporto\",\"Futebol\"],\"inLanguage\":\"pt-PT\"},{\"@type\":\"WebPage\",\"@id\":\"https:\/\/portaltela.pt\/noticias\/2026\/03\/30\/arabia-saudita-chama-por-eder-militao\/\",\"url\":\"https:\/\/portaltela.pt\/noticias\/2026\/03\/30\/arabia-saudita-chama-por-eder-militao\/\",\"name\":\"Ar\u00e1bia Saudita chama por \u00c9der Milit\u00e3o - Portal Tela Portugal\",\"isPartOf\":{\"@id\":\"https:\/\/portaltela.pt\/#website\"},\"primaryImageOfPage\":{\"@id\":\"https:\/\/portaltela.pt\/noticias\/2026\/03\/30\/arabia-saudita-chama-por-eder-militao\/#primaryimage\"},\"image\":{\"@id\":\"https:\/\/portaltela.pt\/noticias\/2026\/03\/30\/arabia-saudita-chama-por-eder-militao\/#primaryimage\"},\"thumbnailUrl\":\"https:\/\/portaltela.pt\/s.01k8rhncp4jt1\/2026\/03\/img_920x518uu2026-03-30-19-19-59-2430146.jpg\",\"datePublished\":\"2026-03-30T18:32:09+00:00\",\"author\":{\"@id\":\"https:\/\/portaltela.pt\/#\/schema\/person\/c4278d4a6028830caff9ee44b42d32ed\"},\"breadcrumb\":{\"@id\":\"https:\/\/portaltela.pt\/noticias\/2026\/03\/30\/arabia-saudita-chama-por-eder-militao\/#breadcrumb\"},\"inLanguage\":\"pt-PT\",\"potentialAction\":[{\"@type\":\"ReadAction\",\"target\":[\"https:\/\/portaltela.pt\/noticias\/2026\/03\/30\/arabia-saudita-chama-por-eder-militao\/\"]}]},{\"@type\":\"ImageObject\",\"inLanguage\":\"pt-PT\",\"@id\":\"https:\/\/portaltela.pt\/noticias\/2026\/03\/30\/arabia-saudita-chama-por-eder-militao\/#primaryimage\",\"url\":\"https:\/\/portaltela.pt\/s.01k8rhncp4jt1\/2026\/03\/img_920x518uu2026-03-30-19-19-59-2430146.jpg\",\"contentUrl\":\"https:\/\/portaltela.pt\/s.01k8rhncp4jt1\/2026\/03\/img_920x518uu2026-03-30-19-19-59-2430146.jpg\",\"width\":796,\"height\":448,\"caption\":\"\u00c9der Milit\u00e3o regressa aos treinos ap\u00f3s les\u00e3o\"},{\"@type\":\"BreadcrumbList\",\"@id\":\"https:\/\/portaltela.pt\/noticias\/2026\/03\/30\/arabia-saudita-chama-por-eder-militao\/#breadcrumb\",\"itemListElement\":[{\"@type\":\"ListItem\",\"position\":1,\"name\":\"In\u00edcio\",\"item\":\"https:\/\/portaltela.pt\/\"},{\"@type\":\"ListItem\",\"position\":2,\"name\":\"Ar\u00e1bia Saudita chama por \u00c9der Milit\u00e3o\"}]},{\"@type\":\"WebSite\",\"@id\":\"https:\/\/portaltela.pt\/#website\",\"url\":\"https:\/\/portaltela.pt\/\",\"name\":\"Portal Tela Portugal\",\"description\":\"\",\"potentialAction\":[{\"@type\":\"SearchAction\",\"target\":{\"@type\":\"EntryPoint\",\"urlTemplate\":\"https:\/\/portaltela.pt\/?s={search_term_string}\"},\"query-input\":{\"@type\":\"PropertyValueSpecification\",\"valueRequired\":true,\"valueName\":\"search_term_string\"}}],\"inLanguage\":\"pt-PT\"},{\"@type\":\"Person\",\"@id\":\"https:\/\/portaltela.pt\/#\/schema\/person\/c4278d4a6028830caff9ee44b42d32ed\",\"name\":\"Telinha\",\"image\":{\"@type\":\"ImageObject\",\"inLanguage\":\"pt-PT\",\"@id\":\"https:\/\/portaltela.pt\/s.01k8rhncp4jt1\/2025\/11\/talking-bot-125x125.png\",\"url\":\"https:\/\/portaltela.pt\/s.01k8rhncp4jt1\/2025\/11\/talking-bot-125x125.png\",\"contentUrl\":\"https:\/\/portaltela.pt\/s.01k8rhncp4jt1\/2025\/11\/talking-bot-125x125.png\",\"caption\":\"Telinha\"},\"sameAs\":[\"https:\/\/portaltela.pt\/\"],\"url\":\"https:\/\/portaltela.pt\/por\/367410592786\/\"}]}<\/script>\n<!-- \/ Yoast SEO plugin. -->","yoast_head_json":{"title":"Ar\u00e1bia Saudita chama por \u00c9der Milit\u00e3o - Portal Tela Portugal","robots":{"index":"index","follow":"follow","max-snippet":"max-snippet:-1","max-image-preview":"max-image-preview:large","max-video-preview":"max-video-preview:-1"},"og_locale":"pt_PT","og_type":"article","og_title":"Ar\u00e1bia Saudita chama por \u00c9der Milit\u00e3o - Portal Tela Portugal","og_description":"\u00c9der Milit\u00e3o est\u00e1 a registar-se como recupera\u00e7\u00e3o r\u00e1pida da les\u00e3o de dezembro e deve regressar em breve aos treinos. O defesa brasileiro do Real Madrid tem despertado o interesse de clubes da Ar\u00e1bia Saudita. O El Chiringuito TV indica que os sauditas questionam os merengues sobre a possibilidade de transfer\u00eancia no final da \u00e9poca. O regresso aos relvados est\u00e1 condicionado \u00e0 autoriza\u00e7\u00e3o do corpo cl\u00ednico do Real Madrid. A dire\u00e7\u00e3o do Real Madrid, liderada por Florentino P\u00e9rez, mant\u00e9m posi\u00e7\u00e3o firme e n\u00e3o parece interessada em perder o jogador no final da \u00e9poca 2025\/26.","og_url":"https:\/\/portaltela.pt\/noticias\/2026\/03\/30\/arabia-saudita-chama-por-eder-militao\/","og_site_name":"Portal Tela Portugal","article_published_time":"2026-03-30T18:32:09+00:00","author":"Telinha","twitter_card":"summary_large_image","twitter_misc":{"Escrito por":"Telinha","Tempo estimado de leitura":"1 minuto"},"schema":{"@context":"https:\/\/schema.org","@graph":[{"@type":"Article","@id":"https:\/\/portaltela.pt\/noticias\/2026\/03\/30\/arabia-saudita-chama-por-eder-militao\/#article","isPartOf":{"@id":"https:\/\/portaltela.pt\/noticias\/2026\/03\/30\/arabia-saudita-chama-por-eder-militao\/"},"author":{"name":"Telinha","@id":"https:\/\/portaltela.pt\/#\/schema\/person\/c4278d4a6028830caff9ee44b42d32ed"},"headline":"Ar\u00e1bia Saudita chama por \u00c9der Milit\u00e3o","datePublished":"2026-03-30T18:32:09+00:00","mainEntityOfPage":{"@id":"https:\/\/portaltela.pt\/noticias\/2026\/03\/30\/arabia-saudita-chama-por-eder-militao\/"},"wordCount":180,"image":{"@id":"https:\/\/portaltela.pt\/noticias\/2026\/03\/30\/arabia-saudita-chama-por-eder-militao\/#primaryimage"},"thumbnailUrl":"https:\/\/portaltela.pt\/s.01k8rhncp4jt1\/2026\/03\/img_920x518uu2026-03-30-19-19-59-2430146.jpg","keywords":["Ar\u00e1bia Saudita","futebol","interesses internacionais","les\u00f5es","Real Madrid","transfer\u00eancias internacionais"],"articleSection":["Desporto","Futebol"],"inLanguage":"pt-PT"},{"@type":"WebPage","@id":"https:\/\/portaltela.pt\/noticias\/2026\/03\/30\/arabia-saudita-chama-por-eder-militao\/","url":"https:\/\/portaltela.pt\/noticias\/2026\/03\/30\/arabia-saudita-chama-por-eder-militao\/","name":"Ar\u00e1bia Saudita chama por \u00c9der Milit\u00e3o - Portal Tela Portugal","isPartOf":{"@id":"https:\/\/portaltela.pt\/#website"},"primaryImageOfPage":{"@id":"https:\/\/portaltela.pt\/noticias\/2026\/03\/30\/arabia-saudita-chama-por-eder-militao\/#primaryimage"},"image":{"@id":"https:\/\/portaltela.pt\/noticias\/2026\/03\/30\/arabia-saudita-chama-por-eder-militao\/#primaryimage"},"thumbnailUrl":"https:\/\/portaltela.pt\/s.01k8rhncp4jt1\/2026\/03\/img_920x518uu2026-03-30-19-19-59-2430146.jpg","datePublished":"2026-03-30T18:32:09+00:00","author":{"@id":"https:\/\/portaltela.pt\/#\/schema\/person\/c4278d4a6028830caff9ee44b42d32ed"},"breadcrumb":{"@id":"https:\/\/portaltela.pt\/noticias\/2026\/03\/30\/arabia-saudita-chama-por-eder-militao\/#breadcrumb"},"inLanguage":"pt-PT","potentialAction":[{"@type":"ReadAction","target":["https:\/\/portaltela.pt\/noticias\/2026\/03\/30\/arabia-saudita-chama-por-eder-militao\/"]}]},{"@type":"ImageObject","inLanguage":"pt-PT","@id":"https:\/\/portaltela.pt\/noticias\/2026\/03\/30\/arabia-saudita-chama-por-eder-militao\/#primaryimage","url":"https:\/\/portaltela.pt\/s.01k8rhncp4jt1\/2026\/03\/img_920x518uu2026-03-30-19-19-59-2430146.jpg","contentUrl":"https:\/\/portaltela.pt\/s.01k8rhncp4jt1\/2026\/03\/img_920x518uu2026-03-30-19-19-59-2430146.jpg","width":796,"height":448,"caption":"\u00c9der Milit\u00e3o regressa aos treinos ap\u00f3s les\u00e3o"},{"@type":"BreadcrumbList","@id":"https:\/\/portaltela.pt\/noticias\/2026\/03\/30\/arabia-saudita-chama-por-eder-militao\/#breadcrumb","itemListElement":[{"@type":"ListItem","position":1,"name":"In\u00edcio","item":"https:\/\/portaltela.pt\/"},{"@type":"ListItem","position":2,"name":"Ar\u00e1bia Saudita chama por \u00c9der Milit\u00e3o"}]},{"@type":"WebSite","@id":"https:\/\/portaltela.pt\/#website","url":"https:\/\/portaltela.pt\/","name":"Portal Tela Portugal","description":"","potentialAction":[{"@type":"SearchAction","target":{"@type":"EntryPoint","urlTemplate":"https:\/\/portaltela.pt\/?s={search_term_string}"},"query-input":{"@type":"PropertyValueSpecification","valueRequired":true,"valueName":"search_term_string"}}],"inLanguage":"pt-PT"},{"@type":"Person","@id":"https:\/\/portaltela.pt\/#\/schema\/person\/c4278d4a6028830caff9ee44b42d32ed","name":"Telinha","image":{"@type":"ImageObject","inLanguage":"pt-PT","@id":"https:\/\/portaltela.pt\/s.01k8rhncp4jt1\/2025\/11\/talking-bot-125x125.png","url":"https:\/\/portaltela.pt\/s.01k8rhncp4jt1\/2025\/11\/talking-bot-125x125.png","contentUrl":"https:\/\/portaltela.pt\/s.01k8rhncp4jt1\/2025\/11\/talking-bot-125x125.png","caption":"Telinha"},"sameAs":["https:\/\/portaltela.pt\/"],"url":"https:\/\/portaltela.pt\/por\/367410592786\/"}]}},"_links":{"self":[{"href":"https:\/\/portaltela.pt\/api\/wp\/v2\/posts\/427368","targetHints":{"allow":["GET"]}}],"collection":[{"href":"https:\/\/portaltela.pt\/api\/wp\/v2\/posts"}],"about":[{"href":"https:\/\/portaltela.pt\/api\/wp\/v2\/types\/post"}],"author":[{"embeddable":true,"href":"https:\/\/portaltela.pt\/api\/wp\/v2\/users\/2"}],"replies":[{"embeddable":true,"href":"https:\/\/portaltela.pt\/api\/wp\/v2\/comments?post=427368"}],"version-history":[{"count":0,"href":"https:\/\/portaltela.pt\/api\/wp\/v2\/posts\/427368\/revisions"}],"wp:featuredmedia":[{"embeddable":true,"href":"https:\/\/portaltela.pt\/api\/wp\/v2\/media\/427371"}],"wp:attachment":[{"href":"https:\/\/portaltela.pt\/api\/wp\/v2\/media?parent=427368"}],"wp:term":[{"taxonomy":"category","embeddable":true,"href":"https:\/\/portaltela.pt\/api\/wp\/v2\/categories?post=427368"},{"taxonomy":"post_tag","embeddable":true,"href":"https:\/\/portaltela.pt\/api\/wp\/v2\/tags?post=427368"}],"curies":[{"name":"wp","href":"https:\/\/api.w.org\/{rel}","templated":true}]}}