{"id":427338,"date":"2026-03-30T15:02:22","date_gmt":"2026-03-30T18:02:22","guid":{"rendered":"https:\/\/portaltela.pt\/noticias\/2026\/03\/30\/sindicato-da-guarda-prisional-quer-excluir-mulheres-trans-de-prisoes-femininas\/"},"modified":"2026-03-30T15:02:22","modified_gmt":"2026-03-30T18:02:22","slug":"sindicato-da-guarda-prisional-quer-excluir-mulheres-trans-de-prisoes-femininas","status":"publish","type":"post","link":"https:\/\/portaltela.pt\/noticias\/2026\/03\/30\/sindicato-da-guarda-prisional-quer-excluir-mulheres-trans-de-prisoes-femininas\/","title":{"rendered":"Sindicato da guarda prisional quer excluir mulheres trans de pris\u00f5es femininas"},"content":{"rendered":"<p>O sindicato de chefias da guarda prisional associou-se a uma provid\u00eancia cautelar apresentada por uma associa\u00e7\u00e3o. A a\u00e7\u00e3o pretende impedir que mulheres transg\u00e9nero sem o processo de transi\u00e7\u00e3o f\u00edsico completo sejam colocadas em pris\u00f5es femininas.<\/p>\n<p>A medida foi apresentada a um tribunal em Portugal, com participa\u00e7\u00e3o do sindicato e da associa\u00e7\u00e3o autora. O objetivo \u00e9 evitar a coloca\u00e7\u00e3o de pessoas transg\u00e9nero em inst\u00e2ncias femininas sem conclus\u00e3o do processo de transi\u00e7\u00e3o.<\/p>\n<p>Quem est\u00e1 envolvido: o sindicato de chefias da guarda prisional e a associa\u00e7\u00e3o que moveu a provid\u00eancia cautelar. Ainda n\u00e3o foi revelada a identidade formal das partes nem o per\u00edodo em que a a\u00e7\u00e3o teve in\u00edcio.<\/p>\n<p>Porqu\u00ea: a a\u00e7\u00e3o sustenta a necessidade de salvaguardar crit\u00e9rios de classifica\u00e7\u00e3o prisional com base no estado f\u00edsico conclu\u00eddo a partir da transi\u00e7\u00e3o. A defesa afirma que a pr\u00e1tica atual pode afetar a seguran\u00e7a e a gest\u00e3o das pris\u00f5es.<\/p>\n","protected":false},"excerpt":{"rendered":"<ul>\n<li>O Sindicato de chefias da guarda prisional associou-se a uma provid\u00eancia cautelar apresentada por uma associa\u00e7\u00e3o.<\/li>\n<li>A provid\u00eancia visa impedir que mulheres transg\u00e9nero sem o processo de transi\u00e7\u00e3o f\u00edsico completo sejam colocadas em pris\u00f5es femininas.<\/li>\n<li>A medida est\u00e1 ligada \u00e0 gest\u00e3o de estabelecimentos prisionais e \u00e0 atribui\u00e7\u00e3o de vagas em pris\u00f5es femininas.<\/li>\n<li>N\u00e3o foram divulgados detalhes sobre prazos ou a evolu\u00e7\u00e3o do processo legal.<\/li>\n<\/ul>\n","protected":false},"author":2,"featured_media":427339,"comment_status":"closed","ping_status":"closed","sticky":false,"template":"","format":"standard","meta":{"footnotes":""},"categories":[6815,1],"tags":[6337,2633,803,6165,4343,250],"class_list":["post-427338","post","type-post","status-publish","format-standard","has-post-thumbnail","hentry","category-justica","category-noticias","tag-direito","tag-direitos-humanos","tag-justica","tag-pessoas-lgbt","tag-prisoes","tag-seguranca-publica"],"yoast_head":"<!-- This site is optimized with the Yoast SEO plugin v27.2 - https:\/\/yoast.com\/product\/yoast-seo-wordpress\/ -->\n<title>Sindicato da guarda prisional quer excluir mulheres trans de pris\u00f5es femininas - Portal Tela Portugal<\/title>\n<meta name=\"robots\" content=\"index, follow, max-snippet:-1, max-image-preview:large, max-video-preview:-1\" \/>\n<meta property=\"og:locale\" content=\"pt_PT\" \/>\n<meta property=\"og:type\" content=\"article\" \/>\n<meta property=\"og:title\" content=\"Sindicato da guarda prisional quer excluir mulheres trans de pris\u00f5es femininas - Portal Tela Portugal\" \/>\n<meta property=\"og:description\" content=\"O Sindicato de chefias da guarda prisional associou-se a uma provid\u00eancia cautelar apresentada por uma associa\u00e7\u00e3o. A provid\u00eancia visa impedir que mulheres transg\u00e9nero sem o processo de transi\u00e7\u00e3o f\u00edsico completo sejam colocadas em pris\u00f5es femininas. A medida est\u00e1 ligada \u00e0 gest\u00e3o de estabelecimentos prisionais e \u00e0 atribui\u00e7\u00e3o de vagas em pris\u00f5es femininas. N\u00e3o foram divulgados detalhes sobre prazos ou a evolu\u00e7\u00e3o do processo legal.\" \/>\n<meta property=\"og:url\" content=\"https:\/\/portaltela.pt\/noticias\/2026\/03\/30\/sindicato-da-guarda-prisional-quer-excluir-mulheres-trans-de-prisoes-femininas\/\" \/>\n<meta property=\"og:site_name\" content=\"Portal Tela Portugal\" \/>\n<meta property=\"article:published_time\" content=\"2026-03-30T18:02:22+00:00\" \/>\n<meta name=\"author\" content=\"Telinha\" \/>\n<meta name=\"twitter:card\" content=\"summary_large_image\" \/>\n<meta name=\"twitter:label1\" content=\"Escrito por\" \/>\n\t<meta name=\"twitter:data1\" content=\"Telinha\" \/>\n\t<meta name=\"twitter:label2\" content=\"Tempo estimado de leitura\" \/>\n\t<meta name=\"twitter:data2\" content=\"1 minuto\" \/>\n<script type=\"application\/ld+json\" class=\"yoast-schema-graph\">{\"@context\":\"https:\/\/schema.org\",\"@graph\":[{\"@type\":\"Article\",\"@id\":\"https:\/\/portaltela.pt\/noticias\/2026\/03\/30\/sindicato-da-guarda-prisional-quer-excluir-mulheres-trans-de-prisoes-femininas\/#article\",\"isPartOf\":{\"@id\":\"https:\/\/portaltela.pt\/noticias\/2026\/03\/30\/sindicato-da-guarda-prisional-quer-excluir-mulheres-trans-de-prisoes-femininas\/\"},\"author\":{\"name\":\"Telinha\",\"@id\":\"https:\/\/portaltela.pt\/#\/schema\/person\/c4278d4a6028830caff9ee44b42d32ed\"},\"headline\":\"Sindicato da guarda prisional quer excluir mulheres trans de pris\u00f5es femininas\",\"datePublished\":\"2026-03-30T18:02:22+00:00\",\"mainEntityOfPage\":{\"@id\":\"https:\/\/portaltela.pt\/noticias\/2026\/03\/30\/sindicato-da-guarda-prisional-quer-excluir-mulheres-trans-de-prisoes-femininas\/\"},\"wordCount\":185,\"image\":{\"@id\":\"https:\/\/portaltela.pt\/noticias\/2026\/03\/30\/sindicato-da-guarda-prisional-quer-excluir-mulheres-trans-de-prisoes-femininas\/#primaryimage\"},\"thumbnailUrl\":\"https:\/\/portaltela.pt\/s.01k8rhncp4jt1\/2026\/03\/CACHE_780X1200_ANALOG_WATERMARKED_25524592_2904956_28022019022529.jpg\",\"keywords\":[\"direito\",\"direitos humanos\",\"justi\u00e7a\",\"pessoas LGBT\",\"pris\u00f5es\",\"seguran\u00e7a p\u00fablica\"],\"articleSection\":[\"Justi\u00e7a\",\"Not\u00edcias\"],\"inLanguage\":\"pt-PT\"},{\"@type\":\"WebPage\",\"@id\":\"https:\/\/portaltela.pt\/noticias\/2026\/03\/30\/sindicato-da-guarda-prisional-quer-excluir-mulheres-trans-de-prisoes-femininas\/\",\"url\":\"https:\/\/portaltela.pt\/noticias\/2026\/03\/30\/sindicato-da-guarda-prisional-quer-excluir-mulheres-trans-de-prisoes-femininas\/\",\"name\":\"Sindicato da guarda prisional quer excluir mulheres trans de pris\u00f5es femininas - Portal Tela Portugal\",\"isPartOf\":{\"@id\":\"https:\/\/portaltela.pt\/#website\"},\"primaryImageOfPage\":{\"@id\":\"https:\/\/portaltela.pt\/noticias\/2026\/03\/30\/sindicato-da-guarda-prisional-quer-excluir-mulheres-trans-de-prisoes-femininas\/#primaryimage\"},\"image\":{\"@id\":\"https:\/\/portaltela.pt\/noticias\/2026\/03\/30\/sindicato-da-guarda-prisional-quer-excluir-mulheres-trans-de-prisoes-femininas\/#primaryimage\"},\"thumbnailUrl\":\"https:\/\/portaltela.pt\/s.01k8rhncp4jt1\/2026\/03\/CACHE_780X1200_ANALOG_WATERMARKED_25524592_2904956_28022019022529.jpg\",\"datePublished\":\"2026-03-30T18:02:22+00:00\",\"author\":{\"@id\":\"https:\/\/portaltela.pt\/#\/schema\/person\/c4278d4a6028830caff9ee44b42d32ed\"},\"breadcrumb\":{\"@id\":\"https:\/\/portaltela.pt\/noticias\/2026\/03\/30\/sindicato-da-guarda-prisional-quer-excluir-mulheres-trans-de-prisoes-femininas\/#breadcrumb\"},\"inLanguage\":\"pt-PT\",\"potentialAction\":[{\"@type\":\"ReadAction\",\"target\":[\"https:\/\/portaltela.pt\/noticias\/2026\/03\/30\/sindicato-da-guarda-prisional-quer-excluir-mulheres-trans-de-prisoes-femininas\/\"]}]},{\"@type\":\"ImageObject\",\"inLanguage\":\"pt-PT\",\"@id\":\"https:\/\/portaltela.pt\/noticias\/2026\/03\/30\/sindicato-da-guarda-prisional-quer-excluir-mulheres-trans-de-prisoes-femininas\/#primaryimage\",\"url\":\"https:\/\/portaltela.pt\/s.01k8rhncp4jt1\/2026\/03\/CACHE_780X1200_ANALOG_WATERMARKED_25524592_2904956_28022019022529.jpg\",\"contentUrl\":\"https:\/\/portaltela.pt\/s.01k8rhncp4jt1\/2026\/03\/CACHE_780X1200_ANALOG_WATERMARKED_25524592_2904956_28022019022529.jpg\",\"width\":768,\"height\":512,\"caption\":\"Sindicato de chefias da guarda prisional quer retirar mulheres trans de pris\u00f5es femininas\"},{\"@type\":\"BreadcrumbList\",\"@id\":\"https:\/\/portaltela.pt\/noticias\/2026\/03\/30\/sindicato-da-guarda-prisional-quer-excluir-mulheres-trans-de-prisoes-femininas\/#breadcrumb\",\"itemListElement\":[{\"@type\":\"ListItem\",\"position\":1,\"name\":\"In\u00edcio\",\"item\":\"https:\/\/portaltela.pt\/\"},{\"@type\":\"ListItem\",\"position\":2,\"name\":\"Sindicato da guarda prisional quer excluir mulheres trans de pris\u00f5es femininas\"}]},{\"@type\":\"WebSite\",\"@id\":\"https:\/\/portaltela.pt\/#website\",\"url\":\"https:\/\/portaltela.pt\/\",\"name\":\"Portal Tela Portugal\",\"description\":\"\",\"potentialAction\":[{\"@type\":\"SearchAction\",\"target\":{\"@type\":\"EntryPoint\",\"urlTemplate\":\"https:\/\/portaltela.pt\/?s={search_term_string}\"},\"query-input\":{\"@type\":\"PropertyValueSpecification\",\"valueRequired\":true,\"valueName\":\"search_term_string\"}}],\"inLanguage\":\"pt-PT\"},{\"@type\":\"Person\",\"@id\":\"https:\/\/portaltela.pt\/#\/schema\/person\/c4278d4a6028830caff9ee44b42d32ed\",\"name\":\"Telinha\",\"image\":{\"@type\":\"ImageObject\",\"inLanguage\":\"pt-PT\",\"@id\":\"https:\/\/portaltela.pt\/s.01k8rhncp4jt1\/2025\/11\/talking-bot-125x125.png\",\"url\":\"https:\/\/portaltela.pt\/s.01k8rhncp4jt1\/2025\/11\/talking-bot-125x125.png\",\"contentUrl\":\"https:\/\/portaltela.pt\/s.01k8rhncp4jt1\/2025\/11\/talking-bot-125x125.png\",\"caption\":\"Telinha\"},\"sameAs\":[\"https:\/\/portaltela.pt\/\"],\"url\":\"https:\/\/portaltela.pt\/por\/367410592786\/\"}]}<\/script>\n<!-- \/ Yoast SEO plugin. -->","yoast_head_json":{"title":"Sindicato da guarda prisional quer excluir mulheres trans de pris\u00f5es femininas - Portal Tela Portugal","robots":{"index":"index","follow":"follow","max-snippet":"max-snippet:-1","max-image-preview":"max-image-preview:large","max-video-preview":"max-video-preview:-1"},"og_locale":"pt_PT","og_type":"article","og_title":"Sindicato da guarda prisional quer excluir mulheres trans de pris\u00f5es femininas - Portal Tela Portugal","og_description":"O Sindicato de chefias da guarda prisional associou-se a uma provid\u00eancia cautelar apresentada por uma associa\u00e7\u00e3o. A provid\u00eancia visa impedir que mulheres transg\u00e9nero sem o processo de transi\u00e7\u00e3o f\u00edsico completo sejam colocadas em pris\u00f5es femininas. A medida est\u00e1 ligada \u00e0 gest\u00e3o de estabelecimentos prisionais e \u00e0 atribui\u00e7\u00e3o de vagas em pris\u00f5es femininas. N\u00e3o foram divulgados detalhes sobre prazos ou a evolu\u00e7\u00e3o do processo legal.","og_url":"https:\/\/portaltela.pt\/noticias\/2026\/03\/30\/sindicato-da-guarda-prisional-quer-excluir-mulheres-trans-de-prisoes-femininas\/","og_site_name":"Portal Tela Portugal","article_published_time":"2026-03-30T18:02:22+00:00","author":"Telinha","twitter_card":"summary_large_image","twitter_misc":{"Escrito por":"Telinha","Tempo estimado de leitura":"1 minuto"},"schema":{"@context":"https:\/\/schema.org","@graph":[{"@type":"Article","@id":"https:\/\/portaltela.pt\/noticias\/2026\/03\/30\/sindicato-da-guarda-prisional-quer-excluir-mulheres-trans-de-prisoes-femininas\/#article","isPartOf":{"@id":"https:\/\/portaltela.pt\/noticias\/2026\/03\/30\/sindicato-da-guarda-prisional-quer-excluir-mulheres-trans-de-prisoes-femininas\/"},"author":{"name":"Telinha","@id":"https:\/\/portaltela.pt\/#\/schema\/person\/c4278d4a6028830caff9ee44b42d32ed"},"headline":"Sindicato da guarda prisional quer excluir mulheres trans de pris\u00f5es femininas","datePublished":"2026-03-30T18:02:22+00:00","mainEntityOfPage":{"@id":"https:\/\/portaltela.pt\/noticias\/2026\/03\/30\/sindicato-da-guarda-prisional-quer-excluir-mulheres-trans-de-prisoes-femininas\/"},"wordCount":185,"image":{"@id":"https:\/\/portaltela.pt\/noticias\/2026\/03\/30\/sindicato-da-guarda-prisional-quer-excluir-mulheres-trans-de-prisoes-femininas\/#primaryimage"},"thumbnailUrl":"https:\/\/portaltela.pt\/s.01k8rhncp4jt1\/2026\/03\/CACHE_780X1200_ANALOG_WATERMARKED_25524592_2904956_28022019022529.jpg","keywords":["direito","direitos humanos","justi\u00e7a","pessoas LGBT","pris\u00f5es","seguran\u00e7a p\u00fablica"],"articleSection":["Justi\u00e7a","Not\u00edcias"],"inLanguage":"pt-PT"},{"@type":"WebPage","@id":"https:\/\/portaltela.pt\/noticias\/2026\/03\/30\/sindicato-da-guarda-prisional-quer-excluir-mulheres-trans-de-prisoes-femininas\/","url":"https:\/\/portaltela.pt\/noticias\/2026\/03\/30\/sindicato-da-guarda-prisional-quer-excluir-mulheres-trans-de-prisoes-femininas\/","name":"Sindicato da guarda prisional quer excluir mulheres trans de pris\u00f5es femininas - Portal Tela Portugal","isPartOf":{"@id":"https:\/\/portaltela.pt\/#website"},"primaryImageOfPage":{"@id":"https:\/\/portaltela.pt\/noticias\/2026\/03\/30\/sindicato-da-guarda-prisional-quer-excluir-mulheres-trans-de-prisoes-femininas\/#primaryimage"},"image":{"@id":"https:\/\/portaltela.pt\/noticias\/2026\/03\/30\/sindicato-da-guarda-prisional-quer-excluir-mulheres-trans-de-prisoes-femininas\/#primaryimage"},"thumbnailUrl":"https:\/\/portaltela.pt\/s.01k8rhncp4jt1\/2026\/03\/CACHE_780X1200_ANALOG_WATERMARKED_25524592_2904956_28022019022529.jpg","datePublished":"2026-03-30T18:02:22+00:00","author":{"@id":"https:\/\/portaltela.pt\/#\/schema\/person\/c4278d4a6028830caff9ee44b42d32ed"},"breadcrumb":{"@id":"https:\/\/portaltela.pt\/noticias\/2026\/03\/30\/sindicato-da-guarda-prisional-quer-excluir-mulheres-trans-de-prisoes-femininas\/#breadcrumb"},"inLanguage":"pt-PT","potentialAction":[{"@type":"ReadAction","target":["https:\/\/portaltela.pt\/noticias\/2026\/03\/30\/sindicato-da-guarda-prisional-quer-excluir-mulheres-trans-de-prisoes-femininas\/"]}]},{"@type":"ImageObject","inLanguage":"pt-PT","@id":"https:\/\/portaltela.pt\/noticias\/2026\/03\/30\/sindicato-da-guarda-prisional-quer-excluir-mulheres-trans-de-prisoes-femininas\/#primaryimage","url":"https:\/\/portaltela.pt\/s.01k8rhncp4jt1\/2026\/03\/CACHE_780X1200_ANALOG_WATERMARKED_25524592_2904956_28022019022529.jpg","contentUrl":"https:\/\/portaltela.pt\/s.01k8rhncp4jt1\/2026\/03\/CACHE_780X1200_ANALOG_WATERMARKED_25524592_2904956_28022019022529.jpg","width":768,"height":512,"caption":"Sindicato de chefias da guarda prisional quer retirar mulheres trans de pris\u00f5es femininas"},{"@type":"BreadcrumbList","@id":"https:\/\/portaltela.pt\/noticias\/2026\/03\/30\/sindicato-da-guarda-prisional-quer-excluir-mulheres-trans-de-prisoes-femininas\/#breadcrumb","itemListElement":[{"@type":"ListItem","position":1,"name":"In\u00edcio","item":"https:\/\/portaltela.pt\/"},{"@type":"ListItem","position":2,"name":"Sindicato da guarda prisional quer excluir mulheres trans de pris\u00f5es femininas"}]},{"@type":"WebSite","@id":"https:\/\/portaltela.pt\/#website","url":"https:\/\/portaltela.pt\/","name":"Portal Tela Portugal","description":"","potentialAction":[{"@type":"SearchAction","target":{"@type":"EntryPoint","urlTemplate":"https:\/\/portaltela.pt\/?s={search_term_string}"},"query-input":{"@type":"PropertyValueSpecification","valueRequired":true,"valueName":"search_term_string"}}],"inLanguage":"pt-PT"},{"@type":"Person","@id":"https:\/\/portaltela.pt\/#\/schema\/person\/c4278d4a6028830caff9ee44b42d32ed","name":"Telinha","image":{"@type":"ImageObject","inLanguage":"pt-PT","@id":"https:\/\/portaltela.pt\/s.01k8rhncp4jt1\/2025\/11\/talking-bot-125x125.png","url":"https:\/\/portaltela.pt\/s.01k8rhncp4jt1\/2025\/11\/talking-bot-125x125.png","contentUrl":"https:\/\/portaltela.pt\/s.01k8rhncp4jt1\/2025\/11\/talking-bot-125x125.png","caption":"Telinha"},"sameAs":["https:\/\/portaltela.pt\/"],"url":"https:\/\/portaltela.pt\/por\/367410592786\/"}]}},"_links":{"self":[{"href":"https:\/\/portaltela.pt\/api\/wp\/v2\/posts\/427338","targetHints":{"allow":["GET"]}}],"collection":[{"href":"https:\/\/portaltela.pt\/api\/wp\/v2\/posts"}],"about":[{"href":"https:\/\/portaltela.pt\/api\/wp\/v2\/types\/post"}],"author":[{"embeddable":true,"href":"https:\/\/portaltela.pt\/api\/wp\/v2\/users\/2"}],"replies":[{"embeddable":true,"href":"https:\/\/portaltela.pt\/api\/wp\/v2\/comments?post=427338"}],"version-history":[{"count":0,"href":"https:\/\/portaltela.pt\/api\/wp\/v2\/posts\/427338\/revisions"}],"wp:featuredmedia":[{"embeddable":true,"href":"https:\/\/portaltela.pt\/api\/wp\/v2\/media\/427339"}],"wp:attachment":[{"href":"https:\/\/portaltela.pt\/api\/wp\/v2\/media?parent=427338"}],"wp:term":[{"taxonomy":"category","embeddable":true,"href":"https:\/\/portaltela.pt\/api\/wp\/v2\/categories?post=427338"},{"taxonomy":"post_tag","embeddable":true,"href":"https:\/\/portaltela.pt\/api\/wp\/v2\/tags?post=427338"}],"curies":[{"name":"wp","href":"https:\/\/api.w.org\/{rel}","templated":true}]}}