{"id":427327,"date":"2026-03-30T14:33:00","date_gmt":"2026-03-30T17:33:00","guid":{"rendered":"https:\/\/portaltela.pt\/noticias\/2026\/03\/30\/legionella-detetada-numa-das-torres-do-datacenter-taguspark\/"},"modified":"2026-03-30T14:33:00","modified_gmt":"2026-03-30T17:33:00","slug":"legionella-detetada-numa-das-torres-do-datacenter-taguspark","status":"publish","type":"post","link":"https:\/\/portaltela.pt\/saude\/2026\/03\/30\/legionella-detetada-numa-das-torres-do-datacenter-taguspark\/","title":{"rendered":"Legionella detetada numa das torres do datacenter TagusPark"},"content":{"rendered":"<p>A bact\u00e9ria legionella foi detetada esta segunda-feira numa das torres do datacenter do TagusPark, em Oeiras, durante an\u00e1lises de controlo. A inspectors\u00e3o est\u00e1 a decorrer para avaliar o alcance da situa\u00e7\u00e3o, revelou ao MAI.<\/p>\n<p>Segundo o MAI, o resultado positivo surgiu na torre de refrigera\u00e7\u00e3o n.\u00ba 4. Foram desencadeados procedimentos t\u00e9cnicos de avalia\u00e7\u00e3o, com an\u00e1lise em curso para identificar locais potencialmente afetados na infraestrutura de refrigera\u00e7\u00e3o.<\/p>\n<p>A DGS foi informada e uma equipa de peritos est\u00e1 a avaliar o local. Um relat\u00f3rio ir\u00e1 definir as medidas a adotar, com foco na seguran\u00e7a e na preven\u00e7\u00e3o de propaga\u00e7\u00e3o. N\u00e3o houve evacua\u00e7\u00e3o nem obrigatoriedade de uso de EPI at\u00e9 ao momento.<\/p>\n<h3>Medidas e estado da avalia\u00e7\u00e3o<\/h3>\n<p>Atualizam-se as a\u00e7\u00f5es j\u00e1 implementadas, incluindo o refor\u00e7o do tratamento com agentes qu\u00edmicos anti-legionella. No local operam a AIMA, a ANSR e o datacenter da RNSS, cuja fun\u00e7\u00e3o ser\u00e1 monitorizada durante a inspe\u00e7\u00e3o em curso.<\/p>\n","protected":false},"excerpt":{"rendered":"<ul>\n<li>Detetada legionella numa torre de refrigera\u00e7\u00e3o n.\u00ba 4 do datacenter do TagusPark, em Oeiras, durante an\u00e1lises de controlo.<\/li>\n<li>Est\u00e1 em curso uma avalia\u00e7\u00e3o t\u00e9cnica para identificar zonas potencialmente afetadas, com an\u00e1lise da distribui\u00e7\u00e3o da infraestrutura de refrigera\u00e7\u00e3o.<\/li>\n<li>A Dire\u00e7\u00e3o-Geral da Sa\u00fade (DGS) foi alertada e uma equipa de peritos est\u00e1 no local, para elabora\u00e7\u00e3o de um relat\u00f3rio e defini\u00e7\u00e3o de medidas.<\/li>\n<li>Evacua\u00e7\u00e3o n\u00e3o foi necess\u00e1ria nem houve obrigatoriedade de uso de equipamento de prote\u00e7\u00e3o individual; foram implementadas medidas corretivas, incluindo refor\u00e7o do tratamento com agentes qu\u00edmicos anti-legionella.<\/li>\n<li>No local funcionam a Ag\u00eancia para a Integra\u00e7\u00e3o, Migra\u00e7\u00f5es e Asilo (AIMA), a Autoridade Nacional de Seguran\u00e7a Rodovi\u00e1ria (ANSR) e o datacenter da Rede Nacional de Seguran\u00e7a Interna (RNSS).<\/li>\n<\/ul>\n","protected":false},"author":2,"featured_media":427332,"comment_status":"closed","ping_status":"closed","sticky":false,"template":"","format":"standard","meta":{"footnotes":""},"categories":[6745],"tags":[646,45,1198,320,271,250],"class_list":["post-427327","post","type-post","status-publish","format-standard","has-post-thumbnail","hentry","category-saude","tag-fiscalizacao-ambiental","tag-meio-ambiente","tag-oeiras","tag-protecao-civil","tag-saude-publica","tag-seguranca-publica"],"yoast_head":"<!-- This site is optimized with the Yoast SEO plugin v27.2 - https:\/\/yoast.com\/product\/yoast-seo-wordpress\/ -->\n<title>Legionella detetada numa das torres do datacenter TagusPark - Portal Tela Portugal<\/title>\n<meta name=\"robots\" content=\"index, follow, max-snippet:-1, max-image-preview:large, max-video-preview:-1\" \/>\n<meta property=\"og:locale\" content=\"pt_PT\" \/>\n<meta property=\"og:type\" content=\"article\" \/>\n<meta property=\"og:title\" content=\"Legionella detetada numa das torres do datacenter TagusPark - Portal Tela Portugal\" \/>\n<meta property=\"og:description\" content=\"Detetada legionella numa torre de refrigera\u00e7\u00e3o n.\u00ba 4 do datacenter do TagusPark, em Oeiras, durante an\u00e1lises de controlo. Est\u00e1 em curso uma avalia\u00e7\u00e3o t\u00e9cnica para identificar zonas potencialmente afetadas, com an\u00e1lise da distribui\u00e7\u00e3o da infraestrutura de refrigera\u00e7\u00e3o. A Dire\u00e7\u00e3o-Geral da Sa\u00fade (DGS) foi alertada e uma equipa de peritos est\u00e1 no local, para elabora\u00e7\u00e3o de um relat\u00f3rio e defini\u00e7\u00e3o de medidas. Evacua\u00e7\u00e3o n\u00e3o foi necess\u00e1ria nem houve obrigatoriedade de uso de equipamento de prote\u00e7\u00e3o individual; foram implementadas medidas corretivas, incluindo refor\u00e7o do tratamento com agentes qu\u00edmicos anti-legionella. No local funcionam a Ag\u00eancia para a Integra\u00e7\u00e3o, Migra\u00e7\u00f5es e Asilo (AIMA), a Autoridade Nacional de Seguran\u00e7a Rodovi\u00e1ria (ANSR) e o datacenter da Rede Nacional de Seguran\u00e7a Interna (RNSS).\" \/>\n<meta property=\"og:url\" content=\"https:\/\/portaltela.pt\/noticias\/2026\/03\/30\/legionella-detetada-numa-das-torres-do-datacenter-taguspark\/\" \/>\n<meta property=\"og:site_name\" content=\"Portal Tela Portugal\" \/>\n<meta property=\"article:published_time\" content=\"2026-03-30T17:33:00+00:00\" \/>\n<meta name=\"author\" content=\"Telinha\" \/>\n<meta name=\"twitter:card\" content=\"summary_large_image\" \/>\n<meta name=\"twitter:label1\" content=\"Escrito por\" \/>\n\t<meta name=\"twitter:data1\" content=\"Telinha\" \/>\n\t<meta name=\"twitter:label2\" content=\"Tempo estimado de leitura\" \/>\n\t<meta name=\"twitter:data2\" content=\"1 minuto\" \/>\n<script type=\"application\/ld+json\" class=\"yoast-schema-graph\">{\"@context\":\"https:\/\/schema.org\",\"@graph\":[{\"@type\":\"Article\",\"@id\":\"https:\/\/portaltela.pt\/noticias\/2026\/03\/30\/legionella-detetada-numa-das-torres-do-datacenter-taguspark\/#article\",\"isPartOf\":{\"@id\":\"https:\/\/portaltela.pt\/noticias\/2026\/03\/30\/legionella-detetada-numa-das-torres-do-datacenter-taguspark\/\"},\"author\":{\"name\":\"Telinha\",\"@id\":\"https:\/\/portaltela.pt\/#\/schema\/person\/c4278d4a6028830caff9ee44b42d32ed\"},\"headline\":\"Legionella detetada numa das torres do datacenter TagusPark\",\"datePublished\":\"2026-03-30T17:33:00+00:00\",\"mainEntityOfPage\":{\"@id\":\"https:\/\/portaltela.pt\/noticias\/2026\/03\/30\/legionella-detetada-numa-das-torres-do-datacenter-taguspark\/\"},\"wordCount\":177,\"image\":{\"@id\":\"https:\/\/portaltela.pt\/noticias\/2026\/03\/30\/legionella-detetada-numa-das-torres-do-datacenter-taguspark\/#primaryimage\"},\"thumbnailUrl\":\"https:\/\/portaltela.pt\/s.01k8rhncp4jt1\/2026\/03\/image-1830.jpg\",\"keywords\":[\"fiscaliza\u00e7\u00e3o ambiental\",\"meio-ambiente\",\"Oeiras\",\"prote\u00e7\u00e3o civil\",\"sa\u00fade p\u00fablica\",\"seguran\u00e7a p\u00fablica\"],\"articleSection\":[\"Sa\u00fade\"],\"inLanguage\":\"pt-PT\"},{\"@type\":\"WebPage\",\"@id\":\"https:\/\/portaltela.pt\/noticias\/2026\/03\/30\/legionella-detetada-numa-das-torres-do-datacenter-taguspark\/\",\"url\":\"https:\/\/portaltela.pt\/noticias\/2026\/03\/30\/legionella-detetada-numa-das-torres-do-datacenter-taguspark\/\",\"name\":\"Legionella detetada numa das torres do datacenter TagusPark - Portal Tela Portugal\",\"isPartOf\":{\"@id\":\"https:\/\/portaltela.pt\/#website\"},\"primaryImageOfPage\":{\"@id\":\"https:\/\/portaltela.pt\/noticias\/2026\/03\/30\/legionella-detetada-numa-das-torres-do-datacenter-taguspark\/#primaryimage\"},\"image\":{\"@id\":\"https:\/\/portaltela.pt\/noticias\/2026\/03\/30\/legionella-detetada-numa-das-torres-do-datacenter-taguspark\/#primaryimage\"},\"thumbnailUrl\":\"https:\/\/portaltela.pt\/s.01k8rhncp4jt1\/2026\/03\/image-1830.jpg\",\"datePublished\":\"2026-03-30T17:33:00+00:00\",\"author\":{\"@id\":\"https:\/\/portaltela.pt\/#\/schema\/person\/c4278d4a6028830caff9ee44b42d32ed\"},\"breadcrumb\":{\"@id\":\"https:\/\/portaltela.pt\/noticias\/2026\/03\/30\/legionella-detetada-numa-das-torres-do-datacenter-taguspark\/#breadcrumb\"},\"inLanguage\":\"pt-PT\",\"potentialAction\":[{\"@type\":\"ReadAction\",\"target\":[\"https:\/\/portaltela.pt\/noticias\/2026\/03\/30\/legionella-detetada-numa-das-torres-do-datacenter-taguspark\/\"]}]},{\"@type\":\"ImageObject\",\"inLanguage\":\"pt-PT\",\"@id\":\"https:\/\/portaltela.pt\/noticias\/2026\/03\/30\/legionella-detetada-numa-das-torres-do-datacenter-taguspark\/#primaryimage\",\"url\":\"https:\/\/portaltela.pt\/s.01k8rhncp4jt1\/2026\/03\/image-1830.jpg\",\"contentUrl\":\"https:\/\/portaltela.pt\/s.01k8rhncp4jt1\/2026\/03\/image-1830.jpg\",\"width\":796,\"height\":448,\"caption\":\"TagusPark foi inspecionado\"},{\"@type\":\"BreadcrumbList\",\"@id\":\"https:\/\/portaltela.pt\/noticias\/2026\/03\/30\/legionella-detetada-numa-das-torres-do-datacenter-taguspark\/#breadcrumb\",\"itemListElement\":[{\"@type\":\"ListItem\",\"position\":1,\"name\":\"In\u00edcio\",\"item\":\"https:\/\/portaltela.pt\/\"},{\"@type\":\"ListItem\",\"position\":2,\"name\":\"Legionella detetada numa das torres do datacenter TagusPark\"}]},{\"@type\":\"WebSite\",\"@id\":\"https:\/\/portaltela.pt\/#website\",\"url\":\"https:\/\/portaltela.pt\/\",\"name\":\"Portal Tela Portugal\",\"description\":\"\",\"potentialAction\":[{\"@type\":\"SearchAction\",\"target\":{\"@type\":\"EntryPoint\",\"urlTemplate\":\"https:\/\/portaltela.pt\/?s={search_term_string}\"},\"query-input\":{\"@type\":\"PropertyValueSpecification\",\"valueRequired\":true,\"valueName\":\"search_term_string\"}}],\"inLanguage\":\"pt-PT\"},{\"@type\":\"Person\",\"@id\":\"https:\/\/portaltela.pt\/#\/schema\/person\/c4278d4a6028830caff9ee44b42d32ed\",\"name\":\"Telinha\",\"image\":{\"@type\":\"ImageObject\",\"inLanguage\":\"pt-PT\",\"@id\":\"https:\/\/portaltela.pt\/s.01k8rhncp4jt1\/2025\/11\/talking-bot-125x125.png\",\"url\":\"https:\/\/portaltela.pt\/s.01k8rhncp4jt1\/2025\/11\/talking-bot-125x125.png\",\"contentUrl\":\"https:\/\/portaltela.pt\/s.01k8rhncp4jt1\/2025\/11\/talking-bot-125x125.png\",\"caption\":\"Telinha\"},\"sameAs\":[\"https:\/\/portaltela.pt\/\"],\"url\":\"https:\/\/portaltela.pt\/por\/367410592786\/\"}]}<\/script>\n<!-- \/ Yoast SEO plugin. -->","yoast_head_json":{"title":"Legionella detetada numa das torres do datacenter TagusPark - Portal Tela Portugal","robots":{"index":"index","follow":"follow","max-snippet":"max-snippet:-1","max-image-preview":"max-image-preview:large","max-video-preview":"max-video-preview:-1"},"og_locale":"pt_PT","og_type":"article","og_title":"Legionella detetada numa das torres do datacenter TagusPark - Portal Tela Portugal","og_description":"Detetada legionella numa torre de refrigera\u00e7\u00e3o n.\u00ba 4 do datacenter do TagusPark, em Oeiras, durante an\u00e1lises de controlo. Est\u00e1 em curso uma avalia\u00e7\u00e3o t\u00e9cnica para identificar zonas potencialmente afetadas, com an\u00e1lise da distribui\u00e7\u00e3o da infraestrutura de refrigera\u00e7\u00e3o. A Dire\u00e7\u00e3o-Geral da Sa\u00fade (DGS) foi alertada e uma equipa de peritos est\u00e1 no local, para elabora\u00e7\u00e3o de um relat\u00f3rio e defini\u00e7\u00e3o de medidas. Evacua\u00e7\u00e3o n\u00e3o foi necess\u00e1ria nem houve obrigatoriedade de uso de equipamento de prote\u00e7\u00e3o individual; foram implementadas medidas corretivas, incluindo refor\u00e7o do tratamento com agentes qu\u00edmicos anti-legionella. No local funcionam a Ag\u00eancia para a Integra\u00e7\u00e3o, Migra\u00e7\u00f5es e Asilo (AIMA), a Autoridade Nacional de Seguran\u00e7a Rodovi\u00e1ria (ANSR) e o datacenter da Rede Nacional de Seguran\u00e7a Interna (RNSS).","og_url":"https:\/\/portaltela.pt\/noticias\/2026\/03\/30\/legionella-detetada-numa-das-torres-do-datacenter-taguspark\/","og_site_name":"Portal Tela Portugal","article_published_time":"2026-03-30T17:33:00+00:00","author":"Telinha","twitter_card":"summary_large_image","twitter_misc":{"Escrito por":"Telinha","Tempo estimado de leitura":"1 minuto"},"schema":{"@context":"https:\/\/schema.org","@graph":[{"@type":"Article","@id":"https:\/\/portaltela.pt\/noticias\/2026\/03\/30\/legionella-detetada-numa-das-torres-do-datacenter-taguspark\/#article","isPartOf":{"@id":"https:\/\/portaltela.pt\/noticias\/2026\/03\/30\/legionella-detetada-numa-das-torres-do-datacenter-taguspark\/"},"author":{"name":"Telinha","@id":"https:\/\/portaltela.pt\/#\/schema\/person\/c4278d4a6028830caff9ee44b42d32ed"},"headline":"Legionella detetada numa das torres do datacenter TagusPark","datePublished":"2026-03-30T17:33:00+00:00","mainEntityOfPage":{"@id":"https:\/\/portaltela.pt\/noticias\/2026\/03\/30\/legionella-detetada-numa-das-torres-do-datacenter-taguspark\/"},"wordCount":177,"image":{"@id":"https:\/\/portaltela.pt\/noticias\/2026\/03\/30\/legionella-detetada-numa-das-torres-do-datacenter-taguspark\/#primaryimage"},"thumbnailUrl":"https:\/\/portaltela.pt\/s.01k8rhncp4jt1\/2026\/03\/image-1830.jpg","keywords":["fiscaliza\u00e7\u00e3o ambiental","meio-ambiente","Oeiras","prote\u00e7\u00e3o civil","sa\u00fade p\u00fablica","seguran\u00e7a p\u00fablica"],"articleSection":["Sa\u00fade"],"inLanguage":"pt-PT"},{"@type":"WebPage","@id":"https:\/\/portaltela.pt\/noticias\/2026\/03\/30\/legionella-detetada-numa-das-torres-do-datacenter-taguspark\/","url":"https:\/\/portaltela.pt\/noticias\/2026\/03\/30\/legionella-detetada-numa-das-torres-do-datacenter-taguspark\/","name":"Legionella detetada numa das torres do datacenter TagusPark - Portal Tela Portugal","isPartOf":{"@id":"https:\/\/portaltela.pt\/#website"},"primaryImageOfPage":{"@id":"https:\/\/portaltela.pt\/noticias\/2026\/03\/30\/legionella-detetada-numa-das-torres-do-datacenter-taguspark\/#primaryimage"},"image":{"@id":"https:\/\/portaltela.pt\/noticias\/2026\/03\/30\/legionella-detetada-numa-das-torres-do-datacenter-taguspark\/#primaryimage"},"thumbnailUrl":"https:\/\/portaltela.pt\/s.01k8rhncp4jt1\/2026\/03\/image-1830.jpg","datePublished":"2026-03-30T17:33:00+00:00","author":{"@id":"https:\/\/portaltela.pt\/#\/schema\/person\/c4278d4a6028830caff9ee44b42d32ed"},"breadcrumb":{"@id":"https:\/\/portaltela.pt\/noticias\/2026\/03\/30\/legionella-detetada-numa-das-torres-do-datacenter-taguspark\/#breadcrumb"},"inLanguage":"pt-PT","potentialAction":[{"@type":"ReadAction","target":["https:\/\/portaltela.pt\/noticias\/2026\/03\/30\/legionella-detetada-numa-das-torres-do-datacenter-taguspark\/"]}]},{"@type":"ImageObject","inLanguage":"pt-PT","@id":"https:\/\/portaltela.pt\/noticias\/2026\/03\/30\/legionella-detetada-numa-das-torres-do-datacenter-taguspark\/#primaryimage","url":"https:\/\/portaltela.pt\/s.01k8rhncp4jt1\/2026\/03\/image-1830.jpg","contentUrl":"https:\/\/portaltela.pt\/s.01k8rhncp4jt1\/2026\/03\/image-1830.jpg","width":796,"height":448,"caption":"TagusPark foi inspecionado"},{"@type":"BreadcrumbList","@id":"https:\/\/portaltela.pt\/noticias\/2026\/03\/30\/legionella-detetada-numa-das-torres-do-datacenter-taguspark\/#breadcrumb","itemListElement":[{"@type":"ListItem","position":1,"name":"In\u00edcio","item":"https:\/\/portaltela.pt\/"},{"@type":"ListItem","position":2,"name":"Legionella detetada numa das torres do datacenter TagusPark"}]},{"@type":"WebSite","@id":"https:\/\/portaltela.pt\/#website","url":"https:\/\/portaltela.pt\/","name":"Portal Tela Portugal","description":"","potentialAction":[{"@type":"SearchAction","target":{"@type":"EntryPoint","urlTemplate":"https:\/\/portaltela.pt\/?s={search_term_string}"},"query-input":{"@type":"PropertyValueSpecification","valueRequired":true,"valueName":"search_term_string"}}],"inLanguage":"pt-PT"},{"@type":"Person","@id":"https:\/\/portaltela.pt\/#\/schema\/person\/c4278d4a6028830caff9ee44b42d32ed","name":"Telinha","image":{"@type":"ImageObject","inLanguage":"pt-PT","@id":"https:\/\/portaltela.pt\/s.01k8rhncp4jt1\/2025\/11\/talking-bot-125x125.png","url":"https:\/\/portaltela.pt\/s.01k8rhncp4jt1\/2025\/11\/talking-bot-125x125.png","contentUrl":"https:\/\/portaltela.pt\/s.01k8rhncp4jt1\/2025\/11\/talking-bot-125x125.png","caption":"Telinha"},"sameAs":["https:\/\/portaltela.pt\/"],"url":"https:\/\/portaltela.pt\/por\/367410592786\/"}]}},"_links":{"self":[{"href":"https:\/\/portaltela.pt\/api\/wp\/v2\/posts\/427327","targetHints":{"allow":["GET"]}}],"collection":[{"href":"https:\/\/portaltela.pt\/api\/wp\/v2\/posts"}],"about":[{"href":"https:\/\/portaltela.pt\/api\/wp\/v2\/types\/post"}],"author":[{"embeddable":true,"href":"https:\/\/portaltela.pt\/api\/wp\/v2\/users\/2"}],"replies":[{"embeddable":true,"href":"https:\/\/portaltela.pt\/api\/wp\/v2\/comments?post=427327"}],"version-history":[{"count":0,"href":"https:\/\/portaltela.pt\/api\/wp\/v2\/posts\/427327\/revisions"}],"wp:featuredmedia":[{"embeddable":true,"href":"https:\/\/portaltela.pt\/api\/wp\/v2\/media\/427332"}],"wp:attachment":[{"href":"https:\/\/portaltela.pt\/api\/wp\/v2\/media?parent=427327"}],"wp:term":[{"taxonomy":"category","embeddable":true,"href":"https:\/\/portaltela.pt\/api\/wp\/v2\/categories?post=427327"},{"taxonomy":"post_tag","embeddable":true,"href":"https:\/\/portaltela.pt\/api\/wp\/v2\/tags?post=427327"}],"curies":[{"name":"wp","href":"https:\/\/api.w.org\/{rel}","templated":true}]}}