{"id":427313,"date":"2026-03-30T14:47:17","date_gmt":"2026-03-30T17:47:17","guid":{"rendered":"https:\/\/portaltela.pt\/noticias\/2026\/03\/30\/secretario-de-estado-visita-venezuela-para-encontros-diplomaticos-e-comunidades\/"},"modified":"2026-03-30T14:47:17","modified_gmt":"2026-03-30T17:47:17","slug":"secretario-de-estado-visita-venezuela-para-encontros-diplomaticos-e-comunidades","status":"publish","type":"post","link":"https:\/\/portaltela.pt\/noticias\/2026\/03\/30\/secretario-de-estado-visita-venezuela-para-encontros-diplomaticos-e-comunidades\/","title":{"rendered":"Secret\u00e1rio de Estado visita Venezuela para encontros diplom\u00e1ticos e comunidades"},"content":{"rendered":"<p>O secret\u00e1rio de Estado das Comunidades Portuguesas, Em\u00eddio Sousa, chegou a Caracas na ter\u00e7a-feira para uma visita oficial \u00e0 Venezuela, que se estende at\u00e9 sexta-feira. O programa incluiu reuni\u00f5es com o ministro das Rela\u00e7\u00f5es Exteriores, Yv\u00e1n Gil Pinto, e encontros com familiares de luso-venezuelanos detidos no pa\u00eds, bem como contactos com docentes de l\u00edngua portuguesa e com a embaixada em Caracas.<\/p>\n<p>A perman\u00eancia em Caracas contempla ainda visitas a organiza\u00e7\u00f5es da comunidade portuguesa, ao consulado-geral e aos conselheiros das comunidades portuguesas. O roteiro incluiu um centro portugu\u00eas na capital venezuelana e um jantar com a comunidade, antes de seguir para Val\u00eancia, com visitas \u00e0 Casa Portuguesa de San Diego e ao consulado-geral em Val\u00eancia.<\/p>\n<p>Na quinta-feira, o secret\u00e1rio de Estado deve conhecer um lar luso-venezuelano e a Casa Portuguesa do Estado Aragua, bem como o consulado honor\u00e1rio em Maracay. Na sexta, h\u00e1 desloca\u00e7\u00e3o a Los Teques, com passagem pela Sociedade de Benefic\u00eancia das Damas Portuguesas, o Santu\u00e1rio de F\u00e1tima e o consulado honor\u00e1rio local, al\u00e9m de um almo\u00e7o com a comunidade e encontros com representantes da oposi\u00e7\u00e3o venezuelana.<\/p>\n<p>A desloca\u00e7\u00e3o de Em\u00eddio Sousa foi inicialmente prevista para in\u00edcio de mar\u00e7o, mas foi adiada para permitir a coordena\u00e7\u00e3o da opera\u00e7\u00e3o de repatriamento de cidad\u00e3os portugueses na regi\u00e3o do M\u00e9dio Oriente, segundo comunicado do Minist\u00e9rio dos Neg\u00f3cios Estrangeiros.<\/p>\n<p>Contexto pol\u00edtico e notas de contexto<\/p>\n<p>A visita ocorre ap\u00f3s a desloca\u00e7\u00e3o recente de Jos\u00e9 Lu\u00eds Carneiro, secret\u00e1rio-geral do PS, \u00e0 Venezuela, que gerou cr\u00edticas internas no seu partido. A Reactualiza\u00e7\u00e3o do assunto incluiu avalia\u00e7\u00f5es sobre diplomacia portuguesa na regi\u00e3o e rela\u00e7\u00e3o com a oposi\u00e7\u00e3o venezuelana.<\/p>\n<p>Durante a estadia, a comitiva portuguesa manteve contactos com autoridades locais e com representantes da comunidade, sem indica\u00e7\u00f5es de conclus\u00f5es ou pronunciamentos oficiais ao p\u00fablico. O objetivo declarado \u00e9 acompanhar a liberta\u00e7\u00e3o de detidos e a prote\u00e7\u00e3o da comunidade luso-venezuelana.<\/p>\n","protected":false},"excerpt":{"rendered":"<ul>\n<li>O secret\u00e1rio de Estado das Comunidades Portuguesas, Em\u00eddio Sousa, chega \u00e0 Venezuela na ter\u00e7a-feira para uma digress\u00e3o que inclui Caracas e Val\u00eancia e dura at\u00e9 sexta-feira.<\/li>\n<li>A agenda inclui uma reuni\u00e3o com o ministro das Rela\u00e7\u00f5es Exteriores venezuelano, Yv\u00e1n Gil Pinto, e um encontro com familiares dos seis luso-venezuelanos detidos no pa\u00eds.<\/li>\n<li>Em\u00eddio Sousa re\u00fane-se ainda com professores de l\u00edngua portuguesa, funcion\u00e1rios da embaixada em Caracas e participa em visitas ao consulado-geral e ao centro portugu\u00eas de Caracas.<\/li>\n<li>Na quarta-feira est\u00e1 prevista uma visita ao consulado-geral em Caracas, encontros com conselheiros das comunidades portuguesas e um jantar com a comunidade, entre outros compromissos.<\/li>\n<li>Na quinta-feira o programa prev\u00ea visitas a um lar luso-venezuelano, \u00e0 Casa Portuguesa do estado Ar\u00e1gua e ao consulado honor\u00e1rio em Maracay, prosseguindo para Val\u00eancia e, na sexta, visitas a entidades em Los Teques e um almo\u00e7o com a comunidade local, antes de encontros com a oposi\u00e7\u00e3o venezuelana.<\/li>\n<\/ul>\n","protected":false},"author":2,"featured_media":427318,"comment_status":"closed","ping_status":"closed","sticky":false,"template":"","format":"standard","meta":{"footnotes":""},"categories":[6912,1],"tags":[3035,903,2832,7439,5698,2758],"class_list":["post-427313","post","type-post","status-publish","format-standard","has-post-thumbnail","hentry","category-internacionais","category-noticias","tag-comunidade","tag-comunidades","tag-politica","tag-politica-externa","tag-politica-internacional","tag-venezuela"],"yoast_head":"<!-- This site is optimized with the Yoast SEO plugin v27.2 - https:\/\/yoast.com\/product\/yoast-seo-wordpress\/ -->\n<title>Secret\u00e1rio de Estado visita Venezuela para encontros diplom\u00e1ticos e comunidades - Portal Tela Portugal<\/title>\n<meta name=\"robots\" content=\"index, follow, max-snippet:-1, max-image-preview:large, max-video-preview:-1\" \/>\n<meta property=\"og:locale\" content=\"pt_PT\" \/>\n<meta property=\"og:type\" content=\"article\" \/>\n<meta property=\"og:title\" content=\"Secret\u00e1rio de Estado visita Venezuela para encontros diplom\u00e1ticos e comunidades - Portal Tela Portugal\" \/>\n<meta property=\"og:description\" content=\"O secret\u00e1rio de Estado das Comunidades Portuguesas, Em\u00eddio Sousa, chega \u00e0 Venezuela na ter\u00e7a-feira para uma digress\u00e3o que inclui Caracas e Val\u00eancia e dura at\u00e9 sexta-feira. A agenda inclui uma reuni\u00e3o com o ministro das Rela\u00e7\u00f5es Exteriores venezuelano, Yv\u00e1n Gil Pinto, e um encontro com familiares dos seis luso-venezuelanos detidos no pa\u00eds. Em\u00eddio Sousa re\u00fane-se ainda com professores de l\u00edngua portuguesa, funcion\u00e1rios da embaixada em Caracas e participa em visitas ao consulado-geral e ao centro portugu\u00eas de Caracas. Na quarta-feira est\u00e1 prevista uma visita ao consulado-geral em Caracas, encontros com conselheiros das comunidades portuguesas e um jantar com a comunidade, entre outros compromissos. Na quinta-feira o programa prev\u00ea visitas a um lar luso-venezuelano, \u00e0 Casa Portuguesa do estado Ar\u00e1gua e ao consulado honor\u00e1rio em Maracay, prosseguindo para Val\u00eancia e, na sexta, visitas a entidades em Los Teques e um almo\u00e7o com a comunidade local, antes de encontros com a oposi\u00e7\u00e3o venezuelana.\" \/>\n<meta property=\"og:url\" content=\"https:\/\/portaltela.pt\/noticias\/2026\/03\/30\/secretario-de-estado-visita-venezuela-para-encontros-diplomaticos-e-comunidades\/\" \/>\n<meta property=\"og:site_name\" content=\"Portal Tela Portugal\" \/>\n<meta property=\"article:published_time\" content=\"2026-03-30T17:47:17+00:00\" \/>\n<meta name=\"author\" content=\"Telinha\" \/>\n<meta name=\"twitter:card\" content=\"summary_large_image\" \/>\n<meta name=\"twitter:label1\" content=\"Escrito por\" \/>\n\t<meta name=\"twitter:data1\" content=\"Telinha\" \/>\n\t<meta name=\"twitter:label2\" content=\"Tempo estimado de leitura\" \/>\n\t<meta name=\"twitter:data2\" content=\"2 minutos\" \/>\n<script type=\"application\/ld+json\" class=\"yoast-schema-graph\">{\"@context\":\"https:\/\/schema.org\",\"@graph\":[{\"@type\":\"Article\",\"@id\":\"https:\/\/portaltela.pt\/noticias\/2026\/03\/30\/secretario-de-estado-visita-venezuela-para-encontros-diplomaticos-e-comunidades\/#article\",\"isPartOf\":{\"@id\":\"https:\/\/portaltela.pt\/noticias\/2026\/03\/30\/secretario-de-estado-visita-venezuela-para-encontros-diplomaticos-e-comunidades\/\"},\"author\":{\"name\":\"Telinha\",\"@id\":\"https:\/\/portaltela.pt\/#\/schema\/person\/c4278d4a6028830caff9ee44b42d32ed\"},\"headline\":\"Secret\u00e1rio de Estado visita Venezuela para encontros diplom\u00e1ticos e comunidades\",\"datePublished\":\"2026-03-30T17:47:17+00:00\",\"mainEntityOfPage\":{\"@id\":\"https:\/\/portaltela.pt\/noticias\/2026\/03\/30\/secretario-de-estado-visita-venezuela-para-encontros-diplomaticos-e-comunidades\/\"},\"wordCount\":360,\"image\":{\"@id\":\"https:\/\/portaltela.pt\/noticias\/2026\/03\/30\/secretario-de-estado-visita-venezuela-para-encontros-diplomaticos-e-comunidades\/#primaryimage\"},\"thumbnailUrl\":\"https:\/\/portaltela.pt\/s.01k8rhncp4jt1\/2026\/03\/2078054.jpg\",\"keywords\":[\"comunidade\",\"comunidades\",\"pol\u00edtica\",\"pol\u00edtica externa\",\"pol\u00edtica internacional\",\"Venezuela\"],\"articleSection\":[\"Internacionais\",\"Not\u00edcias\"],\"inLanguage\":\"pt-PT\"},{\"@type\":\"WebPage\",\"@id\":\"https:\/\/portaltela.pt\/noticias\/2026\/03\/30\/secretario-de-estado-visita-venezuela-para-encontros-diplomaticos-e-comunidades\/\",\"url\":\"https:\/\/portaltela.pt\/noticias\/2026\/03\/30\/secretario-de-estado-visita-venezuela-para-encontros-diplomaticos-e-comunidades\/\",\"name\":\"Secret\u00e1rio de Estado visita Venezuela para encontros diplom\u00e1ticos e comunidades - Portal Tela Portugal\",\"isPartOf\":{\"@id\":\"https:\/\/portaltela.pt\/#website\"},\"primaryImageOfPage\":{\"@id\":\"https:\/\/portaltela.pt\/noticias\/2026\/03\/30\/secretario-de-estado-visita-venezuela-para-encontros-diplomaticos-e-comunidades\/#primaryimage\"},\"image\":{\"@id\":\"https:\/\/portaltela.pt\/noticias\/2026\/03\/30\/secretario-de-estado-visita-venezuela-para-encontros-diplomaticos-e-comunidades\/#primaryimage\"},\"thumbnailUrl\":\"https:\/\/portaltela.pt\/s.01k8rhncp4jt1\/2026\/03\/2078054.jpg\",\"datePublished\":\"2026-03-30T17:47:17+00:00\",\"author\":{\"@id\":\"https:\/\/portaltela.pt\/#\/schema\/person\/c4278d4a6028830caff9ee44b42d32ed\"},\"breadcrumb\":{\"@id\":\"https:\/\/portaltela.pt\/noticias\/2026\/03\/30\/secretario-de-estado-visita-venezuela-para-encontros-diplomaticos-e-comunidades\/#breadcrumb\"},\"inLanguage\":\"pt-PT\",\"potentialAction\":[{\"@type\":\"ReadAction\",\"target\":[\"https:\/\/portaltela.pt\/noticias\/2026\/03\/30\/secretario-de-estado-visita-venezuela-para-encontros-diplomaticos-e-comunidades\/\"]}]},{\"@type\":\"ImageObject\",\"inLanguage\":\"pt-PT\",\"@id\":\"https:\/\/portaltela.pt\/noticias\/2026\/03\/30\/secretario-de-estado-visita-venezuela-para-encontros-diplomaticos-e-comunidades\/#primaryimage\",\"url\":\"https:\/\/portaltela.pt\/s.01k8rhncp4jt1\/2026\/03\/2078054.jpg\",\"contentUrl\":\"https:\/\/portaltela.pt\/s.01k8rhncp4jt1\/2026\/03\/2078054.jpg\",\"width\":796,\"height\":448,\"caption\":\"Em\u00eddio Sousa, secret\u00e1rio de Estado das Comunidades Portuguesas\"},{\"@type\":\"BreadcrumbList\",\"@id\":\"https:\/\/portaltela.pt\/noticias\/2026\/03\/30\/secretario-de-estado-visita-venezuela-para-encontros-diplomaticos-e-comunidades\/#breadcrumb\",\"itemListElement\":[{\"@type\":\"ListItem\",\"position\":1,\"name\":\"In\u00edcio\",\"item\":\"https:\/\/portaltela.pt\/\"},{\"@type\":\"ListItem\",\"position\":2,\"name\":\"Secret\u00e1rio de Estado visita Venezuela para encontros diplom\u00e1ticos e comunidades\"}]},{\"@type\":\"WebSite\",\"@id\":\"https:\/\/portaltela.pt\/#website\",\"url\":\"https:\/\/portaltela.pt\/\",\"name\":\"Portal Tela Portugal\",\"description\":\"\",\"potentialAction\":[{\"@type\":\"SearchAction\",\"target\":{\"@type\":\"EntryPoint\",\"urlTemplate\":\"https:\/\/portaltela.pt\/?s={search_term_string}\"},\"query-input\":{\"@type\":\"PropertyValueSpecification\",\"valueRequired\":true,\"valueName\":\"search_term_string\"}}],\"inLanguage\":\"pt-PT\"},{\"@type\":\"Person\",\"@id\":\"https:\/\/portaltela.pt\/#\/schema\/person\/c4278d4a6028830caff9ee44b42d32ed\",\"name\":\"Telinha\",\"image\":{\"@type\":\"ImageObject\",\"inLanguage\":\"pt-PT\",\"@id\":\"https:\/\/portaltela.pt\/s.01k8rhncp4jt1\/2025\/11\/talking-bot-125x125.png\",\"url\":\"https:\/\/portaltela.pt\/s.01k8rhncp4jt1\/2025\/11\/talking-bot-125x125.png\",\"contentUrl\":\"https:\/\/portaltela.pt\/s.01k8rhncp4jt1\/2025\/11\/talking-bot-125x125.png\",\"caption\":\"Telinha\"},\"sameAs\":[\"https:\/\/portaltela.pt\/\"],\"url\":\"https:\/\/portaltela.pt\/por\/367410592786\/\"}]}<\/script>\n<!-- \/ Yoast SEO plugin. -->","yoast_head_json":{"title":"Secret\u00e1rio de Estado visita Venezuela para encontros diplom\u00e1ticos e comunidades - Portal Tela Portugal","robots":{"index":"index","follow":"follow","max-snippet":"max-snippet:-1","max-image-preview":"max-image-preview:large","max-video-preview":"max-video-preview:-1"},"og_locale":"pt_PT","og_type":"article","og_title":"Secret\u00e1rio de Estado visita Venezuela para encontros diplom\u00e1ticos e comunidades - Portal Tela Portugal","og_description":"O secret\u00e1rio de Estado das Comunidades Portuguesas, Em\u00eddio Sousa, chega \u00e0 Venezuela na ter\u00e7a-feira para uma digress\u00e3o que inclui Caracas e Val\u00eancia e dura at\u00e9 sexta-feira. A agenda inclui uma reuni\u00e3o com o ministro das Rela\u00e7\u00f5es Exteriores venezuelano, Yv\u00e1n Gil Pinto, e um encontro com familiares dos seis luso-venezuelanos detidos no pa\u00eds. Em\u00eddio Sousa re\u00fane-se ainda com professores de l\u00edngua portuguesa, funcion\u00e1rios da embaixada em Caracas e participa em visitas ao consulado-geral e ao centro portugu\u00eas de Caracas. Na quarta-feira est\u00e1 prevista uma visita ao consulado-geral em Caracas, encontros com conselheiros das comunidades portuguesas e um jantar com a comunidade, entre outros compromissos. Na quinta-feira o programa prev\u00ea visitas a um lar luso-venezuelano, \u00e0 Casa Portuguesa do estado Ar\u00e1gua e ao consulado honor\u00e1rio em Maracay, prosseguindo para Val\u00eancia e, na sexta, visitas a entidades em Los Teques e um almo\u00e7o com a comunidade local, antes de encontros com a oposi\u00e7\u00e3o venezuelana.","og_url":"https:\/\/portaltela.pt\/noticias\/2026\/03\/30\/secretario-de-estado-visita-venezuela-para-encontros-diplomaticos-e-comunidades\/","og_site_name":"Portal Tela Portugal","article_published_time":"2026-03-30T17:47:17+00:00","author":"Telinha","twitter_card":"summary_large_image","twitter_misc":{"Escrito por":"Telinha","Tempo estimado de leitura":"2 minutos"},"schema":{"@context":"https:\/\/schema.org","@graph":[{"@type":"Article","@id":"https:\/\/portaltela.pt\/noticias\/2026\/03\/30\/secretario-de-estado-visita-venezuela-para-encontros-diplomaticos-e-comunidades\/#article","isPartOf":{"@id":"https:\/\/portaltela.pt\/noticias\/2026\/03\/30\/secretario-de-estado-visita-venezuela-para-encontros-diplomaticos-e-comunidades\/"},"author":{"name":"Telinha","@id":"https:\/\/portaltela.pt\/#\/schema\/person\/c4278d4a6028830caff9ee44b42d32ed"},"headline":"Secret\u00e1rio de Estado visita Venezuela para encontros diplom\u00e1ticos e comunidades","datePublished":"2026-03-30T17:47:17+00:00","mainEntityOfPage":{"@id":"https:\/\/portaltela.pt\/noticias\/2026\/03\/30\/secretario-de-estado-visita-venezuela-para-encontros-diplomaticos-e-comunidades\/"},"wordCount":360,"image":{"@id":"https:\/\/portaltela.pt\/noticias\/2026\/03\/30\/secretario-de-estado-visita-venezuela-para-encontros-diplomaticos-e-comunidades\/#primaryimage"},"thumbnailUrl":"https:\/\/portaltela.pt\/s.01k8rhncp4jt1\/2026\/03\/2078054.jpg","keywords":["comunidade","comunidades","pol\u00edtica","pol\u00edtica externa","pol\u00edtica internacional","Venezuela"],"articleSection":["Internacionais","Not\u00edcias"],"inLanguage":"pt-PT"},{"@type":"WebPage","@id":"https:\/\/portaltela.pt\/noticias\/2026\/03\/30\/secretario-de-estado-visita-venezuela-para-encontros-diplomaticos-e-comunidades\/","url":"https:\/\/portaltela.pt\/noticias\/2026\/03\/30\/secretario-de-estado-visita-venezuela-para-encontros-diplomaticos-e-comunidades\/","name":"Secret\u00e1rio de Estado visita Venezuela para encontros diplom\u00e1ticos e comunidades - Portal Tela Portugal","isPartOf":{"@id":"https:\/\/portaltela.pt\/#website"},"primaryImageOfPage":{"@id":"https:\/\/portaltela.pt\/noticias\/2026\/03\/30\/secretario-de-estado-visita-venezuela-para-encontros-diplomaticos-e-comunidades\/#primaryimage"},"image":{"@id":"https:\/\/portaltela.pt\/noticias\/2026\/03\/30\/secretario-de-estado-visita-venezuela-para-encontros-diplomaticos-e-comunidades\/#primaryimage"},"thumbnailUrl":"https:\/\/portaltela.pt\/s.01k8rhncp4jt1\/2026\/03\/2078054.jpg","datePublished":"2026-03-30T17:47:17+00:00","author":{"@id":"https:\/\/portaltela.pt\/#\/schema\/person\/c4278d4a6028830caff9ee44b42d32ed"},"breadcrumb":{"@id":"https:\/\/portaltela.pt\/noticias\/2026\/03\/30\/secretario-de-estado-visita-venezuela-para-encontros-diplomaticos-e-comunidades\/#breadcrumb"},"inLanguage":"pt-PT","potentialAction":[{"@type":"ReadAction","target":["https:\/\/portaltela.pt\/noticias\/2026\/03\/30\/secretario-de-estado-visita-venezuela-para-encontros-diplomaticos-e-comunidades\/"]}]},{"@type":"ImageObject","inLanguage":"pt-PT","@id":"https:\/\/portaltela.pt\/noticias\/2026\/03\/30\/secretario-de-estado-visita-venezuela-para-encontros-diplomaticos-e-comunidades\/#primaryimage","url":"https:\/\/portaltela.pt\/s.01k8rhncp4jt1\/2026\/03\/2078054.jpg","contentUrl":"https:\/\/portaltela.pt\/s.01k8rhncp4jt1\/2026\/03\/2078054.jpg","width":796,"height":448,"caption":"Em\u00eddio Sousa, secret\u00e1rio de Estado das Comunidades Portuguesas"},{"@type":"BreadcrumbList","@id":"https:\/\/portaltela.pt\/noticias\/2026\/03\/30\/secretario-de-estado-visita-venezuela-para-encontros-diplomaticos-e-comunidades\/#breadcrumb","itemListElement":[{"@type":"ListItem","position":1,"name":"In\u00edcio","item":"https:\/\/portaltela.pt\/"},{"@type":"ListItem","position":2,"name":"Secret\u00e1rio de Estado visita Venezuela para encontros diplom\u00e1ticos e comunidades"}]},{"@type":"WebSite","@id":"https:\/\/portaltela.pt\/#website","url":"https:\/\/portaltela.pt\/","name":"Portal Tela Portugal","description":"","potentialAction":[{"@type":"SearchAction","target":{"@type":"EntryPoint","urlTemplate":"https:\/\/portaltela.pt\/?s={search_term_string}"},"query-input":{"@type":"PropertyValueSpecification","valueRequired":true,"valueName":"search_term_string"}}],"inLanguage":"pt-PT"},{"@type":"Person","@id":"https:\/\/portaltela.pt\/#\/schema\/person\/c4278d4a6028830caff9ee44b42d32ed","name":"Telinha","image":{"@type":"ImageObject","inLanguage":"pt-PT","@id":"https:\/\/portaltela.pt\/s.01k8rhncp4jt1\/2025\/11\/talking-bot-125x125.png","url":"https:\/\/portaltela.pt\/s.01k8rhncp4jt1\/2025\/11\/talking-bot-125x125.png","contentUrl":"https:\/\/portaltela.pt\/s.01k8rhncp4jt1\/2025\/11\/talking-bot-125x125.png","caption":"Telinha"},"sameAs":["https:\/\/portaltela.pt\/"],"url":"https:\/\/portaltela.pt\/por\/367410592786\/"}]}},"_links":{"self":[{"href":"https:\/\/portaltela.pt\/api\/wp\/v2\/posts\/427313","targetHints":{"allow":["GET"]}}],"collection":[{"href":"https:\/\/portaltela.pt\/api\/wp\/v2\/posts"}],"about":[{"href":"https:\/\/portaltela.pt\/api\/wp\/v2\/types\/post"}],"author":[{"embeddable":true,"href":"https:\/\/portaltela.pt\/api\/wp\/v2\/users\/2"}],"replies":[{"embeddable":true,"href":"https:\/\/portaltela.pt\/api\/wp\/v2\/comments?post=427313"}],"version-history":[{"count":0,"href":"https:\/\/portaltela.pt\/api\/wp\/v2\/posts\/427313\/revisions"}],"wp:featuredmedia":[{"embeddable":true,"href":"https:\/\/portaltela.pt\/api\/wp\/v2\/media\/427318"}],"wp:attachment":[{"href":"https:\/\/portaltela.pt\/api\/wp\/v2\/media?parent=427313"}],"wp:term":[{"taxonomy":"category","embeddable":true,"href":"https:\/\/portaltela.pt\/api\/wp\/v2\/categories?post=427313"},{"taxonomy":"post_tag","embeddable":true,"href":"https:\/\/portaltela.pt\/api\/wp\/v2\/tags?post=427313"}],"curies":[{"name":"wp","href":"https:\/\/api.w.org\/{rel}","templated":true}]}}