{"id":427302,"date":"2026-03-30T14:32:38","date_gmt":"2026-03-30T17:32:38","guid":{"rendered":"https:\/\/portaltela.pt\/noticias\/2026\/03\/30\/estrangeiro-nascido-em-portugal-ilegal-so-evita-expulsao-apos-cinco-anos\/"},"modified":"2026-03-30T14:32:38","modified_gmt":"2026-03-30T17:32:38","slug":"estrangeiro-nascido-em-portugal-ilegal-so-evita-expulsao-apos-cinco-anos","status":"publish","type":"post","link":"https:\/\/portaltela.pt\/noticias\/2026\/03\/30\/estrangeiro-nascido-em-portugal-ilegal-so-evita-expulsao-apos-cinco-anos\/","title":{"rendered":"Estrangeiro nascido em Portugal ilegal s\u00f3 evita expuls\u00e3o ap\u00f3s cinco anos"},"content":{"rendered":"<p>Um estrangeiro nascido em Portugal e em situa\u00e7\u00e3o irregular pode evitar a expuls\u00e3o apenas se provar que vive no pa\u00eds h\u00e1 pelo menos cinco anos, segundo uma proposta do Governo. A medida faz parte da &#8220;lei do retorno&#8221;, que acelera os procedimentos de afastamento. O texto entrou hoje na Assembleia da Rep\u00fablica.<\/p>\n<p>A proposta foi aprovada no Conselho de Ministros a 19 de mar\u00e7o e seguiu para consulta p\u00fablica. O Governo sustenta que, para evitar expuls\u00e3o, apenas quem nasceu em Portugal e reside h\u00e1 cinco anos poder\u00e1 ficar. O documento tamb\u00e9m fixa regras para imigrantes que chegaram com menos de 10 anos.<\/p>\n<h3>Quem est\u00e1 envolvido e condi\u00e7\u00f5es de expuls\u00e3o<\/h3>\n<p>O Governo mant\u00e9m a prote\u00e7\u00e3o de filhos menores portugueses, impedindo a expuls\u00e3o nesses casos. Contudo, h\u00e1 limites para afastamentos: crian\u00e7as acompanhadas e menores n\u00e3o acompanhados com menos de 16 anos ficam protegidos em circunst\u00e2ncias espec\u00edficas. S\u00e3o tamb\u00e9m protegidos ceux com defici\u00eancia ou doen\u00e7a que dependam de familiares.<\/p>\n<p>O texto prev\u00ea ainda que quem tenha sido condenado a cinco anos de pris\u00e3o ou haja ind\u00edcios de crimes graves pode enfrentar expuls\u00e3o. Terrorismo, sabotagem ou crimes contra a seguran\u00e7a do Estado entram entre os casos eleg\u00edveis para afastamento coercivo.<\/p>\n<h3>Prazos, medidas de coa\u00e7\u00e3o e asilo<\/h3>\n<p>Os prazos de deten\u00e7\u00e3o em centros de instala\u00e7\u00e3o tempor\u00e1ria passam de 60 para 180 dias, com possibilidade de extens\u00e3o por mais 180 dias. Medidas alternativas, como cau\u00e7\u00e3o, podem ser usadas para substituir a deten\u00e7\u00e3o, junto de outras exig\u00eancias administrativas.<\/p>\n<p>Quem \u00e9 notificado para abandonar o pa\u00eds deve faz\u00ea-lo entre 20 e 30 dias, com possibilidade de prorroga\u00e7\u00e3o para considerar fam\u00edlia e la\u00e7os sociais. Notifica\u00e7\u00f5es de abandono volunt\u00e1rio deixam de existir, e a interdi\u00e7\u00e3o de entrada pode chegar a cinco anos, com poss\u00edveis aumentos.<\/p>\n<p>No \u00e2mbito dos pedidos de asilo, a apresenta\u00e7\u00e3o da prote\u00e7\u00e3o internacional n\u00e3o suspende procedimentos de afastamento nem investiga\u00e7\u00f5es criminais por entrada irregular. O desfecho do crime s\u00f3 ocorre ap\u00f3s decis\u00e3o sobre o pedido de prote\u00e7\u00e3o.<\/p>\n<h3>Observa\u00e7\u00f5es finais sobre o regime de ado\u00e7\u00e3o de medidas<\/h3>\n<p>O Governo defende que as mudan\u00e7as aceleram o processo de afastamento sem comprometer direitos fundamentais. O objetivo \u00e9 desburocratizar procedimentos e refor\u00e7ar a efetiva execu\u00e7\u00e3o de decis\u00f5es para quem n\u00e3o tem direito a permanecer. O regime altera ainda o acolhimento nos centros de instala\u00e7\u00e3o tempor\u00e1ria e a legisla\u00e7\u00e3o de estrangeiros e de asilo.<\/p>\n","protected":false},"excerpt":{"rendered":"<ul>\n<li>O Governo apresentou uma proposta de lei para acelerar o afastamento de estrangeiros em situa\u00e7\u00e3o irregular, que j\u00e1 foi enviada \u00e0 Assembleia da Rep\u00fablica depois de ter sido aprovada no Conselho de Ministros a 19 de mar\u00e7o.<\/li>\n<li>A regra principal admite evitar a expuls\u00e3o apenas a quem tenha nascido em Portugal e resida no pa\u00eds h\u00e1 pelo menos cinco anos; aplica-se tamb\u00e9m a imigrantes que chegaram com menos de dez anos.<\/li>\n<li>Menores n\u00e3o acompanhados com menos de 16 anos n\u00e3o podem ser expulsos; estrangeiros com filhos que, por doen\u00e7a grave ou defici\u00eancia, dependam deles tamb\u00e9m ficam protegidos; expuls\u00e3o prevista apenas para crimes graves ou superiores a cinco anos de pris\u00e3o.<\/li>\n<li>Os prazos de deten\u00e7\u00e3o em centros de instala\u00e7\u00e3o tempor\u00e1ria sobem de 60 para 180 dias, com possibilidade de prorroga\u00e7\u00e3o por mais 180 dias; passam a existir medidas de coa\u00e7\u00e3o alternativas, como cau\u00e7\u00e3o e obrigatoriedade de entrega de documentos.<\/li>\n<li>O prazo para abandonar o pa\u00eds ap\u00f3s notifica\u00e7\u00e3o passa a ser de 20 a 30 dias, com prorroga\u00e7\u00f5es conforme circunst\u00e2ncias; fim das notifica\u00e7\u00f5es de abandono volunt\u00e1rio; o tempo de interdi\u00e7\u00e3o de entrada pode chegar a cinco anos e pode aumentar em situa\u00e7\u00f5es agravadas; pedidos de asilo n\u00e3o suspendem o processo administrativo ou criminal.<\/li>\n<\/ul>\n","protected":false},"author":2,"featured_media":427304,"comment_status":"closed","ping_status":"closed","sticky":false,"template":"","format":"standard","meta":{"footnotes":""},"categories":[6815,1],"tags":[2179,2633,2971,712,6612,3010],"class_list":["post-427302","post","type-post","status-publish","format-standard","has-post-thumbnail","hentry","category-justica","category-noticias","tag-centros-de-instalacao-temporaria","tag-direitos-humanos","tag-expulsoes","tag-imigracao","tag-imigracao-internacional","tag-lei-dos-estrangeiros"],"yoast_head":"<!-- This site is optimized with the Yoast SEO plugin v27.2 - https:\/\/yoast.com\/product\/yoast-seo-wordpress\/ -->\n<title>Estrangeiro nascido em Portugal ilegal s\u00f3 evita expuls\u00e3o ap\u00f3s cinco anos - Portal Tela Portugal<\/title>\n<meta name=\"robots\" content=\"index, follow, max-snippet:-1, max-image-preview:large, max-video-preview:-1\" \/>\n<meta property=\"og:locale\" content=\"pt_PT\" \/>\n<meta property=\"og:type\" content=\"article\" \/>\n<meta property=\"og:title\" content=\"Estrangeiro nascido em Portugal ilegal s\u00f3 evita expuls\u00e3o ap\u00f3s cinco anos - Portal Tela Portugal\" \/>\n<meta property=\"og:description\" content=\"O Governo apresentou uma proposta de lei para acelerar o afastamento de estrangeiros em situa\u00e7\u00e3o irregular, que j\u00e1 foi enviada \u00e0 Assembleia da Rep\u00fablica depois de ter sido aprovada no Conselho de Ministros a 19 de mar\u00e7o. A regra principal admite evitar a expuls\u00e3o apenas a quem tenha nascido em Portugal e resida no pa\u00eds h\u00e1 pelo menos cinco anos; aplica-se tamb\u00e9m a imigrantes que chegaram com menos de dez anos. Menores n\u00e3o acompanhados com menos de 16 anos n\u00e3o podem ser expulsos; estrangeiros com filhos que, por doen\u00e7a grave ou defici\u00eancia, dependam deles tamb\u00e9m ficam protegidos; expuls\u00e3o prevista apenas para crimes graves ou superiores a cinco anos de pris\u00e3o. Os prazos de deten\u00e7\u00e3o em centros de instala\u00e7\u00e3o tempor\u00e1ria sobem de 60 para 180 dias, com possibilidade de prorroga\u00e7\u00e3o por mais 180 dias; passam a existir medidas de coa\u00e7\u00e3o alternativas, como cau\u00e7\u00e3o e obrigatoriedade de entrega de documentos. O prazo para abandonar o pa\u00eds ap\u00f3s notifica\u00e7\u00e3o passa a ser de 20 a 30 dias, com prorroga\u00e7\u00f5es conforme circunst\u00e2ncias; fim das notifica\u00e7\u00f5es de abandono volunt\u00e1rio; o tempo de interdi\u00e7\u00e3o de entrada pode chegar a cinco anos e pode aumentar em situa\u00e7\u00f5es agravadas; pedidos de asilo n\u00e3o suspendem o processo administrativo ou criminal.\" \/>\n<meta property=\"og:url\" content=\"https:\/\/portaltela.pt\/noticias\/2026\/03\/30\/estrangeiro-nascido-em-portugal-ilegal-so-evita-expulsao-apos-cinco-anos\/\" \/>\n<meta property=\"og:site_name\" content=\"Portal Tela Portugal\" \/>\n<meta property=\"article:published_time\" content=\"2026-03-30T17:32:38+00:00\" \/>\n<meta name=\"author\" content=\"Telinha\" \/>\n<meta name=\"twitter:card\" content=\"summary_large_image\" \/>\n<meta name=\"twitter:label1\" content=\"Escrito por\" \/>\n\t<meta name=\"twitter:data1\" content=\"Telinha\" \/>\n\t<meta name=\"twitter:label2\" content=\"Tempo estimado de leitura\" \/>\n\t<meta name=\"twitter:data2\" content=\"2 minutos\" \/>\n<script type=\"application\/ld+json\" class=\"yoast-schema-graph\">{\"@context\":\"https:\/\/schema.org\",\"@graph\":[{\"@type\":\"Article\",\"@id\":\"https:\/\/portaltela.pt\/noticias\/2026\/03\/30\/estrangeiro-nascido-em-portugal-ilegal-so-evita-expulsao-apos-cinco-anos\/#article\",\"isPartOf\":{\"@id\":\"https:\/\/portaltela.pt\/noticias\/2026\/03\/30\/estrangeiro-nascido-em-portugal-ilegal-so-evita-expulsao-apos-cinco-anos\/\"},\"author\":{\"name\":\"Telinha\",\"@id\":\"https:\/\/portaltela.pt\/#\/schema\/person\/c4278d4a6028830caff9ee44b42d32ed\"},\"headline\":\"Estrangeiro nascido em Portugal ilegal s\u00f3 evita expuls\u00e3o ap\u00f3s cinco anos\",\"datePublished\":\"2026-03-30T17:32:38+00:00\",\"mainEntityOfPage\":{\"@id\":\"https:\/\/portaltela.pt\/noticias\/2026\/03\/30\/estrangeiro-nascido-em-portugal-ilegal-so-evita-expulsao-apos-cinco-anos\/\"},\"wordCount\":445,\"image\":{\"@id\":\"https:\/\/portaltela.pt\/noticias\/2026\/03\/30\/estrangeiro-nascido-em-portugal-ilegal-so-evita-expulsao-apos-cinco-anos\/#primaryimage\"},\"thumbnailUrl\":\"https:\/\/portaltela.pt\/s.01k8rhncp4jt1\/2026\/03\/image-1829.jpg\",\"keywords\":[\"Centros de Instala\u00e7\u00e3o Tempor\u00e1ria\",\"direitos humanos\",\"expuls\u00f5es\",\"imigra\u00e7\u00e3o\",\"imigra\u00e7\u00e3o internacional\",\"Lei dos Estrangeiros\"],\"articleSection\":[\"Justi\u00e7a\",\"Not\u00edcias\"],\"inLanguage\":\"pt-PT\"},{\"@type\":\"WebPage\",\"@id\":\"https:\/\/portaltela.pt\/noticias\/2026\/03\/30\/estrangeiro-nascido-em-portugal-ilegal-so-evita-expulsao-apos-cinco-anos\/\",\"url\":\"https:\/\/portaltela.pt\/noticias\/2026\/03\/30\/estrangeiro-nascido-em-portugal-ilegal-so-evita-expulsao-apos-cinco-anos\/\",\"name\":\"Estrangeiro nascido em Portugal ilegal s\u00f3 evita expuls\u00e3o ap\u00f3s cinco anos - Portal Tela Portugal\",\"isPartOf\":{\"@id\":\"https:\/\/portaltela.pt\/#website\"},\"primaryImageOfPage\":{\"@id\":\"https:\/\/portaltela.pt\/noticias\/2026\/03\/30\/estrangeiro-nascido-em-portugal-ilegal-so-evita-expulsao-apos-cinco-anos\/#primaryimage\"},\"image\":{\"@id\":\"https:\/\/portaltela.pt\/noticias\/2026\/03\/30\/estrangeiro-nascido-em-portugal-ilegal-so-evita-expulsao-apos-cinco-anos\/#primaryimage\"},\"thumbnailUrl\":\"https:\/\/portaltela.pt\/s.01k8rhncp4jt1\/2026\/03\/image-1829.jpg\",\"datePublished\":\"2026-03-30T17:32:38+00:00\",\"author\":{\"@id\":\"https:\/\/portaltela.pt\/#\/schema\/person\/c4278d4a6028830caff9ee44b42d32ed\"},\"breadcrumb\":{\"@id\":\"https:\/\/portaltela.pt\/noticias\/2026\/03\/30\/estrangeiro-nascido-em-portugal-ilegal-so-evita-expulsao-apos-cinco-anos\/#breadcrumb\"},\"inLanguage\":\"pt-PT\",\"potentialAction\":[{\"@type\":\"ReadAction\",\"target\":[\"https:\/\/portaltela.pt\/noticias\/2026\/03\/30\/estrangeiro-nascido-em-portugal-ilegal-so-evita-expulsao-apos-cinco-anos\/\"]}]},{\"@type\":\"ImageObject\",\"inLanguage\":\"pt-PT\",\"@id\":\"https:\/\/portaltela.pt\/noticias\/2026\/03\/30\/estrangeiro-nascido-em-portugal-ilegal-so-evita-expulsao-apos-cinco-anos\/#primaryimage\",\"url\":\"https:\/\/portaltela.pt\/s.01k8rhncp4jt1\/2026\/03\/image-1829.jpg\",\"contentUrl\":\"https:\/\/portaltela.pt\/s.01k8rhncp4jt1\/2026\/03\/image-1829.jpg\",\"width\":796,\"height\":448,\"caption\":\"Imagem de contexto do artigo Estrangeiro nascido em Portugal e ilegal s\u00f3 pode evitar expuls\u00e3o se viver no pa\u00eds h\u00e1 cinco anos\"},{\"@type\":\"BreadcrumbList\",\"@id\":\"https:\/\/portaltela.pt\/noticias\/2026\/03\/30\/estrangeiro-nascido-em-portugal-ilegal-so-evita-expulsao-apos-cinco-anos\/#breadcrumb\",\"itemListElement\":[{\"@type\":\"ListItem\",\"position\":1,\"name\":\"In\u00edcio\",\"item\":\"https:\/\/portaltela.pt\/\"},{\"@type\":\"ListItem\",\"position\":2,\"name\":\"Estrangeiro nascido em Portugal ilegal s\u00f3 evita expuls\u00e3o ap\u00f3s cinco anos\"}]},{\"@type\":\"WebSite\",\"@id\":\"https:\/\/portaltela.pt\/#website\",\"url\":\"https:\/\/portaltela.pt\/\",\"name\":\"Portal Tela Portugal\",\"description\":\"\",\"potentialAction\":[{\"@type\":\"SearchAction\",\"target\":{\"@type\":\"EntryPoint\",\"urlTemplate\":\"https:\/\/portaltela.pt\/?s={search_term_string}\"},\"query-input\":{\"@type\":\"PropertyValueSpecification\",\"valueRequired\":true,\"valueName\":\"search_term_string\"}}],\"inLanguage\":\"pt-PT\"},{\"@type\":\"Person\",\"@id\":\"https:\/\/portaltela.pt\/#\/schema\/person\/c4278d4a6028830caff9ee44b42d32ed\",\"name\":\"Telinha\",\"image\":{\"@type\":\"ImageObject\",\"inLanguage\":\"pt-PT\",\"@id\":\"https:\/\/portaltela.pt\/s.01k8rhncp4jt1\/2025\/11\/talking-bot-125x125.png\",\"url\":\"https:\/\/portaltela.pt\/s.01k8rhncp4jt1\/2025\/11\/talking-bot-125x125.png\",\"contentUrl\":\"https:\/\/portaltela.pt\/s.01k8rhncp4jt1\/2025\/11\/talking-bot-125x125.png\",\"caption\":\"Telinha\"},\"sameAs\":[\"https:\/\/portaltela.pt\/\"],\"url\":\"https:\/\/portaltela.pt\/por\/367410592786\/\"}]}<\/script>\n<!-- \/ Yoast SEO plugin. -->","yoast_head_json":{"title":"Estrangeiro nascido em Portugal ilegal s\u00f3 evita expuls\u00e3o ap\u00f3s cinco anos - Portal Tela Portugal","robots":{"index":"index","follow":"follow","max-snippet":"max-snippet:-1","max-image-preview":"max-image-preview:large","max-video-preview":"max-video-preview:-1"},"og_locale":"pt_PT","og_type":"article","og_title":"Estrangeiro nascido em Portugal ilegal s\u00f3 evita expuls\u00e3o ap\u00f3s cinco anos - Portal Tela Portugal","og_description":"O Governo apresentou uma proposta de lei para acelerar o afastamento de estrangeiros em situa\u00e7\u00e3o irregular, que j\u00e1 foi enviada \u00e0 Assembleia da Rep\u00fablica depois de ter sido aprovada no Conselho de Ministros a 19 de mar\u00e7o. A regra principal admite evitar a expuls\u00e3o apenas a quem tenha nascido em Portugal e resida no pa\u00eds h\u00e1 pelo menos cinco anos; aplica-se tamb\u00e9m a imigrantes que chegaram com menos de dez anos. Menores n\u00e3o acompanhados com menos de 16 anos n\u00e3o podem ser expulsos; estrangeiros com filhos que, por doen\u00e7a grave ou defici\u00eancia, dependam deles tamb\u00e9m ficam protegidos; expuls\u00e3o prevista apenas para crimes graves ou superiores a cinco anos de pris\u00e3o. Os prazos de deten\u00e7\u00e3o em centros de instala\u00e7\u00e3o tempor\u00e1ria sobem de 60 para 180 dias, com possibilidade de prorroga\u00e7\u00e3o por mais 180 dias; passam a existir medidas de coa\u00e7\u00e3o alternativas, como cau\u00e7\u00e3o e obrigatoriedade de entrega de documentos. O prazo para abandonar o pa\u00eds ap\u00f3s notifica\u00e7\u00e3o passa a ser de 20 a 30 dias, com prorroga\u00e7\u00f5es conforme circunst\u00e2ncias; fim das notifica\u00e7\u00f5es de abandono volunt\u00e1rio; o tempo de interdi\u00e7\u00e3o de entrada pode chegar a cinco anos e pode aumentar em situa\u00e7\u00f5es agravadas; pedidos de asilo n\u00e3o suspendem o processo administrativo ou criminal.","og_url":"https:\/\/portaltela.pt\/noticias\/2026\/03\/30\/estrangeiro-nascido-em-portugal-ilegal-so-evita-expulsao-apos-cinco-anos\/","og_site_name":"Portal Tela Portugal","article_published_time":"2026-03-30T17:32:38+00:00","author":"Telinha","twitter_card":"summary_large_image","twitter_misc":{"Escrito por":"Telinha","Tempo estimado de leitura":"2 minutos"},"schema":{"@context":"https:\/\/schema.org","@graph":[{"@type":"Article","@id":"https:\/\/portaltela.pt\/noticias\/2026\/03\/30\/estrangeiro-nascido-em-portugal-ilegal-so-evita-expulsao-apos-cinco-anos\/#article","isPartOf":{"@id":"https:\/\/portaltela.pt\/noticias\/2026\/03\/30\/estrangeiro-nascido-em-portugal-ilegal-so-evita-expulsao-apos-cinco-anos\/"},"author":{"name":"Telinha","@id":"https:\/\/portaltela.pt\/#\/schema\/person\/c4278d4a6028830caff9ee44b42d32ed"},"headline":"Estrangeiro nascido em Portugal ilegal s\u00f3 evita expuls\u00e3o ap\u00f3s cinco anos","datePublished":"2026-03-30T17:32:38+00:00","mainEntityOfPage":{"@id":"https:\/\/portaltela.pt\/noticias\/2026\/03\/30\/estrangeiro-nascido-em-portugal-ilegal-so-evita-expulsao-apos-cinco-anos\/"},"wordCount":445,"image":{"@id":"https:\/\/portaltela.pt\/noticias\/2026\/03\/30\/estrangeiro-nascido-em-portugal-ilegal-so-evita-expulsao-apos-cinco-anos\/#primaryimage"},"thumbnailUrl":"https:\/\/portaltela.pt\/s.01k8rhncp4jt1\/2026\/03\/image-1829.jpg","keywords":["Centros de Instala\u00e7\u00e3o Tempor\u00e1ria","direitos humanos","expuls\u00f5es","imigra\u00e7\u00e3o","imigra\u00e7\u00e3o internacional","Lei dos Estrangeiros"],"articleSection":["Justi\u00e7a","Not\u00edcias"],"inLanguage":"pt-PT"},{"@type":"WebPage","@id":"https:\/\/portaltela.pt\/noticias\/2026\/03\/30\/estrangeiro-nascido-em-portugal-ilegal-so-evita-expulsao-apos-cinco-anos\/","url":"https:\/\/portaltela.pt\/noticias\/2026\/03\/30\/estrangeiro-nascido-em-portugal-ilegal-so-evita-expulsao-apos-cinco-anos\/","name":"Estrangeiro nascido em Portugal ilegal s\u00f3 evita expuls\u00e3o ap\u00f3s cinco anos - Portal Tela Portugal","isPartOf":{"@id":"https:\/\/portaltela.pt\/#website"},"primaryImageOfPage":{"@id":"https:\/\/portaltela.pt\/noticias\/2026\/03\/30\/estrangeiro-nascido-em-portugal-ilegal-so-evita-expulsao-apos-cinco-anos\/#primaryimage"},"image":{"@id":"https:\/\/portaltela.pt\/noticias\/2026\/03\/30\/estrangeiro-nascido-em-portugal-ilegal-so-evita-expulsao-apos-cinco-anos\/#primaryimage"},"thumbnailUrl":"https:\/\/portaltela.pt\/s.01k8rhncp4jt1\/2026\/03\/image-1829.jpg","datePublished":"2026-03-30T17:32:38+00:00","author":{"@id":"https:\/\/portaltela.pt\/#\/schema\/person\/c4278d4a6028830caff9ee44b42d32ed"},"breadcrumb":{"@id":"https:\/\/portaltela.pt\/noticias\/2026\/03\/30\/estrangeiro-nascido-em-portugal-ilegal-so-evita-expulsao-apos-cinco-anos\/#breadcrumb"},"inLanguage":"pt-PT","potentialAction":[{"@type":"ReadAction","target":["https:\/\/portaltela.pt\/noticias\/2026\/03\/30\/estrangeiro-nascido-em-portugal-ilegal-so-evita-expulsao-apos-cinco-anos\/"]}]},{"@type":"ImageObject","inLanguage":"pt-PT","@id":"https:\/\/portaltela.pt\/noticias\/2026\/03\/30\/estrangeiro-nascido-em-portugal-ilegal-so-evita-expulsao-apos-cinco-anos\/#primaryimage","url":"https:\/\/portaltela.pt\/s.01k8rhncp4jt1\/2026\/03\/image-1829.jpg","contentUrl":"https:\/\/portaltela.pt\/s.01k8rhncp4jt1\/2026\/03\/image-1829.jpg","width":796,"height":448,"caption":"Imagem de contexto do artigo Estrangeiro nascido em Portugal e ilegal s\u00f3 pode evitar expuls\u00e3o se viver no pa\u00eds h\u00e1 cinco anos"},{"@type":"BreadcrumbList","@id":"https:\/\/portaltela.pt\/noticias\/2026\/03\/30\/estrangeiro-nascido-em-portugal-ilegal-so-evita-expulsao-apos-cinco-anos\/#breadcrumb","itemListElement":[{"@type":"ListItem","position":1,"name":"In\u00edcio","item":"https:\/\/portaltela.pt\/"},{"@type":"ListItem","position":2,"name":"Estrangeiro nascido em Portugal ilegal s\u00f3 evita expuls\u00e3o ap\u00f3s cinco anos"}]},{"@type":"WebSite","@id":"https:\/\/portaltela.pt\/#website","url":"https:\/\/portaltela.pt\/","name":"Portal Tela Portugal","description":"","potentialAction":[{"@type":"SearchAction","target":{"@type":"EntryPoint","urlTemplate":"https:\/\/portaltela.pt\/?s={search_term_string}"},"query-input":{"@type":"PropertyValueSpecification","valueRequired":true,"valueName":"search_term_string"}}],"inLanguage":"pt-PT"},{"@type":"Person","@id":"https:\/\/portaltela.pt\/#\/schema\/person\/c4278d4a6028830caff9ee44b42d32ed","name":"Telinha","image":{"@type":"ImageObject","inLanguage":"pt-PT","@id":"https:\/\/portaltela.pt\/s.01k8rhncp4jt1\/2025\/11\/talking-bot-125x125.png","url":"https:\/\/portaltela.pt\/s.01k8rhncp4jt1\/2025\/11\/talking-bot-125x125.png","contentUrl":"https:\/\/portaltela.pt\/s.01k8rhncp4jt1\/2025\/11\/talking-bot-125x125.png","caption":"Telinha"},"sameAs":["https:\/\/portaltela.pt\/"],"url":"https:\/\/portaltela.pt\/por\/367410592786\/"}]}},"_links":{"self":[{"href":"https:\/\/portaltela.pt\/api\/wp\/v2\/posts\/427302","targetHints":{"allow":["GET"]}}],"collection":[{"href":"https:\/\/portaltela.pt\/api\/wp\/v2\/posts"}],"about":[{"href":"https:\/\/portaltela.pt\/api\/wp\/v2\/types\/post"}],"author":[{"embeddable":true,"href":"https:\/\/portaltela.pt\/api\/wp\/v2\/users\/2"}],"replies":[{"embeddable":true,"href":"https:\/\/portaltela.pt\/api\/wp\/v2\/comments?post=427302"}],"version-history":[{"count":0,"href":"https:\/\/portaltela.pt\/api\/wp\/v2\/posts\/427302\/revisions"}],"wp:featuredmedia":[{"embeddable":true,"href":"https:\/\/portaltela.pt\/api\/wp\/v2\/media\/427304"}],"wp:attachment":[{"href":"https:\/\/portaltela.pt\/api\/wp\/v2\/media?parent=427302"}],"wp:term":[{"taxonomy":"category","embeddable":true,"href":"https:\/\/portaltela.pt\/api\/wp\/v2\/categories?post=427302"},{"taxonomy":"post_tag","embeddable":true,"href":"https:\/\/portaltela.pt\/api\/wp\/v2\/tags?post=427302"}],"curies":[{"name":"wp","href":"https:\/\/api.w.org\/{rel}","templated":true}]}}