{"id":427290,"date":"2026-03-30T14:32:27","date_gmt":"2026-03-30T17:32:27","guid":{"rendered":"https:\/\/portaltela.pt\/noticias\/2026\/03\/30\/homem-percorreu-dois-quilometros-da-linha-do-metro-do-porto-de-carro\/"},"modified":"2026-03-30T14:32:27","modified_gmt":"2026-03-30T17:32:27","slug":"homem-percorreu-dois-quilometros-da-linha-do-metro-do-porto-de-carro","status":"publish","type":"post","link":"https:\/\/portaltela.pt\/seguranca\/2026\/03\/30\/homem-percorreu-dois-quilometros-da-linha-do-metro-do-porto-de-carro\/","title":{"rendered":"Homem percorreu dois quil\u00f3metros da linha do Metro do Porto de carro"},"content":{"rendered":"<p>Um homem de 78 anos percorreu este segunda-feira, de carro, a linha do metropolitano entre as esta\u00e7\u00f5es Senhora da Hora, em Matosinhos, e Ramalde, no Porto. O incidente ocorreu quando o ve\u00edculo circulou na via f\u00e9rrea por cerca de dois quil\u00f3metros, passando pelas esta\u00e7\u00f5es de Sete Bicas e do Viso.<\/p>\n<p>A circula\u00e7\u00e3o foi interrompida ap\u00f3s o condutor ter sido intercetado pelos seguran\u00e7as, por volta das 13h50. A equipa de emerg\u00eancia m\u00e9dica avaliou o homem, que se encontrava desorientado, e encaminhou-o ao hospital.<\/p>\n<p>O ve\u00edculo foi removido para a plataforma da esta\u00e7\u00e3o de Ramalde, onde ficar\u00e1 at\u00e9 \u00e0 passagem de um reboque, prevista para as 01:00 de ter\u00e7a-feira, quando n\u00e3o circulam composi\u00e7\u00f5es. A circula\u00e7\u00e3o foi, entretanto, restabelecida.<\/p>\n<h3>Situa\u00e7\u00e3o operacional<\/h3>\n<p>A travessia da linha ficou interrompida durante o incidente, mas o servi\u00e7o foi restabelecido ap\u00f3s o imobiliza\u00e7\u00e3o do carro. O transporte completou o trajeto entre as duas esta\u00e7\u00f5es sem novas intercorr\u00eancias reportadas at\u00e9 ao momento. A Metro do Porto confirmou a ocorr\u00eancia e a retirada do ve\u00edculo.<\/p>\n","protected":false},"excerpt":{"rendered":"<ul>\n<li>Um homem de 78 anos percorreu de carro cerca de dois quil\u00f3metros na linha do Metro do Porto, entre as esta\u00e7\u00f5es Senhora da Hora, em Matosinhos, e Ramalde, no Porto, sendo intercetado pelos seguran\u00e7as.<\/li>\n<li>O ve\u00edculo passou ainda pelas esta\u00e7\u00f5es Sete Bicas e Viso antes de ser imobilizado.<\/li>\n<li>O alerta foi dado \u00e0s 13h50 e o condutor encontrava-se desorientado, tendo recebido apoio de uma equipa do Instituto Nacional de Emerg\u00eancia M\u00e9dica e sido transportado ao hospital.<\/li>\n<li>O carro foi removido para a plataforma da esta\u00e7\u00e3o de Ramalde, onde ficar\u00e1 at\u00e9 \u00e0s 01:00 de ter\u00e7a-feira para ser rebocado, pois nessa hora n\u00e3o circulam composi\u00e7\u00f5es.<\/li>\n<li>A circula\u00e7\u00e3o na linha foi restabelecida.<\/li>\n<\/ul>\n","protected":false},"author":2,"featured_media":427296,"comment_status":"closed","ping_status":"closed","sticky":false,"template":"","format":"standard","meta":{"footnotes":""},"categories":[6781,6779],"tags":[5487,1709,3263,982,3455,192],"class_list":["post-427290","post","type-post","status-publish","format-standard","has-post-thumbnail","hentry","category-policia","category-seguranca","tag-acidente","tag-matosinhos","tag-mobilidade-urbana","tag-porto","tag-ramalde","tag-transporte"],"yoast_head":"<!-- This site is optimized with the Yoast SEO plugin v27.2 - https:\/\/yoast.com\/product\/yoast-seo-wordpress\/ -->\n<title>Homem percorreu dois quil\u00f3metros da linha do Metro do Porto de carro - Portal Tela Portugal<\/title>\n<meta name=\"robots\" content=\"index, follow, max-snippet:-1, max-image-preview:large, max-video-preview:-1\" \/>\n<meta property=\"og:locale\" content=\"pt_PT\" \/>\n<meta property=\"og:type\" content=\"article\" \/>\n<meta property=\"og:title\" content=\"Homem percorreu dois quil\u00f3metros da linha do Metro do Porto de carro - Portal Tela Portugal\" \/>\n<meta property=\"og:description\" content=\"Um homem de 78 anos percorreu de carro cerca de dois quil\u00f3metros na linha do Metro do Porto, entre as esta\u00e7\u00f5es Senhora da Hora, em Matosinhos, e Ramalde, no Porto, sendo intercetado pelos seguran\u00e7as. O ve\u00edculo passou ainda pelas esta\u00e7\u00f5es Sete Bicas e Viso antes de ser imobilizado. O alerta foi dado \u00e0s 13h50 e o condutor encontrava-se desorientado, tendo recebido apoio de uma equipa do Instituto Nacional de Emerg\u00eancia M\u00e9dica e sido transportado ao hospital. O carro foi removido para a plataforma da esta\u00e7\u00e3o de Ramalde, onde ficar\u00e1 at\u00e9 \u00e0s 01:00 de ter\u00e7a-feira para ser rebocado, pois nessa hora n\u00e3o circulam composi\u00e7\u00f5es. A circula\u00e7\u00e3o na linha foi restabelecida.\" \/>\n<meta property=\"og:url\" content=\"https:\/\/portaltela.pt\/noticias\/2026\/03\/30\/homem-percorreu-dois-quilometros-da-linha-do-metro-do-porto-de-carro\/\" \/>\n<meta property=\"og:site_name\" content=\"Portal Tela Portugal\" \/>\n<meta property=\"article:published_time\" content=\"2026-03-30T17:32:27+00:00\" \/>\n<meta name=\"author\" content=\"Telinha\" \/>\n<meta name=\"twitter:card\" content=\"summary_large_image\" \/>\n<meta name=\"twitter:label1\" content=\"Escrito por\" \/>\n\t<meta name=\"twitter:data1\" content=\"Telinha\" \/>\n\t<meta name=\"twitter:label2\" content=\"Tempo estimado de leitura\" \/>\n\t<meta name=\"twitter:data2\" content=\"1 minuto\" \/>\n<script type=\"application\/ld+json\" class=\"yoast-schema-graph\">{\"@context\":\"https:\/\/schema.org\",\"@graph\":[{\"@type\":\"Article\",\"@id\":\"https:\/\/portaltela.pt\/noticias\/2026\/03\/30\/homem-percorreu-dois-quilometros-da-linha-do-metro-do-porto-de-carro\/#article\",\"isPartOf\":{\"@id\":\"https:\/\/portaltela.pt\/noticias\/2026\/03\/30\/homem-percorreu-dois-quilometros-da-linha-do-metro-do-porto-de-carro\/\"},\"author\":{\"name\":\"Telinha\",\"@id\":\"https:\/\/portaltela.pt\/#\/schema\/person\/c4278d4a6028830caff9ee44b42d32ed\"},\"headline\":\"Homem percorreu dois quil\u00f3metros da linha do Metro do Porto de carro\",\"datePublished\":\"2026-03-30T17:32:27+00:00\",\"mainEntityOfPage\":{\"@id\":\"https:\/\/portaltela.pt\/noticias\/2026\/03\/30\/homem-percorreu-dois-quilometros-da-linha-do-metro-do-porto-de-carro\/\"},\"wordCount\":199,\"image\":{\"@id\":\"https:\/\/portaltela.pt\/noticias\/2026\/03\/30\/homem-percorreu-dois-quilometros-da-linha-do-metro-do-porto-de-carro\/#primaryimage\"},\"thumbnailUrl\":\"https:\/\/portaltela.pt\/s.01k8rhncp4jt1\/2026\/03\/img_1500x1000uu2024-09-20-16-54-44-1752133.jpg\",\"keywords\":[\"acidente\",\"Matosinhos\",\"mobilidade urbana\",\"Porto\",\"Ramalde\",\"transporte\"],\"articleSection\":[\"Pol\u00edcia\",\"Seguran\u00e7a\"],\"inLanguage\":\"pt-PT\"},{\"@type\":\"WebPage\",\"@id\":\"https:\/\/portaltela.pt\/noticias\/2026\/03\/30\/homem-percorreu-dois-quilometros-da-linha-do-metro-do-porto-de-carro\/\",\"url\":\"https:\/\/portaltela.pt\/noticias\/2026\/03\/30\/homem-percorreu-dois-quilometros-da-linha-do-metro-do-porto-de-carro\/\",\"name\":\"Homem percorreu dois quil\u00f3metros da linha do Metro do Porto de carro - Portal Tela Portugal\",\"isPartOf\":{\"@id\":\"https:\/\/portaltela.pt\/#website\"},\"primaryImageOfPage\":{\"@id\":\"https:\/\/portaltela.pt\/noticias\/2026\/03\/30\/homem-percorreu-dois-quilometros-da-linha-do-metro-do-porto-de-carro\/#primaryimage\"},\"image\":{\"@id\":\"https:\/\/portaltela.pt\/noticias\/2026\/03\/30\/homem-percorreu-dois-quilometros-da-linha-do-metro-do-porto-de-carro\/#primaryimage\"},\"thumbnailUrl\":\"https:\/\/portaltela.pt\/s.01k8rhncp4jt1\/2026\/03\/img_1500x1000uu2024-09-20-16-54-44-1752133.jpg\",\"datePublished\":\"2026-03-30T17:32:27+00:00\",\"author\":{\"@id\":\"https:\/\/portaltela.pt\/#\/schema\/person\/c4278d4a6028830caff9ee44b42d32ed\"},\"breadcrumb\":{\"@id\":\"https:\/\/portaltela.pt\/noticias\/2026\/03\/30\/homem-percorreu-dois-quilometros-da-linha-do-metro-do-porto-de-carro\/#breadcrumb\"},\"inLanguage\":\"pt-PT\",\"potentialAction\":[{\"@type\":\"ReadAction\",\"target\":[\"https:\/\/portaltela.pt\/noticias\/2026\/03\/30\/homem-percorreu-dois-quilometros-da-linha-do-metro-do-porto-de-carro\/\"]}]},{\"@type\":\"ImageObject\",\"inLanguage\":\"pt-PT\",\"@id\":\"https:\/\/portaltela.pt\/noticias\/2026\/03\/30\/homem-percorreu-dois-quilometros-da-linha-do-metro-do-porto-de-carro\/#primaryimage\",\"url\":\"https:\/\/portaltela.pt\/s.01k8rhncp4jt1\/2026\/03\/img_1500x1000uu2024-09-20-16-54-44-1752133.jpg\",\"contentUrl\":\"https:\/\/portaltela.pt\/s.01k8rhncp4jt1\/2026\/03\/img_1500x1000uu2024-09-20-16-54-44-1752133.jpg\",\"width\":796,\"height\":448,\"caption\":\"Metro do Porto\"},{\"@type\":\"BreadcrumbList\",\"@id\":\"https:\/\/portaltela.pt\/noticias\/2026\/03\/30\/homem-percorreu-dois-quilometros-da-linha-do-metro-do-porto-de-carro\/#breadcrumb\",\"itemListElement\":[{\"@type\":\"ListItem\",\"position\":1,\"name\":\"In\u00edcio\",\"item\":\"https:\/\/portaltela.pt\/\"},{\"@type\":\"ListItem\",\"position\":2,\"name\":\"Homem percorreu dois quil\u00f3metros da linha do Metro do Porto de carro\"}]},{\"@type\":\"WebSite\",\"@id\":\"https:\/\/portaltela.pt\/#website\",\"url\":\"https:\/\/portaltela.pt\/\",\"name\":\"Portal Tela Portugal\",\"description\":\"\",\"potentialAction\":[{\"@type\":\"SearchAction\",\"target\":{\"@type\":\"EntryPoint\",\"urlTemplate\":\"https:\/\/portaltela.pt\/?s={search_term_string}\"},\"query-input\":{\"@type\":\"PropertyValueSpecification\",\"valueRequired\":true,\"valueName\":\"search_term_string\"}}],\"inLanguage\":\"pt-PT\"},{\"@type\":\"Person\",\"@id\":\"https:\/\/portaltela.pt\/#\/schema\/person\/c4278d4a6028830caff9ee44b42d32ed\",\"name\":\"Telinha\",\"image\":{\"@type\":\"ImageObject\",\"inLanguage\":\"pt-PT\",\"@id\":\"https:\/\/portaltela.pt\/s.01k8rhncp4jt1\/2025\/11\/talking-bot-125x125.png\",\"url\":\"https:\/\/portaltela.pt\/s.01k8rhncp4jt1\/2025\/11\/talking-bot-125x125.png\",\"contentUrl\":\"https:\/\/portaltela.pt\/s.01k8rhncp4jt1\/2025\/11\/talking-bot-125x125.png\",\"caption\":\"Telinha\"},\"sameAs\":[\"https:\/\/portaltela.pt\/\"],\"url\":\"https:\/\/portaltela.pt\/por\/367410592786\/\"}]}<\/script>\n<!-- \/ Yoast SEO plugin. -->","yoast_head_json":{"title":"Homem percorreu dois quil\u00f3metros da linha do Metro do Porto de carro - Portal Tela Portugal","robots":{"index":"index","follow":"follow","max-snippet":"max-snippet:-1","max-image-preview":"max-image-preview:large","max-video-preview":"max-video-preview:-1"},"og_locale":"pt_PT","og_type":"article","og_title":"Homem percorreu dois quil\u00f3metros da linha do Metro do Porto de carro - Portal Tela Portugal","og_description":"Um homem de 78 anos percorreu de carro cerca de dois quil\u00f3metros na linha do Metro do Porto, entre as esta\u00e7\u00f5es Senhora da Hora, em Matosinhos, e Ramalde, no Porto, sendo intercetado pelos seguran\u00e7as. O ve\u00edculo passou ainda pelas esta\u00e7\u00f5es Sete Bicas e Viso antes de ser imobilizado. O alerta foi dado \u00e0s 13h50 e o condutor encontrava-se desorientado, tendo recebido apoio de uma equipa do Instituto Nacional de Emerg\u00eancia M\u00e9dica e sido transportado ao hospital. O carro foi removido para a plataforma da esta\u00e7\u00e3o de Ramalde, onde ficar\u00e1 at\u00e9 \u00e0s 01:00 de ter\u00e7a-feira para ser rebocado, pois nessa hora n\u00e3o circulam composi\u00e7\u00f5es. A circula\u00e7\u00e3o na linha foi restabelecida.","og_url":"https:\/\/portaltela.pt\/noticias\/2026\/03\/30\/homem-percorreu-dois-quilometros-da-linha-do-metro-do-porto-de-carro\/","og_site_name":"Portal Tela Portugal","article_published_time":"2026-03-30T17:32:27+00:00","author":"Telinha","twitter_card":"summary_large_image","twitter_misc":{"Escrito por":"Telinha","Tempo estimado de leitura":"1 minuto"},"schema":{"@context":"https:\/\/schema.org","@graph":[{"@type":"Article","@id":"https:\/\/portaltela.pt\/noticias\/2026\/03\/30\/homem-percorreu-dois-quilometros-da-linha-do-metro-do-porto-de-carro\/#article","isPartOf":{"@id":"https:\/\/portaltela.pt\/noticias\/2026\/03\/30\/homem-percorreu-dois-quilometros-da-linha-do-metro-do-porto-de-carro\/"},"author":{"name":"Telinha","@id":"https:\/\/portaltela.pt\/#\/schema\/person\/c4278d4a6028830caff9ee44b42d32ed"},"headline":"Homem percorreu dois quil\u00f3metros da linha do Metro do Porto de carro","datePublished":"2026-03-30T17:32:27+00:00","mainEntityOfPage":{"@id":"https:\/\/portaltela.pt\/noticias\/2026\/03\/30\/homem-percorreu-dois-quilometros-da-linha-do-metro-do-porto-de-carro\/"},"wordCount":199,"image":{"@id":"https:\/\/portaltela.pt\/noticias\/2026\/03\/30\/homem-percorreu-dois-quilometros-da-linha-do-metro-do-porto-de-carro\/#primaryimage"},"thumbnailUrl":"https:\/\/portaltela.pt\/s.01k8rhncp4jt1\/2026\/03\/img_1500x1000uu2024-09-20-16-54-44-1752133.jpg","keywords":["acidente","Matosinhos","mobilidade urbana","Porto","Ramalde","transporte"],"articleSection":["Pol\u00edcia","Seguran\u00e7a"],"inLanguage":"pt-PT"},{"@type":"WebPage","@id":"https:\/\/portaltela.pt\/noticias\/2026\/03\/30\/homem-percorreu-dois-quilometros-da-linha-do-metro-do-porto-de-carro\/","url":"https:\/\/portaltela.pt\/noticias\/2026\/03\/30\/homem-percorreu-dois-quilometros-da-linha-do-metro-do-porto-de-carro\/","name":"Homem percorreu dois quil\u00f3metros da linha do Metro do Porto de carro - Portal Tela Portugal","isPartOf":{"@id":"https:\/\/portaltela.pt\/#website"},"primaryImageOfPage":{"@id":"https:\/\/portaltela.pt\/noticias\/2026\/03\/30\/homem-percorreu-dois-quilometros-da-linha-do-metro-do-porto-de-carro\/#primaryimage"},"image":{"@id":"https:\/\/portaltela.pt\/noticias\/2026\/03\/30\/homem-percorreu-dois-quilometros-da-linha-do-metro-do-porto-de-carro\/#primaryimage"},"thumbnailUrl":"https:\/\/portaltela.pt\/s.01k8rhncp4jt1\/2026\/03\/img_1500x1000uu2024-09-20-16-54-44-1752133.jpg","datePublished":"2026-03-30T17:32:27+00:00","author":{"@id":"https:\/\/portaltela.pt\/#\/schema\/person\/c4278d4a6028830caff9ee44b42d32ed"},"breadcrumb":{"@id":"https:\/\/portaltela.pt\/noticias\/2026\/03\/30\/homem-percorreu-dois-quilometros-da-linha-do-metro-do-porto-de-carro\/#breadcrumb"},"inLanguage":"pt-PT","potentialAction":[{"@type":"ReadAction","target":["https:\/\/portaltela.pt\/noticias\/2026\/03\/30\/homem-percorreu-dois-quilometros-da-linha-do-metro-do-porto-de-carro\/"]}]},{"@type":"ImageObject","inLanguage":"pt-PT","@id":"https:\/\/portaltela.pt\/noticias\/2026\/03\/30\/homem-percorreu-dois-quilometros-da-linha-do-metro-do-porto-de-carro\/#primaryimage","url":"https:\/\/portaltela.pt\/s.01k8rhncp4jt1\/2026\/03\/img_1500x1000uu2024-09-20-16-54-44-1752133.jpg","contentUrl":"https:\/\/portaltela.pt\/s.01k8rhncp4jt1\/2026\/03\/img_1500x1000uu2024-09-20-16-54-44-1752133.jpg","width":796,"height":448,"caption":"Metro do Porto"},{"@type":"BreadcrumbList","@id":"https:\/\/portaltela.pt\/noticias\/2026\/03\/30\/homem-percorreu-dois-quilometros-da-linha-do-metro-do-porto-de-carro\/#breadcrumb","itemListElement":[{"@type":"ListItem","position":1,"name":"In\u00edcio","item":"https:\/\/portaltela.pt\/"},{"@type":"ListItem","position":2,"name":"Homem percorreu dois quil\u00f3metros da linha do Metro do Porto de carro"}]},{"@type":"WebSite","@id":"https:\/\/portaltela.pt\/#website","url":"https:\/\/portaltela.pt\/","name":"Portal Tela Portugal","description":"","potentialAction":[{"@type":"SearchAction","target":{"@type":"EntryPoint","urlTemplate":"https:\/\/portaltela.pt\/?s={search_term_string}"},"query-input":{"@type":"PropertyValueSpecification","valueRequired":true,"valueName":"search_term_string"}}],"inLanguage":"pt-PT"},{"@type":"Person","@id":"https:\/\/portaltela.pt\/#\/schema\/person\/c4278d4a6028830caff9ee44b42d32ed","name":"Telinha","image":{"@type":"ImageObject","inLanguage":"pt-PT","@id":"https:\/\/portaltela.pt\/s.01k8rhncp4jt1\/2025\/11\/talking-bot-125x125.png","url":"https:\/\/portaltela.pt\/s.01k8rhncp4jt1\/2025\/11\/talking-bot-125x125.png","contentUrl":"https:\/\/portaltela.pt\/s.01k8rhncp4jt1\/2025\/11\/talking-bot-125x125.png","caption":"Telinha"},"sameAs":["https:\/\/portaltela.pt\/"],"url":"https:\/\/portaltela.pt\/por\/367410592786\/"}]}},"_links":{"self":[{"href":"https:\/\/portaltela.pt\/api\/wp\/v2\/posts\/427290","targetHints":{"allow":["GET"]}}],"collection":[{"href":"https:\/\/portaltela.pt\/api\/wp\/v2\/posts"}],"about":[{"href":"https:\/\/portaltela.pt\/api\/wp\/v2\/types\/post"}],"author":[{"embeddable":true,"href":"https:\/\/portaltela.pt\/api\/wp\/v2\/users\/2"}],"replies":[{"embeddable":true,"href":"https:\/\/portaltela.pt\/api\/wp\/v2\/comments?post=427290"}],"version-history":[{"count":0,"href":"https:\/\/portaltela.pt\/api\/wp\/v2\/posts\/427290\/revisions"}],"wp:featuredmedia":[{"embeddable":true,"href":"https:\/\/portaltela.pt\/api\/wp\/v2\/media\/427296"}],"wp:attachment":[{"href":"https:\/\/portaltela.pt\/api\/wp\/v2\/media?parent=427290"}],"wp:term":[{"taxonomy":"category","embeddable":true,"href":"https:\/\/portaltela.pt\/api\/wp\/v2\/categories?post=427290"},{"taxonomy":"post_tag","embeddable":true,"href":"https:\/\/portaltela.pt\/api\/wp\/v2\/tags?post=427290"}],"curies":[{"name":"wp","href":"https:\/\/api.w.org\/{rel}","templated":true}]}}