{"id":427289,"date":"2026-03-30T14:32:27","date_gmt":"2026-03-30T17:32:27","guid":{"rendered":"https:\/\/portaltela.pt\/noticias\/2026\/03\/30\/adolescente-de-15-anos-mata-colega-e-fere-oito-numa-escola-na-argentina\/"},"modified":"2026-03-30T14:32:27","modified_gmt":"2026-03-30T17:32:27","slug":"adolescente-de-15-anos-mata-colega-e-fere-oito-numa-escola-na-argentina","status":"publish","type":"post","link":"https:\/\/portaltela.pt\/justica\/2026\/03\/30\/adolescente-de-15-anos-mata-colega-e-fere-oito-numa-escola-na-argentina\/","title":{"rendered":"Adolescente de 15 anos mata colega e fere oito numa escola na Argentina"},"content":{"rendered":"<p>Na escola Mariano Moreno, em San Crist\u00f3bal, na prov\u00edncia de Santa F\u00e9, Argentina, um tiroteio deixou um estudante de 13 anos morto e pelo menos oito feridos. O ataque foi realizado por um aluno de 15 anos, que foi detido pela pol\u00edcia local.<\/p>\n<p>Seis alunos receberam ferimentos superficiais durante a evacua\u00e7\u00e3o e n\u00e3o correm risco de vida, segundo o governo da prov\u00edncia. Outros dois alunos, entre eles um em estado grave, foram encaminhados ao hospital regional de Rafaela.<\/p>\n<p>A cerim\u00f4nia di\u00e1ria de hasteamento da bandeira, prevista para antes das aulas, tinha acabado de come\u00e7ar quando o agressor abriu fogo. A arma utilizada \u00e9, segundo a autoridade municipal, provavelmente uma espingarda de ca\u00e7a. As aulas foram suspensas e os estudantes foram enviados para casa.<\/p>\n<p>As identidades do agressor e das v\u00edtimas n\u00e3o foram divulgadas pelas autoridades. A investiga\u00e7\u00e3o segue para apurar as circunst\u00e2ncias e motiva\u00e7\u00e3o do tiroteio.<\/p>\n","protected":false},"excerpt":{"rendered":"<ul>\n<li>Na escola Mariano Moreno, em San Crist\u00f3bal, Santa F\u00e9, ocorreu um tiroteio provocado por um adolescente de 15 anos; um jovem de 13 anos morreu e pelo menos oito ficaram feridos.<\/li>\n<li>O atirador foi detido pelas autoridades; as identidades das v\u00edtimas e do agressor n\u00e3o foram divulgadas.<\/li>\n<li>Seis alunos receberam ferimentos superficiais e foram hospitalizados, sem risco de vida; outros dois alunos foram para o hospital regional de Rafaela, um em estado grave, mas est\u00e1vel.<\/li>\n<li>O incidente aconteceu durante os preparativos para a cerim\u00f3nia de hasteamento da bandeira, antes do in\u00edcio das aulas.<\/li>\n<li>A arma utilizada \u00e9, segundo a autoridades, provavelmente uma espingarda de ca\u00e7a; as aulas foram suspensas e os alunos enviados para casa.<\/li>\n<\/ul>\n","protected":false},"author":2,"featured_media":427299,"comment_status":"closed","ping_status":"closed","sticky":false,"template":"","format":"standard","meta":{"footnotes":""},"categories":[6907,6815],"tags":[1001,2732,147,101,6056,939],"class_list":["post-427289","post","type-post","status-publish","format-standard","has-post-thumbnail","hentry","category-crime","category-justica","tag-adolescencia","tag-argentina","tag-crime","tag-escolas","tag-menores","tag-violencia"],"yoast_head":"<!-- This site is optimized with the Yoast SEO plugin v27.2 - https:\/\/yoast.com\/product\/yoast-seo-wordpress\/ -->\n<title>Adolescente de 15 anos mata colega e fere oito numa escola na Argentina - Portal Tela Portugal<\/title>\n<meta name=\"robots\" content=\"index, follow, max-snippet:-1, max-image-preview:large, max-video-preview:-1\" \/>\n<meta property=\"og:locale\" content=\"pt_PT\" \/>\n<meta property=\"og:type\" content=\"article\" \/>\n<meta property=\"og:title\" content=\"Adolescente de 15 anos mata colega e fere oito numa escola na Argentina - Portal Tela Portugal\" \/>\n<meta property=\"og:description\" content=\"Na escola Mariano Moreno, em San Crist\u00f3bal, Santa F\u00e9, ocorreu um tiroteio provocado por um adolescente de 15 anos; um jovem de 13 anos morreu e pelo menos oito ficaram feridos. O atirador foi detido pelas autoridades; as identidades das v\u00edtimas e do agressor n\u00e3o foram divulgadas. Seis alunos receberam ferimentos superficiais e foram hospitalizados, sem risco de vida; outros dois alunos foram para o hospital regional de Rafaela, um em estado grave, mas est\u00e1vel. O incidente aconteceu durante os preparativos para a cerim\u00f3nia de hasteamento da bandeira, antes do in\u00edcio das aulas. A arma utilizada \u00e9, segundo a autoridades, provavelmente uma espingarda de ca\u00e7a; as aulas foram suspensas e os alunos enviados para casa.\" \/>\n<meta property=\"og:url\" content=\"https:\/\/portaltela.pt\/noticias\/2026\/03\/30\/adolescente-de-15-anos-mata-colega-e-fere-oito-numa-escola-na-argentina\/\" \/>\n<meta property=\"og:site_name\" content=\"Portal Tela Portugal\" \/>\n<meta property=\"article:published_time\" content=\"2026-03-30T17:32:27+00:00\" \/>\n<meta name=\"author\" content=\"Telinha\" \/>\n<meta name=\"twitter:card\" content=\"summary_large_image\" \/>\n<meta name=\"twitter:label1\" content=\"Escrito por\" \/>\n\t<meta name=\"twitter:data1\" content=\"Telinha\" \/>\n\t<meta name=\"twitter:label2\" content=\"Tempo estimado de leitura\" \/>\n\t<meta name=\"twitter:data2\" content=\"1 minuto\" \/>\n<script type=\"application\/ld+json\" class=\"yoast-schema-graph\">{\"@context\":\"https:\/\/schema.org\",\"@graph\":[{\"@type\":\"Article\",\"@id\":\"https:\/\/portaltela.pt\/noticias\/2026\/03\/30\/adolescente-de-15-anos-mata-colega-e-fere-oito-numa-escola-na-argentina\/#article\",\"isPartOf\":{\"@id\":\"https:\/\/portaltela.pt\/noticias\/2026\/03\/30\/adolescente-de-15-anos-mata-colega-e-fere-oito-numa-escola-na-argentina\/\"},\"author\":{\"name\":\"Telinha\",\"@id\":\"https:\/\/portaltela.pt\/#\/schema\/person\/c4278d4a6028830caff9ee44b42d32ed\"},\"headline\":\"Adolescente de 15 anos mata colega e fere oito numa escola na Argentina\",\"datePublished\":\"2026-03-30T17:32:27+00:00\",\"mainEntityOfPage\":{\"@id\":\"https:\/\/portaltela.pt\/noticias\/2026\/03\/30\/adolescente-de-15-anos-mata-colega-e-fere-oito-numa-escola-na-argentina\/\"},\"wordCount\":170,\"image\":{\"@id\":\"https:\/\/portaltela.pt\/noticias\/2026\/03\/30\/adolescente-de-15-anos-mata-colega-e-fere-oito-numa-escola-na-argentina\/#primaryimage\"},\"thumbnailUrl\":\"https:\/\/portaltela.pt\/s.01k8rhncp4jt1\/2026\/03\/image-1828.jpg\",\"keywords\":[\"Adolesc\u00eancia\",\"Argentina\",\"crime\",\"escolas\",\"menores\",\"viol\u00eancia\"],\"articleSection\":[\"Crime\",\"Justi\u00e7a\"],\"inLanguage\":\"pt-PT\"},{\"@type\":\"WebPage\",\"@id\":\"https:\/\/portaltela.pt\/noticias\/2026\/03\/30\/adolescente-de-15-anos-mata-colega-e-fere-oito-numa-escola-na-argentina\/\",\"url\":\"https:\/\/portaltela.pt\/noticias\/2026\/03\/30\/adolescente-de-15-anos-mata-colega-e-fere-oito-numa-escola-na-argentina\/\",\"name\":\"Adolescente de 15 anos mata colega e fere oito numa escola na Argentina - Portal Tela Portugal\",\"isPartOf\":{\"@id\":\"https:\/\/portaltela.pt\/#website\"},\"primaryImageOfPage\":{\"@id\":\"https:\/\/portaltela.pt\/noticias\/2026\/03\/30\/adolescente-de-15-anos-mata-colega-e-fere-oito-numa-escola-na-argentina\/#primaryimage\"},\"image\":{\"@id\":\"https:\/\/portaltela.pt\/noticias\/2026\/03\/30\/adolescente-de-15-anos-mata-colega-e-fere-oito-numa-escola-na-argentina\/#primaryimage\"},\"thumbnailUrl\":\"https:\/\/portaltela.pt\/s.01k8rhncp4jt1\/2026\/03\/image-1828.jpg\",\"datePublished\":\"2026-03-30T17:32:27+00:00\",\"author\":{\"@id\":\"https:\/\/portaltela.pt\/#\/schema\/person\/c4278d4a6028830caff9ee44b42d32ed\"},\"breadcrumb\":{\"@id\":\"https:\/\/portaltela.pt\/noticias\/2026\/03\/30\/adolescente-de-15-anos-mata-colega-e-fere-oito-numa-escola-na-argentina\/#breadcrumb\"},\"inLanguage\":\"pt-PT\",\"potentialAction\":[{\"@type\":\"ReadAction\",\"target\":[\"https:\/\/portaltela.pt\/noticias\/2026\/03\/30\/adolescente-de-15-anos-mata-colega-e-fere-oito-numa-escola-na-argentina\/\"]}]},{\"@type\":\"ImageObject\",\"inLanguage\":\"pt-PT\",\"@id\":\"https:\/\/portaltela.pt\/noticias\/2026\/03\/30\/adolescente-de-15-anos-mata-colega-e-fere-oito-numa-escola-na-argentina\/#primaryimage\",\"url\":\"https:\/\/portaltela.pt\/s.01k8rhncp4jt1\/2026\/03\/image-1828.jpg\",\"contentUrl\":\"https:\/\/portaltela.pt\/s.01k8rhncp4jt1\/2026\/03\/image-1828.jpg\",\"width\":796,\"height\":448,\"caption\":\"Foto: X\"},{\"@type\":\"BreadcrumbList\",\"@id\":\"https:\/\/portaltela.pt\/noticias\/2026\/03\/30\/adolescente-de-15-anos-mata-colega-e-fere-oito-numa-escola-na-argentina\/#breadcrumb\",\"itemListElement\":[{\"@type\":\"ListItem\",\"position\":1,\"name\":\"In\u00edcio\",\"item\":\"https:\/\/portaltela.pt\/\"},{\"@type\":\"ListItem\",\"position\":2,\"name\":\"Adolescente de 15 anos mata colega e fere oito numa escola na Argentina\"}]},{\"@type\":\"WebSite\",\"@id\":\"https:\/\/portaltela.pt\/#website\",\"url\":\"https:\/\/portaltela.pt\/\",\"name\":\"Portal Tela Portugal\",\"description\":\"\",\"potentialAction\":[{\"@type\":\"SearchAction\",\"target\":{\"@type\":\"EntryPoint\",\"urlTemplate\":\"https:\/\/portaltela.pt\/?s={search_term_string}\"},\"query-input\":{\"@type\":\"PropertyValueSpecification\",\"valueRequired\":true,\"valueName\":\"search_term_string\"}}],\"inLanguage\":\"pt-PT\"},{\"@type\":\"Person\",\"@id\":\"https:\/\/portaltela.pt\/#\/schema\/person\/c4278d4a6028830caff9ee44b42d32ed\",\"name\":\"Telinha\",\"image\":{\"@type\":\"ImageObject\",\"inLanguage\":\"pt-PT\",\"@id\":\"https:\/\/portaltela.pt\/s.01k8rhncp4jt1\/2025\/11\/talking-bot-125x125.png\",\"url\":\"https:\/\/portaltela.pt\/s.01k8rhncp4jt1\/2025\/11\/talking-bot-125x125.png\",\"contentUrl\":\"https:\/\/portaltela.pt\/s.01k8rhncp4jt1\/2025\/11\/talking-bot-125x125.png\",\"caption\":\"Telinha\"},\"sameAs\":[\"https:\/\/portaltela.pt\/\"],\"url\":\"https:\/\/portaltela.pt\/por\/367410592786\/\"}]}<\/script>\n<!-- \/ Yoast SEO plugin. -->","yoast_head_json":{"title":"Adolescente de 15 anos mata colega e fere oito numa escola na Argentina - Portal Tela Portugal","robots":{"index":"index","follow":"follow","max-snippet":"max-snippet:-1","max-image-preview":"max-image-preview:large","max-video-preview":"max-video-preview:-1"},"og_locale":"pt_PT","og_type":"article","og_title":"Adolescente de 15 anos mata colega e fere oito numa escola na Argentina - Portal Tela Portugal","og_description":"Na escola Mariano Moreno, em San Crist\u00f3bal, Santa F\u00e9, ocorreu um tiroteio provocado por um adolescente de 15 anos; um jovem de 13 anos morreu e pelo menos oito ficaram feridos. O atirador foi detido pelas autoridades; as identidades das v\u00edtimas e do agressor n\u00e3o foram divulgadas. Seis alunos receberam ferimentos superficiais e foram hospitalizados, sem risco de vida; outros dois alunos foram para o hospital regional de Rafaela, um em estado grave, mas est\u00e1vel. O incidente aconteceu durante os preparativos para a cerim\u00f3nia de hasteamento da bandeira, antes do in\u00edcio das aulas. A arma utilizada \u00e9, segundo a autoridades, provavelmente uma espingarda de ca\u00e7a; as aulas foram suspensas e os alunos enviados para casa.","og_url":"https:\/\/portaltela.pt\/noticias\/2026\/03\/30\/adolescente-de-15-anos-mata-colega-e-fere-oito-numa-escola-na-argentina\/","og_site_name":"Portal Tela Portugal","article_published_time":"2026-03-30T17:32:27+00:00","author":"Telinha","twitter_card":"summary_large_image","twitter_misc":{"Escrito por":"Telinha","Tempo estimado de leitura":"1 minuto"},"schema":{"@context":"https:\/\/schema.org","@graph":[{"@type":"Article","@id":"https:\/\/portaltela.pt\/noticias\/2026\/03\/30\/adolescente-de-15-anos-mata-colega-e-fere-oito-numa-escola-na-argentina\/#article","isPartOf":{"@id":"https:\/\/portaltela.pt\/noticias\/2026\/03\/30\/adolescente-de-15-anos-mata-colega-e-fere-oito-numa-escola-na-argentina\/"},"author":{"name":"Telinha","@id":"https:\/\/portaltela.pt\/#\/schema\/person\/c4278d4a6028830caff9ee44b42d32ed"},"headline":"Adolescente de 15 anos mata colega e fere oito numa escola na Argentina","datePublished":"2026-03-30T17:32:27+00:00","mainEntityOfPage":{"@id":"https:\/\/portaltela.pt\/noticias\/2026\/03\/30\/adolescente-de-15-anos-mata-colega-e-fere-oito-numa-escola-na-argentina\/"},"wordCount":170,"image":{"@id":"https:\/\/portaltela.pt\/noticias\/2026\/03\/30\/adolescente-de-15-anos-mata-colega-e-fere-oito-numa-escola-na-argentina\/#primaryimage"},"thumbnailUrl":"https:\/\/portaltela.pt\/s.01k8rhncp4jt1\/2026\/03\/image-1828.jpg","keywords":["Adolesc\u00eancia","Argentina","crime","escolas","menores","viol\u00eancia"],"articleSection":["Crime","Justi\u00e7a"],"inLanguage":"pt-PT"},{"@type":"WebPage","@id":"https:\/\/portaltela.pt\/noticias\/2026\/03\/30\/adolescente-de-15-anos-mata-colega-e-fere-oito-numa-escola-na-argentina\/","url":"https:\/\/portaltela.pt\/noticias\/2026\/03\/30\/adolescente-de-15-anos-mata-colega-e-fere-oito-numa-escola-na-argentina\/","name":"Adolescente de 15 anos mata colega e fere oito numa escola na Argentina - Portal Tela Portugal","isPartOf":{"@id":"https:\/\/portaltela.pt\/#website"},"primaryImageOfPage":{"@id":"https:\/\/portaltela.pt\/noticias\/2026\/03\/30\/adolescente-de-15-anos-mata-colega-e-fere-oito-numa-escola-na-argentina\/#primaryimage"},"image":{"@id":"https:\/\/portaltela.pt\/noticias\/2026\/03\/30\/adolescente-de-15-anos-mata-colega-e-fere-oito-numa-escola-na-argentina\/#primaryimage"},"thumbnailUrl":"https:\/\/portaltela.pt\/s.01k8rhncp4jt1\/2026\/03\/image-1828.jpg","datePublished":"2026-03-30T17:32:27+00:00","author":{"@id":"https:\/\/portaltela.pt\/#\/schema\/person\/c4278d4a6028830caff9ee44b42d32ed"},"breadcrumb":{"@id":"https:\/\/portaltela.pt\/noticias\/2026\/03\/30\/adolescente-de-15-anos-mata-colega-e-fere-oito-numa-escola-na-argentina\/#breadcrumb"},"inLanguage":"pt-PT","potentialAction":[{"@type":"ReadAction","target":["https:\/\/portaltela.pt\/noticias\/2026\/03\/30\/adolescente-de-15-anos-mata-colega-e-fere-oito-numa-escola-na-argentina\/"]}]},{"@type":"ImageObject","inLanguage":"pt-PT","@id":"https:\/\/portaltela.pt\/noticias\/2026\/03\/30\/adolescente-de-15-anos-mata-colega-e-fere-oito-numa-escola-na-argentina\/#primaryimage","url":"https:\/\/portaltela.pt\/s.01k8rhncp4jt1\/2026\/03\/image-1828.jpg","contentUrl":"https:\/\/portaltela.pt\/s.01k8rhncp4jt1\/2026\/03\/image-1828.jpg","width":796,"height":448,"caption":"Foto: X"},{"@type":"BreadcrumbList","@id":"https:\/\/portaltela.pt\/noticias\/2026\/03\/30\/adolescente-de-15-anos-mata-colega-e-fere-oito-numa-escola-na-argentina\/#breadcrumb","itemListElement":[{"@type":"ListItem","position":1,"name":"In\u00edcio","item":"https:\/\/portaltela.pt\/"},{"@type":"ListItem","position":2,"name":"Adolescente de 15 anos mata colega e fere oito numa escola na Argentina"}]},{"@type":"WebSite","@id":"https:\/\/portaltela.pt\/#website","url":"https:\/\/portaltela.pt\/","name":"Portal Tela Portugal","description":"","potentialAction":[{"@type":"SearchAction","target":{"@type":"EntryPoint","urlTemplate":"https:\/\/portaltela.pt\/?s={search_term_string}"},"query-input":{"@type":"PropertyValueSpecification","valueRequired":true,"valueName":"search_term_string"}}],"inLanguage":"pt-PT"},{"@type":"Person","@id":"https:\/\/portaltela.pt\/#\/schema\/person\/c4278d4a6028830caff9ee44b42d32ed","name":"Telinha","image":{"@type":"ImageObject","inLanguage":"pt-PT","@id":"https:\/\/portaltela.pt\/s.01k8rhncp4jt1\/2025\/11\/talking-bot-125x125.png","url":"https:\/\/portaltela.pt\/s.01k8rhncp4jt1\/2025\/11\/talking-bot-125x125.png","contentUrl":"https:\/\/portaltela.pt\/s.01k8rhncp4jt1\/2025\/11\/talking-bot-125x125.png","caption":"Telinha"},"sameAs":["https:\/\/portaltela.pt\/"],"url":"https:\/\/portaltela.pt\/por\/367410592786\/"}]}},"_links":{"self":[{"href":"https:\/\/portaltela.pt\/api\/wp\/v2\/posts\/427289","targetHints":{"allow":["GET"]}}],"collection":[{"href":"https:\/\/portaltela.pt\/api\/wp\/v2\/posts"}],"about":[{"href":"https:\/\/portaltela.pt\/api\/wp\/v2\/types\/post"}],"author":[{"embeddable":true,"href":"https:\/\/portaltela.pt\/api\/wp\/v2\/users\/2"}],"replies":[{"embeddable":true,"href":"https:\/\/portaltela.pt\/api\/wp\/v2\/comments?post=427289"}],"version-history":[{"count":0,"href":"https:\/\/portaltela.pt\/api\/wp\/v2\/posts\/427289\/revisions"}],"wp:featuredmedia":[{"embeddable":true,"href":"https:\/\/portaltela.pt\/api\/wp\/v2\/media\/427299"}],"wp:attachment":[{"href":"https:\/\/portaltela.pt\/api\/wp\/v2\/media?parent=427289"}],"wp:term":[{"taxonomy":"category","embeddable":true,"href":"https:\/\/portaltela.pt\/api\/wp\/v2\/categories?post=427289"},{"taxonomy":"post_tag","embeddable":true,"href":"https:\/\/portaltela.pt\/api\/wp\/v2\/tags?post=427289"}],"curies":[{"name":"wp","href":"https:\/\/api.w.org\/{rel}","templated":true}]}}