{"id":427278,"date":"2026-03-30T14:17:48","date_gmt":"2026-03-30T17:17:48","guid":{"rendered":"https:\/\/portaltela.pt\/noticias\/2026\/03\/30\/saviola-e-gaitan-comentam-o-caso-prestianni-nao-apoiam-provocacoes\/"},"modified":"2026-03-30T14:17:48","modified_gmt":"2026-03-30T17:17:48","slug":"saviola-e-gaitan-comentam-o-caso-prestianni-nao-apoiam-provocacoes","status":"publish","type":"post","link":"https:\/\/portaltela.pt\/desporto\/futebol\/2026\/03\/30\/saviola-e-gaitan-comentam-o-caso-prestianni-nao-apoiam-provocacoes\/","title":{"rendered":"Saviola e Gait\u00e1n comentam o caso Prestianni: n\u00e3o apoiam provoca\u00e7\u00f5es"},"content":{"rendered":"<p>Nico Gait\u00e1n e Javier Saviola estiveram presentes no encontro de velhas gl\u00f3rias entre Borussia Dortmund e Benfica, disputado na quarta-feira. O jogo terminou 1-1, envolvendo ex-jogadores de ambos os clubes, em ambiente de forma amistosa. O foco recaiu tamb\u00e9m sobre o caso envolvendo Gianluca Prestianni, objeto de investiga\u00e7\u00e3o pela UEFA por alegado insulto racista a Vini Jr durante o playoff da Champions.<\/p>\n<p>Antes do encontro, Saviola afirmou que n\u00e3o apoia provoca\u00e7\u00f5es nem exageros dentro do campo, embora tamb\u00e9m rejeite excessos no recinto de jogo. A mensagem foi repetida por Gait\u00e1n, que lembrou que s\u00f3 quem esteve na partida sabe o que aconteceu e que \u00e9 f\u00e1cil ficar confuso para quem n\u00e3o presenciou.<\/p>\n<p>Os dois ex-jogadores pediram responsabilidade aos atuais atletas, sobretudo quando as emo\u00e7\u00f5es est\u00e3o \u00e0 flor da pele, para que o exemplo venha dentro de campo. Saviola lamentou que o epis\u00f3dio tenha ofuscado o duelo, apesar da intensidade em campo, e reiterou a defesa do futebol acima de quaisquer incidentes.<\/p>\n<h3>Rea\u00e7\u00e3o e apelos \u00e0 sul\u00edcita de conduta<\/h3>\n<p>Gait\u00e1n acrescentou que \u00e9 essencial que os jogadores demonstrem comportamento exemplar em todas as fases do jogo, especialmente durante momentos de press\u00e3o. Saviola encerrou, enfatizando que o futebol deve ser o foco e que epis\u00f3dios negativos n\u00e3o devem dominar a narrativa.<\/p>\n<p>A discuss\u00e3o em torno do caso Prestianni continua a ser acompanhada pela UEFA, com a investiga\u00e7\u00e3o em curso sobre as alega\u00e7\u00f5es de insulto racista. O encontro entre Dortmund e Benfica, entretanto, fica marcado pela reuni\u00e3o de lendas e pelo tom de responsabilidade no mundo do futebol.<\/p>\n","protected":false},"excerpt":{"rendered":"<ul>\n<li>Nico Gait\u00e1n e Javier Saviola, presentes num encontro de antigos jogadores entre Dortmund e Benfica, comentaram \u00e0 Marca o caso de Gianluca Prestianni, investigado pela UEFA por alegado insulto racista a Vini Jr. durante a primeira m\u00e3o do playoff da Champions.<\/li>\n<li>O jogo de velhas gl\u00f3rias entre Dortmund e Benfica terminou 1-1.<\/li>\n<li>Saviola disse que n\u00e3o apoiam insultos, mas tamb\u00e9m n\u00e3o suportam provoca\u00e7\u00f5es ou exageros dentro de campo.<\/li>\n<li>Gait\u00e1n afirmou que s\u00f3 os envolvidos sabem o que aconteceu e que a pol\u00e9mica pode induzir mal-entendidos nos adeptos.<\/li>\n<li>Ambos defenderam que, dentro de campo, os jogadores devem dar o exemplo e manter o futebol como prioridade.<\/li>\n<\/ul>\n","protected":false},"author":2,"featured_media":427280,"comment_status":"closed","ping_status":"closed","sticky":false,"template":"","format":"standard","meta":{"footnotes":""},"categories":[21,24],"tags":[1946,4811,32,3817,6032,79],"class_list":["post-427278","post","type-post","status-publish","format-standard","has-post-thumbnail","hentry","category-desporto","category-futebol","tag-benfica","tag-borussia-dortmund","tag-futebol","tag-prestianni","tag-racismo","tag-uefa-champions-league"],"yoast_head":"<!-- This site is optimized with the Yoast SEO plugin v27.2 - https:\/\/yoast.com\/product\/yoast-seo-wordpress\/ -->\n<title>Saviola e Gait\u00e1n comentam o caso Prestianni: n\u00e3o apoiam provoca\u00e7\u00f5es - Portal Tela Portugal<\/title>\n<meta name=\"robots\" content=\"index, follow, max-snippet:-1, max-image-preview:large, max-video-preview:-1\" \/>\n<meta property=\"og:locale\" content=\"pt_PT\" \/>\n<meta property=\"og:type\" content=\"article\" \/>\n<meta property=\"og:title\" content=\"Saviola e Gait\u00e1n comentam o caso Prestianni: n\u00e3o apoiam provoca\u00e7\u00f5es - Portal Tela Portugal\" \/>\n<meta property=\"og:description\" content=\"Nico Gait\u00e1n e Javier Saviola, presentes num encontro de antigos jogadores entre Dortmund e Benfica, comentaram \u00e0 Marca o caso de Gianluca Prestianni, investigado pela UEFA por alegado insulto racista a Vini Jr. durante a primeira m\u00e3o do playoff da Champions. O jogo de velhas gl\u00f3rias entre Dortmund e Benfica terminou 1-1. Saviola disse que n\u00e3o apoiam insultos, mas tamb\u00e9m n\u00e3o suportam provoca\u00e7\u00f5es ou exageros dentro de campo. Gait\u00e1n afirmou que s\u00f3 os envolvidos sabem o que aconteceu e que a pol\u00e9mica pode induzir mal-entendidos nos adeptos. Ambos defenderam que, dentro de campo, os jogadores devem dar o exemplo e manter o futebol como prioridade.\" \/>\n<meta property=\"og:url\" content=\"https:\/\/portaltela.pt\/noticias\/2026\/03\/30\/saviola-e-gaitan-comentam-o-caso-prestianni-nao-apoiam-provocacoes\/\" \/>\n<meta property=\"og:site_name\" content=\"Portal Tela Portugal\" \/>\n<meta property=\"article:published_time\" content=\"2026-03-30T17:17:48+00:00\" \/>\n<meta name=\"author\" content=\"Telinha\" \/>\n<meta name=\"twitter:card\" content=\"summary_large_image\" \/>\n<meta name=\"twitter:label1\" content=\"Escrito por\" \/>\n\t<meta name=\"twitter:data1\" content=\"Telinha\" \/>\n\t<meta name=\"twitter:label2\" content=\"Tempo estimado de leitura\" \/>\n\t<meta name=\"twitter:data2\" content=\"1 minuto\" \/>\n<script type=\"application\/ld+json\" class=\"yoast-schema-graph\">{\"@context\":\"https:\/\/schema.org\",\"@graph\":[{\"@type\":\"Article\",\"@id\":\"https:\/\/portaltela.pt\/noticias\/2026\/03\/30\/saviola-e-gaitan-comentam-o-caso-prestianni-nao-apoiam-provocacoes\/#article\",\"isPartOf\":{\"@id\":\"https:\/\/portaltela.pt\/noticias\/2026\/03\/30\/saviola-e-gaitan-comentam-o-caso-prestianni-nao-apoiam-provocacoes\/\"},\"author\":{\"name\":\"Telinha\",\"@id\":\"https:\/\/portaltela.pt\/#\/schema\/person\/c4278d4a6028830caff9ee44b42d32ed\"},\"headline\":\"Saviola e Gait\u00e1n comentam o caso Prestianni: n\u00e3o apoiam provoca\u00e7\u00f5es\",\"datePublished\":\"2026-03-30T17:17:48+00:00\",\"mainEntityOfPage\":{\"@id\":\"https:\/\/portaltela.pt\/noticias\/2026\/03\/30\/saviola-e-gaitan-comentam-o-caso-prestianni-nao-apoiam-provocacoes\/\"},\"wordCount\":287,\"image\":{\"@id\":\"https:\/\/portaltela.pt\/noticias\/2026\/03\/30\/saviola-e-gaitan-comentam-o-caso-prestianni-nao-apoiam-provocacoes\/#primaryimage\"},\"thumbnailUrl\":\"https:\/\/portaltela.pt\/s.01k8rhncp4jt1\/2026\/03\/img_920x518uu2026-02-18-16-45-29-2422361-im-639070299443227980.jpg\",\"keywords\":[\"Benfica\",\"Borussia Dortmund\",\"futebol\",\"Prestianni\",\"racismo\",\"uefa champions league\"],\"articleSection\":[\"Desporto\",\"Futebol\"],\"inLanguage\":\"pt-PT\"},{\"@type\":\"WebPage\",\"@id\":\"https:\/\/portaltela.pt\/noticias\/2026\/03\/30\/saviola-e-gaitan-comentam-o-caso-prestianni-nao-apoiam-provocacoes\/\",\"url\":\"https:\/\/portaltela.pt\/noticias\/2026\/03\/30\/saviola-e-gaitan-comentam-o-caso-prestianni-nao-apoiam-provocacoes\/\",\"name\":\"Saviola e Gait\u00e1n comentam o caso Prestianni: n\u00e3o apoiam provoca\u00e7\u00f5es - Portal Tela Portugal\",\"isPartOf\":{\"@id\":\"https:\/\/portaltela.pt\/#website\"},\"primaryImageOfPage\":{\"@id\":\"https:\/\/portaltela.pt\/noticias\/2026\/03\/30\/saviola-e-gaitan-comentam-o-caso-prestianni-nao-apoiam-provocacoes\/#primaryimage\"},\"image\":{\"@id\":\"https:\/\/portaltela.pt\/noticias\/2026\/03\/30\/saviola-e-gaitan-comentam-o-caso-prestianni-nao-apoiam-provocacoes\/#primaryimage\"},\"thumbnailUrl\":\"https:\/\/portaltela.pt\/s.01k8rhncp4jt1\/2026\/03\/img_920x518uu2026-02-18-16-45-29-2422361-im-639070299443227980.jpg\",\"datePublished\":\"2026-03-30T17:17:48+00:00\",\"author\":{\"@id\":\"https:\/\/portaltela.pt\/#\/schema\/person\/c4278d4a6028830caff9ee44b42d32ed\"},\"breadcrumb\":{\"@id\":\"https:\/\/portaltela.pt\/noticias\/2026\/03\/30\/saviola-e-gaitan-comentam-o-caso-prestianni-nao-apoiam-provocacoes\/#breadcrumb\"},\"inLanguage\":\"pt-PT\",\"potentialAction\":[{\"@type\":\"ReadAction\",\"target\":[\"https:\/\/portaltela.pt\/noticias\/2026\/03\/30\/saviola-e-gaitan-comentam-o-caso-prestianni-nao-apoiam-provocacoes\/\"]}]},{\"@type\":\"ImageObject\",\"inLanguage\":\"pt-PT\",\"@id\":\"https:\/\/portaltela.pt\/noticias\/2026\/03\/30\/saviola-e-gaitan-comentam-o-caso-prestianni-nao-apoiam-provocacoes\/#primaryimage\",\"url\":\"https:\/\/portaltela.pt\/s.01k8rhncp4jt1\/2026\/03\/img_920x518uu2026-02-18-16-45-29-2422361-im-639070299443227980.jpg\",\"contentUrl\":\"https:\/\/portaltela.pt\/s.01k8rhncp4jt1\/2026\/03\/img_920x518uu2026-02-18-16-45-29-2422361-im-639070299443227980.jpg\",\"width\":796,\"height\":448,\"caption\":\"Prestianni e Vini Jr. no jogo da Liga dos Campe\u00f5es no Est\u00e1dio da Luz\"},{\"@type\":\"BreadcrumbList\",\"@id\":\"https:\/\/portaltela.pt\/noticias\/2026\/03\/30\/saviola-e-gaitan-comentam-o-caso-prestianni-nao-apoiam-provocacoes\/#breadcrumb\",\"itemListElement\":[{\"@type\":\"ListItem\",\"position\":1,\"name\":\"In\u00edcio\",\"item\":\"https:\/\/portaltela.pt\/\"},{\"@type\":\"ListItem\",\"position\":2,\"name\":\"Saviola e Gait\u00e1n comentam o caso Prestianni: n\u00e3o apoiam provoca\u00e7\u00f5es\"}]},{\"@type\":\"WebSite\",\"@id\":\"https:\/\/portaltela.pt\/#website\",\"url\":\"https:\/\/portaltela.pt\/\",\"name\":\"Portal Tela Portugal\",\"description\":\"\",\"potentialAction\":[{\"@type\":\"SearchAction\",\"target\":{\"@type\":\"EntryPoint\",\"urlTemplate\":\"https:\/\/portaltela.pt\/?s={search_term_string}\"},\"query-input\":{\"@type\":\"PropertyValueSpecification\",\"valueRequired\":true,\"valueName\":\"search_term_string\"}}],\"inLanguage\":\"pt-PT\"},{\"@type\":\"Person\",\"@id\":\"https:\/\/portaltela.pt\/#\/schema\/person\/c4278d4a6028830caff9ee44b42d32ed\",\"name\":\"Telinha\",\"image\":{\"@type\":\"ImageObject\",\"inLanguage\":\"pt-PT\",\"@id\":\"https:\/\/portaltela.pt\/s.01k8rhncp4jt1\/2025\/11\/talking-bot-125x125.png\",\"url\":\"https:\/\/portaltela.pt\/s.01k8rhncp4jt1\/2025\/11\/talking-bot-125x125.png\",\"contentUrl\":\"https:\/\/portaltela.pt\/s.01k8rhncp4jt1\/2025\/11\/talking-bot-125x125.png\",\"caption\":\"Telinha\"},\"sameAs\":[\"https:\/\/portaltela.pt\/\"],\"url\":\"https:\/\/portaltela.pt\/por\/367410592786\/\"}]}<\/script>\n<!-- \/ Yoast SEO plugin. -->","yoast_head_json":{"title":"Saviola e Gait\u00e1n comentam o caso Prestianni: n\u00e3o apoiam provoca\u00e7\u00f5es - Portal Tela Portugal","robots":{"index":"index","follow":"follow","max-snippet":"max-snippet:-1","max-image-preview":"max-image-preview:large","max-video-preview":"max-video-preview:-1"},"og_locale":"pt_PT","og_type":"article","og_title":"Saviola e Gait\u00e1n comentam o caso Prestianni: n\u00e3o apoiam provoca\u00e7\u00f5es - Portal Tela Portugal","og_description":"Nico Gait\u00e1n e Javier Saviola, presentes num encontro de antigos jogadores entre Dortmund e Benfica, comentaram \u00e0 Marca o caso de Gianluca Prestianni, investigado pela UEFA por alegado insulto racista a Vini Jr. durante a primeira m\u00e3o do playoff da Champions. O jogo de velhas gl\u00f3rias entre Dortmund e Benfica terminou 1-1. Saviola disse que n\u00e3o apoiam insultos, mas tamb\u00e9m n\u00e3o suportam provoca\u00e7\u00f5es ou exageros dentro de campo. Gait\u00e1n afirmou que s\u00f3 os envolvidos sabem o que aconteceu e que a pol\u00e9mica pode induzir mal-entendidos nos adeptos. Ambos defenderam que, dentro de campo, os jogadores devem dar o exemplo e manter o futebol como prioridade.","og_url":"https:\/\/portaltela.pt\/noticias\/2026\/03\/30\/saviola-e-gaitan-comentam-o-caso-prestianni-nao-apoiam-provocacoes\/","og_site_name":"Portal Tela Portugal","article_published_time":"2026-03-30T17:17:48+00:00","author":"Telinha","twitter_card":"summary_large_image","twitter_misc":{"Escrito por":"Telinha","Tempo estimado de leitura":"1 minuto"},"schema":{"@context":"https:\/\/schema.org","@graph":[{"@type":"Article","@id":"https:\/\/portaltela.pt\/noticias\/2026\/03\/30\/saviola-e-gaitan-comentam-o-caso-prestianni-nao-apoiam-provocacoes\/#article","isPartOf":{"@id":"https:\/\/portaltela.pt\/noticias\/2026\/03\/30\/saviola-e-gaitan-comentam-o-caso-prestianni-nao-apoiam-provocacoes\/"},"author":{"name":"Telinha","@id":"https:\/\/portaltela.pt\/#\/schema\/person\/c4278d4a6028830caff9ee44b42d32ed"},"headline":"Saviola e Gait\u00e1n comentam o caso Prestianni: n\u00e3o apoiam provoca\u00e7\u00f5es","datePublished":"2026-03-30T17:17:48+00:00","mainEntityOfPage":{"@id":"https:\/\/portaltela.pt\/noticias\/2026\/03\/30\/saviola-e-gaitan-comentam-o-caso-prestianni-nao-apoiam-provocacoes\/"},"wordCount":287,"image":{"@id":"https:\/\/portaltela.pt\/noticias\/2026\/03\/30\/saviola-e-gaitan-comentam-o-caso-prestianni-nao-apoiam-provocacoes\/#primaryimage"},"thumbnailUrl":"https:\/\/portaltela.pt\/s.01k8rhncp4jt1\/2026\/03\/img_920x518uu2026-02-18-16-45-29-2422361-im-639070299443227980.jpg","keywords":["Benfica","Borussia Dortmund","futebol","Prestianni","racismo","uefa champions league"],"articleSection":["Desporto","Futebol"],"inLanguage":"pt-PT"},{"@type":"WebPage","@id":"https:\/\/portaltela.pt\/noticias\/2026\/03\/30\/saviola-e-gaitan-comentam-o-caso-prestianni-nao-apoiam-provocacoes\/","url":"https:\/\/portaltela.pt\/noticias\/2026\/03\/30\/saviola-e-gaitan-comentam-o-caso-prestianni-nao-apoiam-provocacoes\/","name":"Saviola e Gait\u00e1n comentam o caso Prestianni: n\u00e3o apoiam provoca\u00e7\u00f5es - Portal Tela Portugal","isPartOf":{"@id":"https:\/\/portaltela.pt\/#website"},"primaryImageOfPage":{"@id":"https:\/\/portaltela.pt\/noticias\/2026\/03\/30\/saviola-e-gaitan-comentam-o-caso-prestianni-nao-apoiam-provocacoes\/#primaryimage"},"image":{"@id":"https:\/\/portaltela.pt\/noticias\/2026\/03\/30\/saviola-e-gaitan-comentam-o-caso-prestianni-nao-apoiam-provocacoes\/#primaryimage"},"thumbnailUrl":"https:\/\/portaltela.pt\/s.01k8rhncp4jt1\/2026\/03\/img_920x518uu2026-02-18-16-45-29-2422361-im-639070299443227980.jpg","datePublished":"2026-03-30T17:17:48+00:00","author":{"@id":"https:\/\/portaltela.pt\/#\/schema\/person\/c4278d4a6028830caff9ee44b42d32ed"},"breadcrumb":{"@id":"https:\/\/portaltela.pt\/noticias\/2026\/03\/30\/saviola-e-gaitan-comentam-o-caso-prestianni-nao-apoiam-provocacoes\/#breadcrumb"},"inLanguage":"pt-PT","potentialAction":[{"@type":"ReadAction","target":["https:\/\/portaltela.pt\/noticias\/2026\/03\/30\/saviola-e-gaitan-comentam-o-caso-prestianni-nao-apoiam-provocacoes\/"]}]},{"@type":"ImageObject","inLanguage":"pt-PT","@id":"https:\/\/portaltela.pt\/noticias\/2026\/03\/30\/saviola-e-gaitan-comentam-o-caso-prestianni-nao-apoiam-provocacoes\/#primaryimage","url":"https:\/\/portaltela.pt\/s.01k8rhncp4jt1\/2026\/03\/img_920x518uu2026-02-18-16-45-29-2422361-im-639070299443227980.jpg","contentUrl":"https:\/\/portaltela.pt\/s.01k8rhncp4jt1\/2026\/03\/img_920x518uu2026-02-18-16-45-29-2422361-im-639070299443227980.jpg","width":796,"height":448,"caption":"Prestianni e Vini Jr. no jogo da Liga dos Campe\u00f5es no Est\u00e1dio da Luz"},{"@type":"BreadcrumbList","@id":"https:\/\/portaltela.pt\/noticias\/2026\/03\/30\/saviola-e-gaitan-comentam-o-caso-prestianni-nao-apoiam-provocacoes\/#breadcrumb","itemListElement":[{"@type":"ListItem","position":1,"name":"In\u00edcio","item":"https:\/\/portaltela.pt\/"},{"@type":"ListItem","position":2,"name":"Saviola e Gait\u00e1n comentam o caso Prestianni: n\u00e3o apoiam provoca\u00e7\u00f5es"}]},{"@type":"WebSite","@id":"https:\/\/portaltela.pt\/#website","url":"https:\/\/portaltela.pt\/","name":"Portal Tela Portugal","description":"","potentialAction":[{"@type":"SearchAction","target":{"@type":"EntryPoint","urlTemplate":"https:\/\/portaltela.pt\/?s={search_term_string}"},"query-input":{"@type":"PropertyValueSpecification","valueRequired":true,"valueName":"search_term_string"}}],"inLanguage":"pt-PT"},{"@type":"Person","@id":"https:\/\/portaltela.pt\/#\/schema\/person\/c4278d4a6028830caff9ee44b42d32ed","name":"Telinha","image":{"@type":"ImageObject","inLanguage":"pt-PT","@id":"https:\/\/portaltela.pt\/s.01k8rhncp4jt1\/2025\/11\/talking-bot-125x125.png","url":"https:\/\/portaltela.pt\/s.01k8rhncp4jt1\/2025\/11\/talking-bot-125x125.png","contentUrl":"https:\/\/portaltela.pt\/s.01k8rhncp4jt1\/2025\/11\/talking-bot-125x125.png","caption":"Telinha"},"sameAs":["https:\/\/portaltela.pt\/"],"url":"https:\/\/portaltela.pt\/por\/367410592786\/"}]}},"_links":{"self":[{"href":"https:\/\/portaltela.pt\/api\/wp\/v2\/posts\/427278","targetHints":{"allow":["GET"]}}],"collection":[{"href":"https:\/\/portaltela.pt\/api\/wp\/v2\/posts"}],"about":[{"href":"https:\/\/portaltela.pt\/api\/wp\/v2\/types\/post"}],"author":[{"embeddable":true,"href":"https:\/\/portaltela.pt\/api\/wp\/v2\/users\/2"}],"replies":[{"embeddable":true,"href":"https:\/\/portaltela.pt\/api\/wp\/v2\/comments?post=427278"}],"version-history":[{"count":0,"href":"https:\/\/portaltela.pt\/api\/wp\/v2\/posts\/427278\/revisions"}],"wp:featuredmedia":[{"embeddable":true,"href":"https:\/\/portaltela.pt\/api\/wp\/v2\/media\/427280"}],"wp:attachment":[{"href":"https:\/\/portaltela.pt\/api\/wp\/v2\/media?parent=427278"}],"wp:term":[{"taxonomy":"category","embeddable":true,"href":"https:\/\/portaltela.pt\/api\/wp\/v2\/categories?post=427278"},{"taxonomy":"post_tag","embeddable":true,"href":"https:\/\/portaltela.pt\/api\/wp\/v2\/tags?post=427278"}],"curies":[{"name":"wp","href":"https:\/\/api.w.org\/{rel}","templated":true}]}}