{"id":427262,"date":"2026-03-30T14:17:15","date_gmt":"2026-03-30T17:17:15","guid":{"rendered":"https:\/\/portaltela.pt\/noticias\/2026\/03\/30\/estrela-acompanha-roubo-de-12-t-de-chocolates-amadora-sofre-estereotipos\/"},"modified":"2026-03-30T14:17:15","modified_gmt":"2026-03-30T17:17:15","slug":"estrela-acompanha-roubo-de-12-t-de-chocolates-amadora-sofre-estereotipos","status":"publish","type":"post","link":"https:\/\/portaltela.pt\/desporto\/futebol\/2026\/03\/30\/estrela-acompanha-roubo-de-12-t-de-chocolates-amadora-sofre-estereotipos\/","title":{"rendered":"Estrela acompanha roubo de 12 t de chocolates; Amadora sofre estere\u00f3tipos"},"content":{"rendered":"<p>O Estrela da Amadora afirmou hoje que n\u00e3o teve qualquer liga\u00e7\u00e3o com o roubo de 12 toneladas de chocolates KitKat. A not\u00edcia tem ganhado destaque em v\u00e1rios meios, com o clube a reagir publicamente.<\/p>\n<p>Em comunicado publicado nas redes sociais, o Estrela recusa liga\u00e7\u00e3o ao desaparecimento e brinca com estere\u00f3tipos da cidade, refor\u00e7ando o foco no desempenho desportivo e no pr\u00f3ximo jogo.<\/p>\n<p>A institui\u00e7\u00e3o adianta que continua concentrada no que o define enquanto clube, afastando o tema do incidente que tem dominado as manchetes a n\u00edvel mundial.<\/p>\n<h3>Esclarecimento do Estrela da Amadora<\/h3>\n<p>O clube nota que n\u00e3o participou no desaparecimento e menciona que o foco permanece dentro das quatro linhas, com a equipa a preparar o regresso aos jogos.<\/p>\n","protected":false},"excerpt":{"rendered":"<ul>\n<li>O Estrela da Amadora afirmou, via redes sociais, que n\u00e3o teve qualquer envolvimento no roubo de 12 toneladas de chocolates KitKat.<\/li>\n<li>A not\u00edcia tem sido tema de destaque mundial e recebeu coment\u00e1rio do clube em tom descontra\u00eddo.<\/li>\n<li>Na comunica\u00e7\u00e3o, o Estrela refere que o assunto n\u00e3o envolve o clube e que o foco permanece nos pr\u00f3ximos jogos.<\/li>\n<li>A nota menciona, de forma breve, que a cidade da Amadora tem estere\u00f3tipos associados, sem rela\u00e7\u00e3o com o incidente.<\/li>\n<\/ul>\n","protected":false},"author":2,"featured_media":427275,"comment_status":"closed","ping_status":"closed","sticky":false,"template":"","format":"standard","meta":{"footnotes":""},"categories":[21,24],"tags":[147,152,2304,32,41,203],"class_list":["post-427262","post","type-post","status-publish","format-standard","has-post-thumbnail","hentry","category-desporto","category-futebol","tag-crime","tag-desporto","tag-estrela-amadora","tag-futebol","tag-noticia","tag-roubo"],"yoast_head":"<!-- This site is optimized with the Yoast SEO plugin v27.2 - https:\/\/yoast.com\/product\/yoast-seo-wordpress\/ -->\n<title>Estrela acompanha roubo de 12 t de chocolates; Amadora sofre estere\u00f3tipos - Portal Tela Portugal<\/title>\n<meta name=\"robots\" content=\"index, follow, max-snippet:-1, max-image-preview:large, max-video-preview:-1\" \/>\n<meta property=\"og:locale\" content=\"pt_PT\" \/>\n<meta property=\"og:type\" content=\"article\" \/>\n<meta property=\"og:title\" content=\"Estrela acompanha roubo de 12 t de chocolates; Amadora sofre estere\u00f3tipos - Portal Tela Portugal\" \/>\n<meta property=\"og:description\" content=\"O Estrela da Amadora afirmou, via redes sociais, que n\u00e3o teve qualquer envolvimento no roubo de 12 toneladas de chocolates KitKat. A not\u00edcia tem sido tema de destaque mundial e recebeu coment\u00e1rio do clube em tom descontra\u00eddo. Na comunica\u00e7\u00e3o, o Estrela refere que o assunto n\u00e3o envolve o clube e que o foco permanece nos pr\u00f3ximos jogos. A nota menciona, de forma breve, que a cidade da Amadora tem estere\u00f3tipos associados, sem rela\u00e7\u00e3o com o incidente.\" \/>\n<meta property=\"og:url\" content=\"https:\/\/portaltela.pt\/noticias\/2026\/03\/30\/estrela-acompanha-roubo-de-12-t-de-chocolates-amadora-sofre-estereotipos\/\" \/>\n<meta property=\"og:site_name\" content=\"Portal Tela Portugal\" \/>\n<meta property=\"article:published_time\" content=\"2026-03-30T17:17:15+00:00\" \/>\n<meta name=\"author\" content=\"Telinha\" \/>\n<meta name=\"twitter:card\" content=\"summary_large_image\" \/>\n<meta name=\"twitter:label1\" content=\"Escrito por\" \/>\n\t<meta name=\"twitter:data1\" content=\"Telinha\" \/>\n\t<meta name=\"twitter:label2\" content=\"Tempo estimado de leitura\" \/>\n\t<meta name=\"twitter:data2\" content=\"1 minuto\" \/>\n<script type=\"application\/ld+json\" class=\"yoast-schema-graph\">{\"@context\":\"https:\/\/schema.org\",\"@graph\":[{\"@type\":\"Article\",\"@id\":\"https:\/\/portaltela.pt\/noticias\/2026\/03\/30\/estrela-acompanha-roubo-de-12-t-de-chocolates-amadora-sofre-estereotipos\/#article\",\"isPartOf\":{\"@id\":\"https:\/\/portaltela.pt\/noticias\/2026\/03\/30\/estrela-acompanha-roubo-de-12-t-de-chocolates-amadora-sofre-estereotipos\/\"},\"author\":{\"name\":\"Telinha\",\"@id\":\"https:\/\/portaltela.pt\/#\/schema\/person\/c4278d4a6028830caff9ee44b42d32ed\"},\"headline\":\"Estrela acompanha roubo de 12 t de chocolates; Amadora sofre estere\u00f3tipos\",\"datePublished\":\"2026-03-30T17:17:15+00:00\",\"mainEntityOfPage\":{\"@id\":\"https:\/\/portaltela.pt\/noticias\/2026\/03\/30\/estrela-acompanha-roubo-de-12-t-de-chocolates-amadora-sofre-estereotipos\/\"},\"wordCount\":140,\"image\":{\"@id\":\"https:\/\/portaltela.pt\/noticias\/2026\/03\/30\/estrela-acompanha-roubo-de-12-t-de-chocolates-amadora-sofre-estereotipos\/#primaryimage\"},\"thumbnailUrl\":\"https:\/\/portaltela.pt\/s.01k8rhncp4jt1\/2026\/03\/img_920x518uu2026-03-30-18-12-16-2430131.jpg\",\"keywords\":[\"crime\",\"desporto\",\"Estrela Amadora\",\"futebol\",\"not\u00edcia\",\"roubo\"],\"articleSection\":[\"Desporto\",\"Futebol\"],\"inLanguage\":\"pt-PT\"},{\"@type\":\"WebPage\",\"@id\":\"https:\/\/portaltela.pt\/noticias\/2026\/03\/30\/estrela-acompanha-roubo-de-12-t-de-chocolates-amadora-sofre-estereotipos\/\",\"url\":\"https:\/\/portaltela.pt\/noticias\/2026\/03\/30\/estrela-acompanha-roubo-de-12-t-de-chocolates-amadora-sofre-estereotipos\/\",\"name\":\"Estrela acompanha roubo de 12 t de chocolates; Amadora sofre estere\u00f3tipos - Portal Tela Portugal\",\"isPartOf\":{\"@id\":\"https:\/\/portaltela.pt\/#website\"},\"primaryImageOfPage\":{\"@id\":\"https:\/\/portaltela.pt\/noticias\/2026\/03\/30\/estrela-acompanha-roubo-de-12-t-de-chocolates-amadora-sofre-estereotipos\/#primaryimage\"},\"image\":{\"@id\":\"https:\/\/portaltela.pt\/noticias\/2026\/03\/30\/estrela-acompanha-roubo-de-12-t-de-chocolates-amadora-sofre-estereotipos\/#primaryimage\"},\"thumbnailUrl\":\"https:\/\/portaltela.pt\/s.01k8rhncp4jt1\/2026\/03\/img_920x518uu2026-03-30-18-12-16-2430131.jpg\",\"datePublished\":\"2026-03-30T17:17:15+00:00\",\"author\":{\"@id\":\"https:\/\/portaltela.pt\/#\/schema\/person\/c4278d4a6028830caff9ee44b42d32ed\"},\"breadcrumb\":{\"@id\":\"https:\/\/portaltela.pt\/noticias\/2026\/03\/30\/estrela-acompanha-roubo-de-12-t-de-chocolates-amadora-sofre-estereotipos\/#breadcrumb\"},\"inLanguage\":\"pt-PT\",\"potentialAction\":[{\"@type\":\"ReadAction\",\"target\":[\"https:\/\/portaltela.pt\/noticias\/2026\/03\/30\/estrela-acompanha-roubo-de-12-t-de-chocolates-amadora-sofre-estereotipos\/\"]}]},{\"@type\":\"ImageObject\",\"inLanguage\":\"pt-PT\",\"@id\":\"https:\/\/portaltela.pt\/noticias\/2026\/03\/30\/estrela-acompanha-roubo-de-12-t-de-chocolates-amadora-sofre-estereotipos\/#primaryimage\",\"url\":\"https:\/\/portaltela.pt\/s.01k8rhncp4jt1\/2026\/03\/img_920x518uu2026-03-30-18-12-16-2430131.jpg\",\"contentUrl\":\"https:\/\/portaltela.pt\/s.01k8rhncp4jt1\/2026\/03\/img_920x518uu2026-03-30-18-12-16-2430131.jpg\",\"width\":796,\"height\":448,\"caption\":\"E. Amadora n\u00e3o deixou passar em branco um dos assuntos mais falados nas redes sociais\"},{\"@type\":\"BreadcrumbList\",\"@id\":\"https:\/\/portaltela.pt\/noticias\/2026\/03\/30\/estrela-acompanha-roubo-de-12-t-de-chocolates-amadora-sofre-estereotipos\/#breadcrumb\",\"itemListElement\":[{\"@type\":\"ListItem\",\"position\":1,\"name\":\"In\u00edcio\",\"item\":\"https:\/\/portaltela.pt\/\"},{\"@type\":\"ListItem\",\"position\":2,\"name\":\"Estrela acompanha roubo de 12 t de chocolates; Amadora sofre estere\u00f3tipos\"}]},{\"@type\":\"WebSite\",\"@id\":\"https:\/\/portaltela.pt\/#website\",\"url\":\"https:\/\/portaltela.pt\/\",\"name\":\"Portal Tela Portugal\",\"description\":\"\",\"potentialAction\":[{\"@type\":\"SearchAction\",\"target\":{\"@type\":\"EntryPoint\",\"urlTemplate\":\"https:\/\/portaltela.pt\/?s={search_term_string}\"},\"query-input\":{\"@type\":\"PropertyValueSpecification\",\"valueRequired\":true,\"valueName\":\"search_term_string\"}}],\"inLanguage\":\"pt-PT\"},{\"@type\":\"Person\",\"@id\":\"https:\/\/portaltela.pt\/#\/schema\/person\/c4278d4a6028830caff9ee44b42d32ed\",\"name\":\"Telinha\",\"image\":{\"@type\":\"ImageObject\",\"inLanguage\":\"pt-PT\",\"@id\":\"https:\/\/portaltela.pt\/s.01k8rhncp4jt1\/2025\/11\/talking-bot-125x125.png\",\"url\":\"https:\/\/portaltela.pt\/s.01k8rhncp4jt1\/2025\/11\/talking-bot-125x125.png\",\"contentUrl\":\"https:\/\/portaltela.pt\/s.01k8rhncp4jt1\/2025\/11\/talking-bot-125x125.png\",\"caption\":\"Telinha\"},\"sameAs\":[\"https:\/\/portaltela.pt\/\"],\"url\":\"https:\/\/portaltela.pt\/por\/367410592786\/\"}]}<\/script>\n<!-- \/ Yoast SEO plugin. -->","yoast_head_json":{"title":"Estrela acompanha roubo de 12 t de chocolates; Amadora sofre estere\u00f3tipos - Portal Tela Portugal","robots":{"index":"index","follow":"follow","max-snippet":"max-snippet:-1","max-image-preview":"max-image-preview:large","max-video-preview":"max-video-preview:-1"},"og_locale":"pt_PT","og_type":"article","og_title":"Estrela acompanha roubo de 12 t de chocolates; Amadora sofre estere\u00f3tipos - Portal Tela Portugal","og_description":"O Estrela da Amadora afirmou, via redes sociais, que n\u00e3o teve qualquer envolvimento no roubo de 12 toneladas de chocolates KitKat. A not\u00edcia tem sido tema de destaque mundial e recebeu coment\u00e1rio do clube em tom descontra\u00eddo. Na comunica\u00e7\u00e3o, o Estrela refere que o assunto n\u00e3o envolve o clube e que o foco permanece nos pr\u00f3ximos jogos. A nota menciona, de forma breve, que a cidade da Amadora tem estere\u00f3tipos associados, sem rela\u00e7\u00e3o com o incidente.","og_url":"https:\/\/portaltela.pt\/noticias\/2026\/03\/30\/estrela-acompanha-roubo-de-12-t-de-chocolates-amadora-sofre-estereotipos\/","og_site_name":"Portal Tela Portugal","article_published_time":"2026-03-30T17:17:15+00:00","author":"Telinha","twitter_card":"summary_large_image","twitter_misc":{"Escrito por":"Telinha","Tempo estimado de leitura":"1 minuto"},"schema":{"@context":"https:\/\/schema.org","@graph":[{"@type":"Article","@id":"https:\/\/portaltela.pt\/noticias\/2026\/03\/30\/estrela-acompanha-roubo-de-12-t-de-chocolates-amadora-sofre-estereotipos\/#article","isPartOf":{"@id":"https:\/\/portaltela.pt\/noticias\/2026\/03\/30\/estrela-acompanha-roubo-de-12-t-de-chocolates-amadora-sofre-estereotipos\/"},"author":{"name":"Telinha","@id":"https:\/\/portaltela.pt\/#\/schema\/person\/c4278d4a6028830caff9ee44b42d32ed"},"headline":"Estrela acompanha roubo de 12 t de chocolates; Amadora sofre estere\u00f3tipos","datePublished":"2026-03-30T17:17:15+00:00","mainEntityOfPage":{"@id":"https:\/\/portaltela.pt\/noticias\/2026\/03\/30\/estrela-acompanha-roubo-de-12-t-de-chocolates-amadora-sofre-estereotipos\/"},"wordCount":140,"image":{"@id":"https:\/\/portaltela.pt\/noticias\/2026\/03\/30\/estrela-acompanha-roubo-de-12-t-de-chocolates-amadora-sofre-estereotipos\/#primaryimage"},"thumbnailUrl":"https:\/\/portaltela.pt\/s.01k8rhncp4jt1\/2026\/03\/img_920x518uu2026-03-30-18-12-16-2430131.jpg","keywords":["crime","desporto","Estrela Amadora","futebol","not\u00edcia","roubo"],"articleSection":["Desporto","Futebol"],"inLanguage":"pt-PT"},{"@type":"WebPage","@id":"https:\/\/portaltela.pt\/noticias\/2026\/03\/30\/estrela-acompanha-roubo-de-12-t-de-chocolates-amadora-sofre-estereotipos\/","url":"https:\/\/portaltela.pt\/noticias\/2026\/03\/30\/estrela-acompanha-roubo-de-12-t-de-chocolates-amadora-sofre-estereotipos\/","name":"Estrela acompanha roubo de 12 t de chocolates; Amadora sofre estere\u00f3tipos - Portal Tela Portugal","isPartOf":{"@id":"https:\/\/portaltela.pt\/#website"},"primaryImageOfPage":{"@id":"https:\/\/portaltela.pt\/noticias\/2026\/03\/30\/estrela-acompanha-roubo-de-12-t-de-chocolates-amadora-sofre-estereotipos\/#primaryimage"},"image":{"@id":"https:\/\/portaltela.pt\/noticias\/2026\/03\/30\/estrela-acompanha-roubo-de-12-t-de-chocolates-amadora-sofre-estereotipos\/#primaryimage"},"thumbnailUrl":"https:\/\/portaltela.pt\/s.01k8rhncp4jt1\/2026\/03\/img_920x518uu2026-03-30-18-12-16-2430131.jpg","datePublished":"2026-03-30T17:17:15+00:00","author":{"@id":"https:\/\/portaltela.pt\/#\/schema\/person\/c4278d4a6028830caff9ee44b42d32ed"},"breadcrumb":{"@id":"https:\/\/portaltela.pt\/noticias\/2026\/03\/30\/estrela-acompanha-roubo-de-12-t-de-chocolates-amadora-sofre-estereotipos\/#breadcrumb"},"inLanguage":"pt-PT","potentialAction":[{"@type":"ReadAction","target":["https:\/\/portaltela.pt\/noticias\/2026\/03\/30\/estrela-acompanha-roubo-de-12-t-de-chocolates-amadora-sofre-estereotipos\/"]}]},{"@type":"ImageObject","inLanguage":"pt-PT","@id":"https:\/\/portaltela.pt\/noticias\/2026\/03\/30\/estrela-acompanha-roubo-de-12-t-de-chocolates-amadora-sofre-estereotipos\/#primaryimage","url":"https:\/\/portaltela.pt\/s.01k8rhncp4jt1\/2026\/03\/img_920x518uu2026-03-30-18-12-16-2430131.jpg","contentUrl":"https:\/\/portaltela.pt\/s.01k8rhncp4jt1\/2026\/03\/img_920x518uu2026-03-30-18-12-16-2430131.jpg","width":796,"height":448,"caption":"E. Amadora n\u00e3o deixou passar em branco um dos assuntos mais falados nas redes sociais"},{"@type":"BreadcrumbList","@id":"https:\/\/portaltela.pt\/noticias\/2026\/03\/30\/estrela-acompanha-roubo-de-12-t-de-chocolates-amadora-sofre-estereotipos\/#breadcrumb","itemListElement":[{"@type":"ListItem","position":1,"name":"In\u00edcio","item":"https:\/\/portaltela.pt\/"},{"@type":"ListItem","position":2,"name":"Estrela acompanha roubo de 12 t de chocolates; Amadora sofre estere\u00f3tipos"}]},{"@type":"WebSite","@id":"https:\/\/portaltela.pt\/#website","url":"https:\/\/portaltela.pt\/","name":"Portal Tela Portugal","description":"","potentialAction":[{"@type":"SearchAction","target":{"@type":"EntryPoint","urlTemplate":"https:\/\/portaltela.pt\/?s={search_term_string}"},"query-input":{"@type":"PropertyValueSpecification","valueRequired":true,"valueName":"search_term_string"}}],"inLanguage":"pt-PT"},{"@type":"Person","@id":"https:\/\/portaltela.pt\/#\/schema\/person\/c4278d4a6028830caff9ee44b42d32ed","name":"Telinha","image":{"@type":"ImageObject","inLanguage":"pt-PT","@id":"https:\/\/portaltela.pt\/s.01k8rhncp4jt1\/2025\/11\/talking-bot-125x125.png","url":"https:\/\/portaltela.pt\/s.01k8rhncp4jt1\/2025\/11\/talking-bot-125x125.png","contentUrl":"https:\/\/portaltela.pt\/s.01k8rhncp4jt1\/2025\/11\/talking-bot-125x125.png","caption":"Telinha"},"sameAs":["https:\/\/portaltela.pt\/"],"url":"https:\/\/portaltela.pt\/por\/367410592786\/"}]}},"_links":{"self":[{"href":"https:\/\/portaltela.pt\/api\/wp\/v2\/posts\/427262","targetHints":{"allow":["GET"]}}],"collection":[{"href":"https:\/\/portaltela.pt\/api\/wp\/v2\/posts"}],"about":[{"href":"https:\/\/portaltela.pt\/api\/wp\/v2\/types\/post"}],"author":[{"embeddable":true,"href":"https:\/\/portaltela.pt\/api\/wp\/v2\/users\/2"}],"replies":[{"embeddable":true,"href":"https:\/\/portaltela.pt\/api\/wp\/v2\/comments?post=427262"}],"version-history":[{"count":0,"href":"https:\/\/portaltela.pt\/api\/wp\/v2\/posts\/427262\/revisions"}],"wp:featuredmedia":[{"embeddable":true,"href":"https:\/\/portaltela.pt\/api\/wp\/v2\/media\/427275"}],"wp:attachment":[{"href":"https:\/\/portaltela.pt\/api\/wp\/v2\/media?parent=427262"}],"wp:term":[{"taxonomy":"category","embeddable":true,"href":"https:\/\/portaltela.pt\/api\/wp\/v2\/categories?post=427262"},{"taxonomy":"post_tag","embeddable":true,"href":"https:\/\/portaltela.pt\/api\/wp\/v2\/tags?post=427262"}],"curies":[{"name":"wp","href":"https:\/\/api.w.org\/{rel}","templated":true}]}}