{"id":427258,"date":"2026-03-30T14:17:11","date_gmt":"2026-03-30T17:17:11","guid":{"rendered":"https:\/\/portaltela.pt\/noticias\/2026\/03\/30\/primeiro-treinador-de-suarez-elogia-o-sucesso-no-sporting\/"},"modified":"2026-03-30T14:17:11","modified_gmt":"2026-03-30T17:17:11","slug":"primeiro-treinador-de-suarez-elogia-o-sucesso-no-sporting","status":"publish","type":"post","link":"https:\/\/portaltela.pt\/desporto\/futebol\/2026\/03\/30\/primeiro-treinador-de-suarez-elogia-o-sucesso-no-sporting\/","title":{"rendered":"Primeiro treinador de Su\u00e1rez elogia o sucesso no Sporting"},"content":{"rendered":"<p>Valmiro Viana, antigo treinador de Luis Su\u00e1rez, afirma que o atacante sempre foi s\u00e9rio e humilde e que o seu trajeto inicial j\u00e1 antevia o sucesso.<\/p>\n<p>O relato parte de quando Su\u00e1rez tinha 18 anos. O avan\u00e7ado passou 45 dias \u00e0 experi\u00eancia no Cruzeiro, em Belo Horizonte, no Brasil, antes de rumar de novo \u00e0 Am\u00e9rica do Sul.<\/p>\n<p>Antes de se estabelecer em Espanha, onde assinou pelo Granada, o jovem uruguaio esteve em avalia\u00e7\u00e3o em territ\u00f3rio brasileiro, sem solu\u00e7\u00e3o de continuidade at\u00e9 regressar \u00e0 Col\u00f4mbia.<\/p>\n<p>Em dezembro de 2014, Su\u00e1rez voltou ao pa\u00eds de origem e ao clube Itag\u00fc\u00ed Leones, ent\u00e3o no segundo escal\u00e3o colombiano, que mais tarde se assumiria como parte da sua trajet\u00f3ria at\u00e9 ao Mundial de ver o pr\u00f3ximo ver\u00e3o.<\/p>\n","protected":false},"excerpt":{"rendered":"<ul>\n<li>Valmiro Viana, o primeiro treinador de Luis Su\u00e1rez, conheceu o atacante desde os 13 anos e afirma que sempre foi muito s\u00e9rio e humilde.<\/li>\n<li>Su\u00e1rez esteve 45 dias \u00e0 experi\u00eancia no Cruzeiro, de Belo Horizonte, no Brasil, antes de viajar para Espanha com o objetivo de assinar com o Granada.<\/li>\n<li>N\u00e3o convenceu no per\u00edodo de experimenta\u00e7\u00e3o no Cruzeiro.<\/li>\n<li>Em dezembro de dois mil e quatorze, regressou \u00e0 Col\u00f4mbia e ao Itag\u00fc\u00ed Leones, clube da segunda divis\u00e3o, onde atuava na altura.<\/li>\n<li>O Itag\u00fc\u00ed Leones vai defrontar Portugal no Mundial do pr\u00f3ximo ver\u00e3o.<\/li>\n<\/ul>\n","protected":false},"author":2,"featured_media":427272,"comment_status":"closed","ping_status":"closed","sticky":false,"template":"","format":"standard","meta":{"footnotes":""},"categories":[21,24],"tags":[2547,2469,32,3338,3443,1652],"class_list":["post-427258","post","type-post","status-publish","format-standard","has-post-thumbnail","hentry","category-desporto","category-futebol","tag-brasil","tag-colombia","tag-futebol","tag-futebol-internacional","tag-granada","tag-sporting"],"yoast_head":"<!-- This site is optimized with the Yoast SEO plugin v27.2 - https:\/\/yoast.com\/product\/yoast-seo-wordpress\/ -->\n<title>Primeiro treinador de Su\u00e1rez elogia o sucesso no Sporting - Portal Tela Portugal<\/title>\n<meta name=\"robots\" content=\"index, follow, max-snippet:-1, max-image-preview:large, max-video-preview:-1\" \/>\n<meta property=\"og:locale\" content=\"pt_PT\" \/>\n<meta property=\"og:type\" content=\"article\" \/>\n<meta property=\"og:title\" content=\"Primeiro treinador de Su\u00e1rez elogia o sucesso no Sporting - Portal Tela Portugal\" \/>\n<meta property=\"og:description\" content=\"Valmiro Viana, o primeiro treinador de Luis Su\u00e1rez, conheceu o atacante desde os 13 anos e afirma que sempre foi muito s\u00e9rio e humilde. Su\u00e1rez esteve 45 dias \u00e0 experi\u00eancia no Cruzeiro, de Belo Horizonte, no Brasil, antes de viajar para Espanha com o objetivo de assinar com o Granada. N\u00e3o convenceu no per\u00edodo de experimenta\u00e7\u00e3o no Cruzeiro. Em dezembro de dois mil e quatorze, regressou \u00e0 Col\u00f4mbia e ao Itag\u00fc\u00ed Leones, clube da segunda divis\u00e3o, onde atuava na altura. O Itag\u00fc\u00ed Leones vai defrontar Portugal no Mundial do pr\u00f3ximo ver\u00e3o.\" \/>\n<meta property=\"og:url\" content=\"https:\/\/portaltela.pt\/noticias\/2026\/03\/30\/primeiro-treinador-de-suarez-elogia-o-sucesso-no-sporting\/\" \/>\n<meta property=\"og:site_name\" content=\"Portal Tela Portugal\" \/>\n<meta property=\"article:published_time\" content=\"2026-03-30T17:17:11+00:00\" \/>\n<meta name=\"author\" content=\"Telinha\" \/>\n<meta name=\"twitter:card\" content=\"summary_large_image\" \/>\n<meta name=\"twitter:label1\" content=\"Escrito por\" \/>\n\t<meta name=\"twitter:data1\" content=\"Telinha\" \/>\n\t<meta name=\"twitter:label2\" content=\"Tempo estimado de leitura\" \/>\n\t<meta name=\"twitter:data2\" content=\"1 minuto\" \/>\n<script type=\"application\/ld+json\" class=\"yoast-schema-graph\">{\"@context\":\"https:\/\/schema.org\",\"@graph\":[{\"@type\":\"Article\",\"@id\":\"https:\/\/portaltela.pt\/noticias\/2026\/03\/30\/primeiro-treinador-de-suarez-elogia-o-sucesso-no-sporting\/#article\",\"isPartOf\":{\"@id\":\"https:\/\/portaltela.pt\/noticias\/2026\/03\/30\/primeiro-treinador-de-suarez-elogia-o-sucesso-no-sporting\/\"},\"author\":{\"name\":\"Telinha\",\"@id\":\"https:\/\/portaltela.pt\/#\/schema\/person\/c4278d4a6028830caff9ee44b42d32ed\"},\"headline\":\"Primeiro treinador de Su\u00e1rez elogia o sucesso no Sporting\",\"datePublished\":\"2026-03-30T17:17:11+00:00\",\"mainEntityOfPage\":{\"@id\":\"https:\/\/portaltela.pt\/noticias\/2026\/03\/30\/primeiro-treinador-de-suarez-elogia-o-sucesso-no-sporting\/\"},\"wordCount\":144,\"image\":{\"@id\":\"https:\/\/portaltela.pt\/noticias\/2026\/03\/30\/primeiro-treinador-de-suarez-elogia-o-sucesso-no-sporting\/#primaryimage\"},\"thumbnailUrl\":\"https:\/\/portaltela.pt\/s.01k8rhncp4jt1\/2026\/03\/img_920x518uu2026-03-30-17-21-06-2430115.jpg\",\"keywords\":[\"Brasil\",\"Col\u00f4mbia\",\"futebol\",\"futebol internacional\",\"Granada\",\"Sporting\"],\"articleSection\":[\"Desporto\",\"Futebol\"],\"inLanguage\":\"pt-PT\"},{\"@type\":\"WebPage\",\"@id\":\"https:\/\/portaltela.pt\/noticias\/2026\/03\/30\/primeiro-treinador-de-suarez-elogia-o-sucesso-no-sporting\/\",\"url\":\"https:\/\/portaltela.pt\/noticias\/2026\/03\/30\/primeiro-treinador-de-suarez-elogia-o-sucesso-no-sporting\/\",\"name\":\"Primeiro treinador de Su\u00e1rez elogia o sucesso no Sporting - Portal Tela Portugal\",\"isPartOf\":{\"@id\":\"https:\/\/portaltela.pt\/#website\"},\"primaryImageOfPage\":{\"@id\":\"https:\/\/portaltela.pt\/noticias\/2026\/03\/30\/primeiro-treinador-de-suarez-elogia-o-sucesso-no-sporting\/#primaryimage\"},\"image\":{\"@id\":\"https:\/\/portaltela.pt\/noticias\/2026\/03\/30\/primeiro-treinador-de-suarez-elogia-o-sucesso-no-sporting\/#primaryimage\"},\"thumbnailUrl\":\"https:\/\/portaltela.pt\/s.01k8rhncp4jt1\/2026\/03\/img_920x518uu2026-03-30-17-21-06-2430115.jpg\",\"datePublished\":\"2026-03-30T17:17:11+00:00\",\"author\":{\"@id\":\"https:\/\/portaltela.pt\/#\/schema\/person\/c4278d4a6028830caff9ee44b42d32ed\"},\"breadcrumb\":{\"@id\":\"https:\/\/portaltela.pt\/noticias\/2026\/03\/30\/primeiro-treinador-de-suarez-elogia-o-sucesso-no-sporting\/#breadcrumb\"},\"inLanguage\":\"pt-PT\",\"potentialAction\":[{\"@type\":\"ReadAction\",\"target\":[\"https:\/\/portaltela.pt\/noticias\/2026\/03\/30\/primeiro-treinador-de-suarez-elogia-o-sucesso-no-sporting\/\"]}]},{\"@type\":\"ImageObject\",\"inLanguage\":\"pt-PT\",\"@id\":\"https:\/\/portaltela.pt\/noticias\/2026\/03\/30\/primeiro-treinador-de-suarez-elogia-o-sucesso-no-sporting\/#primaryimage\",\"url\":\"https:\/\/portaltela.pt\/s.01k8rhncp4jt1\/2026\/03\/img_920x518uu2026-03-30-17-21-06-2430115.jpg\",\"contentUrl\":\"https:\/\/portaltela.pt\/s.01k8rhncp4jt1\/2026\/03\/img_920x518uu2026-03-30-17-21-06-2430115.jpg\",\"width\":796,\"height\":448,\"caption\":\"Valmiro Viana com Luis Su\u00e1rez num est\u00e1gio recente da sele\u00e7\u00e3o da Col\u00f4mbia\"},{\"@type\":\"BreadcrumbList\",\"@id\":\"https:\/\/portaltela.pt\/noticias\/2026\/03\/30\/primeiro-treinador-de-suarez-elogia-o-sucesso-no-sporting\/#breadcrumb\",\"itemListElement\":[{\"@type\":\"ListItem\",\"position\":1,\"name\":\"In\u00edcio\",\"item\":\"https:\/\/portaltela.pt\/\"},{\"@type\":\"ListItem\",\"position\":2,\"name\":\"Primeiro treinador de Su\u00e1rez elogia o sucesso no Sporting\"}]},{\"@type\":\"WebSite\",\"@id\":\"https:\/\/portaltela.pt\/#website\",\"url\":\"https:\/\/portaltela.pt\/\",\"name\":\"Portal Tela Portugal\",\"description\":\"\",\"potentialAction\":[{\"@type\":\"SearchAction\",\"target\":{\"@type\":\"EntryPoint\",\"urlTemplate\":\"https:\/\/portaltela.pt\/?s={search_term_string}\"},\"query-input\":{\"@type\":\"PropertyValueSpecification\",\"valueRequired\":true,\"valueName\":\"search_term_string\"}}],\"inLanguage\":\"pt-PT\"},{\"@type\":\"Person\",\"@id\":\"https:\/\/portaltela.pt\/#\/schema\/person\/c4278d4a6028830caff9ee44b42d32ed\",\"name\":\"Telinha\",\"image\":{\"@type\":\"ImageObject\",\"inLanguage\":\"pt-PT\",\"@id\":\"https:\/\/portaltela.pt\/s.01k8rhncp4jt1\/2025\/11\/talking-bot-125x125.png\",\"url\":\"https:\/\/portaltela.pt\/s.01k8rhncp4jt1\/2025\/11\/talking-bot-125x125.png\",\"contentUrl\":\"https:\/\/portaltela.pt\/s.01k8rhncp4jt1\/2025\/11\/talking-bot-125x125.png\",\"caption\":\"Telinha\"},\"sameAs\":[\"https:\/\/portaltela.pt\/\"],\"url\":\"https:\/\/portaltela.pt\/por\/367410592786\/\"}]}<\/script>\n<!-- \/ Yoast SEO plugin. -->","yoast_head_json":{"title":"Primeiro treinador de Su\u00e1rez elogia o sucesso no Sporting - Portal Tela Portugal","robots":{"index":"index","follow":"follow","max-snippet":"max-snippet:-1","max-image-preview":"max-image-preview:large","max-video-preview":"max-video-preview:-1"},"og_locale":"pt_PT","og_type":"article","og_title":"Primeiro treinador de Su\u00e1rez elogia o sucesso no Sporting - Portal Tela Portugal","og_description":"Valmiro Viana, o primeiro treinador de Luis Su\u00e1rez, conheceu o atacante desde os 13 anos e afirma que sempre foi muito s\u00e9rio e humilde. Su\u00e1rez esteve 45 dias \u00e0 experi\u00eancia no Cruzeiro, de Belo Horizonte, no Brasil, antes de viajar para Espanha com o objetivo de assinar com o Granada. N\u00e3o convenceu no per\u00edodo de experimenta\u00e7\u00e3o no Cruzeiro. Em dezembro de dois mil e quatorze, regressou \u00e0 Col\u00f4mbia e ao Itag\u00fc\u00ed Leones, clube da segunda divis\u00e3o, onde atuava na altura. O Itag\u00fc\u00ed Leones vai defrontar Portugal no Mundial do pr\u00f3ximo ver\u00e3o.","og_url":"https:\/\/portaltela.pt\/noticias\/2026\/03\/30\/primeiro-treinador-de-suarez-elogia-o-sucesso-no-sporting\/","og_site_name":"Portal Tela Portugal","article_published_time":"2026-03-30T17:17:11+00:00","author":"Telinha","twitter_card":"summary_large_image","twitter_misc":{"Escrito por":"Telinha","Tempo estimado de leitura":"1 minuto"},"schema":{"@context":"https:\/\/schema.org","@graph":[{"@type":"Article","@id":"https:\/\/portaltela.pt\/noticias\/2026\/03\/30\/primeiro-treinador-de-suarez-elogia-o-sucesso-no-sporting\/#article","isPartOf":{"@id":"https:\/\/portaltela.pt\/noticias\/2026\/03\/30\/primeiro-treinador-de-suarez-elogia-o-sucesso-no-sporting\/"},"author":{"name":"Telinha","@id":"https:\/\/portaltela.pt\/#\/schema\/person\/c4278d4a6028830caff9ee44b42d32ed"},"headline":"Primeiro treinador de Su\u00e1rez elogia o sucesso no Sporting","datePublished":"2026-03-30T17:17:11+00:00","mainEntityOfPage":{"@id":"https:\/\/portaltela.pt\/noticias\/2026\/03\/30\/primeiro-treinador-de-suarez-elogia-o-sucesso-no-sporting\/"},"wordCount":144,"image":{"@id":"https:\/\/portaltela.pt\/noticias\/2026\/03\/30\/primeiro-treinador-de-suarez-elogia-o-sucesso-no-sporting\/#primaryimage"},"thumbnailUrl":"https:\/\/portaltela.pt\/s.01k8rhncp4jt1\/2026\/03\/img_920x518uu2026-03-30-17-21-06-2430115.jpg","keywords":["Brasil","Col\u00f4mbia","futebol","futebol internacional","Granada","Sporting"],"articleSection":["Desporto","Futebol"],"inLanguage":"pt-PT"},{"@type":"WebPage","@id":"https:\/\/portaltela.pt\/noticias\/2026\/03\/30\/primeiro-treinador-de-suarez-elogia-o-sucesso-no-sporting\/","url":"https:\/\/portaltela.pt\/noticias\/2026\/03\/30\/primeiro-treinador-de-suarez-elogia-o-sucesso-no-sporting\/","name":"Primeiro treinador de Su\u00e1rez elogia o sucesso no Sporting - Portal Tela Portugal","isPartOf":{"@id":"https:\/\/portaltela.pt\/#website"},"primaryImageOfPage":{"@id":"https:\/\/portaltela.pt\/noticias\/2026\/03\/30\/primeiro-treinador-de-suarez-elogia-o-sucesso-no-sporting\/#primaryimage"},"image":{"@id":"https:\/\/portaltela.pt\/noticias\/2026\/03\/30\/primeiro-treinador-de-suarez-elogia-o-sucesso-no-sporting\/#primaryimage"},"thumbnailUrl":"https:\/\/portaltela.pt\/s.01k8rhncp4jt1\/2026\/03\/img_920x518uu2026-03-30-17-21-06-2430115.jpg","datePublished":"2026-03-30T17:17:11+00:00","author":{"@id":"https:\/\/portaltela.pt\/#\/schema\/person\/c4278d4a6028830caff9ee44b42d32ed"},"breadcrumb":{"@id":"https:\/\/portaltela.pt\/noticias\/2026\/03\/30\/primeiro-treinador-de-suarez-elogia-o-sucesso-no-sporting\/#breadcrumb"},"inLanguage":"pt-PT","potentialAction":[{"@type":"ReadAction","target":["https:\/\/portaltela.pt\/noticias\/2026\/03\/30\/primeiro-treinador-de-suarez-elogia-o-sucesso-no-sporting\/"]}]},{"@type":"ImageObject","inLanguage":"pt-PT","@id":"https:\/\/portaltela.pt\/noticias\/2026\/03\/30\/primeiro-treinador-de-suarez-elogia-o-sucesso-no-sporting\/#primaryimage","url":"https:\/\/portaltela.pt\/s.01k8rhncp4jt1\/2026\/03\/img_920x518uu2026-03-30-17-21-06-2430115.jpg","contentUrl":"https:\/\/portaltela.pt\/s.01k8rhncp4jt1\/2026\/03\/img_920x518uu2026-03-30-17-21-06-2430115.jpg","width":796,"height":448,"caption":"Valmiro Viana com Luis Su\u00e1rez num est\u00e1gio recente da sele\u00e7\u00e3o da Col\u00f4mbia"},{"@type":"BreadcrumbList","@id":"https:\/\/portaltela.pt\/noticias\/2026\/03\/30\/primeiro-treinador-de-suarez-elogia-o-sucesso-no-sporting\/#breadcrumb","itemListElement":[{"@type":"ListItem","position":1,"name":"In\u00edcio","item":"https:\/\/portaltela.pt\/"},{"@type":"ListItem","position":2,"name":"Primeiro treinador de Su\u00e1rez elogia o sucesso no Sporting"}]},{"@type":"WebSite","@id":"https:\/\/portaltela.pt\/#website","url":"https:\/\/portaltela.pt\/","name":"Portal Tela Portugal","description":"","potentialAction":[{"@type":"SearchAction","target":{"@type":"EntryPoint","urlTemplate":"https:\/\/portaltela.pt\/?s={search_term_string}"},"query-input":{"@type":"PropertyValueSpecification","valueRequired":true,"valueName":"search_term_string"}}],"inLanguage":"pt-PT"},{"@type":"Person","@id":"https:\/\/portaltela.pt\/#\/schema\/person\/c4278d4a6028830caff9ee44b42d32ed","name":"Telinha","image":{"@type":"ImageObject","inLanguage":"pt-PT","@id":"https:\/\/portaltela.pt\/s.01k8rhncp4jt1\/2025\/11\/talking-bot-125x125.png","url":"https:\/\/portaltela.pt\/s.01k8rhncp4jt1\/2025\/11\/talking-bot-125x125.png","contentUrl":"https:\/\/portaltela.pt\/s.01k8rhncp4jt1\/2025\/11\/talking-bot-125x125.png","caption":"Telinha"},"sameAs":["https:\/\/portaltela.pt\/"],"url":"https:\/\/portaltela.pt\/por\/367410592786\/"}]}},"_links":{"self":[{"href":"https:\/\/portaltela.pt\/api\/wp\/v2\/posts\/427258","targetHints":{"allow":["GET"]}}],"collection":[{"href":"https:\/\/portaltela.pt\/api\/wp\/v2\/posts"}],"about":[{"href":"https:\/\/portaltela.pt\/api\/wp\/v2\/types\/post"}],"author":[{"embeddable":true,"href":"https:\/\/portaltela.pt\/api\/wp\/v2\/users\/2"}],"replies":[{"embeddable":true,"href":"https:\/\/portaltela.pt\/api\/wp\/v2\/comments?post=427258"}],"version-history":[{"count":0,"href":"https:\/\/portaltela.pt\/api\/wp\/v2\/posts\/427258\/revisions"}],"wp:featuredmedia":[{"embeddable":true,"href":"https:\/\/portaltela.pt\/api\/wp\/v2\/media\/427272"}],"wp:attachment":[{"href":"https:\/\/portaltela.pt\/api\/wp\/v2\/media?parent=427258"}],"wp:term":[{"taxonomy":"category","embeddable":true,"href":"https:\/\/portaltela.pt\/api\/wp\/v2\/categories?post=427258"},{"taxonomy":"post_tag","embeddable":true,"href":"https:\/\/portaltela.pt\/api\/wp\/v2\/tags?post=427258"}],"curies":[{"name":"wp","href":"https:\/\/api.w.org\/{rel}","templated":true}]}}