{"id":427243,"date":"2026-03-30T14:16:59","date_gmt":"2026-03-30T17:16:59","guid":{"rendered":"https:\/\/portaltela.pt\/noticias\/2026\/03\/30\/filhos-de-duplo-homicida-repatriados-para-franca\/"},"modified":"2026-03-30T14:16:59","modified_gmt":"2026-03-30T17:16:59","slug":"filhos-de-duplo-homicida-repatriados-para-franca","status":"publish","type":"post","link":"https:\/\/portaltela.pt\/policia\/2026\/03\/30\/filhos-de-duplo-homicida-repatriados-para-franca\/","title":{"rendered":"Filhos de duplo homicida repatriados para Fran\u00e7a"},"content":{"rendered":"<p>A repatria\u00e7\u00e3o dos dois filhos de C\u00e9dric Prizzon, ex-pol\u00edcia, dever\u00e1 ficar conclu\u00edda ainda esta semana. Os menores, um rapaz de 13 anos e uma menina com cerca de 18 meses, v\u00e3o regressar a Fran\u00e7a para ficar ao cuidado de familiares.<\/p>\n<p>Eles viajaram de autom\u00f3vel de Fran\u00e7a para Portugal, acompanhados pelo pai e pelas m\u00e3es de ambos. A m\u00e3e da menina ter\u00e1 vindo voluntariamente; a m\u00e3e do rapaz ter\u00e1 estado ausente de forma n\u00e3o volunt\u00e1ria, segundo a investiga\u00e7\u00e3o.<\/p>\n<p>Segundo a pol\u00edcia, os corpos das duas v\u00edtimas eram enterrados junto \u00e0s antenas parab\u00f3licas da RTP, na Serra da Nogueira, Bragan\u00e7a. A presen\u00e7a dos menores no momento do crime \u00e9 objeto de averigua\u00e7\u00e3o.<\/p>\n<h3>Detalhes do caso e pr\u00f3ximos passos<\/h3>\n<p>A repatria\u00e7\u00e3o abre caminho para a transfer\u00eancia dos menores para Fran\u00e7a, onde permanecer\u00e3o sob supervis\u00e3o de familiares. N\u00e3o foi amplamente divulgada a data exata da conclus\u00e3o do processo de repatria\u00e7\u00e3o.<\/p>\n<p>As autoridades continuam a investigar as circunst\u00e2ncias do homic\u00eddio reiterado, bem como o papel de cada elemento envolvido na opera\u00e7\u00e3o de fuga e localiza\u00e7\u00e3o dos corpos. Mais informa\u00e7\u00f5es ser\u00e3o comunicadas pelas fontes oficiais.<\/p>\n","protected":false},"excerpt":{"rendered":"<ul>\n<li>A repatria\u00e7\u00e3o dos dois filhos de C\u00e9dric Prizzon para Fran\u00e7a dever\u00e1 ficar conclu\u00edda ainda esta semana.<\/li>\n<li>Os menores t\u00eam 13 anos e 18 meses; v\u00e3o ser enviados para Fran\u00e7a para ficarem ao cuidado de familiares.<\/li>\n<li>Viajaram de autom\u00f3vel, de Fran\u00e7a para Portugal, com o pai e as m\u00e3es de ambos; a atual companheira de C\u00e9dric veio voluntariamente, mas a m\u00e3e de Elio ter\u00e1 sido sequestrada.<\/li>\n<li>Suspeita-se que os dois menores estiveram presentes no momento dos homic\u00eddios das duas mulheres, de 40 e 26 anos, respetivamente.<\/li>\n<li>O rapaz indicou onde estavam enterrados os corpos, junto \u00e0s antenas parab\u00f3licas da RTP, na Serra da Nogueira, em Bragan\u00e7a.<\/li>\n<\/ul>\n","protected":false},"author":2,"featured_media":427257,"comment_status":"closed","ping_status":"closed","sticky":false,"template":"","format":"standard","meta":{"footnotes":""},"categories":[6907,6781],"tags":[147,5249,1856,1345,6986],"class_list":["post-427243","post","type-post","status-publish","format-standard","has-post-thumbnail","hentry","category-crime","category-policia","tag-crime","tag-crime-de-homicidio","tag-franca","tag-homicidio","tag-repatriacoes"],"yoast_head":"<!-- This site is optimized with the Yoast SEO plugin v27.2 - https:\/\/yoast.com\/product\/yoast-seo-wordpress\/ -->\n<title>Filhos de duplo homicida repatriados para Fran\u00e7a - Portal Tela Portugal<\/title>\n<meta name=\"robots\" content=\"index, follow, max-snippet:-1, max-image-preview:large, max-video-preview:-1\" \/>\n<meta property=\"og:locale\" content=\"pt_PT\" \/>\n<meta property=\"og:type\" content=\"article\" \/>\n<meta property=\"og:title\" content=\"Filhos de duplo homicida repatriados para Fran\u00e7a - Portal Tela Portugal\" \/>\n<meta property=\"og:description\" content=\"A repatria\u00e7\u00e3o dos dois filhos de C\u00e9dric Prizzon para Fran\u00e7a dever\u00e1 ficar conclu\u00edda ainda esta semana. Os menores t\u00eam 13 anos e 18 meses; v\u00e3o ser enviados para Fran\u00e7a para ficarem ao cuidado de familiares. Viajaram de autom\u00f3vel, de Fran\u00e7a para Portugal, com o pai e as m\u00e3es de ambos; a atual companheira de C\u00e9dric veio voluntariamente, mas a m\u00e3e de Elio ter\u00e1 sido sequestrada. Suspeita-se que os dois menores estiveram presentes no momento dos homic\u00eddios das duas mulheres, de 40 e 26 anos, respetivamente. O rapaz indicou onde estavam enterrados os corpos, junto \u00e0s antenas parab\u00f3licas da RTP, na Serra da Nogueira, em Bragan\u00e7a.\" \/>\n<meta property=\"og:url\" content=\"https:\/\/portaltela.pt\/noticias\/2026\/03\/30\/filhos-de-duplo-homicida-repatriados-para-franca\/\" \/>\n<meta property=\"og:site_name\" content=\"Portal Tela Portugal\" \/>\n<meta property=\"article:published_time\" content=\"2026-03-30T17:16:59+00:00\" \/>\n<meta name=\"author\" content=\"Telinha\" \/>\n<meta name=\"twitter:card\" content=\"summary_large_image\" \/>\n<meta name=\"twitter:label1\" content=\"Escrito por\" \/>\n\t<meta name=\"twitter:data1\" content=\"Telinha\" \/>\n\t<meta name=\"twitter:label2\" content=\"Tempo estimado de leitura\" \/>\n\t<meta name=\"twitter:data2\" content=\"1 minuto\" \/>\n<script type=\"application\/ld+json\" class=\"yoast-schema-graph\">{\"@context\":\"https:\/\/schema.org\",\"@graph\":[{\"@type\":\"Article\",\"@id\":\"https:\/\/portaltela.pt\/noticias\/2026\/03\/30\/filhos-de-duplo-homicida-repatriados-para-franca\/#article\",\"isPartOf\":{\"@id\":\"https:\/\/portaltela.pt\/noticias\/2026\/03\/30\/filhos-de-duplo-homicida-repatriados-para-franca\/\"},\"author\":{\"name\":\"Telinha\",\"@id\":\"https:\/\/portaltela.pt\/#\/schema\/person\/c4278d4a6028830caff9ee44b42d32ed\"},\"headline\":\"Filhos de duplo homicida repatriados para Fran\u00e7a\",\"datePublished\":\"2026-03-30T17:16:59+00:00\",\"mainEntityOfPage\":{\"@id\":\"https:\/\/portaltela.pt\/noticias\/2026\/03\/30\/filhos-de-duplo-homicida-repatriados-para-franca\/\"},\"wordCount\":219,\"image\":{\"@id\":\"https:\/\/portaltela.pt\/noticias\/2026\/03\/30\/filhos-de-duplo-homicida-repatriados-para-franca\/#primaryimage\"},\"thumbnailUrl\":\"https:\/\/portaltela.pt\/s.01k8rhncp4jt1\/2026\/03\/image-1824.jpg\",\"keywords\":[\"crime\",\"crime de homic\u00eddio\",\"Fran\u00e7a\",\"homic\u00eddio\",\"repatria\u00e7\u00f5es\"],\"articleSection\":[\"Crime\",\"Pol\u00edcia\"],\"inLanguage\":\"pt-PT\"},{\"@type\":\"WebPage\",\"@id\":\"https:\/\/portaltela.pt\/noticias\/2026\/03\/30\/filhos-de-duplo-homicida-repatriados-para-franca\/\",\"url\":\"https:\/\/portaltela.pt\/noticias\/2026\/03\/30\/filhos-de-duplo-homicida-repatriados-para-franca\/\",\"name\":\"Filhos de duplo homicida repatriados para Fran\u00e7a - Portal Tela Portugal\",\"isPartOf\":{\"@id\":\"https:\/\/portaltela.pt\/#website\"},\"primaryImageOfPage\":{\"@id\":\"https:\/\/portaltela.pt\/noticias\/2026\/03\/30\/filhos-de-duplo-homicida-repatriados-para-franca\/#primaryimage\"},\"image\":{\"@id\":\"https:\/\/portaltela.pt\/noticias\/2026\/03\/30\/filhos-de-duplo-homicida-repatriados-para-franca\/#primaryimage\"},\"thumbnailUrl\":\"https:\/\/portaltela.pt\/s.01k8rhncp4jt1\/2026\/03\/image-1824.jpg\",\"datePublished\":\"2026-03-30T17:16:59+00:00\",\"author\":{\"@id\":\"https:\/\/portaltela.pt\/#\/schema\/person\/c4278d4a6028830caff9ee44b42d32ed\"},\"breadcrumb\":{\"@id\":\"https:\/\/portaltela.pt\/noticias\/2026\/03\/30\/filhos-de-duplo-homicida-repatriados-para-franca\/#breadcrumb\"},\"inLanguage\":\"pt-PT\",\"potentialAction\":[{\"@type\":\"ReadAction\",\"target\":[\"https:\/\/portaltela.pt\/noticias\/2026\/03\/30\/filhos-de-duplo-homicida-repatriados-para-franca\/\"]}]},{\"@type\":\"ImageObject\",\"inLanguage\":\"pt-PT\",\"@id\":\"https:\/\/portaltela.pt\/noticias\/2026\/03\/30\/filhos-de-duplo-homicida-repatriados-para-franca\/#primaryimage\",\"url\":\"https:\/\/portaltela.pt\/s.01k8rhncp4jt1\/2026\/03\/image-1824.jpg\",\"contentUrl\":\"https:\/\/portaltela.pt\/s.01k8rhncp4jt1\/2026\/03\/image-1824.jpg\",\"width\":796,\"height\":448,\"caption\":\"C\u00e9dric Prizzon \u00e0 sa\u00edda do tribunal de Foz Coa\"},{\"@type\":\"BreadcrumbList\",\"@id\":\"https:\/\/portaltela.pt\/noticias\/2026\/03\/30\/filhos-de-duplo-homicida-repatriados-para-franca\/#breadcrumb\",\"itemListElement\":[{\"@type\":\"ListItem\",\"position\":1,\"name\":\"In\u00edcio\",\"item\":\"https:\/\/portaltela.pt\/\"},{\"@type\":\"ListItem\",\"position\":2,\"name\":\"Filhos de duplo homicida repatriados para Fran\u00e7a\"}]},{\"@type\":\"WebSite\",\"@id\":\"https:\/\/portaltela.pt\/#website\",\"url\":\"https:\/\/portaltela.pt\/\",\"name\":\"Portal Tela Portugal\",\"description\":\"\",\"potentialAction\":[{\"@type\":\"SearchAction\",\"target\":{\"@type\":\"EntryPoint\",\"urlTemplate\":\"https:\/\/portaltela.pt\/?s={search_term_string}\"},\"query-input\":{\"@type\":\"PropertyValueSpecification\",\"valueRequired\":true,\"valueName\":\"search_term_string\"}}],\"inLanguage\":\"pt-PT\"},{\"@type\":\"Person\",\"@id\":\"https:\/\/portaltela.pt\/#\/schema\/person\/c4278d4a6028830caff9ee44b42d32ed\",\"name\":\"Telinha\",\"image\":{\"@type\":\"ImageObject\",\"inLanguage\":\"pt-PT\",\"@id\":\"https:\/\/portaltela.pt\/s.01k8rhncp4jt1\/2025\/11\/talking-bot-125x125.png\",\"url\":\"https:\/\/portaltela.pt\/s.01k8rhncp4jt1\/2025\/11\/talking-bot-125x125.png\",\"contentUrl\":\"https:\/\/portaltela.pt\/s.01k8rhncp4jt1\/2025\/11\/talking-bot-125x125.png\",\"caption\":\"Telinha\"},\"sameAs\":[\"https:\/\/portaltela.pt\/\"],\"url\":\"https:\/\/portaltela.pt\/por\/367410592786\/\"}]}<\/script>\n<!-- \/ Yoast SEO plugin. -->","yoast_head_json":{"title":"Filhos de duplo homicida repatriados para Fran\u00e7a - Portal Tela Portugal","robots":{"index":"index","follow":"follow","max-snippet":"max-snippet:-1","max-image-preview":"max-image-preview:large","max-video-preview":"max-video-preview:-1"},"og_locale":"pt_PT","og_type":"article","og_title":"Filhos de duplo homicida repatriados para Fran\u00e7a - Portal Tela Portugal","og_description":"A repatria\u00e7\u00e3o dos dois filhos de C\u00e9dric Prizzon para Fran\u00e7a dever\u00e1 ficar conclu\u00edda ainda esta semana. Os menores t\u00eam 13 anos e 18 meses; v\u00e3o ser enviados para Fran\u00e7a para ficarem ao cuidado de familiares. Viajaram de autom\u00f3vel, de Fran\u00e7a para Portugal, com o pai e as m\u00e3es de ambos; a atual companheira de C\u00e9dric veio voluntariamente, mas a m\u00e3e de Elio ter\u00e1 sido sequestrada. Suspeita-se que os dois menores estiveram presentes no momento dos homic\u00eddios das duas mulheres, de 40 e 26 anos, respetivamente. O rapaz indicou onde estavam enterrados os corpos, junto \u00e0s antenas parab\u00f3licas da RTP, na Serra da Nogueira, em Bragan\u00e7a.","og_url":"https:\/\/portaltela.pt\/noticias\/2026\/03\/30\/filhos-de-duplo-homicida-repatriados-para-franca\/","og_site_name":"Portal Tela Portugal","article_published_time":"2026-03-30T17:16:59+00:00","author":"Telinha","twitter_card":"summary_large_image","twitter_misc":{"Escrito por":"Telinha","Tempo estimado de leitura":"1 minuto"},"schema":{"@context":"https:\/\/schema.org","@graph":[{"@type":"Article","@id":"https:\/\/portaltela.pt\/noticias\/2026\/03\/30\/filhos-de-duplo-homicida-repatriados-para-franca\/#article","isPartOf":{"@id":"https:\/\/portaltela.pt\/noticias\/2026\/03\/30\/filhos-de-duplo-homicida-repatriados-para-franca\/"},"author":{"name":"Telinha","@id":"https:\/\/portaltela.pt\/#\/schema\/person\/c4278d4a6028830caff9ee44b42d32ed"},"headline":"Filhos de duplo homicida repatriados para Fran\u00e7a","datePublished":"2026-03-30T17:16:59+00:00","mainEntityOfPage":{"@id":"https:\/\/portaltela.pt\/noticias\/2026\/03\/30\/filhos-de-duplo-homicida-repatriados-para-franca\/"},"wordCount":219,"image":{"@id":"https:\/\/portaltela.pt\/noticias\/2026\/03\/30\/filhos-de-duplo-homicida-repatriados-para-franca\/#primaryimage"},"thumbnailUrl":"https:\/\/portaltela.pt\/s.01k8rhncp4jt1\/2026\/03\/image-1824.jpg","keywords":["crime","crime de homic\u00eddio","Fran\u00e7a","homic\u00eddio","repatria\u00e7\u00f5es"],"articleSection":["Crime","Pol\u00edcia"],"inLanguage":"pt-PT"},{"@type":"WebPage","@id":"https:\/\/portaltela.pt\/noticias\/2026\/03\/30\/filhos-de-duplo-homicida-repatriados-para-franca\/","url":"https:\/\/portaltela.pt\/noticias\/2026\/03\/30\/filhos-de-duplo-homicida-repatriados-para-franca\/","name":"Filhos de duplo homicida repatriados para Fran\u00e7a - Portal Tela Portugal","isPartOf":{"@id":"https:\/\/portaltela.pt\/#website"},"primaryImageOfPage":{"@id":"https:\/\/portaltela.pt\/noticias\/2026\/03\/30\/filhos-de-duplo-homicida-repatriados-para-franca\/#primaryimage"},"image":{"@id":"https:\/\/portaltela.pt\/noticias\/2026\/03\/30\/filhos-de-duplo-homicida-repatriados-para-franca\/#primaryimage"},"thumbnailUrl":"https:\/\/portaltela.pt\/s.01k8rhncp4jt1\/2026\/03\/image-1824.jpg","datePublished":"2026-03-30T17:16:59+00:00","author":{"@id":"https:\/\/portaltela.pt\/#\/schema\/person\/c4278d4a6028830caff9ee44b42d32ed"},"breadcrumb":{"@id":"https:\/\/portaltela.pt\/noticias\/2026\/03\/30\/filhos-de-duplo-homicida-repatriados-para-franca\/#breadcrumb"},"inLanguage":"pt-PT","potentialAction":[{"@type":"ReadAction","target":["https:\/\/portaltela.pt\/noticias\/2026\/03\/30\/filhos-de-duplo-homicida-repatriados-para-franca\/"]}]},{"@type":"ImageObject","inLanguage":"pt-PT","@id":"https:\/\/portaltela.pt\/noticias\/2026\/03\/30\/filhos-de-duplo-homicida-repatriados-para-franca\/#primaryimage","url":"https:\/\/portaltela.pt\/s.01k8rhncp4jt1\/2026\/03\/image-1824.jpg","contentUrl":"https:\/\/portaltela.pt\/s.01k8rhncp4jt1\/2026\/03\/image-1824.jpg","width":796,"height":448,"caption":"C\u00e9dric Prizzon \u00e0 sa\u00edda do tribunal de Foz Coa"},{"@type":"BreadcrumbList","@id":"https:\/\/portaltela.pt\/noticias\/2026\/03\/30\/filhos-de-duplo-homicida-repatriados-para-franca\/#breadcrumb","itemListElement":[{"@type":"ListItem","position":1,"name":"In\u00edcio","item":"https:\/\/portaltela.pt\/"},{"@type":"ListItem","position":2,"name":"Filhos de duplo homicida repatriados para Fran\u00e7a"}]},{"@type":"WebSite","@id":"https:\/\/portaltela.pt\/#website","url":"https:\/\/portaltela.pt\/","name":"Portal Tela Portugal","description":"","potentialAction":[{"@type":"SearchAction","target":{"@type":"EntryPoint","urlTemplate":"https:\/\/portaltela.pt\/?s={search_term_string}"},"query-input":{"@type":"PropertyValueSpecification","valueRequired":true,"valueName":"search_term_string"}}],"inLanguage":"pt-PT"},{"@type":"Person","@id":"https:\/\/portaltela.pt\/#\/schema\/person\/c4278d4a6028830caff9ee44b42d32ed","name":"Telinha","image":{"@type":"ImageObject","inLanguage":"pt-PT","@id":"https:\/\/portaltela.pt\/s.01k8rhncp4jt1\/2025\/11\/talking-bot-125x125.png","url":"https:\/\/portaltela.pt\/s.01k8rhncp4jt1\/2025\/11\/talking-bot-125x125.png","contentUrl":"https:\/\/portaltela.pt\/s.01k8rhncp4jt1\/2025\/11\/talking-bot-125x125.png","caption":"Telinha"},"sameAs":["https:\/\/portaltela.pt\/"],"url":"https:\/\/portaltela.pt\/por\/367410592786\/"}]}},"_links":{"self":[{"href":"https:\/\/portaltela.pt\/api\/wp\/v2\/posts\/427243","targetHints":{"allow":["GET"]}}],"collection":[{"href":"https:\/\/portaltela.pt\/api\/wp\/v2\/posts"}],"about":[{"href":"https:\/\/portaltela.pt\/api\/wp\/v2\/types\/post"}],"author":[{"embeddable":true,"href":"https:\/\/portaltela.pt\/api\/wp\/v2\/users\/2"}],"replies":[{"embeddable":true,"href":"https:\/\/portaltela.pt\/api\/wp\/v2\/comments?post=427243"}],"version-history":[{"count":0,"href":"https:\/\/portaltela.pt\/api\/wp\/v2\/posts\/427243\/revisions"}],"wp:featuredmedia":[{"embeddable":true,"href":"https:\/\/portaltela.pt\/api\/wp\/v2\/media\/427257"}],"wp:attachment":[{"href":"https:\/\/portaltela.pt\/api\/wp\/v2\/media?parent=427243"}],"wp:term":[{"taxonomy":"category","embeddable":true,"href":"https:\/\/portaltela.pt\/api\/wp\/v2\/categories?post=427243"},{"taxonomy":"post_tag","embeddable":true,"href":"https:\/\/portaltela.pt\/api\/wp\/v2\/tags?post=427243"}],"curies":[{"name":"wp","href":"https:\/\/api.w.org\/{rel}","templated":true}]}}