{"id":427241,"date":"2026-03-30T13:05:00","date_gmt":"2026-03-30T16:05:00","guid":{"rendered":"https:\/\/portaltela.pt\/noticias\/2026\/03\/30\/ministro-da-educacao-admite-que-nem-todos-os-alunos-sem-professor-tem-aulas\/"},"modified":"2026-03-30T13:05:00","modified_gmt":"2026-03-30T16:05:00","slug":"ministro-da-educacao-admite-que-nem-todos-os-alunos-sem-professor-tem-aulas","status":"publish","type":"post","link":"https:\/\/portaltela.pt\/noticias\/politica\/2026\/03\/30\/ministro-da-educacao-admite-que-nem-todos-os-alunos-sem-professor-tem-aulas\/","title":{"rendered":"Ministro da Educa\u00e7\u00e3o admite que nem todos os alunos sem professor t\u00eam aulas"},"content":{"rendered":"<p>O Ministro da Educa\u00e7\u00e3o admitiu que nem todos os alunos sem professor t\u00eam aulas, segundo a not\u00edcia dispon\u00edvel.<\/p>\n<p>O conte\u00fado completo da informa\u00e7\u00e3o est\u00e1 acess\u00edvel apenas a subscritores.<\/p>\n<p>N\u00e3o foram fornecidos detalhes adicionais sobre datas, locais ou motiva\u00e7\u00f5es.<\/p>\n","protected":false},"excerpt":{"rendered":"<ul>\n<li>O Ministro da Educa\u00e7\u00e3o admitiu que nem todos os alunos sem professor t\u00eam aulas.<\/li>\n<li>A not\u00edcia completa est\u00e1 dispon\u00edvel apenas para subscritores.<\/li>\n<li>O resumo n\u00e3o apresenta dados adicionais no conte\u00fado acess\u00edvel.<\/li>\n<li>N\u00e3o foram fornecidos detalhes sobre as regi\u00f5es ou o impacto desta situa\u00e7\u00e3o.<\/li>\n<\/ul>\n","protected":false},"author":2,"featured_media":427242,"comment_status":"closed","ping_status":"closed","sticky":false,"template":"","format":"standard","meta":{"footnotes":""},"categories":[1,5],"tags":[100,163,2443,229,97],"class_list":["post-427241","post","type-post","status-publish","format-standard","has-post-thumbnail","hentry","category-noticias","category-politica","tag-alunos","tag-educacao","tag-educacao-publica","tag-politica-publica","tag-professores"],"yoast_head":"<!-- This site is optimized with the Yoast SEO plugin v27.2 - https:\/\/yoast.com\/product\/yoast-seo-wordpress\/ -->\n<title>Ministro da Educa\u00e7\u00e3o admite que nem todos os alunos sem professor t\u00eam aulas - Portal Tela Portugal<\/title>\n<meta name=\"robots\" content=\"index, follow, max-snippet:-1, max-image-preview:large, max-video-preview:-1\" \/>\n<meta property=\"og:locale\" content=\"pt_PT\" \/>\n<meta property=\"og:type\" content=\"article\" \/>\n<meta property=\"og:title\" content=\"Ministro da Educa\u00e7\u00e3o admite que nem todos os alunos sem professor t\u00eam aulas - Portal Tela Portugal\" \/>\n<meta property=\"og:description\" content=\"O Ministro da Educa\u00e7\u00e3o admitiu que nem todos os alunos sem professor t\u00eam aulas. A not\u00edcia completa est\u00e1 dispon\u00edvel apenas para subscritores. O resumo n\u00e3o apresenta dados adicionais no conte\u00fado acess\u00edvel. N\u00e3o foram fornecidos detalhes sobre as regi\u00f5es ou o impacto desta situa\u00e7\u00e3o.\" \/>\n<meta property=\"og:url\" content=\"https:\/\/portaltela.pt\/noticias\/2026\/03\/30\/ministro-da-educacao-admite-que-nem-todos-os-alunos-sem-professor-tem-aulas\/\" \/>\n<meta property=\"og:site_name\" content=\"Portal Tela Portugal\" \/>\n<meta property=\"article:published_time\" content=\"2026-03-30T16:05:00+00:00\" \/>\n<meta name=\"author\" content=\"Telinha\" \/>\n<meta name=\"twitter:card\" content=\"summary_large_image\" \/>\n<meta name=\"twitter:label1\" content=\"Escrito por\" \/>\n\t<meta name=\"twitter:data1\" content=\"Telinha\" \/>\n<script type=\"application\/ld+json\" class=\"yoast-schema-graph\">{\"@context\":\"https:\/\/schema.org\",\"@graph\":[{\"@type\":\"Article\",\"@id\":\"https:\/\/portaltela.pt\/noticias\/2026\/03\/30\/ministro-da-educacao-admite-que-nem-todos-os-alunos-sem-professor-tem-aulas\/#article\",\"isPartOf\":{\"@id\":\"https:\/\/portaltela.pt\/noticias\/2026\/03\/30\/ministro-da-educacao-admite-que-nem-todos-os-alunos-sem-professor-tem-aulas\/\"},\"author\":{\"name\":\"Telinha\",\"@id\":\"https:\/\/portaltela.pt\/#\/schema\/person\/c4278d4a6028830caff9ee44b42d32ed\"},\"headline\":\"Ministro da Educa\u00e7\u00e3o admite que nem todos os alunos sem professor t\u00eam aulas\",\"datePublished\":\"2026-03-30T16:05:00+00:00\",\"mainEntityOfPage\":{\"@id\":\"https:\/\/portaltela.pt\/noticias\/2026\/03\/30\/ministro-da-educacao-admite-que-nem-todos-os-alunos-sem-professor-tem-aulas\/\"},\"wordCount\":62,\"image\":{\"@id\":\"https:\/\/portaltela.pt\/noticias\/2026\/03\/30\/ministro-da-educacao-admite-que-nem-todos-os-alunos-sem-professor-tem-aulas\/#primaryimage\"},\"thumbnailUrl\":\"https:\/\/portaltela.pt\/s.01k8rhncp4jt1\/2026\/03\/CACHE_780X1200_ANALOG_WATERMARKED_46730985_5102485_11032026011510.jpg\",\"keywords\":[\"alunos\",\"educa\u00e7\u00e3o\",\"educa\u00e7\u00e3o p\u00fablica\",\"pol\u00edtica p\u00fablica\",\"professores\"],\"articleSection\":[\"Not\u00edcias\",\"Pol\u00edtica\"],\"inLanguage\":\"pt-PT\"},{\"@type\":\"WebPage\",\"@id\":\"https:\/\/portaltela.pt\/noticias\/2026\/03\/30\/ministro-da-educacao-admite-que-nem-todos-os-alunos-sem-professor-tem-aulas\/\",\"url\":\"https:\/\/portaltela.pt\/noticias\/2026\/03\/30\/ministro-da-educacao-admite-que-nem-todos-os-alunos-sem-professor-tem-aulas\/\",\"name\":\"Ministro da Educa\u00e7\u00e3o admite que nem todos os alunos sem professor t\u00eam aulas - Portal Tela Portugal\",\"isPartOf\":{\"@id\":\"https:\/\/portaltela.pt\/#website\"},\"primaryImageOfPage\":{\"@id\":\"https:\/\/portaltela.pt\/noticias\/2026\/03\/30\/ministro-da-educacao-admite-que-nem-todos-os-alunos-sem-professor-tem-aulas\/#primaryimage\"},\"image\":{\"@id\":\"https:\/\/portaltela.pt\/noticias\/2026\/03\/30\/ministro-da-educacao-admite-que-nem-todos-os-alunos-sem-professor-tem-aulas\/#primaryimage\"},\"thumbnailUrl\":\"https:\/\/portaltela.pt\/s.01k8rhncp4jt1\/2026\/03\/CACHE_780X1200_ANALOG_WATERMARKED_46730985_5102485_11032026011510.jpg\",\"datePublished\":\"2026-03-30T16:05:00+00:00\",\"author\":{\"@id\":\"https:\/\/portaltela.pt\/#\/schema\/person\/c4278d4a6028830caff9ee44b42d32ed\"},\"breadcrumb\":{\"@id\":\"https:\/\/portaltela.pt\/noticias\/2026\/03\/30\/ministro-da-educacao-admite-que-nem-todos-os-alunos-sem-professor-tem-aulas\/#breadcrumb\"},\"inLanguage\":\"pt-PT\",\"potentialAction\":[{\"@type\":\"ReadAction\",\"target\":[\"https:\/\/portaltela.pt\/noticias\/2026\/03\/30\/ministro-da-educacao-admite-que-nem-todos-os-alunos-sem-professor-tem-aulas\/\"]}]},{\"@type\":\"ImageObject\",\"inLanguage\":\"pt-PT\",\"@id\":\"https:\/\/portaltela.pt\/noticias\/2026\/03\/30\/ministro-da-educacao-admite-que-nem-todos-os-alunos-sem-professor-tem-aulas\/#primaryimage\",\"url\":\"https:\/\/portaltela.pt\/s.01k8rhncp4jt1\/2026\/03\/CACHE_780X1200_ANALOG_WATERMARKED_46730985_5102485_11032026011510.jpg\",\"contentUrl\":\"https:\/\/portaltela.pt\/s.01k8rhncp4jt1\/2026\/03\/CACHE_780X1200_ANALOG_WATERMARKED_46730985_5102485_11032026011510.jpg\",\"width\":768,\"height\":512,\"caption\":\"Ministro da Educa\u00e7\u00e3o admite que nem todos os alunos sem professor t\u00eam aulas\"},{\"@type\":\"BreadcrumbList\",\"@id\":\"https:\/\/portaltela.pt\/noticias\/2026\/03\/30\/ministro-da-educacao-admite-que-nem-todos-os-alunos-sem-professor-tem-aulas\/#breadcrumb\",\"itemListElement\":[{\"@type\":\"ListItem\",\"position\":1,\"name\":\"In\u00edcio\",\"item\":\"https:\/\/portaltela.pt\/\"},{\"@type\":\"ListItem\",\"position\":2,\"name\":\"Ministro da Educa\u00e7\u00e3o admite que nem todos os alunos sem professor t\u00eam aulas\"}]},{\"@type\":\"WebSite\",\"@id\":\"https:\/\/portaltela.pt\/#website\",\"url\":\"https:\/\/portaltela.pt\/\",\"name\":\"Portal Tela Portugal\",\"description\":\"\",\"potentialAction\":[{\"@type\":\"SearchAction\",\"target\":{\"@type\":\"EntryPoint\",\"urlTemplate\":\"https:\/\/portaltela.pt\/?s={search_term_string}\"},\"query-input\":{\"@type\":\"PropertyValueSpecification\",\"valueRequired\":true,\"valueName\":\"search_term_string\"}}],\"inLanguage\":\"pt-PT\"},{\"@type\":\"Person\",\"@id\":\"https:\/\/portaltela.pt\/#\/schema\/person\/c4278d4a6028830caff9ee44b42d32ed\",\"name\":\"Telinha\",\"image\":{\"@type\":\"ImageObject\",\"inLanguage\":\"pt-PT\",\"@id\":\"https:\/\/portaltela.pt\/s.01k8rhncp4jt1\/2025\/11\/talking-bot-125x125.png\",\"url\":\"https:\/\/portaltela.pt\/s.01k8rhncp4jt1\/2025\/11\/talking-bot-125x125.png\",\"contentUrl\":\"https:\/\/portaltela.pt\/s.01k8rhncp4jt1\/2025\/11\/talking-bot-125x125.png\",\"caption\":\"Telinha\"},\"sameAs\":[\"https:\/\/portaltela.pt\/\"],\"url\":\"https:\/\/portaltela.pt\/por\/367410592786\/\"}]}<\/script>\n<!-- \/ Yoast SEO plugin. -->","yoast_head_json":{"title":"Ministro da Educa\u00e7\u00e3o admite que nem todos os alunos sem professor t\u00eam aulas - Portal Tela Portugal","robots":{"index":"index","follow":"follow","max-snippet":"max-snippet:-1","max-image-preview":"max-image-preview:large","max-video-preview":"max-video-preview:-1"},"og_locale":"pt_PT","og_type":"article","og_title":"Ministro da Educa\u00e7\u00e3o admite que nem todos os alunos sem professor t\u00eam aulas - Portal Tela Portugal","og_description":"O Ministro da Educa\u00e7\u00e3o admitiu que nem todos os alunos sem professor t\u00eam aulas. A not\u00edcia completa est\u00e1 dispon\u00edvel apenas para subscritores. O resumo n\u00e3o apresenta dados adicionais no conte\u00fado acess\u00edvel. N\u00e3o foram fornecidos detalhes sobre as regi\u00f5es ou o impacto desta situa\u00e7\u00e3o.","og_url":"https:\/\/portaltela.pt\/noticias\/2026\/03\/30\/ministro-da-educacao-admite-que-nem-todos-os-alunos-sem-professor-tem-aulas\/","og_site_name":"Portal Tela Portugal","article_published_time":"2026-03-30T16:05:00+00:00","author":"Telinha","twitter_card":"summary_large_image","twitter_misc":{"Escrito por":"Telinha"},"schema":{"@context":"https:\/\/schema.org","@graph":[{"@type":"Article","@id":"https:\/\/portaltela.pt\/noticias\/2026\/03\/30\/ministro-da-educacao-admite-que-nem-todos-os-alunos-sem-professor-tem-aulas\/#article","isPartOf":{"@id":"https:\/\/portaltela.pt\/noticias\/2026\/03\/30\/ministro-da-educacao-admite-que-nem-todos-os-alunos-sem-professor-tem-aulas\/"},"author":{"name":"Telinha","@id":"https:\/\/portaltela.pt\/#\/schema\/person\/c4278d4a6028830caff9ee44b42d32ed"},"headline":"Ministro da Educa\u00e7\u00e3o admite que nem todos os alunos sem professor t\u00eam aulas","datePublished":"2026-03-30T16:05:00+00:00","mainEntityOfPage":{"@id":"https:\/\/portaltela.pt\/noticias\/2026\/03\/30\/ministro-da-educacao-admite-que-nem-todos-os-alunos-sem-professor-tem-aulas\/"},"wordCount":62,"image":{"@id":"https:\/\/portaltela.pt\/noticias\/2026\/03\/30\/ministro-da-educacao-admite-que-nem-todos-os-alunos-sem-professor-tem-aulas\/#primaryimage"},"thumbnailUrl":"https:\/\/portaltela.pt\/s.01k8rhncp4jt1\/2026\/03\/CACHE_780X1200_ANALOG_WATERMARKED_46730985_5102485_11032026011510.jpg","keywords":["alunos","educa\u00e7\u00e3o","educa\u00e7\u00e3o p\u00fablica","pol\u00edtica p\u00fablica","professores"],"articleSection":["Not\u00edcias","Pol\u00edtica"],"inLanguage":"pt-PT"},{"@type":"WebPage","@id":"https:\/\/portaltela.pt\/noticias\/2026\/03\/30\/ministro-da-educacao-admite-que-nem-todos-os-alunos-sem-professor-tem-aulas\/","url":"https:\/\/portaltela.pt\/noticias\/2026\/03\/30\/ministro-da-educacao-admite-que-nem-todos-os-alunos-sem-professor-tem-aulas\/","name":"Ministro da Educa\u00e7\u00e3o admite que nem todos os alunos sem professor t\u00eam aulas - Portal Tela Portugal","isPartOf":{"@id":"https:\/\/portaltela.pt\/#website"},"primaryImageOfPage":{"@id":"https:\/\/portaltela.pt\/noticias\/2026\/03\/30\/ministro-da-educacao-admite-que-nem-todos-os-alunos-sem-professor-tem-aulas\/#primaryimage"},"image":{"@id":"https:\/\/portaltela.pt\/noticias\/2026\/03\/30\/ministro-da-educacao-admite-que-nem-todos-os-alunos-sem-professor-tem-aulas\/#primaryimage"},"thumbnailUrl":"https:\/\/portaltela.pt\/s.01k8rhncp4jt1\/2026\/03\/CACHE_780X1200_ANALOG_WATERMARKED_46730985_5102485_11032026011510.jpg","datePublished":"2026-03-30T16:05:00+00:00","author":{"@id":"https:\/\/portaltela.pt\/#\/schema\/person\/c4278d4a6028830caff9ee44b42d32ed"},"breadcrumb":{"@id":"https:\/\/portaltela.pt\/noticias\/2026\/03\/30\/ministro-da-educacao-admite-que-nem-todos-os-alunos-sem-professor-tem-aulas\/#breadcrumb"},"inLanguage":"pt-PT","potentialAction":[{"@type":"ReadAction","target":["https:\/\/portaltela.pt\/noticias\/2026\/03\/30\/ministro-da-educacao-admite-que-nem-todos-os-alunos-sem-professor-tem-aulas\/"]}]},{"@type":"ImageObject","inLanguage":"pt-PT","@id":"https:\/\/portaltela.pt\/noticias\/2026\/03\/30\/ministro-da-educacao-admite-que-nem-todos-os-alunos-sem-professor-tem-aulas\/#primaryimage","url":"https:\/\/portaltela.pt\/s.01k8rhncp4jt1\/2026\/03\/CACHE_780X1200_ANALOG_WATERMARKED_46730985_5102485_11032026011510.jpg","contentUrl":"https:\/\/portaltela.pt\/s.01k8rhncp4jt1\/2026\/03\/CACHE_780X1200_ANALOG_WATERMARKED_46730985_5102485_11032026011510.jpg","width":768,"height":512,"caption":"Ministro da Educa\u00e7\u00e3o admite que nem todos os alunos sem professor t\u00eam aulas"},{"@type":"BreadcrumbList","@id":"https:\/\/portaltela.pt\/noticias\/2026\/03\/30\/ministro-da-educacao-admite-que-nem-todos-os-alunos-sem-professor-tem-aulas\/#breadcrumb","itemListElement":[{"@type":"ListItem","position":1,"name":"In\u00edcio","item":"https:\/\/portaltela.pt\/"},{"@type":"ListItem","position":2,"name":"Ministro da Educa\u00e7\u00e3o admite que nem todos os alunos sem professor t\u00eam aulas"}]},{"@type":"WebSite","@id":"https:\/\/portaltela.pt\/#website","url":"https:\/\/portaltela.pt\/","name":"Portal Tela Portugal","description":"","potentialAction":[{"@type":"SearchAction","target":{"@type":"EntryPoint","urlTemplate":"https:\/\/portaltela.pt\/?s={search_term_string}"},"query-input":{"@type":"PropertyValueSpecification","valueRequired":true,"valueName":"search_term_string"}}],"inLanguage":"pt-PT"},{"@type":"Person","@id":"https:\/\/portaltela.pt\/#\/schema\/person\/c4278d4a6028830caff9ee44b42d32ed","name":"Telinha","image":{"@type":"ImageObject","inLanguage":"pt-PT","@id":"https:\/\/portaltela.pt\/s.01k8rhncp4jt1\/2025\/11\/talking-bot-125x125.png","url":"https:\/\/portaltela.pt\/s.01k8rhncp4jt1\/2025\/11\/talking-bot-125x125.png","contentUrl":"https:\/\/portaltela.pt\/s.01k8rhncp4jt1\/2025\/11\/talking-bot-125x125.png","caption":"Telinha"},"sameAs":["https:\/\/portaltela.pt\/"],"url":"https:\/\/portaltela.pt\/por\/367410592786\/"}]}},"_links":{"self":[{"href":"https:\/\/portaltela.pt\/api\/wp\/v2\/posts\/427241","targetHints":{"allow":["GET"]}}],"collection":[{"href":"https:\/\/portaltela.pt\/api\/wp\/v2\/posts"}],"about":[{"href":"https:\/\/portaltela.pt\/api\/wp\/v2\/types\/post"}],"author":[{"embeddable":true,"href":"https:\/\/portaltela.pt\/api\/wp\/v2\/users\/2"}],"replies":[{"embeddable":true,"href":"https:\/\/portaltela.pt\/api\/wp\/v2\/comments?post=427241"}],"version-history":[{"count":0,"href":"https:\/\/portaltela.pt\/api\/wp\/v2\/posts\/427241\/revisions"}],"wp:featuredmedia":[{"embeddable":true,"href":"https:\/\/portaltela.pt\/api\/wp\/v2\/media\/427242"}],"wp:attachment":[{"href":"https:\/\/portaltela.pt\/api\/wp\/v2\/media?parent=427241"}],"wp:term":[{"taxonomy":"category","embeddable":true,"href":"https:\/\/portaltela.pt\/api\/wp\/v2\/categories?post=427241"},{"taxonomy":"post_tag","embeddable":true,"href":"https:\/\/portaltela.pt\/api\/wp\/v2\/tags?post=427241"}],"curies":[{"name":"wp","href":"https:\/\/api.w.org\/{rel}","templated":true}]}}