{"id":427232,"date":"2026-03-30T14:02:34","date_gmt":"2026-03-30T17:02:34","guid":{"rendered":"https:\/\/portaltela.pt\/noticias\/2026\/03\/30\/pacto-pela-saida-de-hjulmand-pote-no-mercado-e-maxi-fim-de-ciclo-no-sporting\/"},"modified":"2026-03-30T14:02:34","modified_gmt":"2026-03-30T17:02:34","slug":"pacto-pela-saida-de-hjulmand-pote-no-mercado-e-maxi-fim-de-ciclo-no-sporting","status":"publish","type":"post","link":"https:\/\/portaltela.pt\/desporto\/futebol\/2026\/03\/30\/pacto-pela-saida-de-hjulmand-pote-no-mercado-e-maxi-fim-de-ciclo-no-sporting\/","title":{"rendered":"Pacto pela sa\u00edda de Hjulmand, Pote no mercado e Maxi fim de ciclo no Sporting"},"content":{"rendered":"<p>O Sporting est\u00e1 a preparar uma nova fase, com altera\u00e7\u00f5es no plantel para a \u00e9poca 2026\/2027. Segundo o Record, h\u00e1 um pacto para a sa\u00edda de Hjulmand, ao fim da presente temporada, e Pote encontra-se no mercado de transfer\u00eancias. Maxi pode terminar o seu ciclo no clube, mas a decis\u00e3o ainda n\u00e3o est\u00e1 tomada.<\/p>\n<p>A sa\u00edda de Hjulmand \u00e9 vista como oportunidade de renovar o meio-campo, fortalecendo o equil\u00edbrio da equipa. Pote \u00e9 um jogador desejado por v\u00e1rios clubes, o que pode gerar receitas relevantes para o clube.<\/p>\n<p>Quanto a Maxi, o caminho depende de negocia\u00e7\u00f5es e do interesse de terceiros. A dire\u00e7\u00e3o leonina pretende manter um projeto de sucesso, mas reconhece a necessidade de ajustar o plantel \u00e0s ambi\u00e7\u00f5es do clube.<\/p>\n<h3>Estrutura e objetivos do mercado<\/h3>\n<p>O clube acompanha o mercado e procura refor\u00e7os que contribuam para a competitividade. A inten\u00e7\u00e3o \u00e9 manter a continuidade desportiva sem perder a identidade do conjunto.<\/p>\n<h3>Contexto de decis\u00e3o<\/h3>\n<p>A equipa t\u00e9cnica e a dire\u00e7\u00e3o avaliam cen\u00e1rios de investimento e sa\u00edda de ativos, com foco na evolu\u00e7\u00e3o da equipa para a pr\u00f3xima temporada. O objetivo \u00e9 manter o rendimento e o n\u00edvel competitivo do Sporting.<\/p>\n","protected":false},"excerpt":{"rendered":"<ul>\n<li>O Sporting tem um pacto para a sa\u00edda de Hjulmand ao final da presente temporada.<\/li>\n<li>Pote est\u00e1 no mercado de transfer\u00eancias, com poss\u00edveis interessados e possibilidade de gerar receitas.<\/li>\n<li>Maxi pode estar a chegar ao fim do seu ciclo no clube, dependendo de negocia\u00e7\u00f5es e do interesse de outros clubes.<\/li>\n<li>A equipa procura refor\u00e7ar o plantel com atletas que tragam mais equil\u00edbrio e qualidade.<\/li>\n<li>A dire\u00e7\u00e3o quer manter o ciclo vitorioso, mas reconhece a necessidade de mudan\u00e7as para evoluir e manter a competitividade.<\/li>\n<\/ul>\n","protected":false},"author":2,"featured_media":427235,"comment_status":"closed","ping_status":"closed","sticky":false,"template":"","format":"standard","meta":{"footnotes":""},"categories":[21,24],"tags":[2219,32,316,50,1652,2050],"class_list":["post-427232","post","type-post","status-publish","format-standard","has-post-thumbnail","hentry","category-desporto","category-futebol","tag-contratacoes","tag-futebol","tag-investimento","tag-mercado-da-bola","tag-sporting","tag-transferencias"],"yoast_head":"<!-- This site is optimized with the Yoast SEO plugin v27.2 - https:\/\/yoast.com\/product\/yoast-seo-wordpress\/ -->\n<title>Pacto pela sa\u00edda de Hjulmand, Pote no mercado e Maxi fim de ciclo no Sporting - Portal Tela Portugal<\/title>\n<meta name=\"robots\" content=\"index, follow, max-snippet:-1, max-image-preview:large, max-video-preview:-1\" \/>\n<meta property=\"og:locale\" content=\"pt_PT\" \/>\n<meta property=\"og:type\" content=\"article\" \/>\n<meta property=\"og:title\" content=\"Pacto pela sa\u00edda de Hjulmand, Pote no mercado e Maxi fim de ciclo no Sporting - Portal Tela Portugal\" \/>\n<meta property=\"og:description\" content=\"O Sporting tem um pacto para a sa\u00edda de Hjulmand ao final da presente temporada. Pote est\u00e1 no mercado de transfer\u00eancias, com poss\u00edveis interessados e possibilidade de gerar receitas. Maxi pode estar a chegar ao fim do seu ciclo no clube, dependendo de negocia\u00e7\u00f5es e do interesse de outros clubes. A equipa procura refor\u00e7ar o plantel com atletas que tragam mais equil\u00edbrio e qualidade. A dire\u00e7\u00e3o quer manter o ciclo vitorioso, mas reconhece a necessidade de mudan\u00e7as para evoluir e manter a competitividade.\" \/>\n<meta property=\"og:url\" content=\"https:\/\/portaltela.pt\/noticias\/2026\/03\/30\/pacto-pela-saida-de-hjulmand-pote-no-mercado-e-maxi-fim-de-ciclo-no-sporting\/\" \/>\n<meta property=\"og:site_name\" content=\"Portal Tela Portugal\" \/>\n<meta property=\"article:published_time\" content=\"2026-03-30T17:02:34+00:00\" \/>\n<meta name=\"author\" content=\"Telinha\" \/>\n<meta name=\"twitter:card\" content=\"summary_large_image\" \/>\n<meta name=\"twitter:label1\" content=\"Escrito por\" \/>\n\t<meta name=\"twitter:data1\" content=\"Telinha\" \/>\n\t<meta name=\"twitter:label2\" content=\"Tempo estimado de leitura\" \/>\n\t<meta name=\"twitter:data2\" content=\"1 minuto\" \/>\n<script type=\"application\/ld+json\" class=\"yoast-schema-graph\">{\"@context\":\"https:\/\/schema.org\",\"@graph\":[{\"@type\":\"Article\",\"@id\":\"https:\/\/portaltela.pt\/noticias\/2026\/03\/30\/pacto-pela-saida-de-hjulmand-pote-no-mercado-e-maxi-fim-de-ciclo-no-sporting\/#article\",\"isPartOf\":{\"@id\":\"https:\/\/portaltela.pt\/noticias\/2026\/03\/30\/pacto-pela-saida-de-hjulmand-pote-no-mercado-e-maxi-fim-de-ciclo-no-sporting\/\"},\"author\":{\"name\":\"Telinha\",\"@id\":\"https:\/\/portaltela.pt\/#\/schema\/person\/c4278d4a6028830caff9ee44b42d32ed\"},\"headline\":\"Pacto pela sa\u00edda de Hjulmand, Pote no mercado e Maxi fim de ciclo no Sporting\",\"datePublished\":\"2026-03-30T17:02:34+00:00\",\"mainEntityOfPage\":{\"@id\":\"https:\/\/portaltela.pt\/noticias\/2026\/03\/30\/pacto-pela-saida-de-hjulmand-pote-no-mercado-e-maxi-fim-de-ciclo-no-sporting\/\"},\"wordCount\":224,\"image\":{\"@id\":\"https:\/\/portaltela.pt\/noticias\/2026\/03\/30\/pacto-pela-saida-de-hjulmand-pote-no-mercado-e-maxi-fim-de-ciclo-no-sporting\/#primaryimage\"},\"thumbnailUrl\":\"https:\/\/portaltela.pt\/s.01k8rhncp4jt1\/2026\/03\/img_1200x721uu2026-03-29-16-47-04-2429993.jpg\",\"keywords\":[\"contrata\u00e7\u00f5es\",\"futebol\",\"investimento\",\"mercado da bola\",\"Sporting\",\"transfer\u00eancias\"],\"articleSection\":[\"Desporto\",\"Futebol\"],\"inLanguage\":\"pt-PT\"},{\"@type\":\"WebPage\",\"@id\":\"https:\/\/portaltela.pt\/noticias\/2026\/03\/30\/pacto-pela-saida-de-hjulmand-pote-no-mercado-e-maxi-fim-de-ciclo-no-sporting\/\",\"url\":\"https:\/\/portaltela.pt\/noticias\/2026\/03\/30\/pacto-pela-saida-de-hjulmand-pote-no-mercado-e-maxi-fim-de-ciclo-no-sporting\/\",\"name\":\"Pacto pela sa\u00edda de Hjulmand, Pote no mercado e Maxi fim de ciclo no Sporting - Portal Tela Portugal\",\"isPartOf\":{\"@id\":\"https:\/\/portaltela.pt\/#website\"},\"primaryImageOfPage\":{\"@id\":\"https:\/\/portaltela.pt\/noticias\/2026\/03\/30\/pacto-pela-saida-de-hjulmand-pote-no-mercado-e-maxi-fim-de-ciclo-no-sporting\/#primaryimage\"},\"image\":{\"@id\":\"https:\/\/portaltela.pt\/noticias\/2026\/03\/30\/pacto-pela-saida-de-hjulmand-pote-no-mercado-e-maxi-fim-de-ciclo-no-sporting\/#primaryimage\"},\"thumbnailUrl\":\"https:\/\/portaltela.pt\/s.01k8rhncp4jt1\/2026\/03\/img_1200x721uu2026-03-29-16-47-04-2429993.jpg\",\"datePublished\":\"2026-03-30T17:02:34+00:00\",\"author\":{\"@id\":\"https:\/\/portaltela.pt\/#\/schema\/person\/c4278d4a6028830caff9ee44b42d32ed\"},\"breadcrumb\":{\"@id\":\"https:\/\/portaltela.pt\/noticias\/2026\/03\/30\/pacto-pela-saida-de-hjulmand-pote-no-mercado-e-maxi-fim-de-ciclo-no-sporting\/#breadcrumb\"},\"inLanguage\":\"pt-PT\",\"potentialAction\":[{\"@type\":\"ReadAction\",\"target\":[\"https:\/\/portaltela.pt\/noticias\/2026\/03\/30\/pacto-pela-saida-de-hjulmand-pote-no-mercado-e-maxi-fim-de-ciclo-no-sporting\/\"]}]},{\"@type\":\"ImageObject\",\"inLanguage\":\"pt-PT\",\"@id\":\"https:\/\/portaltela.pt\/noticias\/2026\/03\/30\/pacto-pela-saida-de-hjulmand-pote-no-mercado-e-maxi-fim-de-ciclo-no-sporting\/#primaryimage\",\"url\":\"https:\/\/portaltela.pt\/s.01k8rhncp4jt1\/2026\/03\/img_1200x721uu2026-03-29-16-47-04-2429993.jpg\",\"contentUrl\":\"https:\/\/portaltela.pt\/s.01k8rhncp4jt1\/2026\/03\/img_1200x721uu2026-03-29-16-47-04-2429993.jpg\",\"width\":796,\"height\":448,\"caption\":\"V\u00edtor Almeida Gon\u00e7alves e Bruno Fernandes contam os planos do Sporting para o mercado na prepara\u00e7\u00e3o para a \u00e9poca 2026\/2027.\"},{\"@type\":\"BreadcrumbList\",\"@id\":\"https:\/\/portaltela.pt\/noticias\/2026\/03\/30\/pacto-pela-saida-de-hjulmand-pote-no-mercado-e-maxi-fim-de-ciclo-no-sporting\/#breadcrumb\",\"itemListElement\":[{\"@type\":\"ListItem\",\"position\":1,\"name\":\"In\u00edcio\",\"item\":\"https:\/\/portaltela.pt\/\"},{\"@type\":\"ListItem\",\"position\":2,\"name\":\"Pacto pela sa\u00edda de Hjulmand, Pote no mercado e Maxi fim de ciclo no Sporting\"}]},{\"@type\":\"WebSite\",\"@id\":\"https:\/\/portaltela.pt\/#website\",\"url\":\"https:\/\/portaltela.pt\/\",\"name\":\"Portal Tela Portugal\",\"description\":\"\",\"potentialAction\":[{\"@type\":\"SearchAction\",\"target\":{\"@type\":\"EntryPoint\",\"urlTemplate\":\"https:\/\/portaltela.pt\/?s={search_term_string}\"},\"query-input\":{\"@type\":\"PropertyValueSpecification\",\"valueRequired\":true,\"valueName\":\"search_term_string\"}}],\"inLanguage\":\"pt-PT\"},{\"@type\":\"Person\",\"@id\":\"https:\/\/portaltela.pt\/#\/schema\/person\/c4278d4a6028830caff9ee44b42d32ed\",\"name\":\"Telinha\",\"image\":{\"@type\":\"ImageObject\",\"inLanguage\":\"pt-PT\",\"@id\":\"https:\/\/portaltela.pt\/s.01k8rhncp4jt1\/2025\/11\/talking-bot-125x125.png\",\"url\":\"https:\/\/portaltela.pt\/s.01k8rhncp4jt1\/2025\/11\/talking-bot-125x125.png\",\"contentUrl\":\"https:\/\/portaltela.pt\/s.01k8rhncp4jt1\/2025\/11\/talking-bot-125x125.png\",\"caption\":\"Telinha\"},\"sameAs\":[\"https:\/\/portaltela.pt\/\"],\"url\":\"https:\/\/portaltela.pt\/por\/367410592786\/\"}]}<\/script>\n<!-- \/ Yoast SEO plugin. -->","yoast_head_json":{"title":"Pacto pela sa\u00edda de Hjulmand, Pote no mercado e Maxi fim de ciclo no Sporting - Portal Tela Portugal","robots":{"index":"index","follow":"follow","max-snippet":"max-snippet:-1","max-image-preview":"max-image-preview:large","max-video-preview":"max-video-preview:-1"},"og_locale":"pt_PT","og_type":"article","og_title":"Pacto pela sa\u00edda de Hjulmand, Pote no mercado e Maxi fim de ciclo no Sporting - Portal Tela Portugal","og_description":"O Sporting tem um pacto para a sa\u00edda de Hjulmand ao final da presente temporada. Pote est\u00e1 no mercado de transfer\u00eancias, com poss\u00edveis interessados e possibilidade de gerar receitas. Maxi pode estar a chegar ao fim do seu ciclo no clube, dependendo de negocia\u00e7\u00f5es e do interesse de outros clubes. A equipa procura refor\u00e7ar o plantel com atletas que tragam mais equil\u00edbrio e qualidade. A dire\u00e7\u00e3o quer manter o ciclo vitorioso, mas reconhece a necessidade de mudan\u00e7as para evoluir e manter a competitividade.","og_url":"https:\/\/portaltela.pt\/noticias\/2026\/03\/30\/pacto-pela-saida-de-hjulmand-pote-no-mercado-e-maxi-fim-de-ciclo-no-sporting\/","og_site_name":"Portal Tela Portugal","article_published_time":"2026-03-30T17:02:34+00:00","author":"Telinha","twitter_card":"summary_large_image","twitter_misc":{"Escrito por":"Telinha","Tempo estimado de leitura":"1 minuto"},"schema":{"@context":"https:\/\/schema.org","@graph":[{"@type":"Article","@id":"https:\/\/portaltela.pt\/noticias\/2026\/03\/30\/pacto-pela-saida-de-hjulmand-pote-no-mercado-e-maxi-fim-de-ciclo-no-sporting\/#article","isPartOf":{"@id":"https:\/\/portaltela.pt\/noticias\/2026\/03\/30\/pacto-pela-saida-de-hjulmand-pote-no-mercado-e-maxi-fim-de-ciclo-no-sporting\/"},"author":{"name":"Telinha","@id":"https:\/\/portaltela.pt\/#\/schema\/person\/c4278d4a6028830caff9ee44b42d32ed"},"headline":"Pacto pela sa\u00edda de Hjulmand, Pote no mercado e Maxi fim de ciclo no Sporting","datePublished":"2026-03-30T17:02:34+00:00","mainEntityOfPage":{"@id":"https:\/\/portaltela.pt\/noticias\/2026\/03\/30\/pacto-pela-saida-de-hjulmand-pote-no-mercado-e-maxi-fim-de-ciclo-no-sporting\/"},"wordCount":224,"image":{"@id":"https:\/\/portaltela.pt\/noticias\/2026\/03\/30\/pacto-pela-saida-de-hjulmand-pote-no-mercado-e-maxi-fim-de-ciclo-no-sporting\/#primaryimage"},"thumbnailUrl":"https:\/\/portaltela.pt\/s.01k8rhncp4jt1\/2026\/03\/img_1200x721uu2026-03-29-16-47-04-2429993.jpg","keywords":["contrata\u00e7\u00f5es","futebol","investimento","mercado da bola","Sporting","transfer\u00eancias"],"articleSection":["Desporto","Futebol"],"inLanguage":"pt-PT"},{"@type":"WebPage","@id":"https:\/\/portaltela.pt\/noticias\/2026\/03\/30\/pacto-pela-saida-de-hjulmand-pote-no-mercado-e-maxi-fim-de-ciclo-no-sporting\/","url":"https:\/\/portaltela.pt\/noticias\/2026\/03\/30\/pacto-pela-saida-de-hjulmand-pote-no-mercado-e-maxi-fim-de-ciclo-no-sporting\/","name":"Pacto pela sa\u00edda de Hjulmand, Pote no mercado e Maxi fim de ciclo no Sporting - Portal Tela Portugal","isPartOf":{"@id":"https:\/\/portaltela.pt\/#website"},"primaryImageOfPage":{"@id":"https:\/\/portaltela.pt\/noticias\/2026\/03\/30\/pacto-pela-saida-de-hjulmand-pote-no-mercado-e-maxi-fim-de-ciclo-no-sporting\/#primaryimage"},"image":{"@id":"https:\/\/portaltela.pt\/noticias\/2026\/03\/30\/pacto-pela-saida-de-hjulmand-pote-no-mercado-e-maxi-fim-de-ciclo-no-sporting\/#primaryimage"},"thumbnailUrl":"https:\/\/portaltela.pt\/s.01k8rhncp4jt1\/2026\/03\/img_1200x721uu2026-03-29-16-47-04-2429993.jpg","datePublished":"2026-03-30T17:02:34+00:00","author":{"@id":"https:\/\/portaltela.pt\/#\/schema\/person\/c4278d4a6028830caff9ee44b42d32ed"},"breadcrumb":{"@id":"https:\/\/portaltela.pt\/noticias\/2026\/03\/30\/pacto-pela-saida-de-hjulmand-pote-no-mercado-e-maxi-fim-de-ciclo-no-sporting\/#breadcrumb"},"inLanguage":"pt-PT","potentialAction":[{"@type":"ReadAction","target":["https:\/\/portaltela.pt\/noticias\/2026\/03\/30\/pacto-pela-saida-de-hjulmand-pote-no-mercado-e-maxi-fim-de-ciclo-no-sporting\/"]}]},{"@type":"ImageObject","inLanguage":"pt-PT","@id":"https:\/\/portaltela.pt\/noticias\/2026\/03\/30\/pacto-pela-saida-de-hjulmand-pote-no-mercado-e-maxi-fim-de-ciclo-no-sporting\/#primaryimage","url":"https:\/\/portaltela.pt\/s.01k8rhncp4jt1\/2026\/03\/img_1200x721uu2026-03-29-16-47-04-2429993.jpg","contentUrl":"https:\/\/portaltela.pt\/s.01k8rhncp4jt1\/2026\/03\/img_1200x721uu2026-03-29-16-47-04-2429993.jpg","width":796,"height":448,"caption":"V\u00edtor Almeida Gon\u00e7alves e Bruno Fernandes contam os planos do Sporting para o mercado na prepara\u00e7\u00e3o para a \u00e9poca 2026\/2027."},{"@type":"BreadcrumbList","@id":"https:\/\/portaltela.pt\/noticias\/2026\/03\/30\/pacto-pela-saida-de-hjulmand-pote-no-mercado-e-maxi-fim-de-ciclo-no-sporting\/#breadcrumb","itemListElement":[{"@type":"ListItem","position":1,"name":"In\u00edcio","item":"https:\/\/portaltela.pt\/"},{"@type":"ListItem","position":2,"name":"Pacto pela sa\u00edda de Hjulmand, Pote no mercado e Maxi fim de ciclo no Sporting"}]},{"@type":"WebSite","@id":"https:\/\/portaltela.pt\/#website","url":"https:\/\/portaltela.pt\/","name":"Portal Tela Portugal","description":"","potentialAction":[{"@type":"SearchAction","target":{"@type":"EntryPoint","urlTemplate":"https:\/\/portaltela.pt\/?s={search_term_string}"},"query-input":{"@type":"PropertyValueSpecification","valueRequired":true,"valueName":"search_term_string"}}],"inLanguage":"pt-PT"},{"@type":"Person","@id":"https:\/\/portaltela.pt\/#\/schema\/person\/c4278d4a6028830caff9ee44b42d32ed","name":"Telinha","image":{"@type":"ImageObject","inLanguage":"pt-PT","@id":"https:\/\/portaltela.pt\/s.01k8rhncp4jt1\/2025\/11\/talking-bot-125x125.png","url":"https:\/\/portaltela.pt\/s.01k8rhncp4jt1\/2025\/11\/talking-bot-125x125.png","contentUrl":"https:\/\/portaltela.pt\/s.01k8rhncp4jt1\/2025\/11\/talking-bot-125x125.png","caption":"Telinha"},"sameAs":["https:\/\/portaltela.pt\/"],"url":"https:\/\/portaltela.pt\/por\/367410592786\/"}]}},"_links":{"self":[{"href":"https:\/\/portaltela.pt\/api\/wp\/v2\/posts\/427232","targetHints":{"allow":["GET"]}}],"collection":[{"href":"https:\/\/portaltela.pt\/api\/wp\/v2\/posts"}],"about":[{"href":"https:\/\/portaltela.pt\/api\/wp\/v2\/types\/post"}],"author":[{"embeddable":true,"href":"https:\/\/portaltela.pt\/api\/wp\/v2\/users\/2"}],"replies":[{"embeddable":true,"href":"https:\/\/portaltela.pt\/api\/wp\/v2\/comments?post=427232"}],"version-history":[{"count":0,"href":"https:\/\/portaltela.pt\/api\/wp\/v2\/posts\/427232\/revisions"}],"wp:featuredmedia":[{"embeddable":true,"href":"https:\/\/portaltela.pt\/api\/wp\/v2\/media\/427235"}],"wp:attachment":[{"href":"https:\/\/portaltela.pt\/api\/wp\/v2\/media?parent=427232"}],"wp:term":[{"taxonomy":"category","embeddable":true,"href":"https:\/\/portaltela.pt\/api\/wp\/v2\/categories?post=427232"},{"taxonomy":"post_tag","embeddable":true,"href":"https:\/\/portaltela.pt\/api\/wp\/v2\/tags?post=427232"}],"curies":[{"name":"wp","href":"https:\/\/api.w.org\/{rel}","templated":true}]}}