{"id":427217,"date":"2026-03-30T13:47:38","date_gmt":"2026-03-30T16:47:38","guid":{"rendered":"https:\/\/portaltela.pt\/noticias\/2026\/03\/30\/jose-socrates-enfrenta-novo-julgamento-em-15-de-outubro\/"},"modified":"2026-03-30T13:47:38","modified_gmt":"2026-03-30T16:47:38","slug":"jose-socrates-enfrenta-novo-julgamento-em-15-de-outubro","status":"publish","type":"post","link":"https:\/\/portaltela.pt\/noticias\/2026\/03\/30\/jose-socrates-enfrenta-novo-julgamento-em-15-de-outubro\/","title":{"rendered":"Jos\u00e9 S\u00f3crates enfrenta novo julgamento em 15 de outubro"},"content":{"rendered":"<p>Jos\u00e9 S\u00f3crates e Carlos Santos Silva v\u00e3o ser julgados no processo mais pequeno da Opera\u00e7\u00e3o Marqu\u00eas a 15 de outubro. O coletivo ser\u00e1 presidido pelo juiz V\u00edtor Teixeira, que confirmou a data e a composi\u00e7\u00e3o.<\/p>\n<p>O julgamento envolve crimes de falsifica\u00e7\u00e3o de documentos e branqueamento de capitais. A defini\u00e7\u00e3o decorre de uma divis\u00e3o do processo principal, ap\u00f3s decis\u00e3o instrut\u00f3ria de abril de 2021 ter arquivado crimes de corrup\u00e7\u00e3o.<\/p>\n<p>A decis\u00e3o de abrir o julgamento do processo menor foi mantida pelo Tribunal da Rela\u00e7\u00e3o de Lisboa em janeiro de 2024, que ordenou a condena\u00e7\u00e3o de crimes de corrup\u00e7\u00e3o. O processo paralelo correu sem ser integrado ao principal.<\/p>\n<h3>Situa\u00e7\u00e3o processual<\/h3>\n<p>No decorrer do \u00faltimo fim de semana, o juiz Teixeira tornou a manter a tens\u00e3o entre as partes sobre a anexa\u00e7\u00e3o ao processo principal, ap\u00f3s a recusa da ju\u00edza Susana Seca. O Minist\u00e9rio P\u00fablico pediu a jun\u00e7\u00e3o, mas o pedido foi rejeitado.<\/p>\n<p>Na sexta-feira, 28 de mar\u00e7o, Teixeira reuniu-se com os procuradores Rui Real e Nadine Xarope, e com os advogados dos arguidos. Paula Louren\u00e7o atua em nome de Carlos Santos Silva, enquanto Pedro Delille representa Jos\u00e9 S\u00f3crates, ainda que tenha renunciado ao mandato no processo principal.<\/p>\n","protected":false},"excerpt":{"rendered":"<ul>\n<li>Jos\u00e9 S\u00f3crates e Carlos Santos Silva v\u00e3o a julgamento na parte menor da Opera\u00e7\u00e3o Marqu\u00eas a 15 de outubro, por crimes de falsifica\u00e7\u00e3o de documentos e branqueamento de capitais.<\/li>\n<li>O julgamento ser\u00e1 presidido pelo juiz V\u00edtor Teixeira, que comp\u00f5e o coletivo respons\u00e1vel.<\/li>\n<li>A separa\u00e7\u00e3o de processos resulta da decis\u00e3o instrut\u00f3ria de abril de 2021 do juiz Ivo Rosa; em janeiro de 2024 o Tribunal da Rela\u00e7\u00e3o de Lisboa mandou julgar tamb\u00e9m crimes de corrup\u00e7\u00e3o.<\/li>\n<li>O processo menor correu paralelamente ao principal; houve recusa inicial em anex\u00e1-lo ao processo principal, apesar de defesa do Minist\u00e9rio P\u00fablico.<\/li>\n<li>Em 28 de mar\u00e7o houve reuni\u00e3o entre o juiz, procuradores e advogados dos arguidos, com Paula Louren\u00e7o a representar Carlos Santos Silva e Pedro Delille a representar Jos\u00e9 S\u00f3crates (este \u00faltimos mantendo-se com, no caso, altera\u00e7\u00f5es de mandato).<\/li>\n<\/ul>\n","protected":false},"author":2,"featured_media":427218,"comment_status":"closed","ping_status":"closed","sticky":false,"template":"","format":"standard","meta":{"footnotes":""},"categories":[6815,1],"tags":[191,83,6718,5863,803,6208],"class_list":["post-427217","post","type-post","status-publish","format-standard","has-post-thumbnail","hentry","category-justica","category-noticias","tag-branqueamento-de-capitais","tag-corrupcao","tag-falsidade-documental","tag-jose-socrates","tag-justica","tag-tribunais"],"yoast_head":"<!-- This site is optimized with the Yoast SEO plugin v27.2 - https:\/\/yoast.com\/product\/yoast-seo-wordpress\/ -->\n<title>Jos\u00e9 S\u00f3crates enfrenta novo julgamento em 15 de outubro - Portal Tela Portugal<\/title>\n<meta name=\"robots\" content=\"index, follow, max-snippet:-1, max-image-preview:large, max-video-preview:-1\" \/>\n<meta property=\"og:locale\" content=\"pt_PT\" \/>\n<meta property=\"og:type\" content=\"article\" \/>\n<meta property=\"og:title\" content=\"Jos\u00e9 S\u00f3crates enfrenta novo julgamento em 15 de outubro - Portal Tela Portugal\" \/>\n<meta property=\"og:description\" content=\"Jos\u00e9 S\u00f3crates e Carlos Santos Silva v\u00e3o a julgamento na parte menor da Opera\u00e7\u00e3o Marqu\u00eas a 15 de outubro, por crimes de falsifica\u00e7\u00e3o de documentos e branqueamento de capitais. O julgamento ser\u00e1 presidido pelo juiz V\u00edtor Teixeira, que comp\u00f5e o coletivo respons\u00e1vel. A separa\u00e7\u00e3o de processos resulta da decis\u00e3o instrut\u00f3ria de abril de 2021 do juiz Ivo Rosa; em janeiro de 2024 o Tribunal da Rela\u00e7\u00e3o de Lisboa mandou julgar tamb\u00e9m crimes de corrup\u00e7\u00e3o. O processo menor correu paralelamente ao principal; houve recusa inicial em anex\u00e1-lo ao processo principal, apesar de defesa do Minist\u00e9rio P\u00fablico. Em 28 de mar\u00e7o houve reuni\u00e3o entre o juiz, procuradores e advogados dos arguidos, com Paula Louren\u00e7o a representar Carlos Santos Silva e Pedro Delille a representar Jos\u00e9 S\u00f3crates (este \u00faltimos mantendo-se com, no caso, altera\u00e7\u00f5es de mandato).\" \/>\n<meta property=\"og:url\" content=\"https:\/\/portaltela.pt\/noticias\/2026\/03\/30\/jose-socrates-enfrenta-novo-julgamento-em-15-de-outubro\/\" \/>\n<meta property=\"og:site_name\" content=\"Portal Tela Portugal\" \/>\n<meta property=\"article:published_time\" content=\"2026-03-30T16:47:38+00:00\" \/>\n<meta name=\"author\" content=\"Telinha\" \/>\n<meta name=\"twitter:card\" content=\"summary_large_image\" \/>\n<meta name=\"twitter:label1\" content=\"Escrito por\" \/>\n\t<meta name=\"twitter:data1\" content=\"Telinha\" \/>\n\t<meta name=\"twitter:label2\" content=\"Tempo estimado de leitura\" \/>\n\t<meta name=\"twitter:data2\" content=\"1 minuto\" \/>\n<script type=\"application\/ld+json\" class=\"yoast-schema-graph\">{\"@context\":\"https:\/\/schema.org\",\"@graph\":[{\"@type\":\"Article\",\"@id\":\"https:\/\/portaltela.pt\/noticias\/2026\/03\/30\/jose-socrates-enfrenta-novo-julgamento-em-15-de-outubro\/#article\",\"isPartOf\":{\"@id\":\"https:\/\/portaltela.pt\/noticias\/2026\/03\/30\/jose-socrates-enfrenta-novo-julgamento-em-15-de-outubro\/\"},\"author\":{\"name\":\"Telinha\",\"@id\":\"https:\/\/portaltela.pt\/#\/schema\/person\/c4278d4a6028830caff9ee44b42d32ed\"},\"headline\":\"Jos\u00e9 S\u00f3crates enfrenta novo julgamento em 15 de outubro\",\"datePublished\":\"2026-03-30T16:47:38+00:00\",\"mainEntityOfPage\":{\"@id\":\"https:\/\/portaltela.pt\/noticias\/2026\/03\/30\/jose-socrates-enfrenta-novo-julgamento-em-15-de-outubro\/\"},\"wordCount\":228,\"image\":{\"@id\":\"https:\/\/portaltela.pt\/noticias\/2026\/03\/30\/jose-socrates-enfrenta-novo-julgamento-em-15-de-outubro\/#primaryimage\"},\"thumbnailUrl\":\"https:\/\/portaltela.pt\/s.01k8rhncp4jt1\/2026\/03\/img_920x518uu2025-07-08-13-19-14-2375103.jpg\",\"keywords\":[\"branqueamento de capitais\",\"corrup\u00e7\u00e3o\",\"falsidade documental\",\"Jos\u00e9 S\u00f3crates\",\"justi\u00e7a\",\"Tribunais\"],\"articleSection\":[\"Justi\u00e7a\",\"Not\u00edcias\"],\"inLanguage\":\"pt-PT\"},{\"@type\":\"WebPage\",\"@id\":\"https:\/\/portaltela.pt\/noticias\/2026\/03\/30\/jose-socrates-enfrenta-novo-julgamento-em-15-de-outubro\/\",\"url\":\"https:\/\/portaltela.pt\/noticias\/2026\/03\/30\/jose-socrates-enfrenta-novo-julgamento-em-15-de-outubro\/\",\"name\":\"Jos\u00e9 S\u00f3crates enfrenta novo julgamento em 15 de outubro - Portal Tela Portugal\",\"isPartOf\":{\"@id\":\"https:\/\/portaltela.pt\/#website\"},\"primaryImageOfPage\":{\"@id\":\"https:\/\/portaltela.pt\/noticias\/2026\/03\/30\/jose-socrates-enfrenta-novo-julgamento-em-15-de-outubro\/#primaryimage\"},\"image\":{\"@id\":\"https:\/\/portaltela.pt\/noticias\/2026\/03\/30\/jose-socrates-enfrenta-novo-julgamento-em-15-de-outubro\/#primaryimage\"},\"thumbnailUrl\":\"https:\/\/portaltela.pt\/s.01k8rhncp4jt1\/2026\/03\/img_920x518uu2025-07-08-13-19-14-2375103.jpg\",\"datePublished\":\"2026-03-30T16:47:38+00:00\",\"author\":{\"@id\":\"https:\/\/portaltela.pt\/#\/schema\/person\/c4278d4a6028830caff9ee44b42d32ed\"},\"breadcrumb\":{\"@id\":\"https:\/\/portaltela.pt\/noticias\/2026\/03\/30\/jose-socrates-enfrenta-novo-julgamento-em-15-de-outubro\/#breadcrumb\"},\"inLanguage\":\"pt-PT\",\"potentialAction\":[{\"@type\":\"ReadAction\",\"target\":[\"https:\/\/portaltela.pt\/noticias\/2026\/03\/30\/jose-socrates-enfrenta-novo-julgamento-em-15-de-outubro\/\"]}]},{\"@type\":\"ImageObject\",\"inLanguage\":\"pt-PT\",\"@id\":\"https:\/\/portaltela.pt\/noticias\/2026\/03\/30\/jose-socrates-enfrenta-novo-julgamento-em-15-de-outubro\/#primaryimage\",\"url\":\"https:\/\/portaltela.pt\/s.01k8rhncp4jt1\/2026\/03\/img_920x518uu2025-07-08-13-19-14-2375103.jpg\",\"contentUrl\":\"https:\/\/portaltela.pt\/s.01k8rhncp4jt1\/2026\/03\/img_920x518uu2025-07-08-13-19-14-2375103.jpg\",\"width\":796,\"height\":448,\"caption\":\"Jos\u00e9 S\u00f3crates\"},{\"@type\":\"BreadcrumbList\",\"@id\":\"https:\/\/portaltela.pt\/noticias\/2026\/03\/30\/jose-socrates-enfrenta-novo-julgamento-em-15-de-outubro\/#breadcrumb\",\"itemListElement\":[{\"@type\":\"ListItem\",\"position\":1,\"name\":\"In\u00edcio\",\"item\":\"https:\/\/portaltela.pt\/\"},{\"@type\":\"ListItem\",\"position\":2,\"name\":\"Jos\u00e9 S\u00f3crates enfrenta novo julgamento em 15 de outubro\"}]},{\"@type\":\"WebSite\",\"@id\":\"https:\/\/portaltela.pt\/#website\",\"url\":\"https:\/\/portaltela.pt\/\",\"name\":\"Portal Tela Portugal\",\"description\":\"\",\"potentialAction\":[{\"@type\":\"SearchAction\",\"target\":{\"@type\":\"EntryPoint\",\"urlTemplate\":\"https:\/\/portaltela.pt\/?s={search_term_string}\"},\"query-input\":{\"@type\":\"PropertyValueSpecification\",\"valueRequired\":true,\"valueName\":\"search_term_string\"}}],\"inLanguage\":\"pt-PT\"},{\"@type\":\"Person\",\"@id\":\"https:\/\/portaltela.pt\/#\/schema\/person\/c4278d4a6028830caff9ee44b42d32ed\",\"name\":\"Telinha\",\"image\":{\"@type\":\"ImageObject\",\"inLanguage\":\"pt-PT\",\"@id\":\"https:\/\/portaltela.pt\/s.01k8rhncp4jt1\/2025\/11\/talking-bot-125x125.png\",\"url\":\"https:\/\/portaltela.pt\/s.01k8rhncp4jt1\/2025\/11\/talking-bot-125x125.png\",\"contentUrl\":\"https:\/\/portaltela.pt\/s.01k8rhncp4jt1\/2025\/11\/talking-bot-125x125.png\",\"caption\":\"Telinha\"},\"sameAs\":[\"https:\/\/portaltela.pt\/\"],\"url\":\"https:\/\/portaltela.pt\/por\/367410592786\/\"}]}<\/script>\n<!-- \/ Yoast SEO plugin. -->","yoast_head_json":{"title":"Jos\u00e9 S\u00f3crates enfrenta novo julgamento em 15 de outubro - Portal Tela Portugal","robots":{"index":"index","follow":"follow","max-snippet":"max-snippet:-1","max-image-preview":"max-image-preview:large","max-video-preview":"max-video-preview:-1"},"og_locale":"pt_PT","og_type":"article","og_title":"Jos\u00e9 S\u00f3crates enfrenta novo julgamento em 15 de outubro - Portal Tela Portugal","og_description":"Jos\u00e9 S\u00f3crates e Carlos Santos Silva v\u00e3o a julgamento na parte menor da Opera\u00e7\u00e3o Marqu\u00eas a 15 de outubro, por crimes de falsifica\u00e7\u00e3o de documentos e branqueamento de capitais. O julgamento ser\u00e1 presidido pelo juiz V\u00edtor Teixeira, que comp\u00f5e o coletivo respons\u00e1vel. A separa\u00e7\u00e3o de processos resulta da decis\u00e3o instrut\u00f3ria de abril de 2021 do juiz Ivo Rosa; em janeiro de 2024 o Tribunal da Rela\u00e7\u00e3o de Lisboa mandou julgar tamb\u00e9m crimes de corrup\u00e7\u00e3o. O processo menor correu paralelamente ao principal; houve recusa inicial em anex\u00e1-lo ao processo principal, apesar de defesa do Minist\u00e9rio P\u00fablico. Em 28 de mar\u00e7o houve reuni\u00e3o entre o juiz, procuradores e advogados dos arguidos, com Paula Louren\u00e7o a representar Carlos Santos Silva e Pedro Delille a representar Jos\u00e9 S\u00f3crates (este \u00faltimos mantendo-se com, no caso, altera\u00e7\u00f5es de mandato).","og_url":"https:\/\/portaltela.pt\/noticias\/2026\/03\/30\/jose-socrates-enfrenta-novo-julgamento-em-15-de-outubro\/","og_site_name":"Portal Tela Portugal","article_published_time":"2026-03-30T16:47:38+00:00","author":"Telinha","twitter_card":"summary_large_image","twitter_misc":{"Escrito por":"Telinha","Tempo estimado de leitura":"1 minuto"},"schema":{"@context":"https:\/\/schema.org","@graph":[{"@type":"Article","@id":"https:\/\/portaltela.pt\/noticias\/2026\/03\/30\/jose-socrates-enfrenta-novo-julgamento-em-15-de-outubro\/#article","isPartOf":{"@id":"https:\/\/portaltela.pt\/noticias\/2026\/03\/30\/jose-socrates-enfrenta-novo-julgamento-em-15-de-outubro\/"},"author":{"name":"Telinha","@id":"https:\/\/portaltela.pt\/#\/schema\/person\/c4278d4a6028830caff9ee44b42d32ed"},"headline":"Jos\u00e9 S\u00f3crates enfrenta novo julgamento em 15 de outubro","datePublished":"2026-03-30T16:47:38+00:00","mainEntityOfPage":{"@id":"https:\/\/portaltela.pt\/noticias\/2026\/03\/30\/jose-socrates-enfrenta-novo-julgamento-em-15-de-outubro\/"},"wordCount":228,"image":{"@id":"https:\/\/portaltela.pt\/noticias\/2026\/03\/30\/jose-socrates-enfrenta-novo-julgamento-em-15-de-outubro\/#primaryimage"},"thumbnailUrl":"https:\/\/portaltela.pt\/s.01k8rhncp4jt1\/2026\/03\/img_920x518uu2025-07-08-13-19-14-2375103.jpg","keywords":["branqueamento de capitais","corrup\u00e7\u00e3o","falsidade documental","Jos\u00e9 S\u00f3crates","justi\u00e7a","Tribunais"],"articleSection":["Justi\u00e7a","Not\u00edcias"],"inLanguage":"pt-PT"},{"@type":"WebPage","@id":"https:\/\/portaltela.pt\/noticias\/2026\/03\/30\/jose-socrates-enfrenta-novo-julgamento-em-15-de-outubro\/","url":"https:\/\/portaltela.pt\/noticias\/2026\/03\/30\/jose-socrates-enfrenta-novo-julgamento-em-15-de-outubro\/","name":"Jos\u00e9 S\u00f3crates enfrenta novo julgamento em 15 de outubro - Portal Tela Portugal","isPartOf":{"@id":"https:\/\/portaltela.pt\/#website"},"primaryImageOfPage":{"@id":"https:\/\/portaltela.pt\/noticias\/2026\/03\/30\/jose-socrates-enfrenta-novo-julgamento-em-15-de-outubro\/#primaryimage"},"image":{"@id":"https:\/\/portaltela.pt\/noticias\/2026\/03\/30\/jose-socrates-enfrenta-novo-julgamento-em-15-de-outubro\/#primaryimage"},"thumbnailUrl":"https:\/\/portaltela.pt\/s.01k8rhncp4jt1\/2026\/03\/img_920x518uu2025-07-08-13-19-14-2375103.jpg","datePublished":"2026-03-30T16:47:38+00:00","author":{"@id":"https:\/\/portaltela.pt\/#\/schema\/person\/c4278d4a6028830caff9ee44b42d32ed"},"breadcrumb":{"@id":"https:\/\/portaltela.pt\/noticias\/2026\/03\/30\/jose-socrates-enfrenta-novo-julgamento-em-15-de-outubro\/#breadcrumb"},"inLanguage":"pt-PT","potentialAction":[{"@type":"ReadAction","target":["https:\/\/portaltela.pt\/noticias\/2026\/03\/30\/jose-socrates-enfrenta-novo-julgamento-em-15-de-outubro\/"]}]},{"@type":"ImageObject","inLanguage":"pt-PT","@id":"https:\/\/portaltela.pt\/noticias\/2026\/03\/30\/jose-socrates-enfrenta-novo-julgamento-em-15-de-outubro\/#primaryimage","url":"https:\/\/portaltela.pt\/s.01k8rhncp4jt1\/2026\/03\/img_920x518uu2025-07-08-13-19-14-2375103.jpg","contentUrl":"https:\/\/portaltela.pt\/s.01k8rhncp4jt1\/2026\/03\/img_920x518uu2025-07-08-13-19-14-2375103.jpg","width":796,"height":448,"caption":"Jos\u00e9 S\u00f3crates"},{"@type":"BreadcrumbList","@id":"https:\/\/portaltela.pt\/noticias\/2026\/03\/30\/jose-socrates-enfrenta-novo-julgamento-em-15-de-outubro\/#breadcrumb","itemListElement":[{"@type":"ListItem","position":1,"name":"In\u00edcio","item":"https:\/\/portaltela.pt\/"},{"@type":"ListItem","position":2,"name":"Jos\u00e9 S\u00f3crates enfrenta novo julgamento em 15 de outubro"}]},{"@type":"WebSite","@id":"https:\/\/portaltela.pt\/#website","url":"https:\/\/portaltela.pt\/","name":"Portal Tela Portugal","description":"","potentialAction":[{"@type":"SearchAction","target":{"@type":"EntryPoint","urlTemplate":"https:\/\/portaltela.pt\/?s={search_term_string}"},"query-input":{"@type":"PropertyValueSpecification","valueRequired":true,"valueName":"search_term_string"}}],"inLanguage":"pt-PT"},{"@type":"Person","@id":"https:\/\/portaltela.pt\/#\/schema\/person\/c4278d4a6028830caff9ee44b42d32ed","name":"Telinha","image":{"@type":"ImageObject","inLanguage":"pt-PT","@id":"https:\/\/portaltela.pt\/s.01k8rhncp4jt1\/2025\/11\/talking-bot-125x125.png","url":"https:\/\/portaltela.pt\/s.01k8rhncp4jt1\/2025\/11\/talking-bot-125x125.png","contentUrl":"https:\/\/portaltela.pt\/s.01k8rhncp4jt1\/2025\/11\/talking-bot-125x125.png","caption":"Telinha"},"sameAs":["https:\/\/portaltela.pt\/"],"url":"https:\/\/portaltela.pt\/por\/367410592786\/"}]}},"_links":{"self":[{"href":"https:\/\/portaltela.pt\/api\/wp\/v2\/posts\/427217","targetHints":{"allow":["GET"]}}],"collection":[{"href":"https:\/\/portaltela.pt\/api\/wp\/v2\/posts"}],"about":[{"href":"https:\/\/portaltela.pt\/api\/wp\/v2\/types\/post"}],"author":[{"embeddable":true,"href":"https:\/\/portaltela.pt\/api\/wp\/v2\/users\/2"}],"replies":[{"embeddable":true,"href":"https:\/\/portaltela.pt\/api\/wp\/v2\/comments?post=427217"}],"version-history":[{"count":0,"href":"https:\/\/portaltela.pt\/api\/wp\/v2\/posts\/427217\/revisions"}],"wp:featuredmedia":[{"embeddable":true,"href":"https:\/\/portaltela.pt\/api\/wp\/v2\/media\/427218"}],"wp:attachment":[{"href":"https:\/\/portaltela.pt\/api\/wp\/v2\/media?parent=427217"}],"wp:term":[{"taxonomy":"category","embeddable":true,"href":"https:\/\/portaltela.pt\/api\/wp\/v2\/categories?post=427217"},{"taxonomy":"post_tag","embeddable":true,"href":"https:\/\/portaltela.pt\/api\/wp\/v2\/tags?post=427217"}],"curies":[{"name":"wp","href":"https:\/\/api.w.org\/{rel}","templated":true}]}}