{"id":427215,"date":"2026-03-30T13:47:23","date_gmt":"2026-03-30T16:47:23","guid":{"rendered":"https:\/\/portaltela.pt\/noticias\/2026\/03\/30\/joao-felix-diz-ter-regularidade-na-arabia-e-joga-na-posicao-certa\/"},"modified":"2026-03-30T13:47:23","modified_gmt":"2026-03-30T16:47:23","slug":"joao-felix-diz-ter-regularidade-na-arabia-e-joga-na-posicao-certa","status":"publish","type":"post","link":"https:\/\/portaltela.pt\/desporto\/futebol\/2026\/03\/30\/joao-felix-diz-ter-regularidade-na-arabia-e-joga-na-posicao-certa\/","title":{"rendered":"Jo\u00e3o F\u00e9lix diz ter regularidade na Ar\u00e1bia e joga na posi\u00e7\u00e3o certa"},"content":{"rendered":"<p>Jo\u00e3o F\u00e9lix revelou aos jornalistas que tem tido regularidade no Al Nassr e que atua na sua posi\u00e7\u00e3o de refer\u00eancia, em prepara\u00e7\u00e3o para o Mundial 2026. O atacante falou antes do encontro da Sele\u00e7\u00e3o Nacional com os Estados Unidos e comentou o est\u00e1gio, o amistoso com o M\u00e9xico e a adapta\u00e7\u00e3o \u00e0 Liga da Ar\u00e1bia.<\/p>\n<p>No jogo contra o M\u00e9xico, que terminou empatado 0-0, F\u00e9lix explicou que foi um amistoso com contexto diferente, com muitas op\u00e7\u00f5es e jogadores que ainda n\u00e3o tinham jogado juntos. A equipa procurou consolidar ideias, apesar de o encontro ter sido competitivo.<\/p>\n<p>Quanto \u00e0 presen\u00e7a de Ronaldo, o avan\u00e7ado explicou que n\u00e3o houve mensagens diretas, apenas um registo nas redes sociais, mas que o capit\u00e3o est\u00e1 sempre presente na perspetiva da sele\u00e7\u00e3o. A prepara\u00e7\u00e3o para o duelo com os EUA preocupa-se em manter o foco coletivo e evoluir a cada treino.<\/p>\n<h3>Forma em termos de clube e posi\u00e7\u00e3o<\/h3>\n<p>O jogador afirma que, na Ar\u00e1bia, tem jogado na sua posi\u00e7\u00e3o, o que lhe permite destacar-se com regularidade. O sistema de Jorge Jesus tem sido favor\u00e1vel ao seu desempenho, o que ajudou a manter o ritmo para os encontros de prepara\u00e7\u00e3o.<\/p>\n<h3>Press\u00e3o e ambiente no grupo<\/h3>\n<p>F\u00e9lix descreveu o grupo como tranquilo, com entrada de estreantes sem nervosismo. A equipa trabalha para conquistar espa\u00e7o no Mundial, mantendo o foco na melhoria constante para o est\u00e1gio final.<\/p>\n<h3>Realidade da Liga saudita<\/h3>\n<p>A experi\u00eancia no Al Nassr tem sido marcada por jogos equilibrados fora de tr\u00eas ou quatro advers\u00e1rios menos competitivos. Ainda faltam oito jornadas para o campeonato terminar, com quatro equipas na luta pelo t\u00edtulo, o que exige concentra\u00e7\u00e3o total a cada partida.<\/p>\n<h3>Prepara\u00e7\u00e3o para o Mundial e poss\u00edveis les\u00f5es<\/h3>\n<p>Sobre a eventualidade de les\u00f5es, o ponta-de-lan\u00e7a pediu foco na preven\u00e7\u00e3o e no trabalho individual, evitando assuntos que possam influenciar a concentra\u00e7\u00e3o. A prioridade \u00e9 chegar em boa forma \u00e0 competi\u00e7\u00e3o.<\/p>\n<h3>An\u00e1lise do advers\u00e1rio americano<\/h3>\n<p>F\u00e9lix afirmou que a sele\u00e7\u00e3o dos EUA apresenta jogadores de qualidade que atuam em grandes clubes europeus. O objetivo \u00e9 manter a an\u00e1lise ao rival para evitar surpresas, mantendo aten\u00e7\u00e3o aos perigos que a equipa advers\u00e1ria pode representar.<\/p>\n<h3>Sobre o treinador argentino Pochettino<\/h3>\n<p>O internacional portugu\u00eas comentou que h\u00e1 pontos fortes e fracos entre treinadores argentinos, reconhecendo virtudes de Pochettino numa abordagem que pode criar dificuldades. A reflex\u00e3o foi centrada na prepara\u00e7\u00e3o para o pr\u00f3ximo advers\u00e1rio.<\/p>\n<h3>Interlocu\u00e7\u00e3o com a imprensa<\/h3>\n<p>Sobre as cr\u00edticas dos adeptos mexicanos, a equipa enfatizou que o foco est\u00e1 na melhoria continua e na rea\u00e7\u00e3o a cada jogo, sem se deixar afectar por opini\u00f5es externas.<\/p>\n","protected":false},"excerpt":{"rendered":"<ul>\n<li>Jo\u00e3o F\u00e9lix afirma estar a ter regularidade e a jogar na sua posi\u00e7\u00e3o no Al Nassr, sob Jorge Jesus, o que o tem ajudado.<\/li>\n<li>Em entrevista aos jornalistas, ap\u00f3s o empate 0-0 com o M\u00e9xico, o avan\u00e7ado sublinha a prepara\u00e7\u00e3o para o pr\u00f3ximo teste frente aos Estados Unidos e a necessidade de melhorar o rendimento coletivo.<\/li>\n<li>Sobre Ronaldo, revelou que houve apenas uma mensagem por redes sociais, mantendo que o capit\u00e3o acompanha a equipa, independentemente de estar presente.<\/li>\n<li>Diz que a press\u00e3o na Ar\u00e1bia Saudita varia com cada jogador, quer estar tranquilo e concentrado no seu papel para manter minutos e rendimento.<\/li>\n<li>Enfim, descreve a experi\u00eancia na Ar\u00e1bia como profissional, elogiando Jorge Jesus e o plantel, e considera que o Mundial est\u00e1 ainda distante, mas j\u00e1 \u00e9 uma realidade planear.<\/li>\n<\/ul>\n","protected":false},"author":2,"featured_media":427216,"comment_status":"closed","ping_status":"closed","sticky":false,"template":"","format":"standard","meta":{"footnotes":""},"categories":[21,24],"tags":[6335,90,32,2188,2378,2057],"class_list":["post-427215","post","type-post","status-publish","format-standard","has-post-thumbnail","hentry","category-desporto","category-futebol","tag-a-arabia","tag-copa-do-mundo","tag-futebol","tag-joao-felix","tag-mauricio-pochettino","tag-selecao-nacional"],"yoast_head":"<!-- This site is optimized with the Yoast SEO plugin v27.2 - https:\/\/yoast.com\/product\/yoast-seo-wordpress\/ -->\n<title>Jo\u00e3o F\u00e9lix diz ter regularidade na Ar\u00e1bia e joga na posi\u00e7\u00e3o certa - Portal Tela Portugal<\/title>\n<meta name=\"robots\" content=\"index, follow, max-snippet:-1, max-image-preview:large, max-video-preview:-1\" \/>\n<meta property=\"og:locale\" content=\"pt_PT\" \/>\n<meta property=\"og:type\" content=\"article\" \/>\n<meta property=\"og:title\" content=\"Jo\u00e3o F\u00e9lix diz ter regularidade na Ar\u00e1bia e joga na posi\u00e7\u00e3o certa - Portal Tela Portugal\" \/>\n<meta property=\"og:description\" content=\"Jo\u00e3o F\u00e9lix afirma estar a ter regularidade e a jogar na sua posi\u00e7\u00e3o no Al Nassr, sob Jorge Jesus, o que o tem ajudado. Em entrevista aos jornalistas, ap\u00f3s o empate 0-0 com o M\u00e9xico, o avan\u00e7ado sublinha a prepara\u00e7\u00e3o para o pr\u00f3ximo teste frente aos Estados Unidos e a necessidade de melhorar o rendimento coletivo. Sobre Ronaldo, revelou que houve apenas uma mensagem por redes sociais, mantendo que o capit\u00e3o acompanha a equipa, independentemente de estar presente. Diz que a press\u00e3o na Ar\u00e1bia Saudita varia com cada jogador, quer estar tranquilo e concentrado no seu papel para manter minutos e rendimento. Enfim, descreve a experi\u00eancia na Ar\u00e1bia como profissional, elogiando Jorge Jesus e o plantel, e considera que o Mundial est\u00e1 ainda distante, mas j\u00e1 \u00e9 uma realidade planear.\" \/>\n<meta property=\"og:url\" content=\"https:\/\/portaltela.pt\/noticias\/2026\/03\/30\/joao-felix-diz-ter-regularidade-na-arabia-e-joga-na-posicao-certa\/\" \/>\n<meta property=\"og:site_name\" content=\"Portal Tela Portugal\" \/>\n<meta property=\"article:published_time\" content=\"2026-03-30T16:47:23+00:00\" \/>\n<meta name=\"author\" content=\"Telinha\" \/>\n<meta name=\"twitter:card\" content=\"summary_large_image\" \/>\n<meta name=\"twitter:label1\" content=\"Escrito por\" \/>\n\t<meta name=\"twitter:data1\" content=\"Telinha\" \/>\n\t<meta name=\"twitter:label2\" content=\"Tempo estimado de leitura\" \/>\n\t<meta name=\"twitter:data2\" content=\"2 minutos\" \/>\n<script type=\"application\/ld+json\" class=\"yoast-schema-graph\">{\"@context\":\"https:\/\/schema.org\",\"@graph\":[{\"@type\":\"Article\",\"@id\":\"https:\/\/portaltela.pt\/noticias\/2026\/03\/30\/joao-felix-diz-ter-regularidade-na-arabia-e-joga-na-posicao-certa\/#article\",\"isPartOf\":{\"@id\":\"https:\/\/portaltela.pt\/noticias\/2026\/03\/30\/joao-felix-diz-ter-regularidade-na-arabia-e-joga-na-posicao-certa\/\"},\"author\":{\"name\":\"Telinha\",\"@id\":\"https:\/\/portaltela.pt\/#\/schema\/person\/c4278d4a6028830caff9ee44b42d32ed\"},\"headline\":\"Jo\u00e3o F\u00e9lix diz ter regularidade na Ar\u00e1bia e joga na posi\u00e7\u00e3o certa\",\"datePublished\":\"2026-03-30T16:47:23+00:00\",\"mainEntityOfPage\":{\"@id\":\"https:\/\/portaltela.pt\/noticias\/2026\/03\/30\/joao-felix-diz-ter-regularidade-na-arabia-e-joga-na-posicao-certa\/\"},\"wordCount\":493,\"image\":{\"@id\":\"https:\/\/portaltela.pt\/noticias\/2026\/03\/30\/joao-felix-diz-ter-regularidade-na-arabia-e-joga-na-posicao-certa\/#primaryimage\"},\"thumbnailUrl\":\"https:\/\/portaltela.pt\/s.01k8rhncp4jt1\/2026\/03\/img_920x518uu2026-03-30-17-32-42-2430117.jpg\",\"keywords\":[\"a ar\u00e1bia\",\"copa do mundo\",\"futebol\",\"Jo\u00e3o F\u00e9lix\",\"Mauricio Pochettino\",\"Sele\u00e7\u00e3o Nacional\"],\"articleSection\":[\"Desporto\",\"Futebol\"],\"inLanguage\":\"pt-PT\"},{\"@type\":\"WebPage\",\"@id\":\"https:\/\/portaltela.pt\/noticias\/2026\/03\/30\/joao-felix-diz-ter-regularidade-na-arabia-e-joga-na-posicao-certa\/\",\"url\":\"https:\/\/portaltela.pt\/noticias\/2026\/03\/30\/joao-felix-diz-ter-regularidade-na-arabia-e-joga-na-posicao-certa\/\",\"name\":\"Jo\u00e3o F\u00e9lix diz ter regularidade na Ar\u00e1bia e joga na posi\u00e7\u00e3o certa - Portal Tela Portugal\",\"isPartOf\":{\"@id\":\"https:\/\/portaltela.pt\/#website\"},\"primaryImageOfPage\":{\"@id\":\"https:\/\/portaltela.pt\/noticias\/2026\/03\/30\/joao-felix-diz-ter-regularidade-na-arabia-e-joga-na-posicao-certa\/#primaryimage\"},\"image\":{\"@id\":\"https:\/\/portaltela.pt\/noticias\/2026\/03\/30\/joao-felix-diz-ter-regularidade-na-arabia-e-joga-na-posicao-certa\/#primaryimage\"},\"thumbnailUrl\":\"https:\/\/portaltela.pt\/s.01k8rhncp4jt1\/2026\/03\/img_920x518uu2026-03-30-17-32-42-2430117.jpg\",\"datePublished\":\"2026-03-30T16:47:23+00:00\",\"author\":{\"@id\":\"https:\/\/portaltela.pt\/#\/schema\/person\/c4278d4a6028830caff9ee44b42d32ed\"},\"breadcrumb\":{\"@id\":\"https:\/\/portaltela.pt\/noticias\/2026\/03\/30\/joao-felix-diz-ter-regularidade-na-arabia-e-joga-na-posicao-certa\/#breadcrumb\"},\"inLanguage\":\"pt-PT\",\"potentialAction\":[{\"@type\":\"ReadAction\",\"target\":[\"https:\/\/portaltela.pt\/noticias\/2026\/03\/30\/joao-felix-diz-ter-regularidade-na-arabia-e-joga-na-posicao-certa\/\"]}]},{\"@type\":\"ImageObject\",\"inLanguage\":\"pt-PT\",\"@id\":\"https:\/\/portaltela.pt\/noticias\/2026\/03\/30\/joao-felix-diz-ter-regularidade-na-arabia-e-joga-na-posicao-certa\/#primaryimage\",\"url\":\"https:\/\/portaltela.pt\/s.01k8rhncp4jt1\/2026\/03\/img_920x518uu2026-03-30-17-32-42-2430117.jpg\",\"contentUrl\":\"https:\/\/portaltela.pt\/s.01k8rhncp4jt1\/2026\/03\/img_920x518uu2026-03-30-17-32-42-2430117.jpg\",\"width\":796,\"height\":448,\"caption\":\"Jo\u00e3o F\u00e9lix em a\u00e7\u00e3o no particular com o M\u00e9xico\"},{\"@type\":\"BreadcrumbList\",\"@id\":\"https:\/\/portaltela.pt\/noticias\/2026\/03\/30\/joao-felix-diz-ter-regularidade-na-arabia-e-joga-na-posicao-certa\/#breadcrumb\",\"itemListElement\":[{\"@type\":\"ListItem\",\"position\":1,\"name\":\"In\u00edcio\",\"item\":\"https:\/\/portaltela.pt\/\"},{\"@type\":\"ListItem\",\"position\":2,\"name\":\"Jo\u00e3o F\u00e9lix diz ter regularidade na Ar\u00e1bia e joga na posi\u00e7\u00e3o certa\"}]},{\"@type\":\"WebSite\",\"@id\":\"https:\/\/portaltela.pt\/#website\",\"url\":\"https:\/\/portaltela.pt\/\",\"name\":\"Portal Tela Portugal\",\"description\":\"\",\"potentialAction\":[{\"@type\":\"SearchAction\",\"target\":{\"@type\":\"EntryPoint\",\"urlTemplate\":\"https:\/\/portaltela.pt\/?s={search_term_string}\"},\"query-input\":{\"@type\":\"PropertyValueSpecification\",\"valueRequired\":true,\"valueName\":\"search_term_string\"}}],\"inLanguage\":\"pt-PT\"},{\"@type\":\"Person\",\"@id\":\"https:\/\/portaltela.pt\/#\/schema\/person\/c4278d4a6028830caff9ee44b42d32ed\",\"name\":\"Telinha\",\"image\":{\"@type\":\"ImageObject\",\"inLanguage\":\"pt-PT\",\"@id\":\"https:\/\/portaltela.pt\/s.01k8rhncp4jt1\/2025\/11\/talking-bot-125x125.png\",\"url\":\"https:\/\/portaltela.pt\/s.01k8rhncp4jt1\/2025\/11\/talking-bot-125x125.png\",\"contentUrl\":\"https:\/\/portaltela.pt\/s.01k8rhncp4jt1\/2025\/11\/talking-bot-125x125.png\",\"caption\":\"Telinha\"},\"sameAs\":[\"https:\/\/portaltela.pt\/\"],\"url\":\"https:\/\/portaltela.pt\/por\/367410592786\/\"}]}<\/script>\n<!-- \/ Yoast SEO plugin. -->","yoast_head_json":{"title":"Jo\u00e3o F\u00e9lix diz ter regularidade na Ar\u00e1bia e joga na posi\u00e7\u00e3o certa - Portal Tela Portugal","robots":{"index":"index","follow":"follow","max-snippet":"max-snippet:-1","max-image-preview":"max-image-preview:large","max-video-preview":"max-video-preview:-1"},"og_locale":"pt_PT","og_type":"article","og_title":"Jo\u00e3o F\u00e9lix diz ter regularidade na Ar\u00e1bia e joga na posi\u00e7\u00e3o certa - Portal Tela Portugal","og_description":"Jo\u00e3o F\u00e9lix afirma estar a ter regularidade e a jogar na sua posi\u00e7\u00e3o no Al Nassr, sob Jorge Jesus, o que o tem ajudado. Em entrevista aos jornalistas, ap\u00f3s o empate 0-0 com o M\u00e9xico, o avan\u00e7ado sublinha a prepara\u00e7\u00e3o para o pr\u00f3ximo teste frente aos Estados Unidos e a necessidade de melhorar o rendimento coletivo. Sobre Ronaldo, revelou que houve apenas uma mensagem por redes sociais, mantendo que o capit\u00e3o acompanha a equipa, independentemente de estar presente. Diz que a press\u00e3o na Ar\u00e1bia Saudita varia com cada jogador, quer estar tranquilo e concentrado no seu papel para manter minutos e rendimento. Enfim, descreve a experi\u00eancia na Ar\u00e1bia como profissional, elogiando Jorge Jesus e o plantel, e considera que o Mundial est\u00e1 ainda distante, mas j\u00e1 \u00e9 uma realidade planear.","og_url":"https:\/\/portaltela.pt\/noticias\/2026\/03\/30\/joao-felix-diz-ter-regularidade-na-arabia-e-joga-na-posicao-certa\/","og_site_name":"Portal Tela Portugal","article_published_time":"2026-03-30T16:47:23+00:00","author":"Telinha","twitter_card":"summary_large_image","twitter_misc":{"Escrito por":"Telinha","Tempo estimado de leitura":"2 minutos"},"schema":{"@context":"https:\/\/schema.org","@graph":[{"@type":"Article","@id":"https:\/\/portaltela.pt\/noticias\/2026\/03\/30\/joao-felix-diz-ter-regularidade-na-arabia-e-joga-na-posicao-certa\/#article","isPartOf":{"@id":"https:\/\/portaltela.pt\/noticias\/2026\/03\/30\/joao-felix-diz-ter-regularidade-na-arabia-e-joga-na-posicao-certa\/"},"author":{"name":"Telinha","@id":"https:\/\/portaltela.pt\/#\/schema\/person\/c4278d4a6028830caff9ee44b42d32ed"},"headline":"Jo\u00e3o F\u00e9lix diz ter regularidade na Ar\u00e1bia e joga na posi\u00e7\u00e3o certa","datePublished":"2026-03-30T16:47:23+00:00","mainEntityOfPage":{"@id":"https:\/\/portaltela.pt\/noticias\/2026\/03\/30\/joao-felix-diz-ter-regularidade-na-arabia-e-joga-na-posicao-certa\/"},"wordCount":493,"image":{"@id":"https:\/\/portaltela.pt\/noticias\/2026\/03\/30\/joao-felix-diz-ter-regularidade-na-arabia-e-joga-na-posicao-certa\/#primaryimage"},"thumbnailUrl":"https:\/\/portaltela.pt\/s.01k8rhncp4jt1\/2026\/03\/img_920x518uu2026-03-30-17-32-42-2430117.jpg","keywords":["a ar\u00e1bia","copa do mundo","futebol","Jo\u00e3o F\u00e9lix","Mauricio Pochettino","Sele\u00e7\u00e3o Nacional"],"articleSection":["Desporto","Futebol"],"inLanguage":"pt-PT"},{"@type":"WebPage","@id":"https:\/\/portaltela.pt\/noticias\/2026\/03\/30\/joao-felix-diz-ter-regularidade-na-arabia-e-joga-na-posicao-certa\/","url":"https:\/\/portaltela.pt\/noticias\/2026\/03\/30\/joao-felix-diz-ter-regularidade-na-arabia-e-joga-na-posicao-certa\/","name":"Jo\u00e3o F\u00e9lix diz ter regularidade na Ar\u00e1bia e joga na posi\u00e7\u00e3o certa - Portal Tela Portugal","isPartOf":{"@id":"https:\/\/portaltela.pt\/#website"},"primaryImageOfPage":{"@id":"https:\/\/portaltela.pt\/noticias\/2026\/03\/30\/joao-felix-diz-ter-regularidade-na-arabia-e-joga-na-posicao-certa\/#primaryimage"},"image":{"@id":"https:\/\/portaltela.pt\/noticias\/2026\/03\/30\/joao-felix-diz-ter-regularidade-na-arabia-e-joga-na-posicao-certa\/#primaryimage"},"thumbnailUrl":"https:\/\/portaltela.pt\/s.01k8rhncp4jt1\/2026\/03\/img_920x518uu2026-03-30-17-32-42-2430117.jpg","datePublished":"2026-03-30T16:47:23+00:00","author":{"@id":"https:\/\/portaltela.pt\/#\/schema\/person\/c4278d4a6028830caff9ee44b42d32ed"},"breadcrumb":{"@id":"https:\/\/portaltela.pt\/noticias\/2026\/03\/30\/joao-felix-diz-ter-regularidade-na-arabia-e-joga-na-posicao-certa\/#breadcrumb"},"inLanguage":"pt-PT","potentialAction":[{"@type":"ReadAction","target":["https:\/\/portaltela.pt\/noticias\/2026\/03\/30\/joao-felix-diz-ter-regularidade-na-arabia-e-joga-na-posicao-certa\/"]}]},{"@type":"ImageObject","inLanguage":"pt-PT","@id":"https:\/\/portaltela.pt\/noticias\/2026\/03\/30\/joao-felix-diz-ter-regularidade-na-arabia-e-joga-na-posicao-certa\/#primaryimage","url":"https:\/\/portaltela.pt\/s.01k8rhncp4jt1\/2026\/03\/img_920x518uu2026-03-30-17-32-42-2430117.jpg","contentUrl":"https:\/\/portaltela.pt\/s.01k8rhncp4jt1\/2026\/03\/img_920x518uu2026-03-30-17-32-42-2430117.jpg","width":796,"height":448,"caption":"Jo\u00e3o F\u00e9lix em a\u00e7\u00e3o no particular com o M\u00e9xico"},{"@type":"BreadcrumbList","@id":"https:\/\/portaltela.pt\/noticias\/2026\/03\/30\/joao-felix-diz-ter-regularidade-na-arabia-e-joga-na-posicao-certa\/#breadcrumb","itemListElement":[{"@type":"ListItem","position":1,"name":"In\u00edcio","item":"https:\/\/portaltela.pt\/"},{"@type":"ListItem","position":2,"name":"Jo\u00e3o F\u00e9lix diz ter regularidade na Ar\u00e1bia e joga na posi\u00e7\u00e3o certa"}]},{"@type":"WebSite","@id":"https:\/\/portaltela.pt\/#website","url":"https:\/\/portaltela.pt\/","name":"Portal Tela Portugal","description":"","potentialAction":[{"@type":"SearchAction","target":{"@type":"EntryPoint","urlTemplate":"https:\/\/portaltela.pt\/?s={search_term_string}"},"query-input":{"@type":"PropertyValueSpecification","valueRequired":true,"valueName":"search_term_string"}}],"inLanguage":"pt-PT"},{"@type":"Person","@id":"https:\/\/portaltela.pt\/#\/schema\/person\/c4278d4a6028830caff9ee44b42d32ed","name":"Telinha","image":{"@type":"ImageObject","inLanguage":"pt-PT","@id":"https:\/\/portaltela.pt\/s.01k8rhncp4jt1\/2025\/11\/talking-bot-125x125.png","url":"https:\/\/portaltela.pt\/s.01k8rhncp4jt1\/2025\/11\/talking-bot-125x125.png","contentUrl":"https:\/\/portaltela.pt\/s.01k8rhncp4jt1\/2025\/11\/talking-bot-125x125.png","caption":"Telinha"},"sameAs":["https:\/\/portaltela.pt\/"],"url":"https:\/\/portaltela.pt\/por\/367410592786\/"}]}},"_links":{"self":[{"href":"https:\/\/portaltela.pt\/api\/wp\/v2\/posts\/427215","targetHints":{"allow":["GET"]}}],"collection":[{"href":"https:\/\/portaltela.pt\/api\/wp\/v2\/posts"}],"about":[{"href":"https:\/\/portaltela.pt\/api\/wp\/v2\/types\/post"}],"author":[{"embeddable":true,"href":"https:\/\/portaltela.pt\/api\/wp\/v2\/users\/2"}],"replies":[{"embeddable":true,"href":"https:\/\/portaltela.pt\/api\/wp\/v2\/comments?post=427215"}],"version-history":[{"count":0,"href":"https:\/\/portaltela.pt\/api\/wp\/v2\/posts\/427215\/revisions"}],"wp:featuredmedia":[{"embeddable":true,"href":"https:\/\/portaltela.pt\/api\/wp\/v2\/media\/427216"}],"wp:attachment":[{"href":"https:\/\/portaltela.pt\/api\/wp\/v2\/media?parent=427215"}],"wp:term":[{"taxonomy":"category","embeddable":true,"href":"https:\/\/portaltela.pt\/api\/wp\/v2\/categories?post=427215"},{"taxonomy":"post_tag","embeddable":true,"href":"https:\/\/portaltela.pt\/api\/wp\/v2\/tags?post=427215"}],"curies":[{"name":"wp","href":"https:\/\/api.w.org\/{rel}","templated":true}]}}