{"id":427206,"date":"2026-03-30T13:47:14","date_gmt":"2026-03-30T16:47:14","guid":{"rendered":"https:\/\/portaltela.pt\/noticias\/2026\/03\/30\/secretario-de-estado-portugues-visita-venezuela-para-encontros-com-diplomacia\/"},"modified":"2026-03-30T13:47:14","modified_gmt":"2026-03-30T16:47:14","slug":"secretario-de-estado-portugues-visita-venezuela-para-encontros-com-diplomacia","status":"publish","type":"post","link":"https:\/\/portaltela.pt\/noticias\/2026\/03\/30\/secretario-de-estado-portugues-visita-venezuela-para-encontros-com-diplomacia\/","title":{"rendered":"Secret\u00e1rio de Estado portugu\u00eas visita Venezuela para encontros com diplomacia"},"content":{"rendered":"<p>O secret\u00e1rio de Estado das Comunidades Portuguesas, Em\u00eddio Sousa, chegou na ter\u00e7a-feira \u00e0 Venezuela para uma visita oficial que decorre em Caracas e Valencia. O percurso inclui encontros com o ministro das Rela\u00e7\u00f5es Exteriores, Yv\u00e1n Gil Pinto, e com a comunidade portuguesa, incluindo familiares de luso-venezuelanos detidos.<\/p>\n<p>A agenda prev\u00ea reuni\u00f5es com professores de l\u00edngua portuguesa e com funcion\u00e1rios da embaixada em Caracas. No mesmo dia, o visitante dever\u00e1 contemplar um encontro com familiares de seis luso-venezuelanos detidos, bem como visitas ao consulado-geral e ao centro portugu\u00eas de Caracas.<\/p>\n<h3>Agenda em Caracas<\/h3>\n<p>Na quarta-feira, o programa inclui uma visita ao consulado-geral de Caracas e encontros com conselheiros das comunidades portuguesas. O dia termina com uma visita ao centro portugu\u00eas de Caracas e um jantar com a comunidade.<\/p>\n<h3>Desloca\u00e7\u00e3o para Valencia<\/h3>\n<p>Quinta-feira procede com visitas a um lar luso-venezuelano, \u00e0 Casa Portuguesa do Estado Ar\u00e1gua e ao consulado honor\u00e1rio em Maracay. Afirma-se, depois, a desloca\u00e7\u00e3o a Valencia para a Casa Portuguesa de San Diego e ao consulado-geral em Valencia.<\/p>\n<p>Sexta-feira, o secret\u00e1rio inicia o dia na Sociedade de Benefic\u00eancia das Damas Portuguesas, visita o Santu\u00e1rio de Nossa Senhora de F\u00e1tima de Los Teques e o consulado honor\u00e1rio em Los Teques. O almo\u00e7o com a comunidade decorre em Los Teques, seguido de encontros com representantes da oposi\u00e7\u00e3o venezuelana.<\/p>\n<p>A desloca\u00e7\u00e3o tinha sido prevista para o in\u00edcio de mar\u00e7o, mas foi adiada para permitir a coordena\u00e7\u00e3o do repatriamento de cidad\u00e3os portugueses na regi\u00e3o do M\u00e9dio Oriente, segundo comunicado do Minist\u00e9rio dos Neg\u00f3cios Estrangeiros.<\/p>\n","protected":false},"excerpt":{"rendered":"<ul>\n<li>O secret\u00e1rio de Estado das Comunidades Portuguesas, Em\u00eddio Sousa, chega ter\u00e7a-feira \u00e0 Venezuela para encontros com o chefe da diplomacia venezuelana e com a comunidade portuguesa, incluindo familiares de detidos.<\/li>\n<li>A agenda prev\u00ea reuni\u00e3o com o ministro das Rela\u00e7\u00f5es Exteriores, Yv\u00e1n Gil Pinto, e encontros com familiares de seis luso-venezuelanos detidos, bem como com professores de l\u00edngua portuguesa e funcion\u00e1rios da embaixada em Caracas.<\/li>\n<li>Em Caracas, Sousa ainda visita o consulado-geral, os conselheiros das comunidades portuguesas e o centro portugu\u00eas, terminando o dia com um jantar com a comunidade.<\/li>\n<li>Em Valencia, visita a Casa Portuguesa de San Diego e o consulado-geral, seguindo-se visitas ao lar luso-venezuelano, \u00e0 Casa Portuguesa do Estado Aragua e ao consulado honor\u00e1rio em Maracay.<\/li>\n<li>A desloca\u00e7\u00e3o, inicialmente marcada para in\u00edcio de mar\u00e7o, foi adiada para coordenar a repatria\u00e7\u00e3o de cidad\u00e3os portugueses no M\u00e9dio Oriente; n\u00e3o houve audi\u00eancia com a presidente venezuelana Delcy Rodr\u00edguez e a visita incluiu contactos com a oposi\u00e7\u00e3o venezuelana.<\/li>\n<\/ul>\n","protected":false},"author":2,"featured_media":427214,"comment_status":"closed","ping_status":"closed","sticky":false,"template":"","format":"standard","meta":{"footnotes":""},"categories":[6912,1],"tags":[903,2333,29,1014,27,2758],"class_list":["post-427206","post","type-post","status-publish","format-standard","has-post-thumbnail","hentry","category-internacionais","category-noticias","tag-comunidades","tag-consulados","tag-diplomacia","tag-portugal","tag-relacoes-internacionais","tag-venezuela"],"yoast_head":"<!-- This site is optimized with the Yoast SEO plugin v27.2 - https:\/\/yoast.com\/product\/yoast-seo-wordpress\/ -->\n<title>Secret\u00e1rio de Estado portugu\u00eas visita Venezuela para encontros com diplomacia - Portal Tela Portugal<\/title>\n<meta name=\"robots\" content=\"index, follow, max-snippet:-1, max-image-preview:large, max-video-preview:-1\" \/>\n<meta property=\"og:locale\" content=\"pt_PT\" \/>\n<meta property=\"og:type\" content=\"article\" \/>\n<meta property=\"og:title\" content=\"Secret\u00e1rio de Estado portugu\u00eas visita Venezuela para encontros com diplomacia - Portal Tela Portugal\" \/>\n<meta property=\"og:description\" content=\"O secret\u00e1rio de Estado das Comunidades Portuguesas, Em\u00eddio Sousa, chega ter\u00e7a-feira \u00e0 Venezuela para encontros com o chefe da diplomacia venezuelana e com a comunidade portuguesa, incluindo familiares de detidos. A agenda prev\u00ea reuni\u00e3o com o ministro das Rela\u00e7\u00f5es Exteriores, Yv\u00e1n Gil Pinto, e encontros com familiares de seis luso-venezuelanos detidos, bem como com professores de l\u00edngua portuguesa e funcion\u00e1rios da embaixada em Caracas. Em Caracas, Sousa ainda visita o consulado-geral, os conselheiros das comunidades portuguesas e o centro portugu\u00eas, terminando o dia com um jantar com a comunidade. Em Valencia, visita a Casa Portuguesa de San Diego e o consulado-geral, seguindo-se visitas ao lar luso-venezuelano, \u00e0 Casa Portuguesa do Estado Aragua e ao consulado honor\u00e1rio em Maracay. A desloca\u00e7\u00e3o, inicialmente marcada para in\u00edcio de mar\u00e7o, foi adiada para coordenar a repatria\u00e7\u00e3o de cidad\u00e3os portugueses no M\u00e9dio Oriente; n\u00e3o houve audi\u00eancia com a presidente venezuelana Delcy Rodr\u00edguez e a visita incluiu contactos com a oposi\u00e7\u00e3o venezuelana.\" \/>\n<meta property=\"og:url\" content=\"https:\/\/portaltela.pt\/noticias\/2026\/03\/30\/secretario-de-estado-portugues-visita-venezuela-para-encontros-com-diplomacia\/\" \/>\n<meta property=\"og:site_name\" content=\"Portal Tela Portugal\" \/>\n<meta property=\"article:published_time\" content=\"2026-03-30T16:47:14+00:00\" \/>\n<meta name=\"author\" content=\"Telinha\" \/>\n<meta name=\"twitter:card\" content=\"summary_large_image\" \/>\n<meta name=\"twitter:label1\" content=\"Escrito por\" \/>\n\t<meta name=\"twitter:data1\" content=\"Telinha\" \/>\n\t<meta name=\"twitter:label2\" content=\"Tempo estimado de leitura\" \/>\n\t<meta name=\"twitter:data2\" content=\"1 minuto\" \/>\n<script type=\"application\/ld+json\" class=\"yoast-schema-graph\">{\"@context\":\"https:\/\/schema.org\",\"@graph\":[{\"@type\":\"Article\",\"@id\":\"https:\/\/portaltela.pt\/noticias\/2026\/03\/30\/secretario-de-estado-portugues-visita-venezuela-para-encontros-com-diplomacia\/#article\",\"isPartOf\":{\"@id\":\"https:\/\/portaltela.pt\/noticias\/2026\/03\/30\/secretario-de-estado-portugues-visita-venezuela-para-encontros-com-diplomacia\/\"},\"author\":{\"name\":\"Telinha\",\"@id\":\"https:\/\/portaltela.pt\/#\/schema\/person\/c4278d4a6028830caff9ee44b42d32ed\"},\"headline\":\"Secret\u00e1rio de Estado portugu\u00eas visita Venezuela para encontros com diplomacia\",\"datePublished\":\"2026-03-30T16:47:14+00:00\",\"mainEntityOfPage\":{\"@id\":\"https:\/\/portaltela.pt\/noticias\/2026\/03\/30\/secretario-de-estado-portugues-visita-venezuela-para-encontros-com-diplomacia\/\"},\"wordCount\":290,\"image\":{\"@id\":\"https:\/\/portaltela.pt\/noticias\/2026\/03\/30\/secretario-de-estado-portugues-visita-venezuela-para-encontros-com-diplomacia\/#primaryimage\"},\"thumbnailUrl\":\"https:\/\/portaltela.pt\/s.01k8rhncp4jt1\/2026\/03\/img_1500x1000uu2024-12-12-20-40-16-2182343.jpg\",\"keywords\":[\"comunidades\",\"consulados\",\"diplomacia\",\"Portugal\",\"rela\u00e7\u00f5es internacionais\",\"Venezuela\"],\"articleSection\":[\"Internacionais\",\"Not\u00edcias\"],\"inLanguage\":\"pt-PT\"},{\"@type\":\"WebPage\",\"@id\":\"https:\/\/portaltela.pt\/noticias\/2026\/03\/30\/secretario-de-estado-portugues-visita-venezuela-para-encontros-com-diplomacia\/\",\"url\":\"https:\/\/portaltela.pt\/noticias\/2026\/03\/30\/secretario-de-estado-portugues-visita-venezuela-para-encontros-com-diplomacia\/\",\"name\":\"Secret\u00e1rio de Estado portugu\u00eas visita Venezuela para encontros com diplomacia - Portal Tela Portugal\",\"isPartOf\":{\"@id\":\"https:\/\/portaltela.pt\/#website\"},\"primaryImageOfPage\":{\"@id\":\"https:\/\/portaltela.pt\/noticias\/2026\/03\/30\/secretario-de-estado-portugues-visita-venezuela-para-encontros-com-diplomacia\/#primaryimage\"},\"image\":{\"@id\":\"https:\/\/portaltela.pt\/noticias\/2026\/03\/30\/secretario-de-estado-portugues-visita-venezuela-para-encontros-com-diplomacia\/#primaryimage\"},\"thumbnailUrl\":\"https:\/\/portaltela.pt\/s.01k8rhncp4jt1\/2026\/03\/img_1500x1000uu2024-12-12-20-40-16-2182343.jpg\",\"datePublished\":\"2026-03-30T16:47:14+00:00\",\"author\":{\"@id\":\"https:\/\/portaltela.pt\/#\/schema\/person\/c4278d4a6028830caff9ee44b42d32ed\"},\"breadcrumb\":{\"@id\":\"https:\/\/portaltela.pt\/noticias\/2026\/03\/30\/secretario-de-estado-portugues-visita-venezuela-para-encontros-com-diplomacia\/#breadcrumb\"},\"inLanguage\":\"pt-PT\",\"potentialAction\":[{\"@type\":\"ReadAction\",\"target\":[\"https:\/\/portaltela.pt\/noticias\/2026\/03\/30\/secretario-de-estado-portugues-visita-venezuela-para-encontros-com-diplomacia\/\"]}]},{\"@type\":\"ImageObject\",\"inLanguage\":\"pt-PT\",\"@id\":\"https:\/\/portaltela.pt\/noticias\/2026\/03\/30\/secretario-de-estado-portugues-visita-venezuela-para-encontros-com-diplomacia\/#primaryimage\",\"url\":\"https:\/\/portaltela.pt\/s.01k8rhncp4jt1\/2026\/03\/img_1500x1000uu2024-12-12-20-40-16-2182343.jpg\",\"contentUrl\":\"https:\/\/portaltela.pt\/s.01k8rhncp4jt1\/2026\/03\/img_1500x1000uu2024-12-12-20-40-16-2182343.jpg\",\"width\":796,\"height\":448,\"caption\":\"Em\u00eddio Sousa\"},{\"@type\":\"BreadcrumbList\",\"@id\":\"https:\/\/portaltela.pt\/noticias\/2026\/03\/30\/secretario-de-estado-portugues-visita-venezuela-para-encontros-com-diplomacia\/#breadcrumb\",\"itemListElement\":[{\"@type\":\"ListItem\",\"position\":1,\"name\":\"In\u00edcio\",\"item\":\"https:\/\/portaltela.pt\/\"},{\"@type\":\"ListItem\",\"position\":2,\"name\":\"Secret\u00e1rio de Estado portugu\u00eas visita Venezuela para encontros com diplomacia\"}]},{\"@type\":\"WebSite\",\"@id\":\"https:\/\/portaltela.pt\/#website\",\"url\":\"https:\/\/portaltela.pt\/\",\"name\":\"Portal Tela Portugal\",\"description\":\"\",\"potentialAction\":[{\"@type\":\"SearchAction\",\"target\":{\"@type\":\"EntryPoint\",\"urlTemplate\":\"https:\/\/portaltela.pt\/?s={search_term_string}\"},\"query-input\":{\"@type\":\"PropertyValueSpecification\",\"valueRequired\":true,\"valueName\":\"search_term_string\"}}],\"inLanguage\":\"pt-PT\"},{\"@type\":\"Person\",\"@id\":\"https:\/\/portaltela.pt\/#\/schema\/person\/c4278d4a6028830caff9ee44b42d32ed\",\"name\":\"Telinha\",\"image\":{\"@type\":\"ImageObject\",\"inLanguage\":\"pt-PT\",\"@id\":\"https:\/\/portaltela.pt\/s.01k8rhncp4jt1\/2025\/11\/talking-bot-125x125.png\",\"url\":\"https:\/\/portaltela.pt\/s.01k8rhncp4jt1\/2025\/11\/talking-bot-125x125.png\",\"contentUrl\":\"https:\/\/portaltela.pt\/s.01k8rhncp4jt1\/2025\/11\/talking-bot-125x125.png\",\"caption\":\"Telinha\"},\"sameAs\":[\"https:\/\/portaltela.pt\/\"],\"url\":\"https:\/\/portaltela.pt\/por\/367410592786\/\"}]}<\/script>\n<!-- \/ Yoast SEO plugin. -->","yoast_head_json":{"title":"Secret\u00e1rio de Estado portugu\u00eas visita Venezuela para encontros com diplomacia - Portal Tela Portugal","robots":{"index":"index","follow":"follow","max-snippet":"max-snippet:-1","max-image-preview":"max-image-preview:large","max-video-preview":"max-video-preview:-1"},"og_locale":"pt_PT","og_type":"article","og_title":"Secret\u00e1rio de Estado portugu\u00eas visita Venezuela para encontros com diplomacia - Portal Tela Portugal","og_description":"O secret\u00e1rio de Estado das Comunidades Portuguesas, Em\u00eddio Sousa, chega ter\u00e7a-feira \u00e0 Venezuela para encontros com o chefe da diplomacia venezuelana e com a comunidade portuguesa, incluindo familiares de detidos. A agenda prev\u00ea reuni\u00e3o com o ministro das Rela\u00e7\u00f5es Exteriores, Yv\u00e1n Gil Pinto, e encontros com familiares de seis luso-venezuelanos detidos, bem como com professores de l\u00edngua portuguesa e funcion\u00e1rios da embaixada em Caracas. Em Caracas, Sousa ainda visita o consulado-geral, os conselheiros das comunidades portuguesas e o centro portugu\u00eas, terminando o dia com um jantar com a comunidade. Em Valencia, visita a Casa Portuguesa de San Diego e o consulado-geral, seguindo-se visitas ao lar luso-venezuelano, \u00e0 Casa Portuguesa do Estado Aragua e ao consulado honor\u00e1rio em Maracay. A desloca\u00e7\u00e3o, inicialmente marcada para in\u00edcio de mar\u00e7o, foi adiada para coordenar a repatria\u00e7\u00e3o de cidad\u00e3os portugueses no M\u00e9dio Oriente; n\u00e3o houve audi\u00eancia com a presidente venezuelana Delcy Rodr\u00edguez e a visita incluiu contactos com a oposi\u00e7\u00e3o venezuelana.","og_url":"https:\/\/portaltela.pt\/noticias\/2026\/03\/30\/secretario-de-estado-portugues-visita-venezuela-para-encontros-com-diplomacia\/","og_site_name":"Portal Tela Portugal","article_published_time":"2026-03-30T16:47:14+00:00","author":"Telinha","twitter_card":"summary_large_image","twitter_misc":{"Escrito por":"Telinha","Tempo estimado de leitura":"1 minuto"},"schema":{"@context":"https:\/\/schema.org","@graph":[{"@type":"Article","@id":"https:\/\/portaltela.pt\/noticias\/2026\/03\/30\/secretario-de-estado-portugues-visita-venezuela-para-encontros-com-diplomacia\/#article","isPartOf":{"@id":"https:\/\/portaltela.pt\/noticias\/2026\/03\/30\/secretario-de-estado-portugues-visita-venezuela-para-encontros-com-diplomacia\/"},"author":{"name":"Telinha","@id":"https:\/\/portaltela.pt\/#\/schema\/person\/c4278d4a6028830caff9ee44b42d32ed"},"headline":"Secret\u00e1rio de Estado portugu\u00eas visita Venezuela para encontros com diplomacia","datePublished":"2026-03-30T16:47:14+00:00","mainEntityOfPage":{"@id":"https:\/\/portaltela.pt\/noticias\/2026\/03\/30\/secretario-de-estado-portugues-visita-venezuela-para-encontros-com-diplomacia\/"},"wordCount":290,"image":{"@id":"https:\/\/portaltela.pt\/noticias\/2026\/03\/30\/secretario-de-estado-portugues-visita-venezuela-para-encontros-com-diplomacia\/#primaryimage"},"thumbnailUrl":"https:\/\/portaltela.pt\/s.01k8rhncp4jt1\/2026\/03\/img_1500x1000uu2024-12-12-20-40-16-2182343.jpg","keywords":["comunidades","consulados","diplomacia","Portugal","rela\u00e7\u00f5es internacionais","Venezuela"],"articleSection":["Internacionais","Not\u00edcias"],"inLanguage":"pt-PT"},{"@type":"WebPage","@id":"https:\/\/portaltela.pt\/noticias\/2026\/03\/30\/secretario-de-estado-portugues-visita-venezuela-para-encontros-com-diplomacia\/","url":"https:\/\/portaltela.pt\/noticias\/2026\/03\/30\/secretario-de-estado-portugues-visita-venezuela-para-encontros-com-diplomacia\/","name":"Secret\u00e1rio de Estado portugu\u00eas visita Venezuela para encontros com diplomacia - Portal Tela Portugal","isPartOf":{"@id":"https:\/\/portaltela.pt\/#website"},"primaryImageOfPage":{"@id":"https:\/\/portaltela.pt\/noticias\/2026\/03\/30\/secretario-de-estado-portugues-visita-venezuela-para-encontros-com-diplomacia\/#primaryimage"},"image":{"@id":"https:\/\/portaltela.pt\/noticias\/2026\/03\/30\/secretario-de-estado-portugues-visita-venezuela-para-encontros-com-diplomacia\/#primaryimage"},"thumbnailUrl":"https:\/\/portaltela.pt\/s.01k8rhncp4jt1\/2026\/03\/img_1500x1000uu2024-12-12-20-40-16-2182343.jpg","datePublished":"2026-03-30T16:47:14+00:00","author":{"@id":"https:\/\/portaltela.pt\/#\/schema\/person\/c4278d4a6028830caff9ee44b42d32ed"},"breadcrumb":{"@id":"https:\/\/portaltela.pt\/noticias\/2026\/03\/30\/secretario-de-estado-portugues-visita-venezuela-para-encontros-com-diplomacia\/#breadcrumb"},"inLanguage":"pt-PT","potentialAction":[{"@type":"ReadAction","target":["https:\/\/portaltela.pt\/noticias\/2026\/03\/30\/secretario-de-estado-portugues-visita-venezuela-para-encontros-com-diplomacia\/"]}]},{"@type":"ImageObject","inLanguage":"pt-PT","@id":"https:\/\/portaltela.pt\/noticias\/2026\/03\/30\/secretario-de-estado-portugues-visita-venezuela-para-encontros-com-diplomacia\/#primaryimage","url":"https:\/\/portaltela.pt\/s.01k8rhncp4jt1\/2026\/03\/img_1500x1000uu2024-12-12-20-40-16-2182343.jpg","contentUrl":"https:\/\/portaltela.pt\/s.01k8rhncp4jt1\/2026\/03\/img_1500x1000uu2024-12-12-20-40-16-2182343.jpg","width":796,"height":448,"caption":"Em\u00eddio Sousa"},{"@type":"BreadcrumbList","@id":"https:\/\/portaltela.pt\/noticias\/2026\/03\/30\/secretario-de-estado-portugues-visita-venezuela-para-encontros-com-diplomacia\/#breadcrumb","itemListElement":[{"@type":"ListItem","position":1,"name":"In\u00edcio","item":"https:\/\/portaltela.pt\/"},{"@type":"ListItem","position":2,"name":"Secret\u00e1rio de Estado portugu\u00eas visita Venezuela para encontros com diplomacia"}]},{"@type":"WebSite","@id":"https:\/\/portaltela.pt\/#website","url":"https:\/\/portaltela.pt\/","name":"Portal Tela Portugal","description":"","potentialAction":[{"@type":"SearchAction","target":{"@type":"EntryPoint","urlTemplate":"https:\/\/portaltela.pt\/?s={search_term_string}"},"query-input":{"@type":"PropertyValueSpecification","valueRequired":true,"valueName":"search_term_string"}}],"inLanguage":"pt-PT"},{"@type":"Person","@id":"https:\/\/portaltela.pt\/#\/schema\/person\/c4278d4a6028830caff9ee44b42d32ed","name":"Telinha","image":{"@type":"ImageObject","inLanguage":"pt-PT","@id":"https:\/\/portaltela.pt\/s.01k8rhncp4jt1\/2025\/11\/talking-bot-125x125.png","url":"https:\/\/portaltela.pt\/s.01k8rhncp4jt1\/2025\/11\/talking-bot-125x125.png","contentUrl":"https:\/\/portaltela.pt\/s.01k8rhncp4jt1\/2025\/11\/talking-bot-125x125.png","caption":"Telinha"},"sameAs":["https:\/\/portaltela.pt\/"],"url":"https:\/\/portaltela.pt\/por\/367410592786\/"}]}},"_links":{"self":[{"href":"https:\/\/portaltela.pt\/api\/wp\/v2\/posts\/427206","targetHints":{"allow":["GET"]}}],"collection":[{"href":"https:\/\/portaltela.pt\/api\/wp\/v2\/posts"}],"about":[{"href":"https:\/\/portaltela.pt\/api\/wp\/v2\/types\/post"}],"author":[{"embeddable":true,"href":"https:\/\/portaltela.pt\/api\/wp\/v2\/users\/2"}],"replies":[{"embeddable":true,"href":"https:\/\/portaltela.pt\/api\/wp\/v2\/comments?post=427206"}],"version-history":[{"count":0,"href":"https:\/\/portaltela.pt\/api\/wp\/v2\/posts\/427206\/revisions"}],"wp:featuredmedia":[{"embeddable":true,"href":"https:\/\/portaltela.pt\/api\/wp\/v2\/media\/427214"}],"wp:attachment":[{"href":"https:\/\/portaltela.pt\/api\/wp\/v2\/media?parent=427206"}],"wp:term":[{"taxonomy":"category","embeddable":true,"href":"https:\/\/portaltela.pt\/api\/wp\/v2\/categories?post=427206"},{"taxonomy":"post_tag","embeddable":true,"href":"https:\/\/portaltela.pt\/api\/wp\/v2\/tags?post=427206"}],"curies":[{"name":"wp","href":"https:\/\/api.w.org\/{rel}","templated":true}]}}