{"id":427201,"date":"2026-03-30T13:47:10","date_gmt":"2026-03-30T16:47:10","guid":{"rendered":"https:\/\/portaltela.pt\/noticias\/2026\/03\/30\/festival-dos-moinhos-regressa-a-sever-do-vouga\/"},"modified":"2026-03-30T13:47:10","modified_gmt":"2026-03-30T16:47:10","slug":"festival-dos-moinhos-regressa-a-sever-do-vouga","status":"publish","type":"post","link":"https:\/\/portaltela.pt\/lazer\/2026\/03\/30\/festival-dos-moinhos-regressa-a-sever-do-vouga\/","title":{"rendered":"Festival dos Moinhos regressa a Sever do Vouga"},"content":{"rendered":"<p>Sever do Vouga acolhe, a 11 e 12 de abril, o Festival da Rota dos Moinhos de Portugal. O evento refor\u00e7a a valoriza\u00e7\u00e3o do patrim\u00f3nio molinol\u00f3gico e a transmiss\u00e3o de saberes tradicionais, integrando uma rede intermunicipal com Nelas, Albergaria-a-Velha, Vagos e \u00c1gueda, com apoio do Turismo de Portugal.<\/p>\n<p>A abertura oficial ocorre s\u00e1bado, \u00e0s 10h00, no Parque Urbano, com a rece\u00e7\u00e3o aos Padeirinhos de Sever do Vouga e a apresenta\u00e7\u00e3o da Dan\u00e7a dos Padeirinhos pelo Rancho Infantil e Juvenil Florinhas de Silva Escura e pelo Parque dos Talentos. A organiza\u00e7\u00e3o real\u00e7a o papel das novas gera\u00e7\u00f5es na preserva\u00e7\u00e3o das tradi\u00e7\u00f5es locais.<\/p>\n<p>Ao longo do fim de semana, o p\u00fablico pode acompanhar o ciclo do milho e participar em oficinas em v\u00e1rios moinhos do concelho, como Quinta da Cortinha, Costa M\u00e1, Moinho Branco, Encosta dos T\u00faneis e Moinho do Loureiro. As atividades incluem demonstra\u00e7\u00f5es de moagem e narra\u00e7\u00e3o de of\u00edcios tradicionais.<\/p>\n<h3>Atividades de s\u00e1bado e domingo<\/h3>\n<p>No s\u00e1bado \u00e0 tarde, o Moinho do Moleiro da Costa M\u00e1 recebe o workshop Do Moinho \u00e0 Mesa \u2013 P\u00e3o com outros movimentos e a oficina de Biodanza Roda d\u2019\u00c1gua, conduzida por Raquel Bontempo. No domingo, o foco \u00e9 a descoberta do territ\u00f3rio, com caminhadas interpretativas ao longo do Rio Gresso.<\/p>\n<p>A experi\u00eancia sensorial aqu\u00e1tica no Rio Mau inclui passagem pela Cascata da Cabreia, um ex-l\u00edbris natural do concelho. O encerramento acontece no Moinho da Encosta dos T\u00faneis, com recria\u00e7\u00f5es hist\u00f3ricas pela SEVERI e a atua\u00e7\u00e3o do Grupo T\u00edpico das Talhadas, seguido de merenda partilhada.<\/p>\n<p>Diversos restaurantes associam-se ao festival com menus tem\u00e1ticos baseados em produtos end\u00f3genos. Entre os aderentes est\u00e3o Caf\u00e9 da Curva, Casa da Ponte, Gare Paradela, P\u00e9rola do Vouga, Quinta do Barco e Quinta Nova. As refei\u00e7\u00f5es funcionam mediante reserva.<\/p>\n","protected":false},"excerpt":{"rendered":"<ul>\n<li>O Festival da Rota dos Moinhos de Portugal regressa a Sever do Vouga nos dias 11 e 12 de abril, com foco na valoriza\u00e7\u00e3o do patrim\u00f3nio molinol\u00f3gico e na transmiss\u00e3o de saberes tradicionais, integrada numa rede intermunicipal com Nelas, Albergaria-a-Velha, Vagos e \u00c1gueda, com apoio do Turismo de Portugal.<\/li>\n<li>A abertura oficial \u00e9 no s\u00e1bado, \u00e0s 10h00, no Parque Urbano, com a rece\u00e7\u00e3o aos \u201cPadeirinhos de Sever do Vouga\u201d e a performance \u201cA Dan\u00e7a dos Padeirinhos\u201d, marcada pela participa\u00e7\u00e3o de grupos locais.<\/li>\n<li>Durante o fim de semana, o p\u00fablico pode acompanhar o ciclo do milho e participar em oficinas em moinhos do concelho, incluindo Quinta da Cortinha, Costa M\u00e1, Moinho Branco, Encosta dos T\u00faneis e Moinho do Loureiro, com demonstra\u00e7\u00f5es de moagem e narra\u00e7\u00e3o de of\u00edcios tradicionais.<\/li>\n<li>No s\u00e1bado, o Moinho do Moleiro da Costa M\u00e1 recebe o workshop \u201cDo Moinho \u00e0 Mesa \u2013 P\u00e3o com outros movimentos\u201d e a oficina de Biodanza \u201cRoda d\u2019\u00c1gua\u201d, conduzida por Raquel Bontempo.<\/li>\n<li>O domingo destaca caminhadas interpretativas ao longo do Rio Gresso e uma experi\u00eancia sensorial aqu\u00e1tica no Rio Mau, com passagem pela Cascata da Cabreia; o encerramento ocorre no Moinho da Encosta dos T\u00faneis com recria\u00e7\u00f5es hist\u00f3ricas pela SEVERI, atua\u00e7\u00e3o do Grupo T\u00edpico das Talhadas e merenda partilhada, com restaurantes locais a preparar menus tem\u00e1ticos mediante reserva.<\/li>\n<\/ul>\n","protected":false},"author":2,"featured_media":427207,"comment_status":"closed","ping_status":"closed","sticky":false,"template":"","format":"standard","meta":{"footnotes":""},"categories":[7375,7381],"tags":[145,4919,814,4650,5025,169],"class_list":["post-427201","post","type-post","status-publish","format-standard","has-post-thumbnail","hentry","category-cultura","category-lazer","tag-cultura","tag-festas","tag-patrimonio","tag-regiao-centro","tag-sever-do-vouga","tag-turismo"],"yoast_head":"<!-- This site is optimized with the Yoast SEO plugin v27.2 - https:\/\/yoast.com\/product\/yoast-seo-wordpress\/ -->\n<title>Festival dos Moinhos regressa a Sever do Vouga - Portal Tela Portugal<\/title>\n<meta name=\"robots\" content=\"index, follow, max-snippet:-1, max-image-preview:large, max-video-preview:-1\" \/>\n<meta property=\"og:locale\" content=\"pt_PT\" \/>\n<meta property=\"og:type\" content=\"article\" \/>\n<meta property=\"og:title\" content=\"Festival dos Moinhos regressa a Sever do Vouga - Portal Tela Portugal\" \/>\n<meta property=\"og:description\" content=\"O Festival da Rota dos Moinhos de Portugal regressa a Sever do Vouga nos dias 11 e 12 de abril, com foco na valoriza\u00e7\u00e3o do patrim\u00f3nio molinol\u00f3gico e na transmiss\u00e3o de saberes tradicionais, integrada numa rede intermunicipal com Nelas, Albergaria-a-Velha, Vagos e \u00c1gueda, com apoio do Turismo de Portugal. A abertura oficial \u00e9 no s\u00e1bado, \u00e0s 10h00, no Parque Urbano, com a rece\u00e7\u00e3o aos \u201cPadeirinhos de Sever do Vouga\u201d e a performance \u201cA Dan\u00e7a dos Padeirinhos\u201d, marcada pela participa\u00e7\u00e3o de grupos locais. Durante o fim de semana, o p\u00fablico pode acompanhar o ciclo do milho e participar em oficinas em moinhos do concelho, incluindo Quinta da Cortinha, Costa M\u00e1, Moinho Branco, Encosta dos T\u00faneis e Moinho do Loureiro, com demonstra\u00e7\u00f5es de moagem e narra\u00e7\u00e3o de of\u00edcios tradicionais. No s\u00e1bado, o Moinho do Moleiro da Costa M\u00e1 recebe o workshop \u201cDo Moinho \u00e0 Mesa \u2013 P\u00e3o com outros movimentos\u201d e a oficina de Biodanza \u201cRoda d\u2019\u00c1gua\u201d, conduzida por Raquel Bontempo. O domingo destaca caminhadas interpretativas ao longo do Rio Gresso e uma experi\u00eancia sensorial aqu\u00e1tica no Rio Mau, com passagem pela Cascata da Cabreia; o encerramento ocorre no Moinho da Encosta dos T\u00faneis com recria\u00e7\u00f5es hist\u00f3ricas pela SEVERI, atua\u00e7\u00e3o do Grupo T\u00edpico das Talhadas e merenda partilhada, com restaurantes locais a preparar menus tem\u00e1ticos mediante reserva.\" \/>\n<meta property=\"og:url\" content=\"https:\/\/portaltela.pt\/noticias\/2026\/03\/30\/festival-dos-moinhos-regressa-a-sever-do-vouga\/\" \/>\n<meta property=\"og:site_name\" content=\"Portal Tela Portugal\" \/>\n<meta property=\"article:published_time\" content=\"2026-03-30T16:47:10+00:00\" \/>\n<meta name=\"author\" content=\"Telinha\" \/>\n<meta name=\"twitter:card\" content=\"summary_large_image\" \/>\n<meta name=\"twitter:label1\" content=\"Escrito por\" \/>\n\t<meta name=\"twitter:data1\" content=\"Telinha\" \/>\n\t<meta name=\"twitter:label2\" content=\"Tempo estimado de leitura\" \/>\n\t<meta name=\"twitter:data2\" content=\"2 minutos\" \/>\n<script type=\"application\/ld+json\" class=\"yoast-schema-graph\">{\"@context\":\"https:\/\/schema.org\",\"@graph\":[{\"@type\":\"Article\",\"@id\":\"https:\/\/portaltela.pt\/noticias\/2026\/03\/30\/festival-dos-moinhos-regressa-a-sever-do-vouga\/#article\",\"isPartOf\":{\"@id\":\"https:\/\/portaltela.pt\/noticias\/2026\/03\/30\/festival-dos-moinhos-regressa-a-sever-do-vouga\/\"},\"author\":{\"name\":\"Telinha\",\"@id\":\"https:\/\/portaltela.pt\/#\/schema\/person\/c4278d4a6028830caff9ee44b42d32ed\"},\"headline\":\"Festival dos Moinhos regressa a Sever do Vouga\",\"datePublished\":\"2026-03-30T16:47:10+00:00\",\"mainEntityOfPage\":{\"@id\":\"https:\/\/portaltela.pt\/noticias\/2026\/03\/30\/festival-dos-moinhos-regressa-a-sever-do-vouga\/\"},\"wordCount\":328,\"image\":{\"@id\":\"https:\/\/portaltela.pt\/noticias\/2026\/03\/30\/festival-dos-moinhos-regressa-a-sever-do-vouga\/#primaryimage\"},\"thumbnailUrl\":\"https:\/\/portaltela.pt\/s.01k8rhncp4jt1\/2026\/03\/img_1280x721uu2026-03-30-17-40-58-2275629.jpg\",\"keywords\":[\"cultura\",\"festas\",\"patrim\u00f3nio\",\"Regi\u00e3o Centro\",\"Sever do Vouga\",\"turismo\"],\"articleSection\":[\"Cultura\",\"Lazer\"],\"inLanguage\":\"pt-PT\"},{\"@type\":\"WebPage\",\"@id\":\"https:\/\/portaltela.pt\/noticias\/2026\/03\/30\/festival-dos-moinhos-regressa-a-sever-do-vouga\/\",\"url\":\"https:\/\/portaltela.pt\/noticias\/2026\/03\/30\/festival-dos-moinhos-regressa-a-sever-do-vouga\/\",\"name\":\"Festival dos Moinhos regressa a Sever do Vouga - Portal Tela Portugal\",\"isPartOf\":{\"@id\":\"https:\/\/portaltela.pt\/#website\"},\"primaryImageOfPage\":{\"@id\":\"https:\/\/portaltela.pt\/noticias\/2026\/03\/30\/festival-dos-moinhos-regressa-a-sever-do-vouga\/#primaryimage\"},\"image\":{\"@id\":\"https:\/\/portaltela.pt\/noticias\/2026\/03\/30\/festival-dos-moinhos-regressa-a-sever-do-vouga\/#primaryimage\"},\"thumbnailUrl\":\"https:\/\/portaltela.pt\/s.01k8rhncp4jt1\/2026\/03\/img_1280x721uu2026-03-30-17-40-58-2275629.jpg\",\"datePublished\":\"2026-03-30T16:47:10+00:00\",\"author\":{\"@id\":\"https:\/\/portaltela.pt\/#\/schema\/person\/c4278d4a6028830caff9ee44b42d32ed\"},\"breadcrumb\":{\"@id\":\"https:\/\/portaltela.pt\/noticias\/2026\/03\/30\/festival-dos-moinhos-regressa-a-sever-do-vouga\/#breadcrumb\"},\"inLanguage\":\"pt-PT\",\"potentialAction\":[{\"@type\":\"ReadAction\",\"target\":[\"https:\/\/portaltela.pt\/noticias\/2026\/03\/30\/festival-dos-moinhos-regressa-a-sever-do-vouga\/\"]}]},{\"@type\":\"ImageObject\",\"inLanguage\":\"pt-PT\",\"@id\":\"https:\/\/portaltela.pt\/noticias\/2026\/03\/30\/festival-dos-moinhos-regressa-a-sever-do-vouga\/#primaryimage\",\"url\":\"https:\/\/portaltela.pt\/s.01k8rhncp4jt1\/2026\/03\/img_1280x721uu2026-03-30-17-40-58-2275629.jpg\",\"contentUrl\":\"https:\/\/portaltela.pt\/s.01k8rhncp4jt1\/2026\/03\/img_1280x721uu2026-03-30-17-40-58-2275629.jpg\",\"width\":796,\"height\":448,\"caption\":\"Festival dos Moinhos em Sever do Vouga promove tradi\u00e7\u00f5es e patrim\u00f3nio local\"},{\"@type\":\"BreadcrumbList\",\"@id\":\"https:\/\/portaltela.pt\/noticias\/2026\/03\/30\/festival-dos-moinhos-regressa-a-sever-do-vouga\/#breadcrumb\",\"itemListElement\":[{\"@type\":\"ListItem\",\"position\":1,\"name\":\"In\u00edcio\",\"item\":\"https:\/\/portaltela.pt\/\"},{\"@type\":\"ListItem\",\"position\":2,\"name\":\"Festival dos Moinhos regressa a Sever do Vouga\"}]},{\"@type\":\"WebSite\",\"@id\":\"https:\/\/portaltela.pt\/#website\",\"url\":\"https:\/\/portaltela.pt\/\",\"name\":\"Portal Tela Portugal\",\"description\":\"\",\"potentialAction\":[{\"@type\":\"SearchAction\",\"target\":{\"@type\":\"EntryPoint\",\"urlTemplate\":\"https:\/\/portaltela.pt\/?s={search_term_string}\"},\"query-input\":{\"@type\":\"PropertyValueSpecification\",\"valueRequired\":true,\"valueName\":\"search_term_string\"}}],\"inLanguage\":\"pt-PT\"},{\"@type\":\"Person\",\"@id\":\"https:\/\/portaltela.pt\/#\/schema\/person\/c4278d4a6028830caff9ee44b42d32ed\",\"name\":\"Telinha\",\"image\":{\"@type\":\"ImageObject\",\"inLanguage\":\"pt-PT\",\"@id\":\"https:\/\/portaltela.pt\/s.01k8rhncp4jt1\/2025\/11\/talking-bot-125x125.png\",\"url\":\"https:\/\/portaltela.pt\/s.01k8rhncp4jt1\/2025\/11\/talking-bot-125x125.png\",\"contentUrl\":\"https:\/\/portaltela.pt\/s.01k8rhncp4jt1\/2025\/11\/talking-bot-125x125.png\",\"caption\":\"Telinha\"},\"sameAs\":[\"https:\/\/portaltela.pt\/\"],\"url\":\"https:\/\/portaltela.pt\/por\/367410592786\/\"}]}<\/script>\n<!-- \/ Yoast SEO plugin. -->","yoast_head_json":{"title":"Festival dos Moinhos regressa a Sever do Vouga - Portal Tela Portugal","robots":{"index":"index","follow":"follow","max-snippet":"max-snippet:-1","max-image-preview":"max-image-preview:large","max-video-preview":"max-video-preview:-1"},"og_locale":"pt_PT","og_type":"article","og_title":"Festival dos Moinhos regressa a Sever do Vouga - Portal Tela Portugal","og_description":"O Festival da Rota dos Moinhos de Portugal regressa a Sever do Vouga nos dias 11 e 12 de abril, com foco na valoriza\u00e7\u00e3o do patrim\u00f3nio molinol\u00f3gico e na transmiss\u00e3o de saberes tradicionais, integrada numa rede intermunicipal com Nelas, Albergaria-a-Velha, Vagos e \u00c1gueda, com apoio do Turismo de Portugal. A abertura oficial \u00e9 no s\u00e1bado, \u00e0s 10h00, no Parque Urbano, com a rece\u00e7\u00e3o aos \u201cPadeirinhos de Sever do Vouga\u201d e a performance \u201cA Dan\u00e7a dos Padeirinhos\u201d, marcada pela participa\u00e7\u00e3o de grupos locais. Durante o fim de semana, o p\u00fablico pode acompanhar o ciclo do milho e participar em oficinas em moinhos do concelho, incluindo Quinta da Cortinha, Costa M\u00e1, Moinho Branco, Encosta dos T\u00faneis e Moinho do Loureiro, com demonstra\u00e7\u00f5es de moagem e narra\u00e7\u00e3o de of\u00edcios tradicionais. No s\u00e1bado, o Moinho do Moleiro da Costa M\u00e1 recebe o workshop \u201cDo Moinho \u00e0 Mesa \u2013 P\u00e3o com outros movimentos\u201d e a oficina de Biodanza \u201cRoda d\u2019\u00c1gua\u201d, conduzida por Raquel Bontempo. O domingo destaca caminhadas interpretativas ao longo do Rio Gresso e uma experi\u00eancia sensorial aqu\u00e1tica no Rio Mau, com passagem pela Cascata da Cabreia; o encerramento ocorre no Moinho da Encosta dos T\u00faneis com recria\u00e7\u00f5es hist\u00f3ricas pela SEVERI, atua\u00e7\u00e3o do Grupo T\u00edpico das Talhadas e merenda partilhada, com restaurantes locais a preparar menus tem\u00e1ticos mediante reserva.","og_url":"https:\/\/portaltela.pt\/noticias\/2026\/03\/30\/festival-dos-moinhos-regressa-a-sever-do-vouga\/","og_site_name":"Portal Tela Portugal","article_published_time":"2026-03-30T16:47:10+00:00","author":"Telinha","twitter_card":"summary_large_image","twitter_misc":{"Escrito por":"Telinha","Tempo estimado de leitura":"2 minutos"},"schema":{"@context":"https:\/\/schema.org","@graph":[{"@type":"Article","@id":"https:\/\/portaltela.pt\/noticias\/2026\/03\/30\/festival-dos-moinhos-regressa-a-sever-do-vouga\/#article","isPartOf":{"@id":"https:\/\/portaltela.pt\/noticias\/2026\/03\/30\/festival-dos-moinhos-regressa-a-sever-do-vouga\/"},"author":{"name":"Telinha","@id":"https:\/\/portaltela.pt\/#\/schema\/person\/c4278d4a6028830caff9ee44b42d32ed"},"headline":"Festival dos Moinhos regressa a Sever do Vouga","datePublished":"2026-03-30T16:47:10+00:00","mainEntityOfPage":{"@id":"https:\/\/portaltela.pt\/noticias\/2026\/03\/30\/festival-dos-moinhos-regressa-a-sever-do-vouga\/"},"wordCount":328,"image":{"@id":"https:\/\/portaltela.pt\/noticias\/2026\/03\/30\/festival-dos-moinhos-regressa-a-sever-do-vouga\/#primaryimage"},"thumbnailUrl":"https:\/\/portaltela.pt\/s.01k8rhncp4jt1\/2026\/03\/img_1280x721uu2026-03-30-17-40-58-2275629.jpg","keywords":["cultura","festas","patrim\u00f3nio","Regi\u00e3o Centro","Sever do Vouga","turismo"],"articleSection":["Cultura","Lazer"],"inLanguage":"pt-PT"},{"@type":"WebPage","@id":"https:\/\/portaltela.pt\/noticias\/2026\/03\/30\/festival-dos-moinhos-regressa-a-sever-do-vouga\/","url":"https:\/\/portaltela.pt\/noticias\/2026\/03\/30\/festival-dos-moinhos-regressa-a-sever-do-vouga\/","name":"Festival dos Moinhos regressa a Sever do Vouga - Portal Tela Portugal","isPartOf":{"@id":"https:\/\/portaltela.pt\/#website"},"primaryImageOfPage":{"@id":"https:\/\/portaltela.pt\/noticias\/2026\/03\/30\/festival-dos-moinhos-regressa-a-sever-do-vouga\/#primaryimage"},"image":{"@id":"https:\/\/portaltela.pt\/noticias\/2026\/03\/30\/festival-dos-moinhos-regressa-a-sever-do-vouga\/#primaryimage"},"thumbnailUrl":"https:\/\/portaltela.pt\/s.01k8rhncp4jt1\/2026\/03\/img_1280x721uu2026-03-30-17-40-58-2275629.jpg","datePublished":"2026-03-30T16:47:10+00:00","author":{"@id":"https:\/\/portaltela.pt\/#\/schema\/person\/c4278d4a6028830caff9ee44b42d32ed"},"breadcrumb":{"@id":"https:\/\/portaltela.pt\/noticias\/2026\/03\/30\/festival-dos-moinhos-regressa-a-sever-do-vouga\/#breadcrumb"},"inLanguage":"pt-PT","potentialAction":[{"@type":"ReadAction","target":["https:\/\/portaltela.pt\/noticias\/2026\/03\/30\/festival-dos-moinhos-regressa-a-sever-do-vouga\/"]}]},{"@type":"ImageObject","inLanguage":"pt-PT","@id":"https:\/\/portaltela.pt\/noticias\/2026\/03\/30\/festival-dos-moinhos-regressa-a-sever-do-vouga\/#primaryimage","url":"https:\/\/portaltela.pt\/s.01k8rhncp4jt1\/2026\/03\/img_1280x721uu2026-03-30-17-40-58-2275629.jpg","contentUrl":"https:\/\/portaltela.pt\/s.01k8rhncp4jt1\/2026\/03\/img_1280x721uu2026-03-30-17-40-58-2275629.jpg","width":796,"height":448,"caption":"Festival dos Moinhos em Sever do Vouga promove tradi\u00e7\u00f5es e patrim\u00f3nio local"},{"@type":"BreadcrumbList","@id":"https:\/\/portaltela.pt\/noticias\/2026\/03\/30\/festival-dos-moinhos-regressa-a-sever-do-vouga\/#breadcrumb","itemListElement":[{"@type":"ListItem","position":1,"name":"In\u00edcio","item":"https:\/\/portaltela.pt\/"},{"@type":"ListItem","position":2,"name":"Festival dos Moinhos regressa a Sever do Vouga"}]},{"@type":"WebSite","@id":"https:\/\/portaltela.pt\/#website","url":"https:\/\/portaltela.pt\/","name":"Portal Tela Portugal","description":"","potentialAction":[{"@type":"SearchAction","target":{"@type":"EntryPoint","urlTemplate":"https:\/\/portaltela.pt\/?s={search_term_string}"},"query-input":{"@type":"PropertyValueSpecification","valueRequired":true,"valueName":"search_term_string"}}],"inLanguage":"pt-PT"},{"@type":"Person","@id":"https:\/\/portaltela.pt\/#\/schema\/person\/c4278d4a6028830caff9ee44b42d32ed","name":"Telinha","image":{"@type":"ImageObject","inLanguage":"pt-PT","@id":"https:\/\/portaltela.pt\/s.01k8rhncp4jt1\/2025\/11\/talking-bot-125x125.png","url":"https:\/\/portaltela.pt\/s.01k8rhncp4jt1\/2025\/11\/talking-bot-125x125.png","contentUrl":"https:\/\/portaltela.pt\/s.01k8rhncp4jt1\/2025\/11\/talking-bot-125x125.png","caption":"Telinha"},"sameAs":["https:\/\/portaltela.pt\/"],"url":"https:\/\/portaltela.pt\/por\/367410592786\/"}]}},"_links":{"self":[{"href":"https:\/\/portaltela.pt\/api\/wp\/v2\/posts\/427201","targetHints":{"allow":["GET"]}}],"collection":[{"href":"https:\/\/portaltela.pt\/api\/wp\/v2\/posts"}],"about":[{"href":"https:\/\/portaltela.pt\/api\/wp\/v2\/types\/post"}],"author":[{"embeddable":true,"href":"https:\/\/portaltela.pt\/api\/wp\/v2\/users\/2"}],"replies":[{"embeddable":true,"href":"https:\/\/portaltela.pt\/api\/wp\/v2\/comments?post=427201"}],"version-history":[{"count":0,"href":"https:\/\/portaltela.pt\/api\/wp\/v2\/posts\/427201\/revisions"}],"wp:featuredmedia":[{"embeddable":true,"href":"https:\/\/portaltela.pt\/api\/wp\/v2\/media\/427207"}],"wp:attachment":[{"href":"https:\/\/portaltela.pt\/api\/wp\/v2\/media?parent=427201"}],"wp:term":[{"taxonomy":"category","embeddable":true,"href":"https:\/\/portaltela.pt\/api\/wp\/v2\/categories?post=427201"},{"taxonomy":"post_tag","embeddable":true,"href":"https:\/\/portaltela.pt\/api\/wp\/v2\/tags?post=427201"}],"curies":[{"name":"wp","href":"https:\/\/api.w.org\/{rel}","templated":true}]}}